{"id":455,"date":"2014-09-24T19:14:00","date_gmt":"2014-09-24T18:14:00","guid":{"rendered":"https:\/\/psgfans.fr\/?p=455"},"modified":"2014-09-24T19:14:00","modified_gmt":"2014-09-24T18:14:00","slug":"psg-zlatan-ibrahimovic-jouait-blesse-depuis-10-jours","status":"publish","type":"post","link":"https:\/\/psgfans.fr\/?p=455","title":{"rendered":"PSG : Zlatan Ibrahimovic jouait bless\u00e9 depuis 10 jours !"},"content":{"rendered":"<div style=\"clear: both; text-align: center;\"><a href=\"https:\/\/blogger.googleusercontent.com\/img\/b\/R29vZ2xl\/AVvXsEhYVEshqoq1yymAuEDM4-vgVFHWxsrvtYQbA6NbkrErs0w61iz5aeEOuV14qcFga-3U3fNP5GXGzBlebeCvICvE6uieIN_7BvE8sy8G8Qf_oBYLGIketrpzdLBDLUnf0AUKOrSwxCEc-AA\/s1600\/&amp;.jpeg\" style=\"margin-left: 1em; margin-right: 1em;\"><img loading=\"lazy\" decoding=\"async\" border=\"0\" src=\"https:\/\/blogger.googleusercontent.com\/img\/b\/R29vZ2xl\/AVvXsEhYVEshqoq1yymAuEDM4-vgVFHWxsrvtYQbA6NbkrErs0w61iz5aeEOuV14qcFga-3U3fNP5GXGzBlebeCvICvE6uieIN_7BvE8sy8G8Qf_oBYLGIketrpzdLBDLUnf0AUKOrSwxCEc-AA\/s1600\/&amp;.jpeg\" height=\"200\" width=\"400\" \/><\/a><\/div>\n<p><b>On le sait, le Paris Saint-Germain se passe mal de son Zlatan Ibrahimovic. Le club de la capitale devra pourtant s&rsquo;y r\u00e9soudre ce mardi soir \u00e0 Caen. Mais il aurait d\u00fb le faire avant&#8230;<\/b><\/p>\n<p>C&rsquo;est le d\u00e9bat qui a anim\u00e9 ce d\u00e9but de semaine footballistique. Laurent Blanc aurait-il d\u00fb sortir un Zlatan Ibrahimovic \u00e0 c\u00f4t\u00e9 de ses pompes dimanche soir face \u00e0 Lyon (1-1) ? \u00ab\u00a0Il est capable d&rsquo;un geste de classe \u00e0 tout moment\u00a0\u00bb, s&rsquo;\u00e9tait justifi\u00e9 le coach apr\u00e8s un nouveau match o\u00f9 son attaque se sont montr\u00e9s inefficace. Un argument recevable&#8230; jusqu&rsquo;\u00e0 mardi soir et la r\u00e9v\u00e9lation par le colosse su\u00e9dois lui-m\u00eame qu&rsquo;il est bless\u00e9 depuis la rencontre \u00e0 Rennes (1-1) le 13 septembre.<\/p>\n<p>\u00ab\u00a0Je suis touch\u00e9 au talon d&rsquo;Achille (gauche, ndlr) depuis le match contre Rennes. Je n&rsquo;ai pu jouer le match contre Lyon que gr\u00e2ce \u00e0 des injections. Maintenant, j&rsquo;ai besoin de revenir \u00e0 100% pour jouer mes matches, c&rsquo;est la raison pour laquelle je ne jouerai pas demain (ce mardi soir \u00e0 Caen, ndlr). Ensuite, nous verrons comment mon \u00e9tat \u00e9volue avant le match du week-end prochain (\u00e0 Toulouse samedi, ndlr)\u00a0\u00bb, a ainsi expliqu\u00e9 la star sur son application \u00ab\u00a0Zlatan Unplugged\u00a0\u00bb.<\/p>\n<p><b>Blanc : \u00ab\u00a0Je ne sors Zlatan que quand c&rsquo;est possible\u00a0\u00bb<\/b><\/p>\n<p>Encore interrog\u00e9 mardi en conf\u00e9rence de presse au sujet du non remplacement d&rsquo;Ibrahimovic, avant que ces \u00ab\u00a0d\u00e9tails\u00a0\u00bb ne soient rendus publics, Blanc l\u00e2chait: \u00ab\u00a0Je maintiens que Zlatan est important, que c&rsquo;est un leader. \u00c0 mon staff et moi de le remettre dans les meilleures dispositions. On sait ce qu&rsquo;il est capable de faire. C&rsquo;est vrai que c&rsquo;est difficile de le sortir. Plein de joueurs ne sortent jamais dans d&rsquo;autres \u00e9quipes, vous savez de qui je parle (Messi, Ronaldo, ndlr). Il a 33 ans (il les aura le 3 octobre, ndlr), il veut tout jouer, marquer toujours plus. C&rsquo;est un comp\u00e9titeur hors-norme. Je ne le sors que pour le prot\u00e9ger. Seulement quand c&rsquo;est possible. On a vu que sa blessure avait \u00e9t\u00e9 pr\u00e9judiciable l&rsquo;an dernier.\u00a0\u00bb Tout est dans le \u00ab\u00a0seulement quand c&rsquo;est possible\u00a0\u00bb.<\/p>\n<p>En r\u00e9alit\u00e9, l&rsquo;entra\u00eeneur ne d\u00e9cide jamais quand faire jouer Zlatan, l&rsquo;attaquant pouvant toujours exiger de d\u00e9buter un match en \u00e9tant certain de voir son souhait exauc\u00e9. Consult\u00e9 par son pr\u00e9sident sur le mercato et bien des sujets, il r\u00e8gne en ma\u00eetre sur le club parisien. C&rsquo;est donc lui seul qui a choisi d&rsquo;encha\u00eener le d\u00e9placement \u00e0 Amsterdam (1-1) et la r\u00e9ception de Lyon dans les huit jours qui ont suivi le match \u00e0 Rennes, s&rsquo;exposant ainsi \u00e0 une aggravation de sa blessure. Et c&rsquo;est encore lui seul qui, constatant que la douleur persistait, a pr\u00e9f\u00e9r\u00e9 faire l&rsquo;impasse sur un Caen-PSG pourtant capital. Avec, en ligne de mire, la venue de Barcelone \u00e0 Paris mardi prochain en Ligue des champions.<\/p>\n","protected":false},"excerpt":{"rendered":"<p>On le sait, le Paris Saint-Germain se passe mal de son Zlatan Ibrahimovic. Le club de la capitale devra pourtant s&rsquo;y r\u00e9soudre ce mardi soir \u00e0 Caen. Mais il aurait d\u00fb le faire avant&#8230; C&rsquo;est le d\u00e9bat qui a anim\u00e9 ce d\u00e9but de semaine footballistique. Laurent Blanc aurait-il d\u00fb sortir un Zlatan Ibrahimovic \u00e0 c\u00f4t\u00e9 [&hellip;]<\/p>\n","protected":false},"author":2,"featured_media":0,"comment_status":"open","ping_status":"open","sticky":false,"template":"","format":"standard","meta":{"footnotes":""},"categories":[3],"tags":[],"class_list":{"0":"post-455","1":"post","2":"type-post","3":"status-publish","4":"format-standard","6":"category-news"},"yoast_head":"<!-- This site is optimized with the Yoast SEO plugin v27.4 - https:\/\/yoast.com\/product\/yoast-seo-wordpress\/ -->\n<title>PSG : Zlatan Ibrahimovic jouait bless\u00e9 depuis 10 jours ! - PSG FANS<\/title>\n<meta name=\"robots\" content=\"index, follow, max-snippet:-1, max-image-preview:large, max-video-preview:-1\" \/>\n<link rel=\"canonical\" href=\"https:\/\/psgfans.fr\/?p=455\" \/>\n<meta property=\"og:locale\" content=\"fr_FR\" \/>\n<meta property=\"og:type\" content=\"article\" \/>\n<meta property=\"og:title\" content=\"PSG : Zlatan Ibrahimovic jouait bless\u00e9 depuis 10 jours ! - PSG FANS\" \/>\n<meta property=\"og:description\" content=\"On le sait, le Paris Saint-Germain se passe mal de son Zlatan Ibrahimovic. Le club de la capitale devra pourtant s&rsquo;y r\u00e9soudre ce mardi soir \u00e0 Caen. Mais il aurait d\u00fb le faire avant&#8230; C&rsquo;est le d\u00e9bat qui a anim\u00e9 ce d\u00e9but de semaine footballistique. Laurent Blanc aurait-il d\u00fb sortir un Zlatan Ibrahimovic \u00e0 c\u00f4t\u00e9 [&hellip;]\" \/>\n<meta property=\"og:url\" content=\"https:\/\/psgfans.fr\/?p=455\" \/>\n<meta property=\"og:site_name\" content=\"PSG FANS\" \/>\n<meta property=\"article:published_time\" content=\"2014-09-24T18:14:00+00:00\" \/>\n<meta property=\"og:image\" content=\"https:\/\/blogger.googleusercontent.com\/img\/b\/R29vZ2xl\/AVvXsEhYVEshqoq1yymAuEDM4-vgVFHWxsrvtYQbA6NbkrErs0w61iz5aeEOuV14qcFga-3U3fNP5GXGzBlebeCvICvE6uieIN_7BvE8sy8G8Qf_oBYLGIketrpzdLBDLUnf0AUKOrSwxCEc-AA\/s1600\/&amp;.jpeg\" \/>\n<meta name=\"author\" content=\"psgfans\" \/>\n<meta name=\"twitter:card\" content=\"summary_large_image\" \/>\n<meta name=\"twitter:label1\" content=\"\u00c9crit par\" \/>\n\t<meta name=\"twitter:data1\" content=\"psgfans\" \/>\n\t<meta name=\"twitter:label2\" content=\"Dur\u00e9e de lecture estim\u00e9e\" \/>\n\t<meta name=\"twitter:data2\" content=\"2 minutes\" \/>\n<script type=\"application\/ld+json\" class=\"yoast-schema-graph\">{\"@context\":\"https:\\\/\\\/schema.org\",\"@graph\":[{\"@type\":\"Article\",\"@id\":\"https:\\\/\\\/psgfans.fr\\\/?p=455#article\",\"isPartOf\":{\"@id\":\"https:\\\/\\\/psgfans.fr\\\/?p=455\"},\"author\":{\"name\":\"psgfans\",\"@id\":\"https:\\\/\\\/psgfans.fr\\\/#\\\/schema\\\/person\\\/be2237e7a0237af2f29cb344b3c55e6c\"},\"headline\":\"PSG : Zlatan Ibrahimovic jouait bless\u00e9 depuis 10 jours !\",\"datePublished\":\"2014-09-24T18:14:00+00:00\",\"mainEntityOfPage\":{\"@id\":\"https:\\\/\\\/psgfans.fr\\\/?p=455\"},\"wordCount\":500,\"commentCount\":0,\"image\":{\"@id\":\"https:\\\/\\\/psgfans.fr\\\/?p=455#primaryimage\"},\"thumbnailUrl\":\"https:\\\/\\\/blogger.googleusercontent.com\\\/img\\\/b\\\/R29vZ2xl\\\/AVvXsEhYVEshqoq1yymAuEDM4-vgVFHWxsrvtYQbA6NbkrErs0w61iz5aeEOuV14qcFga-3U3fNP5GXGzBlebeCvICvE6uieIN_7BvE8sy8G8Qf_oBYLGIketrpzdLBDLUnf0AUKOrSwxCEc-AA\\\/s1600\\\/&amp;.jpeg\",\"articleSection\":[\"News\"],\"inLanguage\":\"fr-FR\",\"potentialAction\":[{\"@type\":\"CommentAction\",\"name\":\"Comment\",\"target\":[\"https:\\\/\\\/psgfans.fr\\\/?p=455#respond\"]}]},{\"@type\":\"WebPage\",\"@id\":\"https:\\\/\\\/psgfans.fr\\\/?p=455\",\"url\":\"https:\\\/\\\/psgfans.fr\\\/?p=455\",\"name\":\"PSG : Zlatan Ibrahimovic jouait bless\u00e9 depuis 10 jours ! - PSG FANS\",\"isPartOf\":{\"@id\":\"https:\\\/\\\/psgfans.fr\\\/#website\"},\"primaryImageOfPage\":{\"@id\":\"https:\\\/\\\/psgfans.fr\\\/?p=455#primaryimage\"},\"image\":{\"@id\":\"https:\\\/\\\/psgfans.fr\\\/?p=455#primaryimage\"},\"thumbnailUrl\":\"https:\\\/\\\/blogger.googleusercontent.com\\\/img\\\/b\\\/R29vZ2xl\\\/AVvXsEhYVEshqoq1yymAuEDM4-vgVFHWxsrvtYQbA6NbkrErs0w61iz5aeEOuV14qcFga-3U3fNP5GXGzBlebeCvICvE6uieIN_7BvE8sy8G8Qf_oBYLGIketrpzdLBDLUnf0AUKOrSwxCEc-AA\\\/s1600\\\/&amp;.jpeg\",\"datePublished\":\"2014-09-24T18:14:00+00:00\",\"author\":{\"@id\":\"https:\\\/\\\/psgfans.fr\\\/#\\\/schema\\\/person\\\/be2237e7a0237af2f29cb344b3c55e6c\"},\"breadcrumb\":{\"@id\":\"https:\\\/\\\/psgfans.fr\\\/?p=455#breadcrumb\"},\"inLanguage\":\"fr-FR\",\"potentialAction\":[{\"@type\":\"ReadAction\",\"target\":[\"https:\\\/\\\/psgfans.fr\\\/?p=455\"]}]},{\"@type\":\"ImageObject\",\"inLanguage\":\"fr-FR\",\"@id\":\"https:\\\/\\\/psgfans.fr\\\/?p=455#primaryimage\",\"url\":\"https:\\\/\\\/blogger.googleusercontent.com\\\/img\\\/b\\\/R29vZ2xl\\\/AVvXsEhYVEshqoq1yymAuEDM4-vgVFHWxsrvtYQbA6NbkrErs0w61iz5aeEOuV14qcFga-3U3fNP5GXGzBlebeCvICvE6uieIN_7BvE8sy8G8Qf_oBYLGIketrpzdLBDLUnf0AUKOrSwxCEc-AA\\\/s1600\\\/&amp;.jpeg\",\"contentUrl\":\"https:\\\/\\\/blogger.googleusercontent.com\\\/img\\\/b\\\/R29vZ2xl\\\/AVvXsEhYVEshqoq1yymAuEDM4-vgVFHWxsrvtYQbA6NbkrErs0w61iz5aeEOuV14qcFga-3U3fNP5GXGzBlebeCvICvE6uieIN_7BvE8sy8G8Qf_oBYLGIketrpzdLBDLUnf0AUKOrSwxCEc-AA\\\/s1600\\\/&amp;.jpeg\"},{\"@type\":\"BreadcrumbList\",\"@id\":\"https:\\\/\\\/psgfans.fr\\\/?p=455#breadcrumb\",\"itemListElement\":[{\"@type\":\"ListItem\",\"position\":1,\"name\":\"Accueil\",\"item\":\"https:\\\/\\\/psgfans.fr\\\/\"},{\"@type\":\"ListItem\",\"position\":2,\"name\":\"PSG : Zlatan Ibrahimovic jouait bless\u00e9 depuis 10 jours !\"}]},{\"@type\":\"WebSite\",\"@id\":\"https:\\\/\\\/psgfans.fr\\\/#website\",\"url\":\"https:\\\/\\\/psgfans.fr\\\/\",\"name\":\"PSG FANS\",\"description\":\"Unit\u00e9, Passion, Victoire : Au C\u0153ur du Paris Saint-Germain!\",\"potentialAction\":[{\"@type\":\"SearchAction\",\"target\":{\"@type\":\"EntryPoint\",\"urlTemplate\":\"https:\\\/\\\/psgfans.fr\\\/?s={search_term_string}\"},\"query-input\":{\"@type\":\"PropertyValueSpecification\",\"valueRequired\":true,\"valueName\":\"search_term_string\"}}],\"inLanguage\":\"fr-FR\"},{\"@type\":\"Person\",\"@id\":\"https:\\\/\\\/psgfans.fr\\\/#\\\/schema\\\/person\\\/be2237e7a0237af2f29cb344b3c55e6c\",\"name\":\"psgfans\",\"image\":{\"@type\":\"ImageObject\",\"inLanguage\":\"fr-FR\",\"@id\":\"https:\\\/\\\/secure.gravatar.com\\\/avatar\\\/?s=96&d=mm&r=g\",\"url\":\"https:\\\/\\\/secure.gravatar.com\\\/avatar\\\/?s=96&d=mm&r=g\",\"contentUrl\":\"https:\\\/\\\/secure.gravatar.com\\\/avatar\\\/?s=96&d=mm&r=g\",\"caption\":\"psgfans\"},\"url\":\"https:\\\/\\\/psgfans.fr\\\/?author=2\"}]}<\/script>\n<!-- \/ Yoast SEO plugin. -->","yoast_head_json":{"title":"PSG : Zlatan Ibrahimovic jouait bless\u00e9 depuis 10 jours ! - PSG FANS","robots":{"index":"index","follow":"follow","max-snippet":"max-snippet:-1","max-image-preview":"max-image-preview:large","max-video-preview":"max-video-preview:-1"},"canonical":"https:\/\/psgfans.fr\/?p=455","og_locale":"fr_FR","og_type":"article","og_title":"PSG : Zlatan Ibrahimovic jouait bless\u00e9 depuis 10 jours ! - PSG FANS","og_description":"On le sait, le Paris Saint-Germain se passe mal de son Zlatan Ibrahimovic. Le club de la capitale devra pourtant s&rsquo;y r\u00e9soudre ce mardi soir \u00e0 Caen. Mais il aurait d\u00fb le faire avant&#8230; C&rsquo;est le d\u00e9bat qui a anim\u00e9 ce d\u00e9but de semaine footballistique. Laurent Blanc aurait-il d\u00fb sortir un Zlatan Ibrahimovic \u00e0 c\u00f4t\u00e9 [&hellip;]","og_url":"https:\/\/psgfans.fr\/?p=455","og_site_name":"PSG FANS","article_published_time":"2014-09-24T18:14:00+00:00","og_image":[{"url":"https:\/\/blogger.googleusercontent.com\/img\/b\/R29vZ2xl\/AVvXsEhYVEshqoq1yymAuEDM4-vgVFHWxsrvtYQbA6NbkrErs0w61iz5aeEOuV14qcFga-3U3fNP5GXGzBlebeCvICvE6uieIN_7BvE8sy8G8Qf_oBYLGIketrpzdLBDLUnf0AUKOrSwxCEc-AA\/s1600\/&amp;.jpeg","type":"","width":"","height":""}],"author":"psgfans","twitter_card":"summary_large_image","twitter_misc":{"\u00c9crit par":"psgfans","Dur\u00e9e de lecture estim\u00e9e":"2 minutes"},"schema":{"@context":"https:\/\/schema.org","@graph":[{"@type":"Article","@id":"https:\/\/psgfans.fr\/?p=455#article","isPartOf":{"@id":"https:\/\/psgfans.fr\/?p=455"},"author":{"name":"psgfans","@id":"https:\/\/psgfans.fr\/#\/schema\/person\/be2237e7a0237af2f29cb344b3c55e6c"},"headline":"PSG : Zlatan Ibrahimovic jouait bless\u00e9 depuis 10 jours !","datePublished":"2014-09-24T18:14:00+00:00","mainEntityOfPage":{"@id":"https:\/\/psgfans.fr\/?p=455"},"wordCount":500,"commentCount":0,"image":{"@id":"https:\/\/psgfans.fr\/?p=455#primaryimage"},"thumbnailUrl":"https:\/\/blogger.googleusercontent.com\/img\/b\/R29vZ2xl\/AVvXsEhYVEshqoq1yymAuEDM4-vgVFHWxsrvtYQbA6NbkrErs0w61iz5aeEOuV14qcFga-3U3fNP5GXGzBlebeCvICvE6uieIN_7BvE8sy8G8Qf_oBYLGIketrpzdLBDLUnf0AUKOrSwxCEc-AA\/s1600\/&amp;.jpeg","articleSection":["News"],"inLanguage":"fr-FR","potentialAction":[{"@type":"CommentAction","name":"Comment","target":["https:\/\/psgfans.fr\/?p=455#respond"]}]},{"@type":"WebPage","@id":"https:\/\/psgfans.fr\/?p=455","url":"https:\/\/psgfans.fr\/?p=455","name":"PSG : Zlatan Ibrahimovic jouait bless\u00e9 depuis 10 jours ! - PSG FANS","isPartOf":{"@id":"https:\/\/psgfans.fr\/#website"},"primaryImageOfPage":{"@id":"https:\/\/psgfans.fr\/?p=455#primaryimage"},"image":{"@id":"https:\/\/psgfans.fr\/?p=455#primaryimage"},"thumbnailUrl":"https:\/\/blogger.googleusercontent.com\/img\/b\/R29vZ2xl\/AVvXsEhYVEshqoq1yymAuEDM4-vgVFHWxsrvtYQbA6NbkrErs0w61iz5aeEOuV14qcFga-3U3fNP5GXGzBlebeCvICvE6uieIN_7BvE8sy8G8Qf_oBYLGIketrpzdLBDLUnf0AUKOrSwxCEc-AA\/s1600\/&amp;.jpeg","datePublished":"2014-09-24T18:14:00+00:00","author":{"@id":"https:\/\/psgfans.fr\/#\/schema\/person\/be2237e7a0237af2f29cb344b3c55e6c"},"breadcrumb":{"@id":"https:\/\/psgfans.fr\/?p=455#breadcrumb"},"inLanguage":"fr-FR","potentialAction":[{"@type":"ReadAction","target":["https:\/\/psgfans.fr\/?p=455"]}]},{"@type":"ImageObject","inLanguage":"fr-FR","@id":"https:\/\/psgfans.fr\/?p=455#primaryimage","url":"https:\/\/blogger.googleusercontent.com\/img\/b\/R29vZ2xl\/AVvXsEhYVEshqoq1yymAuEDM4-vgVFHWxsrvtYQbA6NbkrErs0w61iz5aeEOuV14qcFga-3U3fNP5GXGzBlebeCvICvE6uieIN_7BvE8sy8G8Qf_oBYLGIketrpzdLBDLUnf0AUKOrSwxCEc-AA\/s1600\/&amp;.jpeg","contentUrl":"https:\/\/blogger.googleusercontent.com\/img\/b\/R29vZ2xl\/AVvXsEhYVEshqoq1yymAuEDM4-vgVFHWxsrvtYQbA6NbkrErs0w61iz5aeEOuV14qcFga-3U3fNP5GXGzBlebeCvICvE6uieIN_7BvE8sy8G8Qf_oBYLGIketrpzdLBDLUnf0AUKOrSwxCEc-AA\/s1600\/&amp;.jpeg"},{"@type":"BreadcrumbList","@id":"https:\/\/psgfans.fr\/?p=455#breadcrumb","itemListElement":[{"@type":"ListItem","position":1,"name":"Accueil","item":"https:\/\/psgfans.fr\/"},{"@type":"ListItem","position":2,"name":"PSG : Zlatan Ibrahimovic jouait bless\u00e9 depuis 10 jours !"}]},{"@type":"WebSite","@id":"https:\/\/psgfans.fr\/#website","url":"https:\/\/psgfans.fr\/","name":"PSG FANS","description":"Unit\u00e9, Passion, Victoire : Au C\u0153ur du Paris Saint-Germain!","potentialAction":[{"@type":"SearchAction","target":{"@type":"EntryPoint","urlTemplate":"https:\/\/psgfans.fr\/?s={search_term_string}"},"query-input":{"@type":"PropertyValueSpecification","valueRequired":true,"valueName":"search_term_string"}}],"inLanguage":"fr-FR"},{"@type":"Person","@id":"https:\/\/psgfans.fr\/#\/schema\/person\/be2237e7a0237af2f29cb344b3c55e6c","name":"psgfans","image":{"@type":"ImageObject","inLanguage":"fr-FR","@id":"https:\/\/secure.gravatar.com\/avatar\/?s=96&d=mm&r=g","url":"https:\/\/secure.gravatar.com\/avatar\/?s=96&d=mm&r=g","contentUrl":"https:\/\/secure.gravatar.com\/avatar\/?s=96&d=mm&r=g","caption":"psgfans"},"url":"https:\/\/psgfans.fr\/?author=2"}]}},"_links":{"self":[{"href":"https:\/\/psgfans.fr\/index.php?rest_route=\/wp\/v2\/posts\/455","targetHints":{"allow":["GET"]}}],"collection":[{"href":"https:\/\/psgfans.fr\/index.php?rest_route=\/wp\/v2\/posts"}],"about":[{"href":"https:\/\/psgfans.fr\/index.php?rest_route=\/wp\/v2\/types\/post"}],"author":[{"embeddable":true,"href":"https:\/\/psgfans.fr\/index.php?rest_route=\/wp\/v2\/users\/2"}],"replies":[{"embeddable":true,"href":"https:\/\/psgfans.fr\/index.php?rest_route=%2Fwp%2Fv2%2Fcomments&post=455"}],"version-history":[{"count":0,"href":"https:\/\/psgfans.fr\/index.php?rest_route=\/wp\/v2\/posts\/455\/revisions"}],"wp:attachment":[{"href":"https:\/\/psgfans.fr\/index.php?rest_route=%2Fwp%2Fv2%2Fmedia&parent=455"}],"wp:term":[{"taxonomy":"category","embeddable":true,"href":"https:\/\/psgfans.fr\/index.php?rest_route=%2Fwp%2Fv2%2Fcategories&post=455"},{"taxonomy":"post_tag","embeddable":true,"href":"https:\/\/psgfans.fr\/index.php?rest_route=%2Fwp%2Fv2%2Ftags&post=455"}],"curies":[{"name":"wp","href":"https:\/\/api.w.org\/{rel}","templated":true}]}}