{"id":454,"date":"2014-09-24T19:19:00","date_gmt":"2014-09-24T18:19:00","guid":{"rendered":"https:\/\/psgfans.fr\/?p=454"},"modified":"2014-09-24T19:19:00","modified_gmt":"2014-09-24T18:19:00","slug":"psg-zlatan-ibrahimovic-forfait-a-caen","status":"publish","type":"post","link":"https:\/\/psgfans.fr\/?p=454","title":{"rendered":"PSG : Zlatan Ibrahimovic forfait \u00e0 Caen"},"content":{"rendered":"<div style=\"clear: both; text-align: center;\"><a href=\"https:\/\/blogger.googleusercontent.com\/img\/b\/R29vZ2xl\/AVvXsEg65PF2Ze6V7aUKAiRb3XdmzZCf4jepNLkYeI9bAt-uZdS7ZKAP1LchHmiK39AZqd1UxDkLZ1ssjLvNy0RobOy8nW-dMaTDw2hymGtj4ndq2wwxuGUe4z5Ifv3R1Bs21mspO0JWBHfCCYA\/s1600\/&amp;.jpg\" style=\"margin-left: 1em; margin-right: 1em;\"><img loading=\"lazy\" decoding=\"async\" border=\"0\" src=\"https:\/\/blogger.googleusercontent.com\/img\/b\/R29vZ2xl\/AVvXsEg65PF2Ze6V7aUKAiRb3XdmzZCf4jepNLkYeI9bAt-uZdS7ZKAP1LchHmiK39AZqd1UxDkLZ1ssjLvNy0RobOy8nW-dMaTDw2hymGtj4ndq2wwxuGUe4z5Ifv3R1Bs21mspO0JWBHfCCYA\/s1600\/&amp;.jpg\" height=\"175\" width=\"400\" \/><\/a><\/div>\n<p>Zlatan Ibrahimovic ne sera pas du d\u00e9placement \u00e0 Caen. \u00abEn raison d\u2019une talalgie gauche (NDLR : une douleur au talon) et suite aux examens de contr\u00f4le pratiqu\u00e9s ce mardi, Zlatan Ibrahimovic est forfait, pr\u00e9cise le PSG. Son \u00e9tat n\u00e9cessite un minimum de 48 heures de soins.\u00bb<br \/>A l\u2019issue de l\u2019entra\u00eenement de ce mardi, l&rsquo;attaquant su\u00e9dois a quitt\u00e9 le camp des Loges vers 17h15 au volant de sa voiture alors que ses co\u00e9quipiers doivent partir dans la soir\u00e9e pour Caen.<\/p>\n<p>Un peu plus t\u00f4t dans l\u2019apr\u00e8s-midi, le capitaine du PSG n\u2019avait pas particip\u00e9 \u00e0 l\u2019entra\u00eenement collectif.<\/p>\n<div><\/div>\n<div>Leparisien.fr<\/div>\n","protected":false},"excerpt":{"rendered":"<p>Zlatan Ibrahimovic ne sera pas du d\u00e9placement \u00e0 Caen. \u00abEn raison d\u2019une talalgie gauche (NDLR : une douleur au talon) et suite aux examens de contr\u00f4le pratiqu\u00e9s ce mardi, Zlatan Ibrahimovic est forfait, pr\u00e9cise le PSG. Son \u00e9tat n\u00e9cessite un minimum de 48 heures de soins.\u00bbA l\u2019issue de l\u2019entra\u00eenement de ce mardi, l&rsquo;attaquant su\u00e9dois a [&hellip;]<\/p>\n","protected":false},"author":2,"featured_media":0,"comment_status":"open","ping_status":"open","sticky":false,"template":"","format":"standard","meta":{"footnotes":""},"categories":[3],"tags":[],"class_list":{"0":"post-454","1":"post","2":"type-post","3":"status-publish","4":"format-standard","6":"category-news"},"yoast_head":"<!-- This site is optimized with the Yoast SEO plugin v27.4 - https:\/\/yoast.com\/product\/yoast-seo-wordpress\/ -->\n<title>PSG : Zlatan Ibrahimovic forfait \u00e0 Caen - PSG FANS<\/title>\n<meta name=\"robots\" content=\"index, follow, max-snippet:-1, max-image-preview:large, max-video-preview:-1\" \/>\n<link rel=\"canonical\" href=\"https:\/\/psgfans.fr\/?p=454\" \/>\n<meta property=\"og:locale\" content=\"fr_FR\" \/>\n<meta property=\"og:type\" content=\"article\" \/>\n<meta property=\"og:title\" content=\"PSG : Zlatan Ibrahimovic forfait \u00e0 Caen - PSG FANS\" \/>\n<meta property=\"og:description\" content=\"Zlatan Ibrahimovic ne sera pas du d\u00e9placement \u00e0 Caen. \u00abEn raison d\u2019une talalgie gauche (NDLR : une douleur au talon) et suite aux examens de contr\u00f4le pratiqu\u00e9s ce mardi, Zlatan Ibrahimovic est forfait, pr\u00e9cise le PSG. Son \u00e9tat n\u00e9cessite un minimum de 48 heures de soins.\u00bbA l\u2019issue de l\u2019entra\u00eenement de ce mardi, l&rsquo;attaquant su\u00e9dois a [&hellip;]\" \/>\n<meta property=\"og:url\" content=\"https:\/\/psgfans.fr\/?p=454\" \/>\n<meta property=\"og:site_name\" content=\"PSG FANS\" \/>\n<meta property=\"article:published_time\" content=\"2014-09-24T18:19:00+00:00\" \/>\n<meta property=\"og:image\" content=\"https:\/\/blogger.googleusercontent.com\/img\/b\/R29vZ2xl\/AVvXsEg65PF2Ze6V7aUKAiRb3XdmzZCf4jepNLkYeI9bAt-uZdS7ZKAP1LchHmiK39AZqd1UxDkLZ1ssjLvNy0RobOy8nW-dMaTDw2hymGtj4ndq2wwxuGUe4z5Ifv3R1Bs21mspO0JWBHfCCYA\/s1600\/&amp;.jpg\" \/>\n<meta name=\"author\" content=\"psgfans\" \/>\n<meta name=\"twitter:card\" content=\"summary_large_image\" \/>\n<meta name=\"twitter:label1\" content=\"\u00c9crit par\" \/>\n\t<meta name=\"twitter:data1\" content=\"psgfans\" \/>\n\t<meta name=\"twitter:label2\" content=\"Dur\u00e9e de lecture estim\u00e9e\" \/>\n\t<meta name=\"twitter:data2\" content=\"1 minute\" \/>\n<script type=\"application\/ld+json\" class=\"yoast-schema-graph\">{\"@context\":\"https:\\\/\\\/schema.org\",\"@graph\":[{\"@type\":\"Article\",\"@id\":\"https:\\\/\\\/psgfans.fr\\\/?p=454#article\",\"isPartOf\":{\"@id\":\"https:\\\/\\\/psgfans.fr\\\/?p=454\"},\"author\":{\"name\":\"psgfans\",\"@id\":\"https:\\\/\\\/psgfans.fr\\\/#\\\/schema\\\/person\\\/be2237e7a0237af2f29cb344b3c55e6c\"},\"headline\":\"PSG : Zlatan Ibrahimovic forfait \u00e0 Caen\",\"datePublished\":\"2014-09-24T18:19:00+00:00\",\"mainEntityOfPage\":{\"@id\":\"https:\\\/\\\/psgfans.fr\\\/?p=454\"},\"wordCount\":117,\"commentCount\":0,\"image\":{\"@id\":\"https:\\\/\\\/psgfans.fr\\\/?p=454#primaryimage\"},\"thumbnailUrl\":\"https:\\\/\\\/blogger.googleusercontent.com\\\/img\\\/b\\\/R29vZ2xl\\\/AVvXsEg65PF2Ze6V7aUKAiRb3XdmzZCf4jepNLkYeI9bAt-uZdS7ZKAP1LchHmiK39AZqd1UxDkLZ1ssjLvNy0RobOy8nW-dMaTDw2hymGtj4ndq2wwxuGUe4z5Ifv3R1Bs21mspO0JWBHfCCYA\\\/s1600\\\/&amp;.jpg\",\"articleSection\":[\"News\"],\"inLanguage\":\"fr-FR\",\"potentialAction\":[{\"@type\":\"CommentAction\",\"name\":\"Comment\",\"target\":[\"https:\\\/\\\/psgfans.fr\\\/?p=454#respond\"]}]},{\"@type\":\"WebPage\",\"@id\":\"https:\\\/\\\/psgfans.fr\\\/?p=454\",\"url\":\"https:\\\/\\\/psgfans.fr\\\/?p=454\",\"name\":\"PSG : Zlatan Ibrahimovic forfait \u00e0 Caen - PSG FANS\",\"isPartOf\":{\"@id\":\"https:\\\/\\\/psgfans.fr\\\/#website\"},\"primaryImageOfPage\":{\"@id\":\"https:\\\/\\\/psgfans.fr\\\/?p=454#primaryimage\"},\"image\":{\"@id\":\"https:\\\/\\\/psgfans.fr\\\/?p=454#primaryimage\"},\"thumbnailUrl\":\"https:\\\/\\\/blogger.googleusercontent.com\\\/img\\\/b\\\/R29vZ2xl\\\/AVvXsEg65PF2Ze6V7aUKAiRb3XdmzZCf4jepNLkYeI9bAt-uZdS7ZKAP1LchHmiK39AZqd1UxDkLZ1ssjLvNy0RobOy8nW-dMaTDw2hymGtj4ndq2wwxuGUe4z5Ifv3R1Bs21mspO0JWBHfCCYA\\\/s1600\\\/&amp;.jpg\",\"datePublished\":\"2014-09-24T18:19:00+00:00\",\"author\":{\"@id\":\"https:\\\/\\\/psgfans.fr\\\/#\\\/schema\\\/person\\\/be2237e7a0237af2f29cb344b3c55e6c\"},\"breadcrumb\":{\"@id\":\"https:\\\/\\\/psgfans.fr\\\/?p=454#breadcrumb\"},\"inLanguage\":\"fr-FR\",\"potentialAction\":[{\"@type\":\"ReadAction\",\"target\":[\"https:\\\/\\\/psgfans.fr\\\/?p=454\"]}]},{\"@type\":\"ImageObject\",\"inLanguage\":\"fr-FR\",\"@id\":\"https:\\\/\\\/psgfans.fr\\\/?p=454#primaryimage\",\"url\":\"https:\\\/\\\/blogger.googleusercontent.com\\\/img\\\/b\\\/R29vZ2xl\\\/AVvXsEg65PF2Ze6V7aUKAiRb3XdmzZCf4jepNLkYeI9bAt-uZdS7ZKAP1LchHmiK39AZqd1UxDkLZ1ssjLvNy0RobOy8nW-dMaTDw2hymGtj4ndq2wwxuGUe4z5Ifv3R1Bs21mspO0JWBHfCCYA\\\/s1600\\\/&amp;.jpg\",\"contentUrl\":\"https:\\\/\\\/blogger.googleusercontent.com\\\/img\\\/b\\\/R29vZ2xl\\\/AVvXsEg65PF2Ze6V7aUKAiRb3XdmzZCf4jepNLkYeI9bAt-uZdS7ZKAP1LchHmiK39AZqd1UxDkLZ1ssjLvNy0RobOy8nW-dMaTDw2hymGtj4ndq2wwxuGUe4z5Ifv3R1Bs21mspO0JWBHfCCYA\\\/s1600\\\/&amp;.jpg\"},{\"@type\":\"BreadcrumbList\",\"@id\":\"https:\\\/\\\/psgfans.fr\\\/?p=454#breadcrumb\",\"itemListElement\":[{\"@type\":\"ListItem\",\"position\":1,\"name\":\"Accueil\",\"item\":\"https:\\\/\\\/psgfans.fr\\\/\"},{\"@type\":\"ListItem\",\"position\":2,\"name\":\"PSG : Zlatan Ibrahimovic forfait \u00e0 Caen\"}]},{\"@type\":\"WebSite\",\"@id\":\"https:\\\/\\\/psgfans.fr\\\/#website\",\"url\":\"https:\\\/\\\/psgfans.fr\\\/\",\"name\":\"PSG FANS\",\"description\":\"Unit\u00e9, Passion, Victoire : Au C\u0153ur du Paris Saint-Germain!\",\"potentialAction\":[{\"@type\":\"SearchAction\",\"target\":{\"@type\":\"EntryPoint\",\"urlTemplate\":\"https:\\\/\\\/psgfans.fr\\\/?s={search_term_string}\"},\"query-input\":{\"@type\":\"PropertyValueSpecification\",\"valueRequired\":true,\"valueName\":\"search_term_string\"}}],\"inLanguage\":\"fr-FR\"},{\"@type\":\"Person\",\"@id\":\"https:\\\/\\\/psgfans.fr\\\/#\\\/schema\\\/person\\\/be2237e7a0237af2f29cb344b3c55e6c\",\"name\":\"psgfans\",\"image\":{\"@type\":\"ImageObject\",\"inLanguage\":\"fr-FR\",\"@id\":\"https:\\\/\\\/secure.gravatar.com\\\/avatar\\\/?s=96&d=mm&r=g\",\"url\":\"https:\\\/\\\/secure.gravatar.com\\\/avatar\\\/?s=96&d=mm&r=g\",\"contentUrl\":\"https:\\\/\\\/secure.gravatar.com\\\/avatar\\\/?s=96&d=mm&r=g\",\"caption\":\"psgfans\"},\"url\":\"https:\\\/\\\/psgfans.fr\\\/?author=2\"}]}<\/script>\n<!-- \/ Yoast SEO plugin. -->","yoast_head_json":{"title":"PSG : Zlatan Ibrahimovic forfait \u00e0 Caen - PSG FANS","robots":{"index":"index","follow":"follow","max-snippet":"max-snippet:-1","max-image-preview":"max-image-preview:large","max-video-preview":"max-video-preview:-1"},"canonical":"https:\/\/psgfans.fr\/?p=454","og_locale":"fr_FR","og_type":"article","og_title":"PSG : Zlatan Ibrahimovic forfait \u00e0 Caen - PSG FANS","og_description":"Zlatan Ibrahimovic ne sera pas du d\u00e9placement \u00e0 Caen. \u00abEn raison d\u2019une talalgie gauche (NDLR : une douleur au talon) et suite aux examens de contr\u00f4le pratiqu\u00e9s ce mardi, Zlatan Ibrahimovic est forfait, pr\u00e9cise le PSG. Son \u00e9tat n\u00e9cessite un minimum de 48 heures de soins.\u00bbA l\u2019issue de l\u2019entra\u00eenement de ce mardi, l&rsquo;attaquant su\u00e9dois a [&hellip;]","og_url":"https:\/\/psgfans.fr\/?p=454","og_site_name":"PSG FANS","article_published_time":"2014-09-24T18:19:00+00:00","og_image":[{"url":"https:\/\/blogger.googleusercontent.com\/img\/b\/R29vZ2xl\/AVvXsEg65PF2Ze6V7aUKAiRb3XdmzZCf4jepNLkYeI9bAt-uZdS7ZKAP1LchHmiK39AZqd1UxDkLZ1ssjLvNy0RobOy8nW-dMaTDw2hymGtj4ndq2wwxuGUe4z5Ifv3R1Bs21mspO0JWBHfCCYA\/s1600\/&amp;.jpg","type":"","width":"","height":""}],"author":"psgfans","twitter_card":"summary_large_image","twitter_misc":{"\u00c9crit par":"psgfans","Dur\u00e9e de lecture estim\u00e9e":"1 minute"},"schema":{"@context":"https:\/\/schema.org","@graph":[{"@type":"Article","@id":"https:\/\/psgfans.fr\/?p=454#article","isPartOf":{"@id":"https:\/\/psgfans.fr\/?p=454"},"author":{"name":"psgfans","@id":"https:\/\/psgfans.fr\/#\/schema\/person\/be2237e7a0237af2f29cb344b3c55e6c"},"headline":"PSG : Zlatan Ibrahimovic forfait \u00e0 Caen","datePublished":"2014-09-24T18:19:00+00:00","mainEntityOfPage":{"@id":"https:\/\/psgfans.fr\/?p=454"},"wordCount":117,"commentCount":0,"image":{"@id":"https:\/\/psgfans.fr\/?p=454#primaryimage"},"thumbnailUrl":"https:\/\/blogger.googleusercontent.com\/img\/b\/R29vZ2xl\/AVvXsEg65PF2Ze6V7aUKAiRb3XdmzZCf4jepNLkYeI9bAt-uZdS7ZKAP1LchHmiK39AZqd1UxDkLZ1ssjLvNy0RobOy8nW-dMaTDw2hymGtj4ndq2wwxuGUe4z5Ifv3R1Bs21mspO0JWBHfCCYA\/s1600\/&amp;.jpg","articleSection":["News"],"inLanguage":"fr-FR","potentialAction":[{"@type":"CommentAction","name":"Comment","target":["https:\/\/psgfans.fr\/?p=454#respond"]}]},{"@type":"WebPage","@id":"https:\/\/psgfans.fr\/?p=454","url":"https:\/\/psgfans.fr\/?p=454","name":"PSG : Zlatan Ibrahimovic forfait \u00e0 Caen - PSG FANS","isPartOf":{"@id":"https:\/\/psgfans.fr\/#website"},"primaryImageOfPage":{"@id":"https:\/\/psgfans.fr\/?p=454#primaryimage"},"image":{"@id":"https:\/\/psgfans.fr\/?p=454#primaryimage"},"thumbnailUrl":"https:\/\/blogger.googleusercontent.com\/img\/b\/R29vZ2xl\/AVvXsEg65PF2Ze6V7aUKAiRb3XdmzZCf4jepNLkYeI9bAt-uZdS7ZKAP1LchHmiK39AZqd1UxDkLZ1ssjLvNy0RobOy8nW-dMaTDw2hymGtj4ndq2wwxuGUe4z5Ifv3R1Bs21mspO0JWBHfCCYA\/s1600\/&amp;.jpg","datePublished":"2014-09-24T18:19:00+00:00","author":{"@id":"https:\/\/psgfans.fr\/#\/schema\/person\/be2237e7a0237af2f29cb344b3c55e6c"},"breadcrumb":{"@id":"https:\/\/psgfans.fr\/?p=454#breadcrumb"},"inLanguage":"fr-FR","potentialAction":[{"@type":"ReadAction","target":["https:\/\/psgfans.fr\/?p=454"]}]},{"@type":"ImageObject","inLanguage":"fr-FR","@id":"https:\/\/psgfans.fr\/?p=454#primaryimage","url":"https:\/\/blogger.googleusercontent.com\/img\/b\/R29vZ2xl\/AVvXsEg65PF2Ze6V7aUKAiRb3XdmzZCf4jepNLkYeI9bAt-uZdS7ZKAP1LchHmiK39AZqd1UxDkLZ1ssjLvNy0RobOy8nW-dMaTDw2hymGtj4ndq2wwxuGUe4z5Ifv3R1Bs21mspO0JWBHfCCYA\/s1600\/&amp;.jpg","contentUrl":"https:\/\/blogger.googleusercontent.com\/img\/b\/R29vZ2xl\/AVvXsEg65PF2Ze6V7aUKAiRb3XdmzZCf4jepNLkYeI9bAt-uZdS7ZKAP1LchHmiK39AZqd1UxDkLZ1ssjLvNy0RobOy8nW-dMaTDw2hymGtj4ndq2wwxuGUe4z5Ifv3R1Bs21mspO0JWBHfCCYA\/s1600\/&amp;.jpg"},{"@type":"BreadcrumbList","@id":"https:\/\/psgfans.fr\/?p=454#breadcrumb","itemListElement":[{"@type":"ListItem","position":1,"name":"Accueil","item":"https:\/\/psgfans.fr\/"},{"@type":"ListItem","position":2,"name":"PSG : Zlatan Ibrahimovic forfait \u00e0 Caen"}]},{"@type":"WebSite","@id":"https:\/\/psgfans.fr\/#website","url":"https:\/\/psgfans.fr\/","name":"PSG FANS","description":"Unit\u00e9, Passion, Victoire : Au C\u0153ur du Paris Saint-Germain!","potentialAction":[{"@type":"SearchAction","target":{"@type":"EntryPoint","urlTemplate":"https:\/\/psgfans.fr\/?s={search_term_string}"},"query-input":{"@type":"PropertyValueSpecification","valueRequired":true,"valueName":"search_term_string"}}],"inLanguage":"fr-FR"},{"@type":"Person","@id":"https:\/\/psgfans.fr\/#\/schema\/person\/be2237e7a0237af2f29cb344b3c55e6c","name":"psgfans","image":{"@type":"ImageObject","inLanguage":"fr-FR","@id":"https:\/\/secure.gravatar.com\/avatar\/?s=96&d=mm&r=g","url":"https:\/\/secure.gravatar.com\/avatar\/?s=96&d=mm&r=g","contentUrl":"https:\/\/secure.gravatar.com\/avatar\/?s=96&d=mm&r=g","caption":"psgfans"},"url":"https:\/\/psgfans.fr\/?author=2"}]}},"_links":{"self":[{"href":"https:\/\/psgfans.fr\/index.php?rest_route=\/wp\/v2\/posts\/454","targetHints":{"allow":["GET"]}}],"collection":[{"href":"https:\/\/psgfans.fr\/index.php?rest_route=\/wp\/v2\/posts"}],"about":[{"href":"https:\/\/psgfans.fr\/index.php?rest_route=\/wp\/v2\/types\/post"}],"author":[{"embeddable":true,"href":"https:\/\/psgfans.fr\/index.php?rest_route=\/wp\/v2\/users\/2"}],"replies":[{"embeddable":true,"href":"https:\/\/psgfans.fr\/index.php?rest_route=%2Fwp%2Fv2%2Fcomments&post=454"}],"version-history":[{"count":0,"href":"https:\/\/psgfans.fr\/index.php?rest_route=\/wp\/v2\/posts\/454\/revisions"}],"wp:attachment":[{"href":"https:\/\/psgfans.fr\/index.php?rest_route=%2Fwp%2Fv2%2Fmedia&parent=454"}],"wp:term":[{"taxonomy":"category","embeddable":true,"href":"https:\/\/psgfans.fr\/index.php?rest_route=%2Fwp%2Fv2%2Fcategories&post=454"},{"taxonomy":"post_tag","embeddable":true,"href":"https:\/\/psgfans.fr\/index.php?rest_route=%2Fwp%2Fv2%2Ftags&post=454"}],"curies":[{"name":"wp","href":"https:\/\/api.w.org\/{rel}","templated":true}]}}