{"id":453,"date":"2014-09-24T19:23:00","date_gmt":"2014-09-24T18:23:00","guid":{"rendered":"https:\/\/psgfans.fr\/?p=453"},"modified":"2014-09-24T19:23:00","modified_gmt":"2014-09-24T18:23:00","slug":"laure-boulleau-va-jouer-avec-zlatan","status":"publish","type":"post","link":"https:\/\/psgfans.fr\/?p=453","title":{"rendered":"Laure Boulleau va jouer avec Zlatan"},"content":{"rendered":"<p>Laure Boulleau pourra d\u00e9sormais se vanter de jouer avec Zlatan \u00e0 la maison. Mais pas s\u00fbr que son \u00abZ\u00bb \u00e0 elle ait la m\u00eame technique que le grand Ibra balle aux pattes. L\u2019arri\u00e8re gauche du Paris-Saint Germain a, en r\u00e9alit\u00e9, adopt\u00e9 un chiot au sobriquet bien choisi.<\/p>\n<div style=\"clear: both; text-align: center;\"><a href=\"https:\/\/blogger.googleusercontent.com\/img\/b\/R29vZ2xl\/AVvXsEg-NiUZdKevljVRksk00fpBygrGrbpqjctfzVMozQ-SXBU7waBsJKJqFUIYdIxAZ9-PZ6G2CsBZaogbS4yEHAEzKYjYLcJnnqk6P7-zvFXSHPtlvzzT-rx1IKIEg7rskqhNXbSB2cbdx8A\/s1600\/&amp;.jpeg\" style=\"margin-left: 1em; margin-right: 1em;\"><img loading=\"lazy\" decoding=\"async\" border=\"0\" src=\"https:\/\/blogger.googleusercontent.com\/img\/b\/R29vZ2xl\/AVvXsEg-NiUZdKevljVRksk00fpBygrGrbpqjctfzVMozQ-SXBU7waBsJKJqFUIYdIxAZ9-PZ6G2CsBZaogbS4yEHAEzKYjYLcJnnqk6P7-zvFXSHPtlvzzT-rx1IKIEg7rskqhNXbSB2cbdx8A\/s1600\/&amp;.jpeg\" height=\"400\" width=\"331\" \/><\/a><\/div>\n<p>lequipe.fr<\/p>\n","protected":false},"excerpt":{"rendered":"<p>Laure Boulleau pourra d\u00e9sormais se vanter de jouer avec Zlatan \u00e0 la maison. Mais pas s\u00fbr que son \u00abZ\u00bb \u00e0 elle ait la m\u00eame technique que le grand Ibra balle aux pattes. L\u2019arri\u00e8re gauche du Paris-Saint Germain a, en r\u00e9alit\u00e9, adopt\u00e9 un chiot au sobriquet bien choisi. lequipe.fr<\/p>\n","protected":false},"author":2,"featured_media":0,"comment_status":"open","ping_status":"open","sticky":false,"template":"","format":"standard","meta":{"footnotes":""},"categories":[3],"tags":[],"class_list":{"0":"post-453","1":"post","2":"type-post","3":"status-publish","4":"format-standard","6":"category-news"},"yoast_head":"<!-- This site is optimized with the Yoast SEO plugin v27.4 - https:\/\/yoast.com\/product\/yoast-seo-wordpress\/ -->\n<title>Laure Boulleau va jouer avec Zlatan - PSG FANS<\/title>\n<meta name=\"robots\" content=\"index, follow, max-snippet:-1, max-image-preview:large, max-video-preview:-1\" \/>\n<link rel=\"canonical\" href=\"https:\/\/psgfans.fr\/?p=453\" \/>\n<meta property=\"og:locale\" content=\"fr_FR\" \/>\n<meta property=\"og:type\" content=\"article\" \/>\n<meta property=\"og:title\" content=\"Laure Boulleau va jouer avec Zlatan - PSG FANS\" \/>\n<meta property=\"og:description\" content=\"Laure Boulleau pourra d\u00e9sormais se vanter de jouer avec Zlatan \u00e0 la maison. Mais pas s\u00fbr que son \u00abZ\u00bb \u00e0 elle ait la m\u00eame technique que le grand Ibra balle aux pattes. L\u2019arri\u00e8re gauche du Paris-Saint Germain a, en r\u00e9alit\u00e9, adopt\u00e9 un chiot au sobriquet bien choisi. lequipe.fr\" \/>\n<meta property=\"og:url\" content=\"https:\/\/psgfans.fr\/?p=453\" \/>\n<meta property=\"og:site_name\" content=\"PSG FANS\" \/>\n<meta property=\"article:published_time\" content=\"2014-09-24T18:23:00+00:00\" \/>\n<meta property=\"og:image\" content=\"https:\/\/blogger.googleusercontent.com\/img\/b\/R29vZ2xl\/AVvXsEg-NiUZdKevljVRksk00fpBygrGrbpqjctfzVMozQ-SXBU7waBsJKJqFUIYdIxAZ9-PZ6G2CsBZaogbS4yEHAEzKYjYLcJnnqk6P7-zvFXSHPtlvzzT-rx1IKIEg7rskqhNXbSB2cbdx8A\/s1600\/&amp;.jpeg\" \/>\n<meta name=\"author\" content=\"psgfans\" \/>\n<meta name=\"twitter:card\" content=\"summary_large_image\" \/>\n<meta name=\"twitter:label1\" content=\"\u00c9crit par\" \/>\n\t<meta name=\"twitter:data1\" content=\"psgfans\" \/>\n<script type=\"application\/ld+json\" class=\"yoast-schema-graph\">{\"@context\":\"https:\\\/\\\/schema.org\",\"@graph\":[{\"@type\":\"Article\",\"@id\":\"https:\\\/\\\/psgfans.fr\\\/?p=453#article\",\"isPartOf\":{\"@id\":\"https:\\\/\\\/psgfans.fr\\\/?p=453\"},\"author\":{\"name\":\"psgfans\",\"@id\":\"https:\\\/\\\/psgfans.fr\\\/#\\\/schema\\\/person\\\/be2237e7a0237af2f29cb344b3c55e6c\"},\"headline\":\"Laure Boulleau va jouer avec Zlatan\",\"datePublished\":\"2014-09-24T18:23:00+00:00\",\"mainEntityOfPage\":{\"@id\":\"https:\\\/\\\/psgfans.fr\\\/?p=453\"},\"wordCount\":59,\"commentCount\":0,\"image\":{\"@id\":\"https:\\\/\\\/psgfans.fr\\\/?p=453#primaryimage\"},\"thumbnailUrl\":\"https:\\\/\\\/blogger.googleusercontent.com\\\/img\\\/b\\\/R29vZ2xl\\\/AVvXsEg-NiUZdKevljVRksk00fpBygrGrbpqjctfzVMozQ-SXBU7waBsJKJqFUIYdIxAZ9-PZ6G2CsBZaogbS4yEHAEzKYjYLcJnnqk6P7-zvFXSHPtlvzzT-rx1IKIEg7rskqhNXbSB2cbdx8A\\\/s1600\\\/&amp;.jpeg\",\"articleSection\":[\"News\"],\"inLanguage\":\"fr-FR\",\"potentialAction\":[{\"@type\":\"CommentAction\",\"name\":\"Comment\",\"target\":[\"https:\\\/\\\/psgfans.fr\\\/?p=453#respond\"]}]},{\"@type\":\"WebPage\",\"@id\":\"https:\\\/\\\/psgfans.fr\\\/?p=453\",\"url\":\"https:\\\/\\\/psgfans.fr\\\/?p=453\",\"name\":\"Laure Boulleau va jouer avec Zlatan - PSG FANS\",\"isPartOf\":{\"@id\":\"https:\\\/\\\/psgfans.fr\\\/#website\"},\"primaryImageOfPage\":{\"@id\":\"https:\\\/\\\/psgfans.fr\\\/?p=453#primaryimage\"},\"image\":{\"@id\":\"https:\\\/\\\/psgfans.fr\\\/?p=453#primaryimage\"},\"thumbnailUrl\":\"https:\\\/\\\/blogger.googleusercontent.com\\\/img\\\/b\\\/R29vZ2xl\\\/AVvXsEg-NiUZdKevljVRksk00fpBygrGrbpqjctfzVMozQ-SXBU7waBsJKJqFUIYdIxAZ9-PZ6G2CsBZaogbS4yEHAEzKYjYLcJnnqk6P7-zvFXSHPtlvzzT-rx1IKIEg7rskqhNXbSB2cbdx8A\\\/s1600\\\/&amp;.jpeg\",\"datePublished\":\"2014-09-24T18:23:00+00:00\",\"author\":{\"@id\":\"https:\\\/\\\/psgfans.fr\\\/#\\\/schema\\\/person\\\/be2237e7a0237af2f29cb344b3c55e6c\"},\"breadcrumb\":{\"@id\":\"https:\\\/\\\/psgfans.fr\\\/?p=453#breadcrumb\"},\"inLanguage\":\"fr-FR\",\"potentialAction\":[{\"@type\":\"ReadAction\",\"target\":[\"https:\\\/\\\/psgfans.fr\\\/?p=453\"]}]},{\"@type\":\"ImageObject\",\"inLanguage\":\"fr-FR\",\"@id\":\"https:\\\/\\\/psgfans.fr\\\/?p=453#primaryimage\",\"url\":\"https:\\\/\\\/blogger.googleusercontent.com\\\/img\\\/b\\\/R29vZ2xl\\\/AVvXsEg-NiUZdKevljVRksk00fpBygrGrbpqjctfzVMozQ-SXBU7waBsJKJqFUIYdIxAZ9-PZ6G2CsBZaogbS4yEHAEzKYjYLcJnnqk6P7-zvFXSHPtlvzzT-rx1IKIEg7rskqhNXbSB2cbdx8A\\\/s1600\\\/&amp;.jpeg\",\"contentUrl\":\"https:\\\/\\\/blogger.googleusercontent.com\\\/img\\\/b\\\/R29vZ2xl\\\/AVvXsEg-NiUZdKevljVRksk00fpBygrGrbpqjctfzVMozQ-SXBU7waBsJKJqFUIYdIxAZ9-PZ6G2CsBZaogbS4yEHAEzKYjYLcJnnqk6P7-zvFXSHPtlvzzT-rx1IKIEg7rskqhNXbSB2cbdx8A\\\/s1600\\\/&amp;.jpeg\"},{\"@type\":\"BreadcrumbList\",\"@id\":\"https:\\\/\\\/psgfans.fr\\\/?p=453#breadcrumb\",\"itemListElement\":[{\"@type\":\"ListItem\",\"position\":1,\"name\":\"Accueil\",\"item\":\"https:\\\/\\\/psgfans.fr\\\/\"},{\"@type\":\"ListItem\",\"position\":2,\"name\":\"Laure Boulleau va jouer avec Zlatan\"}]},{\"@type\":\"WebSite\",\"@id\":\"https:\\\/\\\/psgfans.fr\\\/#website\",\"url\":\"https:\\\/\\\/psgfans.fr\\\/\",\"name\":\"PSG FANS\",\"description\":\"Unit\u00e9, Passion, Victoire : Au C\u0153ur du Paris Saint-Germain!\",\"potentialAction\":[{\"@type\":\"SearchAction\",\"target\":{\"@type\":\"EntryPoint\",\"urlTemplate\":\"https:\\\/\\\/psgfans.fr\\\/?s={search_term_string}\"},\"query-input\":{\"@type\":\"PropertyValueSpecification\",\"valueRequired\":true,\"valueName\":\"search_term_string\"}}],\"inLanguage\":\"fr-FR\"},{\"@type\":\"Person\",\"@id\":\"https:\\\/\\\/psgfans.fr\\\/#\\\/schema\\\/person\\\/be2237e7a0237af2f29cb344b3c55e6c\",\"name\":\"psgfans\",\"image\":{\"@type\":\"ImageObject\",\"inLanguage\":\"fr-FR\",\"@id\":\"https:\\\/\\\/secure.gravatar.com\\\/avatar\\\/?s=96&d=mm&r=g\",\"url\":\"https:\\\/\\\/secure.gravatar.com\\\/avatar\\\/?s=96&d=mm&r=g\",\"contentUrl\":\"https:\\\/\\\/secure.gravatar.com\\\/avatar\\\/?s=96&d=mm&r=g\",\"caption\":\"psgfans\"},\"url\":\"https:\\\/\\\/psgfans.fr\\\/?author=2\"}]}<\/script>\n<!-- \/ Yoast SEO plugin. -->","yoast_head_json":{"title":"Laure Boulleau va jouer avec Zlatan - PSG FANS","robots":{"index":"index","follow":"follow","max-snippet":"max-snippet:-1","max-image-preview":"max-image-preview:large","max-video-preview":"max-video-preview:-1"},"canonical":"https:\/\/psgfans.fr\/?p=453","og_locale":"fr_FR","og_type":"article","og_title":"Laure Boulleau va jouer avec Zlatan - PSG FANS","og_description":"Laure Boulleau pourra d\u00e9sormais se vanter de jouer avec Zlatan \u00e0 la maison. Mais pas s\u00fbr que son \u00abZ\u00bb \u00e0 elle ait la m\u00eame technique que le grand Ibra balle aux pattes. L\u2019arri\u00e8re gauche du Paris-Saint Germain a, en r\u00e9alit\u00e9, adopt\u00e9 un chiot au sobriquet bien choisi. lequipe.fr","og_url":"https:\/\/psgfans.fr\/?p=453","og_site_name":"PSG FANS","article_published_time":"2014-09-24T18:23:00+00:00","og_image":[{"url":"https:\/\/blogger.googleusercontent.com\/img\/b\/R29vZ2xl\/AVvXsEg-NiUZdKevljVRksk00fpBygrGrbpqjctfzVMozQ-SXBU7waBsJKJqFUIYdIxAZ9-PZ6G2CsBZaogbS4yEHAEzKYjYLcJnnqk6P7-zvFXSHPtlvzzT-rx1IKIEg7rskqhNXbSB2cbdx8A\/s1600\/&amp;.jpeg","type":"","width":"","height":""}],"author":"psgfans","twitter_card":"summary_large_image","twitter_misc":{"\u00c9crit par":"psgfans"},"schema":{"@context":"https:\/\/schema.org","@graph":[{"@type":"Article","@id":"https:\/\/psgfans.fr\/?p=453#article","isPartOf":{"@id":"https:\/\/psgfans.fr\/?p=453"},"author":{"name":"psgfans","@id":"https:\/\/psgfans.fr\/#\/schema\/person\/be2237e7a0237af2f29cb344b3c55e6c"},"headline":"Laure Boulleau va jouer avec Zlatan","datePublished":"2014-09-24T18:23:00+00:00","mainEntityOfPage":{"@id":"https:\/\/psgfans.fr\/?p=453"},"wordCount":59,"commentCount":0,"image":{"@id":"https:\/\/psgfans.fr\/?p=453#primaryimage"},"thumbnailUrl":"https:\/\/blogger.googleusercontent.com\/img\/b\/R29vZ2xl\/AVvXsEg-NiUZdKevljVRksk00fpBygrGrbpqjctfzVMozQ-SXBU7waBsJKJqFUIYdIxAZ9-PZ6G2CsBZaogbS4yEHAEzKYjYLcJnnqk6P7-zvFXSHPtlvzzT-rx1IKIEg7rskqhNXbSB2cbdx8A\/s1600\/&amp;.jpeg","articleSection":["News"],"inLanguage":"fr-FR","potentialAction":[{"@type":"CommentAction","name":"Comment","target":["https:\/\/psgfans.fr\/?p=453#respond"]}]},{"@type":"WebPage","@id":"https:\/\/psgfans.fr\/?p=453","url":"https:\/\/psgfans.fr\/?p=453","name":"Laure Boulleau va jouer avec Zlatan - PSG FANS","isPartOf":{"@id":"https:\/\/psgfans.fr\/#website"},"primaryImageOfPage":{"@id":"https:\/\/psgfans.fr\/?p=453#primaryimage"},"image":{"@id":"https:\/\/psgfans.fr\/?p=453#primaryimage"},"thumbnailUrl":"https:\/\/blogger.googleusercontent.com\/img\/b\/R29vZ2xl\/AVvXsEg-NiUZdKevljVRksk00fpBygrGrbpqjctfzVMozQ-SXBU7waBsJKJqFUIYdIxAZ9-PZ6G2CsBZaogbS4yEHAEzKYjYLcJnnqk6P7-zvFXSHPtlvzzT-rx1IKIEg7rskqhNXbSB2cbdx8A\/s1600\/&amp;.jpeg","datePublished":"2014-09-24T18:23:00+00:00","author":{"@id":"https:\/\/psgfans.fr\/#\/schema\/person\/be2237e7a0237af2f29cb344b3c55e6c"},"breadcrumb":{"@id":"https:\/\/psgfans.fr\/?p=453#breadcrumb"},"inLanguage":"fr-FR","potentialAction":[{"@type":"ReadAction","target":["https:\/\/psgfans.fr\/?p=453"]}]},{"@type":"ImageObject","inLanguage":"fr-FR","@id":"https:\/\/psgfans.fr\/?p=453#primaryimage","url":"https:\/\/blogger.googleusercontent.com\/img\/b\/R29vZ2xl\/AVvXsEg-NiUZdKevljVRksk00fpBygrGrbpqjctfzVMozQ-SXBU7waBsJKJqFUIYdIxAZ9-PZ6G2CsBZaogbS4yEHAEzKYjYLcJnnqk6P7-zvFXSHPtlvzzT-rx1IKIEg7rskqhNXbSB2cbdx8A\/s1600\/&amp;.jpeg","contentUrl":"https:\/\/blogger.googleusercontent.com\/img\/b\/R29vZ2xl\/AVvXsEg-NiUZdKevljVRksk00fpBygrGrbpqjctfzVMozQ-SXBU7waBsJKJqFUIYdIxAZ9-PZ6G2CsBZaogbS4yEHAEzKYjYLcJnnqk6P7-zvFXSHPtlvzzT-rx1IKIEg7rskqhNXbSB2cbdx8A\/s1600\/&amp;.jpeg"},{"@type":"BreadcrumbList","@id":"https:\/\/psgfans.fr\/?p=453#breadcrumb","itemListElement":[{"@type":"ListItem","position":1,"name":"Accueil","item":"https:\/\/psgfans.fr\/"},{"@type":"ListItem","position":2,"name":"Laure Boulleau va jouer avec Zlatan"}]},{"@type":"WebSite","@id":"https:\/\/psgfans.fr\/#website","url":"https:\/\/psgfans.fr\/","name":"PSG FANS","description":"Unit\u00e9, Passion, Victoire : Au C\u0153ur du Paris Saint-Germain!","potentialAction":[{"@type":"SearchAction","target":{"@type":"EntryPoint","urlTemplate":"https:\/\/psgfans.fr\/?s={search_term_string}"},"query-input":{"@type":"PropertyValueSpecification","valueRequired":true,"valueName":"search_term_string"}}],"inLanguage":"fr-FR"},{"@type":"Person","@id":"https:\/\/psgfans.fr\/#\/schema\/person\/be2237e7a0237af2f29cb344b3c55e6c","name":"psgfans","image":{"@type":"ImageObject","inLanguage":"fr-FR","@id":"https:\/\/secure.gravatar.com\/avatar\/?s=96&d=mm&r=g","url":"https:\/\/secure.gravatar.com\/avatar\/?s=96&d=mm&r=g","contentUrl":"https:\/\/secure.gravatar.com\/avatar\/?s=96&d=mm&r=g","caption":"psgfans"},"url":"https:\/\/psgfans.fr\/?author=2"}]}},"_links":{"self":[{"href":"https:\/\/psgfans.fr\/index.php?rest_route=\/wp\/v2\/posts\/453","targetHints":{"allow":["GET"]}}],"collection":[{"href":"https:\/\/psgfans.fr\/index.php?rest_route=\/wp\/v2\/posts"}],"about":[{"href":"https:\/\/psgfans.fr\/index.php?rest_route=\/wp\/v2\/types\/post"}],"author":[{"embeddable":true,"href":"https:\/\/psgfans.fr\/index.php?rest_route=\/wp\/v2\/users\/2"}],"replies":[{"embeddable":true,"href":"https:\/\/psgfans.fr\/index.php?rest_route=%2Fwp%2Fv2%2Fcomments&post=453"}],"version-history":[{"count":0,"href":"https:\/\/psgfans.fr\/index.php?rest_route=\/wp\/v2\/posts\/453\/revisions"}],"wp:attachment":[{"href":"https:\/\/psgfans.fr\/index.php?rest_route=%2Fwp%2Fv2%2Fmedia&parent=453"}],"wp:term":[{"taxonomy":"category","embeddable":true,"href":"https:\/\/psgfans.fr\/index.php?rest_route=%2Fwp%2Fv2%2Fcategories&post=453"},{"taxonomy":"post_tag","embeddable":true,"href":"https:\/\/psgfans.fr\/index.php?rest_route=%2Fwp%2Fv2%2Ftags&post=453"}],"curies":[{"name":"wp","href":"https:\/\/api.w.org\/{rel}","templated":true}]}}