{"id":451,"date":"2014-09-29T23:51:00","date_gmt":"2014-09-29T22:51:00","guid":{"rendered":"https:\/\/psgfans.fr\/?p=451"},"modified":"2014-09-29T23:51:00","modified_gmt":"2014-09-29T22:51:00","slug":"zlatan-ibrahimovic-forfait-face-au-fc-barcelone","status":"publish","type":"post","link":"https:\/\/psgfans.fr\/?p=451","title":{"rendered":"Zlatan Ibrahimovic forfait face au FC Barcelone"},"content":{"rendered":"<div style=\"clear: both; text-align: center;\"><a href=\"https:\/\/blogger.googleusercontent.com\/img\/b\/R29vZ2xl\/AVvXsEhTrdI2H8RJW6T_P4x0jImCZ_vXImdWxNnd8VL1oKiq0f5__aR7KEqCZSbZItzuECr3H8eXDIUkphoZw5iBcP-u1LOe0iJAbWIRYA092Zd0_2y9fiaQjk_D3vDSA4syNpyNEQCDJ8_fgC8\/s1600\/&amp;.jpeg\" style=\"margin-left: 1em; margin-right: 1em;\"><img loading=\"lazy\" decoding=\"async\" border=\"0\" src=\"https:\/\/blogger.googleusercontent.com\/img\/b\/R29vZ2xl\/AVvXsEhTrdI2H8RJW6T_P4x0jImCZ_vXImdWxNnd8VL1oKiq0f5__aR7KEqCZSbZItzuECr3H8eXDIUkphoZw5iBcP-u1LOe0iJAbWIRYA092Zd0_2y9fiaQjk_D3vDSA4syNpyNEQCDJ8_fgC8\/s1600\/&amp;.jpeg\" height=\"200\" width=\"400\" \/><\/a><\/div>\n<p>Le PSG a annonc\u00e9, ce lundi en d\u00e9but d&rsquo;apr\u00e8s-midi, le forfait de son attaquant Zlatan Ibrahimovic pour affronter le FC Barcelone, mardi au Parc des Princes en Ligue des champions (20h45). L&rsquo;international su\u00e9dois souffre toujours d&rsquo;une talalgie au pied gauche, et n&rsquo;a plus jou\u00e9 depuis le 21 septembre, face \u00e0 Lyon (1-1). \u00abL&rsquo;\u00e9valuation et les diff\u00e9rents tests pratiqu\u00e9s ce matin dans les suites de sa talalgie gauche n&rsquo;ayant pas \u00e9t\u00e9 satisfaisants, Zlatan Ibrahimovic est forfait pour le match contre le FC Barcelone\u00bb, a indiqu\u00e9 le club parisien dans un communiqu\u00e9. Quelques minutes plus tard, Laurent Blanc a apport\u00e9 plusieurs pr\u00e9cisions en conf\u00e9rence de presse : \u00abCe matin, il faisait encore des soins au centre d&rsquo;entra\u00eenement. On a essay\u00e9, mais il lui \u00e9tait vraiment impossible de r\u00e9pondre pr\u00e9sent. Pour dire la v\u00e9rit\u00e9, j\u2019avais pr\u00e9par\u00e9 ce match en sachant qu\u2019il y avait de grandes chances qu\u2019il ne soit pas l\u00e0. Quand la douleur est toujours pr\u00e9sente, et qu\u2019un joueur ne s\u2019entra\u00eene pas, il ne faut pas insister.\u00bb<\/p>\n<p><b>\u00abOn avait besoin de lui mais il n&rsquo;est pas pr\u00eat.\u00bb (Maxwell)<\/b><\/p>\n<p>D\u00e9j\u00e0 absent \u00e0 Caen (2-0) et \u00e0 Toulouse (1-1) en Championnat, le meilleur buteur de Ligue 1 lors des deux derni\u00e8res saisons ne sait pas encore quand il pourra retrouver la comp\u00e9tition. \u00abOn va voir l\u2019\u00e9volution de sa blessure jour par jour, a pr\u00e9cis\u00e9 son coach. Le staff m\u00e9dical fait tout pour le r\u00e9cup\u00e9rer le plus t\u00f4t possible. Si c\u2019est contre Monaco (dimanche), on sera tr\u00e8s heureux parce que c\u2019est un \u00e9l\u00e9ment important pour l\u2019\u00e9quipe.\u00bb En attendant, il faudra jouer sans lui contre le Bar\u00e7a, comme la saison pass\u00e9e en quart de finale retour face \u00e0 Chelsea. \u00abIl n&rsquo;\u00e9tait pas seulement d\u00e9\u00e7u parce que c&rsquo;est Barcelone, notre ancienne \u00e9quipe, a confi\u00e9 Maxwell, son partenaire au PSG et avant aussi en Catalogne. Il n&rsquo;\u00e9tait pas bien parce c&rsquo;est un moment important pour nous. On avait besoin de lui mais il n&rsquo;est pas pr\u00eat. C\u2019est \u00e0 nous maintenant de faire sans lui et de lui donner la possibilit\u00e9 de continuer \u00e0 vivre dans la comp\u00e9tition.\u00bb<\/p>\n<p><b>Le groupe parisien :<\/b><\/p>\n<p>Douchez, Sirigu &#8211; Aurier, Camara, David Luiz, Digne, Marquinhos, Maxwell, Van der Wiel &#8211; Cabaye, Chant\u00f4me, Matuidi, Pastore, Thiago Motta, Verratti &#8211; Bahebeck, Lucas, Cavani<\/p>\n<p>lequipe.fr<\/p>\n","protected":false},"excerpt":{"rendered":"<p>Le PSG a annonc\u00e9, ce lundi en d\u00e9but d&rsquo;apr\u00e8s-midi, le forfait de son attaquant Zlatan Ibrahimovic pour affronter le FC Barcelone, mardi au Parc des Princes en Ligue des champions (20h45). L&rsquo;international su\u00e9dois souffre toujours d&rsquo;une talalgie au pied gauche, et n&rsquo;a plus jou\u00e9 depuis le 21 septembre, face \u00e0 Lyon (1-1). \u00abL&rsquo;\u00e9valuation et les [&hellip;]<\/p>\n","protected":false},"author":2,"featured_media":0,"comment_status":"open","ping_status":"open","sticky":false,"template":"","format":"standard","meta":{"footnotes":""},"categories":[3],"tags":[],"class_list":{"0":"post-451","1":"post","2":"type-post","3":"status-publish","4":"format-standard","6":"category-news"},"yoast_head":"<!-- This site is optimized with the Yoast SEO plugin v27.4 - https:\/\/yoast.com\/product\/yoast-seo-wordpress\/ -->\n<title>Zlatan Ibrahimovic forfait face au FC Barcelone - PSG FANS<\/title>\n<meta name=\"robots\" content=\"index, follow, max-snippet:-1, max-image-preview:large, max-video-preview:-1\" \/>\n<link rel=\"canonical\" href=\"https:\/\/psgfans.fr\/?p=451\" \/>\n<meta property=\"og:locale\" content=\"fr_FR\" \/>\n<meta property=\"og:type\" content=\"article\" \/>\n<meta property=\"og:title\" content=\"Zlatan Ibrahimovic forfait face au FC Barcelone - PSG FANS\" \/>\n<meta property=\"og:description\" content=\"Le PSG a annonc\u00e9, ce lundi en d\u00e9but d&rsquo;apr\u00e8s-midi, le forfait de son attaquant Zlatan Ibrahimovic pour affronter le FC Barcelone, mardi au Parc des Princes en Ligue des champions (20h45). L&rsquo;international su\u00e9dois souffre toujours d&rsquo;une talalgie au pied gauche, et n&rsquo;a plus jou\u00e9 depuis le 21 septembre, face \u00e0 Lyon (1-1). \u00abL&rsquo;\u00e9valuation et les [&hellip;]\" \/>\n<meta property=\"og:url\" content=\"https:\/\/psgfans.fr\/?p=451\" \/>\n<meta property=\"og:site_name\" content=\"PSG FANS\" \/>\n<meta property=\"article:published_time\" content=\"2014-09-29T22:51:00+00:00\" \/>\n<meta property=\"og:image\" content=\"https:\/\/blogger.googleusercontent.com\/img\/b\/R29vZ2xl\/AVvXsEhTrdI2H8RJW6T_P4x0jImCZ_vXImdWxNnd8VL1oKiq0f5__aR7KEqCZSbZItzuECr3H8eXDIUkphoZw5iBcP-u1LOe0iJAbWIRYA092Zd0_2y9fiaQjk_D3vDSA4syNpyNEQCDJ8_fgC8\/s1600\/&amp;.jpeg\" \/>\n<meta name=\"author\" content=\"psgfans\" \/>\n<meta name=\"twitter:card\" content=\"summary_large_image\" \/>\n<meta name=\"twitter:label1\" content=\"\u00c9crit par\" \/>\n\t<meta name=\"twitter:data1\" content=\"psgfans\" \/>\n\t<meta name=\"twitter:label2\" content=\"Dur\u00e9e de lecture estim\u00e9e\" \/>\n\t<meta name=\"twitter:data2\" content=\"2 minutes\" \/>\n<script type=\"application\/ld+json\" class=\"yoast-schema-graph\">{\"@context\":\"https:\\\/\\\/schema.org\",\"@graph\":[{\"@type\":\"Article\",\"@id\":\"https:\\\/\\\/psgfans.fr\\\/?p=451#article\",\"isPartOf\":{\"@id\":\"https:\\\/\\\/psgfans.fr\\\/?p=451\"},\"author\":{\"name\":\"psgfans\",\"@id\":\"https:\\\/\\\/psgfans.fr\\\/#\\\/schema\\\/person\\\/be2237e7a0237af2f29cb344b3c55e6c\"},\"headline\":\"Zlatan Ibrahimovic forfait face au FC Barcelone\",\"datePublished\":\"2014-09-29T22:51:00+00:00\",\"mainEntityOfPage\":{\"@id\":\"https:\\\/\\\/psgfans.fr\\\/?p=451\"},\"wordCount\":421,\"commentCount\":0,\"image\":{\"@id\":\"https:\\\/\\\/psgfans.fr\\\/?p=451#primaryimage\"},\"thumbnailUrl\":\"https:\\\/\\\/blogger.googleusercontent.com\\\/img\\\/b\\\/R29vZ2xl\\\/AVvXsEhTrdI2H8RJW6T_P4x0jImCZ_vXImdWxNnd8VL1oKiq0f5__aR7KEqCZSbZItzuECr3H8eXDIUkphoZw5iBcP-u1LOe0iJAbWIRYA092Zd0_2y9fiaQjk_D3vDSA4syNpyNEQCDJ8_fgC8\\\/s1600\\\/&amp;.jpeg\",\"articleSection\":[\"News\"],\"inLanguage\":\"fr-FR\",\"potentialAction\":[{\"@type\":\"CommentAction\",\"name\":\"Comment\",\"target\":[\"https:\\\/\\\/psgfans.fr\\\/?p=451#respond\"]}]},{\"@type\":\"WebPage\",\"@id\":\"https:\\\/\\\/psgfans.fr\\\/?p=451\",\"url\":\"https:\\\/\\\/psgfans.fr\\\/?p=451\",\"name\":\"Zlatan Ibrahimovic forfait face au FC Barcelone - PSG FANS\",\"isPartOf\":{\"@id\":\"https:\\\/\\\/psgfans.fr\\\/#website\"},\"primaryImageOfPage\":{\"@id\":\"https:\\\/\\\/psgfans.fr\\\/?p=451#primaryimage\"},\"image\":{\"@id\":\"https:\\\/\\\/psgfans.fr\\\/?p=451#primaryimage\"},\"thumbnailUrl\":\"https:\\\/\\\/blogger.googleusercontent.com\\\/img\\\/b\\\/R29vZ2xl\\\/AVvXsEhTrdI2H8RJW6T_P4x0jImCZ_vXImdWxNnd8VL1oKiq0f5__aR7KEqCZSbZItzuECr3H8eXDIUkphoZw5iBcP-u1LOe0iJAbWIRYA092Zd0_2y9fiaQjk_D3vDSA4syNpyNEQCDJ8_fgC8\\\/s1600\\\/&amp;.jpeg\",\"datePublished\":\"2014-09-29T22:51:00+00:00\",\"author\":{\"@id\":\"https:\\\/\\\/psgfans.fr\\\/#\\\/schema\\\/person\\\/be2237e7a0237af2f29cb344b3c55e6c\"},\"breadcrumb\":{\"@id\":\"https:\\\/\\\/psgfans.fr\\\/?p=451#breadcrumb\"},\"inLanguage\":\"fr-FR\",\"potentialAction\":[{\"@type\":\"ReadAction\",\"target\":[\"https:\\\/\\\/psgfans.fr\\\/?p=451\"]}]},{\"@type\":\"ImageObject\",\"inLanguage\":\"fr-FR\",\"@id\":\"https:\\\/\\\/psgfans.fr\\\/?p=451#primaryimage\",\"url\":\"https:\\\/\\\/blogger.googleusercontent.com\\\/img\\\/b\\\/R29vZ2xl\\\/AVvXsEhTrdI2H8RJW6T_P4x0jImCZ_vXImdWxNnd8VL1oKiq0f5__aR7KEqCZSbZItzuECr3H8eXDIUkphoZw5iBcP-u1LOe0iJAbWIRYA092Zd0_2y9fiaQjk_D3vDSA4syNpyNEQCDJ8_fgC8\\\/s1600\\\/&amp;.jpeg\",\"contentUrl\":\"https:\\\/\\\/blogger.googleusercontent.com\\\/img\\\/b\\\/R29vZ2xl\\\/AVvXsEhTrdI2H8RJW6T_P4x0jImCZ_vXImdWxNnd8VL1oKiq0f5__aR7KEqCZSbZItzuECr3H8eXDIUkphoZw5iBcP-u1LOe0iJAbWIRYA092Zd0_2y9fiaQjk_D3vDSA4syNpyNEQCDJ8_fgC8\\\/s1600\\\/&amp;.jpeg\"},{\"@type\":\"BreadcrumbList\",\"@id\":\"https:\\\/\\\/psgfans.fr\\\/?p=451#breadcrumb\",\"itemListElement\":[{\"@type\":\"ListItem\",\"position\":1,\"name\":\"Accueil\",\"item\":\"https:\\\/\\\/psgfans.fr\\\/\"},{\"@type\":\"ListItem\",\"position\":2,\"name\":\"Zlatan Ibrahimovic forfait face au FC Barcelone\"}]},{\"@type\":\"WebSite\",\"@id\":\"https:\\\/\\\/psgfans.fr\\\/#website\",\"url\":\"https:\\\/\\\/psgfans.fr\\\/\",\"name\":\"PSG FANS\",\"description\":\"Unit\u00e9, Passion, Victoire : Au C\u0153ur du Paris Saint-Germain!\",\"potentialAction\":[{\"@type\":\"SearchAction\",\"target\":{\"@type\":\"EntryPoint\",\"urlTemplate\":\"https:\\\/\\\/psgfans.fr\\\/?s={search_term_string}\"},\"query-input\":{\"@type\":\"PropertyValueSpecification\",\"valueRequired\":true,\"valueName\":\"search_term_string\"}}],\"inLanguage\":\"fr-FR\"},{\"@type\":\"Person\",\"@id\":\"https:\\\/\\\/psgfans.fr\\\/#\\\/schema\\\/person\\\/be2237e7a0237af2f29cb344b3c55e6c\",\"name\":\"psgfans\",\"image\":{\"@type\":\"ImageObject\",\"inLanguage\":\"fr-FR\",\"@id\":\"https:\\\/\\\/secure.gravatar.com\\\/avatar\\\/?s=96&d=mm&r=g\",\"url\":\"https:\\\/\\\/secure.gravatar.com\\\/avatar\\\/?s=96&d=mm&r=g\",\"contentUrl\":\"https:\\\/\\\/secure.gravatar.com\\\/avatar\\\/?s=96&d=mm&r=g\",\"caption\":\"psgfans\"},\"url\":\"https:\\\/\\\/psgfans.fr\\\/?author=2\"}]}<\/script>\n<!-- \/ Yoast SEO plugin. -->","yoast_head_json":{"title":"Zlatan Ibrahimovic forfait face au FC Barcelone - PSG FANS","robots":{"index":"index","follow":"follow","max-snippet":"max-snippet:-1","max-image-preview":"max-image-preview:large","max-video-preview":"max-video-preview:-1"},"canonical":"https:\/\/psgfans.fr\/?p=451","og_locale":"fr_FR","og_type":"article","og_title":"Zlatan Ibrahimovic forfait face au FC Barcelone - PSG FANS","og_description":"Le PSG a annonc\u00e9, ce lundi en d\u00e9but d&rsquo;apr\u00e8s-midi, le forfait de son attaquant Zlatan Ibrahimovic pour affronter le FC Barcelone, mardi au Parc des Princes en Ligue des champions (20h45). L&rsquo;international su\u00e9dois souffre toujours d&rsquo;une talalgie au pied gauche, et n&rsquo;a plus jou\u00e9 depuis le 21 septembre, face \u00e0 Lyon (1-1). \u00abL&rsquo;\u00e9valuation et les [&hellip;]","og_url":"https:\/\/psgfans.fr\/?p=451","og_site_name":"PSG FANS","article_published_time":"2014-09-29T22:51:00+00:00","og_image":[{"url":"https:\/\/blogger.googleusercontent.com\/img\/b\/R29vZ2xl\/AVvXsEhTrdI2H8RJW6T_P4x0jImCZ_vXImdWxNnd8VL1oKiq0f5__aR7KEqCZSbZItzuECr3H8eXDIUkphoZw5iBcP-u1LOe0iJAbWIRYA092Zd0_2y9fiaQjk_D3vDSA4syNpyNEQCDJ8_fgC8\/s1600\/&amp;.jpeg","type":"","width":"","height":""}],"author":"psgfans","twitter_card":"summary_large_image","twitter_misc":{"\u00c9crit par":"psgfans","Dur\u00e9e de lecture estim\u00e9e":"2 minutes"},"schema":{"@context":"https:\/\/schema.org","@graph":[{"@type":"Article","@id":"https:\/\/psgfans.fr\/?p=451#article","isPartOf":{"@id":"https:\/\/psgfans.fr\/?p=451"},"author":{"name":"psgfans","@id":"https:\/\/psgfans.fr\/#\/schema\/person\/be2237e7a0237af2f29cb344b3c55e6c"},"headline":"Zlatan Ibrahimovic forfait face au FC Barcelone","datePublished":"2014-09-29T22:51:00+00:00","mainEntityOfPage":{"@id":"https:\/\/psgfans.fr\/?p=451"},"wordCount":421,"commentCount":0,"image":{"@id":"https:\/\/psgfans.fr\/?p=451#primaryimage"},"thumbnailUrl":"https:\/\/blogger.googleusercontent.com\/img\/b\/R29vZ2xl\/AVvXsEhTrdI2H8RJW6T_P4x0jImCZ_vXImdWxNnd8VL1oKiq0f5__aR7KEqCZSbZItzuECr3H8eXDIUkphoZw5iBcP-u1LOe0iJAbWIRYA092Zd0_2y9fiaQjk_D3vDSA4syNpyNEQCDJ8_fgC8\/s1600\/&amp;.jpeg","articleSection":["News"],"inLanguage":"fr-FR","potentialAction":[{"@type":"CommentAction","name":"Comment","target":["https:\/\/psgfans.fr\/?p=451#respond"]}]},{"@type":"WebPage","@id":"https:\/\/psgfans.fr\/?p=451","url":"https:\/\/psgfans.fr\/?p=451","name":"Zlatan Ibrahimovic forfait face au FC Barcelone - PSG FANS","isPartOf":{"@id":"https:\/\/psgfans.fr\/#website"},"primaryImageOfPage":{"@id":"https:\/\/psgfans.fr\/?p=451#primaryimage"},"image":{"@id":"https:\/\/psgfans.fr\/?p=451#primaryimage"},"thumbnailUrl":"https:\/\/blogger.googleusercontent.com\/img\/b\/R29vZ2xl\/AVvXsEhTrdI2H8RJW6T_P4x0jImCZ_vXImdWxNnd8VL1oKiq0f5__aR7KEqCZSbZItzuECr3H8eXDIUkphoZw5iBcP-u1LOe0iJAbWIRYA092Zd0_2y9fiaQjk_D3vDSA4syNpyNEQCDJ8_fgC8\/s1600\/&amp;.jpeg","datePublished":"2014-09-29T22:51:00+00:00","author":{"@id":"https:\/\/psgfans.fr\/#\/schema\/person\/be2237e7a0237af2f29cb344b3c55e6c"},"breadcrumb":{"@id":"https:\/\/psgfans.fr\/?p=451#breadcrumb"},"inLanguage":"fr-FR","potentialAction":[{"@type":"ReadAction","target":["https:\/\/psgfans.fr\/?p=451"]}]},{"@type":"ImageObject","inLanguage":"fr-FR","@id":"https:\/\/psgfans.fr\/?p=451#primaryimage","url":"https:\/\/blogger.googleusercontent.com\/img\/b\/R29vZ2xl\/AVvXsEhTrdI2H8RJW6T_P4x0jImCZ_vXImdWxNnd8VL1oKiq0f5__aR7KEqCZSbZItzuECr3H8eXDIUkphoZw5iBcP-u1LOe0iJAbWIRYA092Zd0_2y9fiaQjk_D3vDSA4syNpyNEQCDJ8_fgC8\/s1600\/&amp;.jpeg","contentUrl":"https:\/\/blogger.googleusercontent.com\/img\/b\/R29vZ2xl\/AVvXsEhTrdI2H8RJW6T_P4x0jImCZ_vXImdWxNnd8VL1oKiq0f5__aR7KEqCZSbZItzuECr3H8eXDIUkphoZw5iBcP-u1LOe0iJAbWIRYA092Zd0_2y9fiaQjk_D3vDSA4syNpyNEQCDJ8_fgC8\/s1600\/&amp;.jpeg"},{"@type":"BreadcrumbList","@id":"https:\/\/psgfans.fr\/?p=451#breadcrumb","itemListElement":[{"@type":"ListItem","position":1,"name":"Accueil","item":"https:\/\/psgfans.fr\/"},{"@type":"ListItem","position":2,"name":"Zlatan Ibrahimovic forfait face au FC Barcelone"}]},{"@type":"WebSite","@id":"https:\/\/psgfans.fr\/#website","url":"https:\/\/psgfans.fr\/","name":"PSG FANS","description":"Unit\u00e9, Passion, Victoire : Au C\u0153ur du Paris Saint-Germain!","potentialAction":[{"@type":"SearchAction","target":{"@type":"EntryPoint","urlTemplate":"https:\/\/psgfans.fr\/?s={search_term_string}"},"query-input":{"@type":"PropertyValueSpecification","valueRequired":true,"valueName":"search_term_string"}}],"inLanguage":"fr-FR"},{"@type":"Person","@id":"https:\/\/psgfans.fr\/#\/schema\/person\/be2237e7a0237af2f29cb344b3c55e6c","name":"psgfans","image":{"@type":"ImageObject","inLanguage":"fr-FR","@id":"https:\/\/secure.gravatar.com\/avatar\/?s=96&d=mm&r=g","url":"https:\/\/secure.gravatar.com\/avatar\/?s=96&d=mm&r=g","contentUrl":"https:\/\/secure.gravatar.com\/avatar\/?s=96&d=mm&r=g","caption":"psgfans"},"url":"https:\/\/psgfans.fr\/?author=2"}]}},"_links":{"self":[{"href":"https:\/\/psgfans.fr\/index.php?rest_route=\/wp\/v2\/posts\/451","targetHints":{"allow":["GET"]}}],"collection":[{"href":"https:\/\/psgfans.fr\/index.php?rest_route=\/wp\/v2\/posts"}],"about":[{"href":"https:\/\/psgfans.fr\/index.php?rest_route=\/wp\/v2\/types\/post"}],"author":[{"embeddable":true,"href":"https:\/\/psgfans.fr\/index.php?rest_route=\/wp\/v2\/users\/2"}],"replies":[{"embeddable":true,"href":"https:\/\/psgfans.fr\/index.php?rest_route=%2Fwp%2Fv2%2Fcomments&post=451"}],"version-history":[{"count":0,"href":"https:\/\/psgfans.fr\/index.php?rest_route=\/wp\/v2\/posts\/451\/revisions"}],"wp:attachment":[{"href":"https:\/\/psgfans.fr\/index.php?rest_route=%2Fwp%2Fv2%2Fmedia&parent=451"}],"wp:term":[{"taxonomy":"category","embeddable":true,"href":"https:\/\/psgfans.fr\/index.php?rest_route=%2Fwp%2Fv2%2Fcategories&post=451"},{"taxonomy":"post_tag","embeddable":true,"href":"https:\/\/psgfans.fr\/index.php?rest_route=%2Fwp%2Fv2%2Ftags&post=451"}],"curies":[{"name":"wp","href":"https:\/\/api.w.org\/{rel}","templated":true}]}}