{"id":449,"date":"2014-09-30T16:40:00","date_gmt":"2014-09-30T15:40:00","guid":{"rendered":"https:\/\/psgfans.fr\/?p=449"},"modified":"2014-09-30T16:40:00","modified_gmt":"2014-09-30T15:40:00","slug":"psg-fc-barcelone-paris-defie-le-barca-de-messi-et-neymar-sans-ibrahimovic","status":"publish","type":"post","link":"https:\/\/psgfans.fr\/?p=449","title":{"rendered":"PSG-FC Barcelone : Paris d\u00e9fie le Bar\u00e7a de Messi et Neymar sans Ibrahimovic"},"content":{"rendered":"<div style=\"clear: both; text-align: center;\"><a href=\"https:\/\/blogger.googleusercontent.com\/img\/b\/R29vZ2xl\/AVvXsEjL07-pWQRKhCK8lO7YHDVMJmJmP34XvhRbhRLFzflayyQWEAScRg5uS1umjc0SeNcmyW4_uJdV70UyMdrrtc8QUJuhd4VWOYjJXovMe4E0PWshyphenhyphend5V8hXCGpzWZN3Wy41sza2hMMJKB4Y\/s1600\/&amp;1ZF.jpg\" style=\"margin-left: 1em; margin-right: 1em;\"><img loading=\"lazy\" decoding=\"async\" border=\"0\" src=\"https:\/\/blogger.googleusercontent.com\/img\/b\/R29vZ2xl\/AVvXsEjL07-pWQRKhCK8lO7YHDVMJmJmP34XvhRbhRLFzflayyQWEAScRg5uS1umjc0SeNcmyW4_uJdV70UyMdrrtc8QUJuhd4VWOYjJXovMe4E0PWshyphenhyphend5V8hXCGpzWZN3Wy41sza2hMMJKB4Y\/s1600\/&amp;1ZF.jpg\" height=\"266\" width=\"400\" \/><\/a><\/div>\n<p>Tenu en \u00e9chec \u00e0 six reprises sur les neufs matches qu&rsquo;il a disput\u00e9 cette saison, le PSG se frotte \u00e0 un Bar\u00e7a qui n&rsquo;a pas encore pris de but cette saison, mardi 30 septembre (20h45), en phase de poules de la Ligue des champions.<\/p>\n<p>Il y a un mois, lors du tirage au sort, ce PSG-Bar\u00e7a faisait saliver tous les observateurs. Favoris\u00e9 par le sort ces deux derni\u00e8res saisons en phase de poules (Porto, Dynamo Kiev et Dinamo Zagreb en 2012-2013, Benfica, Olympiakos et Anderlecht en 2013-2014), Paris allait enfin se mesurer \u00e0 un cador europ\u00e9en avant les 8es de finale. Et montrer qu&rsquo;il avait encore progress\u00e9, qu&rsquo;il jouait un peu plus encore dans la cour des grands.<\/p>\n<p>De l&rsquo;excitation \u00e0 la crainte d&rsquo;une d\u00e9route&#8230;<\/p>\n<p>Ce sera peut-\u00eatre le cas mardi 30 septembre (20h45). Mais \u00e0 l&rsquo;approche du rendez-vous, ce Paris version 2014-2015 inqui\u00e8te plus qu&rsquo;il ne s\u00e9duit. Loin de se dresser fi\u00e8rement devant le Bar\u00e7a, le double champion de France semble au contraire au pied d&rsquo;une montagne. Pourra-t-il seulement r\u00e9sister \u00e0 la puissance des Catalans ? C&rsquo;est la question qui revient depuis ce nouveau match nul \u00e0 Toulouse, samedi (1-1). Dans le m\u00eame temps, le FC Barcelone passait six buts \u00e0 Grenade&#8230;<\/p>\n<p>Deux jours plus tard, Paris a en plus appris qu&rsquo;il devrait r\u00e9aliser un exploit sans sa star, Zlatan Ibrahimovic, pas remis d&rsquo;une blessure au talon gauche. Pourtant, Laurent Blanc et ses hommes aurait bien besoin d&rsquo;un r\u00e9sultat positif apr\u00e8s leur entr\u00e9e timide dans le groupe F, un nul (1-1) \u00e0 Amsterdam face \u00e0 l&rsquo;Ajax. Actuellement, le seul point commun entre le PSG et le rouleau-compresseur catalan, c&rsquo;est qu&rsquo;ils sont invaincus.<\/p>\n<p><b>On a des attaquants de grande qualit\u00e9 et il faudra compenser son aura par un collectif extra-performant<\/b><br \/><b>Laurent Blanc au sujet de Zlatan Ibrahimovic<\/b><br \/>&nbsp;<br \/>\u00ab\u00a0Ce n&rsquo;est pas facile. Mais je pense que le PSG retrouvera son niveau et ses performances de l&rsquo;ann\u00e9e derni\u00e8re par le jeu. C&rsquo;est notre philosophie et \u00e7a a march\u00e9 l&rsquo;ann\u00e9e derni\u00e8re\u00a0\u00bb, a assur\u00e9 lundi Laurent Blanc. Mais que peut bien esp\u00e9rer ce PSG qui cette saison n&rsquo;a battu que Bastia, Saint-\u00c9tienne et Caen, face \u00e0 une \u00e9quipe regonfl\u00e9e par Luis Enrique apr\u00e8s le p\u00e9nible interm\u00e8de Tata Martino la saison derni\u00e8re ? Comment r\u00e9veiller un secteur offensif atone sans le totem Ibrahimovic ?<\/p>\n<p>Le Su\u00e9dois manque au PSG comme Messi manquait au Bar\u00e7a il y a deux ans. Son forfait n&rsquo;augure rien de bon pour Blanc, qui serait tr\u00e8s fragilis\u00e9 par un revers. \u00ab\u00a0Bien s\u00fbr qu&rsquo;avec lui on est plus performant mais il va falloir faire sans lui. On a des attaquants de grande qualit\u00e9 et il faudra compenser son aura par un collectif extra-performant\u00a0\u00bb, a soupir\u00e9 l&rsquo;ancien s\u00e9lectionneur des Bleus. <\/p>\n<p>Les cadres parisiens doivent se r\u00e9veiller<\/p>\n<p>Plus largement, Blanc doit esp\u00e9rer un r\u00e9veil de ses cadres, qui sont presque tous tr\u00e8s loin de leur niveau suppos\u00e9 en ce d\u00e9but de saison perturb\u00e9 par les retours tardifs du Mondial. Le capitaine Thiago Silva est bless\u00e9 depuis un mois et demi et il manque, d&rsquo;autant que David Luiz, tr\u00e8s ch\u00e8re recrue du mercato, dit lui-m\u00eame n&rsquo;\u00eatre qu&rsquo;\u00e0 60% de ses moyens physiques.<br \/>&nbsp; <br \/>De son c\u00f4t\u00e9, Thiago Motta semble \u00e9puis\u00e9 et ne parvient pas \u00e0 acc\u00e9l\u00e9rer le jeu parisien, alors que Blaise Matuidi, autre moteur du milieu \u00e0 trois qui avait fait merveille la saison derni\u00e8re, tarde \u00e0 trouver le bon rythme depuis son retour du mondial. \u00ab\u00a0On ne va pas ouvrir les portes et les espaces \u00e0 Messi et Neymar mais je vais demander aux joueurs de jouer. C&rsquo;est le meilleur moyen de faire un grand match et de retrouver notre efficacit\u00e9\u00a0\u00bb, a insist\u00e9 Blanc.<\/p>\n<p>La Bar\u00e7a n&rsquo;a pas pris de but cette saison<\/p>\n<p>En face, le Bar\u00e7a se pose moins de questions. En sept matches toutes comp\u00e9titions confondues, les joueurs de Luis Enrique ont gagn\u00e9 six fois et fait un match nul. Surtout, ils ont r\u00e9ussi \u00e0 ne pas encaisser le moindre but. Avec cette assise retrouv\u00e9e, les attaquants peuvent s&rsquo;exprimer. Neymar a laiss\u00e9 derri\u00e8re lui une premi\u00e8re saison moyenne et sa blessure au Mondial pour monter en puissance (6 buts en Liga, dont un tripl\u00e9 samedi contre Grenade). Quant \u00e0 Messi, il est \u00e0 la fois buteur (5) et passeur (7 toutes comp\u00e9titions confondues) et sa complicit\u00e9 grandissante avec Neymar est prometteuse.<br \/>&nbsp;<br \/>\u00ab\u00a0C&rsquo;est l&rsquo;affiche de ce groupe et on sait que ce sera compliqu\u00e9 malgr\u00e9 les difficult\u00e9s de Paris en ce moment\u00a0\u00bb, a tout de m\u00eame assur\u00e9 le d\u00e9fenseur fran\u00e7ais &nbsp;du Bar\u00e7a, J\u00e9r\u00e9my Mathieu. Le PSG doit maintenant faire en sorte que \u00e7a ne soit pas qu&rsquo;une formule de politesse.<\/p>\n<p>RTL.fr<\/p>\n","protected":false},"excerpt":{"rendered":"<p>Tenu en \u00e9chec \u00e0 six reprises sur les neufs matches qu&rsquo;il a disput\u00e9 cette saison, le PSG se frotte \u00e0 un Bar\u00e7a qui n&rsquo;a pas encore pris de but cette saison, mardi 30 septembre (20h45), en phase de poules de la Ligue des champions. Il y a un mois, lors du tirage au sort, ce [&hellip;]<\/p>\n","protected":false},"author":2,"featured_media":0,"comment_status":"open","ping_status":"open","sticky":false,"template":"","format":"standard","meta":{"footnotes":""},"categories":[3],"tags":[],"class_list":{"0":"post-449","1":"post","2":"type-post","3":"status-publish","4":"format-standard","6":"category-news"},"yoast_head":"<!-- This site is optimized with the Yoast SEO plugin v27.4 - https:\/\/yoast.com\/product\/yoast-seo-wordpress\/ -->\n<title>PSG-FC Barcelone : Paris d\u00e9fie le Bar\u00e7a de Messi et Neymar sans Ibrahimovic - PSG FANS<\/title>\n<meta name=\"robots\" content=\"index, follow, max-snippet:-1, max-image-preview:large, max-video-preview:-1\" \/>\n<link rel=\"canonical\" href=\"https:\/\/psgfans.fr\/?p=449\" \/>\n<meta property=\"og:locale\" content=\"fr_FR\" \/>\n<meta property=\"og:type\" content=\"article\" \/>\n<meta property=\"og:title\" content=\"PSG-FC Barcelone : Paris d\u00e9fie le Bar\u00e7a de Messi et Neymar sans Ibrahimovic - PSG FANS\" \/>\n<meta property=\"og:description\" content=\"Tenu en \u00e9chec \u00e0 six reprises sur les neufs matches qu&rsquo;il a disput\u00e9 cette saison, le PSG se frotte \u00e0 un Bar\u00e7a qui n&rsquo;a pas encore pris de but cette saison, mardi 30 septembre (20h45), en phase de poules de la Ligue des champions. Il y a un mois, lors du tirage au sort, ce [&hellip;]\" \/>\n<meta property=\"og:url\" content=\"https:\/\/psgfans.fr\/?p=449\" \/>\n<meta property=\"og:site_name\" content=\"PSG FANS\" \/>\n<meta property=\"article:published_time\" content=\"2014-09-30T15:40:00+00:00\" \/>\n<meta property=\"og:image\" content=\"https:\/\/blogger.googleusercontent.com\/img\/b\/R29vZ2xl\/AVvXsEjL07-pWQRKhCK8lO7YHDVMJmJmP34XvhRbhRLFzflayyQWEAScRg5uS1umjc0SeNcmyW4_uJdV70UyMdrrtc8QUJuhd4VWOYjJXovMe4E0PWshyphenhyphend5V8hXCGpzWZN3Wy41sza2hMMJKB4Y\/s1600\/&amp;1ZF.jpg\" \/>\n<meta name=\"author\" content=\"psgfans\" \/>\n<meta name=\"twitter:card\" content=\"summary_large_image\" \/>\n<meta name=\"twitter:label1\" content=\"\u00c9crit par\" \/>\n\t<meta name=\"twitter:data1\" content=\"psgfans\" \/>\n\t<meta name=\"twitter:label2\" content=\"Dur\u00e9e de lecture estim\u00e9e\" \/>\n\t<meta name=\"twitter:data2\" content=\"4 minutes\" \/>\n<script type=\"application\/ld+json\" class=\"yoast-schema-graph\">{\"@context\":\"https:\\\/\\\/schema.org\",\"@graph\":[{\"@type\":\"Article\",\"@id\":\"https:\\\/\\\/psgfans.fr\\\/?p=449#article\",\"isPartOf\":{\"@id\":\"https:\\\/\\\/psgfans.fr\\\/?p=449\"},\"author\":{\"name\":\"psgfans\",\"@id\":\"https:\\\/\\\/psgfans.fr\\\/#\\\/schema\\\/person\\\/be2237e7a0237af2f29cb344b3c55e6c\"},\"headline\":\"PSG-FC Barcelone : Paris d\u00e9fie le Bar\u00e7a de Messi et Neymar sans Ibrahimovic\",\"datePublished\":\"2014-09-30T15:40:00+00:00\",\"mainEntityOfPage\":{\"@id\":\"https:\\\/\\\/psgfans.fr\\\/?p=449\"},\"wordCount\":842,\"commentCount\":0,\"image\":{\"@id\":\"https:\\\/\\\/psgfans.fr\\\/?p=449#primaryimage\"},\"thumbnailUrl\":\"https:\\\/\\\/blogger.googleusercontent.com\\\/img\\\/b\\\/R29vZ2xl\\\/AVvXsEjL07-pWQRKhCK8lO7YHDVMJmJmP34XvhRbhRLFzflayyQWEAScRg5uS1umjc0SeNcmyW4_uJdV70UyMdrrtc8QUJuhd4VWOYjJXovMe4E0PWshyphenhyphend5V8hXCGpzWZN3Wy41sza2hMMJKB4Y\\\/s1600\\\/&amp;1ZF.jpg\",\"articleSection\":[\"News\"],\"inLanguage\":\"fr-FR\",\"potentialAction\":[{\"@type\":\"CommentAction\",\"name\":\"Comment\",\"target\":[\"https:\\\/\\\/psgfans.fr\\\/?p=449#respond\"]}]},{\"@type\":\"WebPage\",\"@id\":\"https:\\\/\\\/psgfans.fr\\\/?p=449\",\"url\":\"https:\\\/\\\/psgfans.fr\\\/?p=449\",\"name\":\"PSG-FC Barcelone : Paris d\u00e9fie le Bar\u00e7a de Messi et Neymar sans Ibrahimovic - PSG FANS\",\"isPartOf\":{\"@id\":\"https:\\\/\\\/psgfans.fr\\\/#website\"},\"primaryImageOfPage\":{\"@id\":\"https:\\\/\\\/psgfans.fr\\\/?p=449#primaryimage\"},\"image\":{\"@id\":\"https:\\\/\\\/psgfans.fr\\\/?p=449#primaryimage\"},\"thumbnailUrl\":\"https:\\\/\\\/blogger.googleusercontent.com\\\/img\\\/b\\\/R29vZ2xl\\\/AVvXsEjL07-pWQRKhCK8lO7YHDVMJmJmP34XvhRbhRLFzflayyQWEAScRg5uS1umjc0SeNcmyW4_uJdV70UyMdrrtc8QUJuhd4VWOYjJXovMe4E0PWshyphenhyphend5V8hXCGpzWZN3Wy41sza2hMMJKB4Y\\\/s1600\\\/&amp;1ZF.jpg\",\"datePublished\":\"2014-09-30T15:40:00+00:00\",\"author\":{\"@id\":\"https:\\\/\\\/psgfans.fr\\\/#\\\/schema\\\/person\\\/be2237e7a0237af2f29cb344b3c55e6c\"},\"breadcrumb\":{\"@id\":\"https:\\\/\\\/psgfans.fr\\\/?p=449#breadcrumb\"},\"inLanguage\":\"fr-FR\",\"potentialAction\":[{\"@type\":\"ReadAction\",\"target\":[\"https:\\\/\\\/psgfans.fr\\\/?p=449\"]}]},{\"@type\":\"ImageObject\",\"inLanguage\":\"fr-FR\",\"@id\":\"https:\\\/\\\/psgfans.fr\\\/?p=449#primaryimage\",\"url\":\"https:\\\/\\\/blogger.googleusercontent.com\\\/img\\\/b\\\/R29vZ2xl\\\/AVvXsEjL07-pWQRKhCK8lO7YHDVMJmJmP34XvhRbhRLFzflayyQWEAScRg5uS1umjc0SeNcmyW4_uJdV70UyMdrrtc8QUJuhd4VWOYjJXovMe4E0PWshyphenhyphend5V8hXCGpzWZN3Wy41sza2hMMJKB4Y\\\/s1600\\\/&amp;1ZF.jpg\",\"contentUrl\":\"https:\\\/\\\/blogger.googleusercontent.com\\\/img\\\/b\\\/R29vZ2xl\\\/AVvXsEjL07-pWQRKhCK8lO7YHDVMJmJmP34XvhRbhRLFzflayyQWEAScRg5uS1umjc0SeNcmyW4_uJdV70UyMdrrtc8QUJuhd4VWOYjJXovMe4E0PWshyphenhyphend5V8hXCGpzWZN3Wy41sza2hMMJKB4Y\\\/s1600\\\/&amp;1ZF.jpg\"},{\"@type\":\"BreadcrumbList\",\"@id\":\"https:\\\/\\\/psgfans.fr\\\/?p=449#breadcrumb\",\"itemListElement\":[{\"@type\":\"ListItem\",\"position\":1,\"name\":\"Accueil\",\"item\":\"https:\\\/\\\/psgfans.fr\\\/\"},{\"@type\":\"ListItem\",\"position\":2,\"name\":\"PSG-FC Barcelone : Paris d\u00e9fie le Bar\u00e7a de Messi et Neymar sans Ibrahimovic\"}]},{\"@type\":\"WebSite\",\"@id\":\"https:\\\/\\\/psgfans.fr\\\/#website\",\"url\":\"https:\\\/\\\/psgfans.fr\\\/\",\"name\":\"PSG FANS\",\"description\":\"Unit\u00e9, Passion, Victoire : Au C\u0153ur du Paris Saint-Germain!\",\"potentialAction\":[{\"@type\":\"SearchAction\",\"target\":{\"@type\":\"EntryPoint\",\"urlTemplate\":\"https:\\\/\\\/psgfans.fr\\\/?s={search_term_string}\"},\"query-input\":{\"@type\":\"PropertyValueSpecification\",\"valueRequired\":true,\"valueName\":\"search_term_string\"}}],\"inLanguage\":\"fr-FR\"},{\"@type\":\"Person\",\"@id\":\"https:\\\/\\\/psgfans.fr\\\/#\\\/schema\\\/person\\\/be2237e7a0237af2f29cb344b3c55e6c\",\"name\":\"psgfans\",\"image\":{\"@type\":\"ImageObject\",\"inLanguage\":\"fr-FR\",\"@id\":\"https:\\\/\\\/secure.gravatar.com\\\/avatar\\\/?s=96&d=mm&r=g\",\"url\":\"https:\\\/\\\/secure.gravatar.com\\\/avatar\\\/?s=96&d=mm&r=g\",\"contentUrl\":\"https:\\\/\\\/secure.gravatar.com\\\/avatar\\\/?s=96&d=mm&r=g\",\"caption\":\"psgfans\"},\"url\":\"https:\\\/\\\/psgfans.fr\\\/?author=2\"}]}<\/script>\n<!-- \/ Yoast SEO plugin. -->","yoast_head_json":{"title":"PSG-FC Barcelone : Paris d\u00e9fie le Bar\u00e7a de Messi et Neymar sans Ibrahimovic - PSG FANS","robots":{"index":"index","follow":"follow","max-snippet":"max-snippet:-1","max-image-preview":"max-image-preview:large","max-video-preview":"max-video-preview:-1"},"canonical":"https:\/\/psgfans.fr\/?p=449","og_locale":"fr_FR","og_type":"article","og_title":"PSG-FC Barcelone : Paris d\u00e9fie le Bar\u00e7a de Messi et Neymar sans Ibrahimovic - PSG FANS","og_description":"Tenu en \u00e9chec \u00e0 six reprises sur les neufs matches qu&rsquo;il a disput\u00e9 cette saison, le PSG se frotte \u00e0 un Bar\u00e7a qui n&rsquo;a pas encore pris de but cette saison, mardi 30 septembre (20h45), en phase de poules de la Ligue des champions. Il y a un mois, lors du tirage au sort, ce [&hellip;]","og_url":"https:\/\/psgfans.fr\/?p=449","og_site_name":"PSG FANS","article_published_time":"2014-09-30T15:40:00+00:00","og_image":[{"url":"https:\/\/blogger.googleusercontent.com\/img\/b\/R29vZ2xl\/AVvXsEjL07-pWQRKhCK8lO7YHDVMJmJmP34XvhRbhRLFzflayyQWEAScRg5uS1umjc0SeNcmyW4_uJdV70UyMdrrtc8QUJuhd4VWOYjJXovMe4E0PWshyphenhyphend5V8hXCGpzWZN3Wy41sza2hMMJKB4Y\/s1600\/&amp;1ZF.jpg","type":"","width":"","height":""}],"author":"psgfans","twitter_card":"summary_large_image","twitter_misc":{"\u00c9crit par":"psgfans","Dur\u00e9e de lecture estim\u00e9e":"4 minutes"},"schema":{"@context":"https:\/\/schema.org","@graph":[{"@type":"Article","@id":"https:\/\/psgfans.fr\/?p=449#article","isPartOf":{"@id":"https:\/\/psgfans.fr\/?p=449"},"author":{"name":"psgfans","@id":"https:\/\/psgfans.fr\/#\/schema\/person\/be2237e7a0237af2f29cb344b3c55e6c"},"headline":"PSG-FC Barcelone : Paris d\u00e9fie le Bar\u00e7a de Messi et Neymar sans Ibrahimovic","datePublished":"2014-09-30T15:40:00+00:00","mainEntityOfPage":{"@id":"https:\/\/psgfans.fr\/?p=449"},"wordCount":842,"commentCount":0,"image":{"@id":"https:\/\/psgfans.fr\/?p=449#primaryimage"},"thumbnailUrl":"https:\/\/blogger.googleusercontent.com\/img\/b\/R29vZ2xl\/AVvXsEjL07-pWQRKhCK8lO7YHDVMJmJmP34XvhRbhRLFzflayyQWEAScRg5uS1umjc0SeNcmyW4_uJdV70UyMdrrtc8QUJuhd4VWOYjJXovMe4E0PWshyphenhyphend5V8hXCGpzWZN3Wy41sza2hMMJKB4Y\/s1600\/&amp;1ZF.jpg","articleSection":["News"],"inLanguage":"fr-FR","potentialAction":[{"@type":"CommentAction","name":"Comment","target":["https:\/\/psgfans.fr\/?p=449#respond"]}]},{"@type":"WebPage","@id":"https:\/\/psgfans.fr\/?p=449","url":"https:\/\/psgfans.fr\/?p=449","name":"PSG-FC Barcelone : Paris d\u00e9fie le Bar\u00e7a de Messi et Neymar sans Ibrahimovic - PSG FANS","isPartOf":{"@id":"https:\/\/psgfans.fr\/#website"},"primaryImageOfPage":{"@id":"https:\/\/psgfans.fr\/?p=449#primaryimage"},"image":{"@id":"https:\/\/psgfans.fr\/?p=449#primaryimage"},"thumbnailUrl":"https:\/\/blogger.googleusercontent.com\/img\/b\/R29vZ2xl\/AVvXsEjL07-pWQRKhCK8lO7YHDVMJmJmP34XvhRbhRLFzflayyQWEAScRg5uS1umjc0SeNcmyW4_uJdV70UyMdrrtc8QUJuhd4VWOYjJXovMe4E0PWshyphenhyphend5V8hXCGpzWZN3Wy41sza2hMMJKB4Y\/s1600\/&amp;1ZF.jpg","datePublished":"2014-09-30T15:40:00+00:00","author":{"@id":"https:\/\/psgfans.fr\/#\/schema\/person\/be2237e7a0237af2f29cb344b3c55e6c"},"breadcrumb":{"@id":"https:\/\/psgfans.fr\/?p=449#breadcrumb"},"inLanguage":"fr-FR","potentialAction":[{"@type":"ReadAction","target":["https:\/\/psgfans.fr\/?p=449"]}]},{"@type":"ImageObject","inLanguage":"fr-FR","@id":"https:\/\/psgfans.fr\/?p=449#primaryimage","url":"https:\/\/blogger.googleusercontent.com\/img\/b\/R29vZ2xl\/AVvXsEjL07-pWQRKhCK8lO7YHDVMJmJmP34XvhRbhRLFzflayyQWEAScRg5uS1umjc0SeNcmyW4_uJdV70UyMdrrtc8QUJuhd4VWOYjJXovMe4E0PWshyphenhyphend5V8hXCGpzWZN3Wy41sza2hMMJKB4Y\/s1600\/&amp;1ZF.jpg","contentUrl":"https:\/\/blogger.googleusercontent.com\/img\/b\/R29vZ2xl\/AVvXsEjL07-pWQRKhCK8lO7YHDVMJmJmP34XvhRbhRLFzflayyQWEAScRg5uS1umjc0SeNcmyW4_uJdV70UyMdrrtc8QUJuhd4VWOYjJXovMe4E0PWshyphenhyphend5V8hXCGpzWZN3Wy41sza2hMMJKB4Y\/s1600\/&amp;1ZF.jpg"},{"@type":"BreadcrumbList","@id":"https:\/\/psgfans.fr\/?p=449#breadcrumb","itemListElement":[{"@type":"ListItem","position":1,"name":"Accueil","item":"https:\/\/psgfans.fr\/"},{"@type":"ListItem","position":2,"name":"PSG-FC Barcelone : Paris d\u00e9fie le Bar\u00e7a de Messi et Neymar sans Ibrahimovic"}]},{"@type":"WebSite","@id":"https:\/\/psgfans.fr\/#website","url":"https:\/\/psgfans.fr\/","name":"PSG FANS","description":"Unit\u00e9, Passion, Victoire : Au C\u0153ur du Paris Saint-Germain!","potentialAction":[{"@type":"SearchAction","target":{"@type":"EntryPoint","urlTemplate":"https:\/\/psgfans.fr\/?s={search_term_string}"},"query-input":{"@type":"PropertyValueSpecification","valueRequired":true,"valueName":"search_term_string"}}],"inLanguage":"fr-FR"},{"@type":"Person","@id":"https:\/\/psgfans.fr\/#\/schema\/person\/be2237e7a0237af2f29cb344b3c55e6c","name":"psgfans","image":{"@type":"ImageObject","inLanguage":"fr-FR","@id":"https:\/\/secure.gravatar.com\/avatar\/?s=96&d=mm&r=g","url":"https:\/\/secure.gravatar.com\/avatar\/?s=96&d=mm&r=g","contentUrl":"https:\/\/secure.gravatar.com\/avatar\/?s=96&d=mm&r=g","caption":"psgfans"},"url":"https:\/\/psgfans.fr\/?author=2"}]}},"_links":{"self":[{"href":"https:\/\/psgfans.fr\/index.php?rest_route=\/wp\/v2\/posts\/449","targetHints":{"allow":["GET"]}}],"collection":[{"href":"https:\/\/psgfans.fr\/index.php?rest_route=\/wp\/v2\/posts"}],"about":[{"href":"https:\/\/psgfans.fr\/index.php?rest_route=\/wp\/v2\/types\/post"}],"author":[{"embeddable":true,"href":"https:\/\/psgfans.fr\/index.php?rest_route=\/wp\/v2\/users\/2"}],"replies":[{"embeddable":true,"href":"https:\/\/psgfans.fr\/index.php?rest_route=%2Fwp%2Fv2%2Fcomments&post=449"}],"version-history":[{"count":0,"href":"https:\/\/psgfans.fr\/index.php?rest_route=\/wp\/v2\/posts\/449\/revisions"}],"wp:attachment":[{"href":"https:\/\/psgfans.fr\/index.php?rest_route=%2Fwp%2Fv2%2Fmedia&parent=449"}],"wp:term":[{"taxonomy":"category","embeddable":true,"href":"https:\/\/psgfans.fr\/index.php?rest_route=%2Fwp%2Fv2%2Fcategories&post=449"},{"taxonomy":"post_tag","embeddable":true,"href":"https:\/\/psgfans.fr\/index.php?rest_route=%2Fwp%2Fv2%2Ftags&post=449"}],"curies":[{"name":"wp","href":"https:\/\/api.w.org\/{rel}","templated":true}]}}