{"id":448,"date":"2014-09-30T16:45:00","date_gmt":"2014-09-30T15:45:00","guid":{"rendered":"https:\/\/psgfans.fr\/?p=448"},"modified":"2014-09-30T16:45:00","modified_gmt":"2014-09-30T15:45:00","slug":"les-compos-probables-de-psg-fc-barcelone","status":"publish","type":"post","link":"https:\/\/psgfans.fr\/?p=448","title":{"rendered":"Les compos probables de PSG &#8211; FC Barcelone"},"content":{"rendered":"<div style=\"clear: both; text-align: center;\"><a href=\"https:\/\/blogger.googleusercontent.com\/img\/b\/R29vZ2xl\/AVvXsEivyleDX7lQN0H1jhqQd5gmE2NgVNHpfWZfbFP7v1CcU8uDWws_3hNbF84DIFekkSafBK5EqEyOuYYQEmp49CE1-Lb38GV2nTh2Ius6QKCmFhxh6snN1Ivn2yi8eqPINrbkO6KcZ-eh2bU\/s1600\/&amp;1ZF.jpg\" style=\"margin-left: 1em; margin-right: 1em;\"><img loading=\"lazy\" decoding=\"async\" border=\"0\" src=\"https:\/\/blogger.googleusercontent.com\/img\/b\/R29vZ2xl\/AVvXsEivyleDX7lQN0H1jhqQd5gmE2NgVNHpfWZfbFP7v1CcU8uDWws_3hNbF84DIFekkSafBK5EqEyOuYYQEmp49CE1-Lb38GV2nTh2Ius6QKCmFhxh6snN1Ivn2yi8eqPINrbkO6KcZ-eh2bU\/s1600\/&amp;1ZF.jpg\" height=\"191\" width=\"400\" \/><\/a><\/div>\n<p>&nbsp;Le Paris Saint-Germain re\u00e7oit mardi soir le FC Barcelone pour le match au sommet du groupe F et l&rsquo;un des chocs de cette deuxi\u00e8me journ\u00e9e de Ligue des Champions. Ces deux \u00e9quipes se retrouvent apr\u00e8s leur quart de finale de la saison 2012-13, dont les deux manches avaient accouch\u00e9 d&rsquo;un nul (2-2 et 1-1) et d&rsquo;une qualification des Catalans. Place \u00e0 la revanche. <\/p>\n<p>Au premier abord, le match entre le PSG et le Bar\u00e7a fait figure de choc pour cette deuxi\u00e8me journ\u00e9e de la phase de poules de Ligue des Champions, mais les derniers r\u00e9sultats des Parisiens peuvent laisser penser \u00e0 une rencontre d\u00e9s\u00e9quilibr\u00e9e. D&rsquo;autant plus que Zlatan Ibrahimovic, Thiago Silva et Ezequiel Lavezzi sont forfait. Avec cinq nuls pour trois victoires en Ligue 1, les co\u00e9quipiers de Salvatore Sirigu sont loin de leur meilleur niveau. Incapables de tuer les matchs, les prot\u00e9g\u00e9s de Nasser Al-Khlea\u00effi semblent ne plus savoir tenir un score. La derni\u00e8re rencontre europ\u00e9enne face \u00e0 l\u2019Ajax d\u2019Amsterdam confirme cette tendance (1-1). Reconnu la saison derni\u00e8re pour son jeu, le style Laurent Blanc est de plus en plus critiqu\u00e9, notamment sur la gestion du groupe. Cependant, un bon r\u00e9sultat ce mardi face aux Blaugrana pourrait enfin lancer la machine. Du c\u00f4t\u00e9 des Catalans, les voyants sont au vert. Premier en Liga, Barcelone reste sur une \u00e9clatante victoire (6-0) face \u00e0 Grenade. M\u00eame si Barcelone n\u2019a battu que par le plus petit des scores l&rsquo;APOEL Nicosie lors de la premi\u00e8re journ\u00e9e, les hommes de Luis Enrique arrivent dans la peau du favori. Depuis la reprise, le duo Messi-Neymar fonctionne \u00e0 merveille et Paris est pr\u00e9venu.<\/p>\n<p><b>Les \u00e9quipes probables<\/b><br \/><b><br \/><\/b><b><u>PSG :<\/u><\/b><br \/>Sirigu &#8211; Van der Wiel, Marquinhos, David Luiz, Maxwell &#8211; Thiago Motta (cap), Verratti, Matuidi &#8211; Lucas, Cavani, Pastore<\/p>\n<p><b><u>FC Barcelone :&nbsp;<\/u><\/b><br \/>Ter Stegen &#8211; Daniel Alves, Mascherano (ou Piqu\u00e9), Mathieu, Jordi Alba &#8211; Busquets, Rakitic, Iniesta (cap) &#8211; Pedro, Messi, Neymar<\/p>\n","protected":false},"excerpt":{"rendered":"<p>&nbsp;Le Paris Saint-Germain re\u00e7oit mardi soir le FC Barcelone pour le match au sommet du groupe F et l&rsquo;un des chocs de cette deuxi\u00e8me journ\u00e9e de Ligue des Champions. Ces deux \u00e9quipes se retrouvent apr\u00e8s leur quart de finale de la saison 2012-13, dont les deux manches avaient accouch\u00e9 d&rsquo;un nul (2-2 et 1-1) et [&hellip;]<\/p>\n","protected":false},"author":2,"featured_media":0,"comment_status":"open","ping_status":"open","sticky":false,"template":"","format":"standard","meta":{"footnotes":""},"categories":[3],"tags":[],"class_list":{"0":"post-448","1":"post","2":"type-post","3":"status-publish","4":"format-standard","6":"category-news"},"yoast_head":"<!-- This site is optimized with the Yoast SEO plugin v27.4 - https:\/\/yoast.com\/product\/yoast-seo-wordpress\/ -->\n<title>Les compos probables de PSG - FC Barcelone - PSG FANS<\/title>\n<meta name=\"robots\" content=\"index, follow, max-snippet:-1, max-image-preview:large, max-video-preview:-1\" \/>\n<link rel=\"canonical\" href=\"https:\/\/psgfans.fr\/?p=448\" \/>\n<meta property=\"og:locale\" content=\"fr_FR\" \/>\n<meta property=\"og:type\" content=\"article\" \/>\n<meta property=\"og:title\" content=\"Les compos probables de PSG - FC Barcelone - PSG FANS\" \/>\n<meta property=\"og:description\" content=\"&nbsp;Le Paris Saint-Germain re\u00e7oit mardi soir le FC Barcelone pour le match au sommet du groupe F et l&rsquo;un des chocs de cette deuxi\u00e8me journ\u00e9e de Ligue des Champions. Ces deux \u00e9quipes se retrouvent apr\u00e8s leur quart de finale de la saison 2012-13, dont les deux manches avaient accouch\u00e9 d&rsquo;un nul (2-2 et 1-1) et [&hellip;]\" \/>\n<meta property=\"og:url\" content=\"https:\/\/psgfans.fr\/?p=448\" \/>\n<meta property=\"og:site_name\" content=\"PSG FANS\" \/>\n<meta property=\"article:published_time\" content=\"2014-09-30T15:45:00+00:00\" \/>\n<meta property=\"og:image\" content=\"https:\/\/blogger.googleusercontent.com\/img\/b\/R29vZ2xl\/AVvXsEivyleDX7lQN0H1jhqQd5gmE2NgVNHpfWZfbFP7v1CcU8uDWws_3hNbF84DIFekkSafBK5EqEyOuYYQEmp49CE1-Lb38GV2nTh2Ius6QKCmFhxh6snN1Ivn2yi8eqPINrbkO6KcZ-eh2bU\/s1600\/&amp;1ZF.jpg\" \/>\n<meta name=\"author\" content=\"psgfans\" \/>\n<meta name=\"twitter:card\" content=\"summary_large_image\" \/>\n<meta name=\"twitter:label1\" content=\"\u00c9crit par\" \/>\n\t<meta name=\"twitter:data1\" content=\"psgfans\" \/>\n\t<meta name=\"twitter:label2\" content=\"Dur\u00e9e de lecture estim\u00e9e\" \/>\n\t<meta name=\"twitter:data2\" content=\"2 minutes\" \/>\n<script type=\"application\/ld+json\" class=\"yoast-schema-graph\">{\"@context\":\"https:\\\/\\\/schema.org\",\"@graph\":[{\"@type\":\"Article\",\"@id\":\"https:\\\/\\\/psgfans.fr\\\/?p=448#article\",\"isPartOf\":{\"@id\":\"https:\\\/\\\/psgfans.fr\\\/?p=448\"},\"author\":{\"name\":\"psgfans\",\"@id\":\"https:\\\/\\\/psgfans.fr\\\/#\\\/schema\\\/person\\\/be2237e7a0237af2f29cb344b3c55e6c\"},\"headline\":\"Les compos probables de PSG &#8211; FC Barcelone\",\"datePublished\":\"2014-09-30T15:45:00+00:00\",\"mainEntityOfPage\":{\"@id\":\"https:\\\/\\\/psgfans.fr\\\/?p=448\"},\"wordCount\":348,\"commentCount\":0,\"image\":{\"@id\":\"https:\\\/\\\/psgfans.fr\\\/?p=448#primaryimage\"},\"thumbnailUrl\":\"https:\\\/\\\/blogger.googleusercontent.com\\\/img\\\/b\\\/R29vZ2xl\\\/AVvXsEivyleDX7lQN0H1jhqQd5gmE2NgVNHpfWZfbFP7v1CcU8uDWws_3hNbF84DIFekkSafBK5EqEyOuYYQEmp49CE1-Lb38GV2nTh2Ius6QKCmFhxh6snN1Ivn2yi8eqPINrbkO6KcZ-eh2bU\\\/s1600\\\/&amp;1ZF.jpg\",\"articleSection\":[\"News\"],\"inLanguage\":\"fr-FR\",\"potentialAction\":[{\"@type\":\"CommentAction\",\"name\":\"Comment\",\"target\":[\"https:\\\/\\\/psgfans.fr\\\/?p=448#respond\"]}]},{\"@type\":\"WebPage\",\"@id\":\"https:\\\/\\\/psgfans.fr\\\/?p=448\",\"url\":\"https:\\\/\\\/psgfans.fr\\\/?p=448\",\"name\":\"Les compos probables de PSG - FC Barcelone - PSG FANS\",\"isPartOf\":{\"@id\":\"https:\\\/\\\/psgfans.fr\\\/#website\"},\"primaryImageOfPage\":{\"@id\":\"https:\\\/\\\/psgfans.fr\\\/?p=448#primaryimage\"},\"image\":{\"@id\":\"https:\\\/\\\/psgfans.fr\\\/?p=448#primaryimage\"},\"thumbnailUrl\":\"https:\\\/\\\/blogger.googleusercontent.com\\\/img\\\/b\\\/R29vZ2xl\\\/AVvXsEivyleDX7lQN0H1jhqQd5gmE2NgVNHpfWZfbFP7v1CcU8uDWws_3hNbF84DIFekkSafBK5EqEyOuYYQEmp49CE1-Lb38GV2nTh2Ius6QKCmFhxh6snN1Ivn2yi8eqPINrbkO6KcZ-eh2bU\\\/s1600\\\/&amp;1ZF.jpg\",\"datePublished\":\"2014-09-30T15:45:00+00:00\",\"author\":{\"@id\":\"https:\\\/\\\/psgfans.fr\\\/#\\\/schema\\\/person\\\/be2237e7a0237af2f29cb344b3c55e6c\"},\"breadcrumb\":{\"@id\":\"https:\\\/\\\/psgfans.fr\\\/?p=448#breadcrumb\"},\"inLanguage\":\"fr-FR\",\"potentialAction\":[{\"@type\":\"ReadAction\",\"target\":[\"https:\\\/\\\/psgfans.fr\\\/?p=448\"]}]},{\"@type\":\"ImageObject\",\"inLanguage\":\"fr-FR\",\"@id\":\"https:\\\/\\\/psgfans.fr\\\/?p=448#primaryimage\",\"url\":\"https:\\\/\\\/blogger.googleusercontent.com\\\/img\\\/b\\\/R29vZ2xl\\\/AVvXsEivyleDX7lQN0H1jhqQd5gmE2NgVNHpfWZfbFP7v1CcU8uDWws_3hNbF84DIFekkSafBK5EqEyOuYYQEmp49CE1-Lb38GV2nTh2Ius6QKCmFhxh6snN1Ivn2yi8eqPINrbkO6KcZ-eh2bU\\\/s1600\\\/&amp;1ZF.jpg\",\"contentUrl\":\"https:\\\/\\\/blogger.googleusercontent.com\\\/img\\\/b\\\/R29vZ2xl\\\/AVvXsEivyleDX7lQN0H1jhqQd5gmE2NgVNHpfWZfbFP7v1CcU8uDWws_3hNbF84DIFekkSafBK5EqEyOuYYQEmp49CE1-Lb38GV2nTh2Ius6QKCmFhxh6snN1Ivn2yi8eqPINrbkO6KcZ-eh2bU\\\/s1600\\\/&amp;1ZF.jpg\"},{\"@type\":\"BreadcrumbList\",\"@id\":\"https:\\\/\\\/psgfans.fr\\\/?p=448#breadcrumb\",\"itemListElement\":[{\"@type\":\"ListItem\",\"position\":1,\"name\":\"Accueil\",\"item\":\"https:\\\/\\\/psgfans.fr\\\/\"},{\"@type\":\"ListItem\",\"position\":2,\"name\":\"Les compos probables de PSG &#8211; FC Barcelone\"}]},{\"@type\":\"WebSite\",\"@id\":\"https:\\\/\\\/psgfans.fr\\\/#website\",\"url\":\"https:\\\/\\\/psgfans.fr\\\/\",\"name\":\"PSG FANS\",\"description\":\"Unit\u00e9, Passion, Victoire : Au C\u0153ur du Paris Saint-Germain!\",\"potentialAction\":[{\"@type\":\"SearchAction\",\"target\":{\"@type\":\"EntryPoint\",\"urlTemplate\":\"https:\\\/\\\/psgfans.fr\\\/?s={search_term_string}\"},\"query-input\":{\"@type\":\"PropertyValueSpecification\",\"valueRequired\":true,\"valueName\":\"search_term_string\"}}],\"inLanguage\":\"fr-FR\"},{\"@type\":\"Person\",\"@id\":\"https:\\\/\\\/psgfans.fr\\\/#\\\/schema\\\/person\\\/be2237e7a0237af2f29cb344b3c55e6c\",\"name\":\"psgfans\",\"image\":{\"@type\":\"ImageObject\",\"inLanguage\":\"fr-FR\",\"@id\":\"https:\\\/\\\/secure.gravatar.com\\\/avatar\\\/?s=96&d=mm&r=g\",\"url\":\"https:\\\/\\\/secure.gravatar.com\\\/avatar\\\/?s=96&d=mm&r=g\",\"contentUrl\":\"https:\\\/\\\/secure.gravatar.com\\\/avatar\\\/?s=96&d=mm&r=g\",\"caption\":\"psgfans\"},\"url\":\"https:\\\/\\\/psgfans.fr\\\/?author=2\"}]}<\/script>\n<!-- \/ Yoast SEO plugin. -->","yoast_head_json":{"title":"Les compos probables de PSG - FC Barcelone - PSG FANS","robots":{"index":"index","follow":"follow","max-snippet":"max-snippet:-1","max-image-preview":"max-image-preview:large","max-video-preview":"max-video-preview:-1"},"canonical":"https:\/\/psgfans.fr\/?p=448","og_locale":"fr_FR","og_type":"article","og_title":"Les compos probables de PSG - FC Barcelone - PSG FANS","og_description":"&nbsp;Le Paris Saint-Germain re\u00e7oit mardi soir le FC Barcelone pour le match au sommet du groupe F et l&rsquo;un des chocs de cette deuxi\u00e8me journ\u00e9e de Ligue des Champions. Ces deux \u00e9quipes se retrouvent apr\u00e8s leur quart de finale de la saison 2012-13, dont les deux manches avaient accouch\u00e9 d&rsquo;un nul (2-2 et 1-1) et [&hellip;]","og_url":"https:\/\/psgfans.fr\/?p=448","og_site_name":"PSG FANS","article_published_time":"2014-09-30T15:45:00+00:00","og_image":[{"url":"https:\/\/blogger.googleusercontent.com\/img\/b\/R29vZ2xl\/AVvXsEivyleDX7lQN0H1jhqQd5gmE2NgVNHpfWZfbFP7v1CcU8uDWws_3hNbF84DIFekkSafBK5EqEyOuYYQEmp49CE1-Lb38GV2nTh2Ius6QKCmFhxh6snN1Ivn2yi8eqPINrbkO6KcZ-eh2bU\/s1600\/&amp;1ZF.jpg","type":"","width":"","height":""}],"author":"psgfans","twitter_card":"summary_large_image","twitter_misc":{"\u00c9crit par":"psgfans","Dur\u00e9e de lecture estim\u00e9e":"2 minutes"},"schema":{"@context":"https:\/\/schema.org","@graph":[{"@type":"Article","@id":"https:\/\/psgfans.fr\/?p=448#article","isPartOf":{"@id":"https:\/\/psgfans.fr\/?p=448"},"author":{"name":"psgfans","@id":"https:\/\/psgfans.fr\/#\/schema\/person\/be2237e7a0237af2f29cb344b3c55e6c"},"headline":"Les compos probables de PSG &#8211; FC Barcelone","datePublished":"2014-09-30T15:45:00+00:00","mainEntityOfPage":{"@id":"https:\/\/psgfans.fr\/?p=448"},"wordCount":348,"commentCount":0,"image":{"@id":"https:\/\/psgfans.fr\/?p=448#primaryimage"},"thumbnailUrl":"https:\/\/blogger.googleusercontent.com\/img\/b\/R29vZ2xl\/AVvXsEivyleDX7lQN0H1jhqQd5gmE2NgVNHpfWZfbFP7v1CcU8uDWws_3hNbF84DIFekkSafBK5EqEyOuYYQEmp49CE1-Lb38GV2nTh2Ius6QKCmFhxh6snN1Ivn2yi8eqPINrbkO6KcZ-eh2bU\/s1600\/&amp;1ZF.jpg","articleSection":["News"],"inLanguage":"fr-FR","potentialAction":[{"@type":"CommentAction","name":"Comment","target":["https:\/\/psgfans.fr\/?p=448#respond"]}]},{"@type":"WebPage","@id":"https:\/\/psgfans.fr\/?p=448","url":"https:\/\/psgfans.fr\/?p=448","name":"Les compos probables de PSG - FC Barcelone - PSG FANS","isPartOf":{"@id":"https:\/\/psgfans.fr\/#website"},"primaryImageOfPage":{"@id":"https:\/\/psgfans.fr\/?p=448#primaryimage"},"image":{"@id":"https:\/\/psgfans.fr\/?p=448#primaryimage"},"thumbnailUrl":"https:\/\/blogger.googleusercontent.com\/img\/b\/R29vZ2xl\/AVvXsEivyleDX7lQN0H1jhqQd5gmE2NgVNHpfWZfbFP7v1CcU8uDWws_3hNbF84DIFekkSafBK5EqEyOuYYQEmp49CE1-Lb38GV2nTh2Ius6QKCmFhxh6snN1Ivn2yi8eqPINrbkO6KcZ-eh2bU\/s1600\/&amp;1ZF.jpg","datePublished":"2014-09-30T15:45:00+00:00","author":{"@id":"https:\/\/psgfans.fr\/#\/schema\/person\/be2237e7a0237af2f29cb344b3c55e6c"},"breadcrumb":{"@id":"https:\/\/psgfans.fr\/?p=448#breadcrumb"},"inLanguage":"fr-FR","potentialAction":[{"@type":"ReadAction","target":["https:\/\/psgfans.fr\/?p=448"]}]},{"@type":"ImageObject","inLanguage":"fr-FR","@id":"https:\/\/psgfans.fr\/?p=448#primaryimage","url":"https:\/\/blogger.googleusercontent.com\/img\/b\/R29vZ2xl\/AVvXsEivyleDX7lQN0H1jhqQd5gmE2NgVNHpfWZfbFP7v1CcU8uDWws_3hNbF84DIFekkSafBK5EqEyOuYYQEmp49CE1-Lb38GV2nTh2Ius6QKCmFhxh6snN1Ivn2yi8eqPINrbkO6KcZ-eh2bU\/s1600\/&amp;1ZF.jpg","contentUrl":"https:\/\/blogger.googleusercontent.com\/img\/b\/R29vZ2xl\/AVvXsEivyleDX7lQN0H1jhqQd5gmE2NgVNHpfWZfbFP7v1CcU8uDWws_3hNbF84DIFekkSafBK5EqEyOuYYQEmp49CE1-Lb38GV2nTh2Ius6QKCmFhxh6snN1Ivn2yi8eqPINrbkO6KcZ-eh2bU\/s1600\/&amp;1ZF.jpg"},{"@type":"BreadcrumbList","@id":"https:\/\/psgfans.fr\/?p=448#breadcrumb","itemListElement":[{"@type":"ListItem","position":1,"name":"Accueil","item":"https:\/\/psgfans.fr\/"},{"@type":"ListItem","position":2,"name":"Les compos probables de PSG &#8211; FC Barcelone"}]},{"@type":"WebSite","@id":"https:\/\/psgfans.fr\/#website","url":"https:\/\/psgfans.fr\/","name":"PSG FANS","description":"Unit\u00e9, Passion, Victoire : Au C\u0153ur du Paris Saint-Germain!","potentialAction":[{"@type":"SearchAction","target":{"@type":"EntryPoint","urlTemplate":"https:\/\/psgfans.fr\/?s={search_term_string}"},"query-input":{"@type":"PropertyValueSpecification","valueRequired":true,"valueName":"search_term_string"}}],"inLanguage":"fr-FR"},{"@type":"Person","@id":"https:\/\/psgfans.fr\/#\/schema\/person\/be2237e7a0237af2f29cb344b3c55e6c","name":"psgfans","image":{"@type":"ImageObject","inLanguage":"fr-FR","@id":"https:\/\/secure.gravatar.com\/avatar\/?s=96&d=mm&r=g","url":"https:\/\/secure.gravatar.com\/avatar\/?s=96&d=mm&r=g","contentUrl":"https:\/\/secure.gravatar.com\/avatar\/?s=96&d=mm&r=g","caption":"psgfans"},"url":"https:\/\/psgfans.fr\/?author=2"}]}},"_links":{"self":[{"href":"https:\/\/psgfans.fr\/index.php?rest_route=\/wp\/v2\/posts\/448","targetHints":{"allow":["GET"]}}],"collection":[{"href":"https:\/\/psgfans.fr\/index.php?rest_route=\/wp\/v2\/posts"}],"about":[{"href":"https:\/\/psgfans.fr\/index.php?rest_route=\/wp\/v2\/types\/post"}],"author":[{"embeddable":true,"href":"https:\/\/psgfans.fr\/index.php?rest_route=\/wp\/v2\/users\/2"}],"replies":[{"embeddable":true,"href":"https:\/\/psgfans.fr\/index.php?rest_route=%2Fwp%2Fv2%2Fcomments&post=448"}],"version-history":[{"count":0,"href":"https:\/\/psgfans.fr\/index.php?rest_route=\/wp\/v2\/posts\/448\/revisions"}],"wp:attachment":[{"href":"https:\/\/psgfans.fr\/index.php?rest_route=%2Fwp%2Fv2%2Fmedia&parent=448"}],"wp:term":[{"taxonomy":"category","embeddable":true,"href":"https:\/\/psgfans.fr\/index.php?rest_route=%2Fwp%2Fv2%2Fcategories&post=448"},{"taxonomy":"post_tag","embeddable":true,"href":"https:\/\/psgfans.fr\/index.php?rest_route=%2Fwp%2Fv2%2Ftags&post=448"}],"curies":[{"name":"wp","href":"https:\/\/api.w.org\/{rel}","templated":true}]}}