{"id":447,"date":"2014-09-30T16:55:00","date_gmt":"2014-09-30T15:55:00","guid":{"rendered":"https:\/\/psgfans.fr\/?p=447"},"modified":"2014-09-30T16:55:00","modified_gmt":"2014-09-30T15:55:00","slug":"blanc-a-pris-les-choses-en-main","status":"publish","type":"post","link":"https:\/\/psgfans.fr\/?p=447","title":{"rendered":"Blanc a pris les choses en main"},"content":{"rendered":"<div style=\"clear: both; text-align: center;\"><a href=\"https:\/\/blogger.googleusercontent.com\/img\/b\/R29vZ2xl\/AVvXsEijsGisup-uPbrH-Q4bE0MM8uTmlew19sP-fimZ3BA8SAjGDyA7tdsdaMWBa0KVfZ8xl45PM6Fv8WDFVBz61cF2JpiC3YZBg_GfZmTJrkEDEsuntpBjK_KO3LAvvnZKvMj6hLe9dOGXbw4\/s1600\/&amp;1ZF.jpg\" style=\"margin-left: 1em; margin-right: 1em;\"><img loading=\"lazy\" decoding=\"async\" border=\"0\" src=\"https:\/\/blogger.googleusercontent.com\/img\/b\/R29vZ2xl\/AVvXsEijsGisup-uPbrH-Q4bE0MM8uTmlew19sP-fimZ3BA8SAjGDyA7tdsdaMWBa0KVfZ8xl45PM6Fv8WDFVBz61cF2JpiC3YZBg_GfZmTJrkEDEsuntpBjK_KO3LAvvnZKvMj6hLe9dOGXbw4\/s1600\/&amp;1ZF.jpg\" height=\"175\" width=\"400\" \/><\/a><\/div>\n<p>La vie sans Ibra doit continuer. Au plus mauvais moment. D\u00e9j\u00e0 absente lors des deux derniers matchs du PSG, la star parisienne a d\u00e9clar\u00e9 forfait pour le rendez-vous majeur de ce d\u00e9but de saison. La faute \u00e0 une inflammation du talon qui le fait souffrir et boiter, encore et toujours. Un dernier test, hier matin, a scell\u00e9 son sort. \u00ab J&rsquo;avais d\u00e9j\u00e0 commenc\u00e9 \u00e0 pr\u00e9parer ce match en prenant en compte la possibilit\u00e9 qu&rsquo;il ne soit pas l\u00e0 \u00bb, confirme Laurent Blanc, dans la foul\u00e9e, en conf\u00e9rence de presse.<\/p>\n<p>\u00ab Il savait qu&rsquo;on avait besoin de lui et que c&rsquo;est un moment important pour l&rsquo;\u00e9quipe, assure Maxwell, son ami et confident. C&rsquo;est \u00e0 nous de jouer maintenant pour qu&rsquo;il puisse continuer \u00e0 profiter encore de cette comp\u00e9tition le plus longtemps possible. \u00bb<\/p>\n<p>Blanc quitte ensuite le Parc, avec Maxwell comme copilote. Direction le camp des Loges \u00e0 Saint-Germain-en-Laye (78). Pendant la demi-heure de trajet, les deux hommes se parlent comme jamais peut-\u00eatre ils ne l&rsquo;ont fait auparavant. Lorsqu&rsquo;ils arrivent \u00e0 destination vers 16 heures, ils sont encore en grande discussion. Une heure plus tard, l&rsquo;int\u00e9gralit\u00e9 de l&rsquo;effectif (\u00e0 l&rsquo;exception des bless\u00e9s Thiago Silva, Lavezzi, Ibrahimovic et de Rabiot, \u00e9cart\u00e9 du groupe) se retrouve sur le terrain d&rsquo;entra\u00eenement. En entrant sur la pelouse, le fervent David Luiz pointe les index vers le ciel. Un signe de foi. Une pri\u00e8re aussi. Depuis son retour sur les terrains apr\u00e8s une blessure au genou d\u00e9but septembre, le Br\u00e9silien joue malgr\u00e9 la douleur. \u00ab Il est oblig\u00e9 de se sacrifier pour l&rsquo;\u00e9quipe parce que Thiago Silva n&rsquo;est pas l\u00e0 \u00bb, raconte un intime du vestiaire. Pas forc\u00e9ment de bon augure avant de se coltiner Messi, Neymar et compagnie.<\/p>\n<p><b>Un grand oral observ\u00e9 par Nasser al-Khelaifi<\/b><\/p>\n<p>Apr\u00e8s le rituel de l&rsquo;\u00e9chauffement, les joueurs se livrent \u00e0 une opposition \u00e0 dix contre dix. Dans l&rsquo;\u00e9quipe des titulaires, un seul joueur manque \u00e0 l&rsquo;appel, Blaise Matuidi. Il joue avec les rempla\u00e7ants. Le doute est lev\u00e9 quelques minutes plus tard lorsque, selon des t\u00e9moins, Laurent Blanc \u00e9gr\u00e8ne \u00e0 voix haute les noms et les postes de l&rsquo;\u00e9quipe qu&rsquo;il compte aligner ce soir.<\/p>\n<p>Fait rarissime, le technicien parisien proc\u00e8de \u00e0 une mise en place sans ballon. Il dispose alors son onze de d\u00e9part, sur un terrain, tels des joueurs de baby-foot au repos. Une s\u00e9ance de tableau noir mais grandeur nature. Petite curiosit\u00e9, Javier Pastore est situ\u00e9 en num\u00e9ro 10, juste devant la ligne des trois milieux r\u00e9cup\u00e9rateurs (Verratti, Thiago Motta et Matuidi) et derri\u00e8re les deux attaquants (Lucas \u00e0 droite, Cavani \u00e0 gauche). Casquette rouge viss\u00e9e sur la t\u00eate, Blanc diffuse ses consignes face \u00e0 ses hommes. Parfois, il se d\u00e9place en courant sur le terrain pour appuyer son propos. La sc\u00e8ne dure une vingtaine de minutes.<\/p>\n<p>Depuis le bord du terrain, Nasser al-Khelaifi assiste \u00e0 ce qui ressemble alors \u00e0 un grand oral. Le pr\u00e9sident du PSG passera aujourd&rsquo;hui \u00e0 la mise au vert de son club. Il devrait en profiter pour s&rsquo;adresser aux joueurs afin de les remobiliser. Hier soir dans leur h\u00f4tel versaillais, apr\u00e8s un d\u00eener vite aval\u00e9, les Parisiens ont re\u00e7u des soins avant de filer dans leurs chambres.<br \/>Le Parisien<\/p>\n","protected":false},"excerpt":{"rendered":"<p>La vie sans Ibra doit continuer. Au plus mauvais moment. D\u00e9j\u00e0 absente lors des deux derniers matchs du PSG, la star parisienne a d\u00e9clar\u00e9 forfait pour le rendez-vous majeur de ce d\u00e9but de saison. La faute \u00e0 une inflammation du talon qui le fait souffrir et boiter, encore et toujours. Un dernier test, hier matin, [&hellip;]<\/p>\n","protected":false},"author":2,"featured_media":0,"comment_status":"open","ping_status":"open","sticky":false,"template":"","format":"standard","meta":{"footnotes":""},"categories":[3],"tags":[],"class_list":{"0":"post-447","1":"post","2":"type-post","3":"status-publish","4":"format-standard","6":"category-news"},"yoast_head":"<!-- This site is optimized with the Yoast SEO plugin v27.4 - https:\/\/yoast.com\/product\/yoast-seo-wordpress\/ -->\n<title>Blanc a pris les choses en main - PSG FANS<\/title>\n<meta name=\"robots\" content=\"index, follow, max-snippet:-1, max-image-preview:large, max-video-preview:-1\" \/>\n<link rel=\"canonical\" href=\"https:\/\/psgfans.fr\/?p=447\" \/>\n<meta property=\"og:locale\" content=\"fr_FR\" \/>\n<meta property=\"og:type\" content=\"article\" \/>\n<meta property=\"og:title\" content=\"Blanc a pris les choses en main - PSG FANS\" \/>\n<meta property=\"og:description\" content=\"La vie sans Ibra doit continuer. Au plus mauvais moment. D\u00e9j\u00e0 absente lors des deux derniers matchs du PSG, la star parisienne a d\u00e9clar\u00e9 forfait pour le rendez-vous majeur de ce d\u00e9but de saison. La faute \u00e0 une inflammation du talon qui le fait souffrir et boiter, encore et toujours. Un dernier test, hier matin, [&hellip;]\" \/>\n<meta property=\"og:url\" content=\"https:\/\/psgfans.fr\/?p=447\" \/>\n<meta property=\"og:site_name\" content=\"PSG FANS\" \/>\n<meta property=\"article:published_time\" content=\"2014-09-30T15:55:00+00:00\" \/>\n<meta property=\"og:image\" content=\"https:\/\/blogger.googleusercontent.com\/img\/b\/R29vZ2xl\/AVvXsEijsGisup-uPbrH-Q4bE0MM8uTmlew19sP-fimZ3BA8SAjGDyA7tdsdaMWBa0KVfZ8xl45PM6Fv8WDFVBz61cF2JpiC3YZBg_GfZmTJrkEDEsuntpBjK_KO3LAvvnZKvMj6hLe9dOGXbw4\/s1600\/&amp;1ZF.jpg\" \/>\n<meta name=\"author\" content=\"psgfans\" \/>\n<meta name=\"twitter:card\" content=\"summary_large_image\" \/>\n<meta name=\"twitter:label1\" content=\"\u00c9crit par\" \/>\n\t<meta name=\"twitter:data1\" content=\"psgfans\" \/>\n\t<meta name=\"twitter:label2\" content=\"Dur\u00e9e de lecture estim\u00e9e\" \/>\n\t<meta name=\"twitter:data2\" content=\"3 minutes\" \/>\n<script type=\"application\/ld+json\" class=\"yoast-schema-graph\">{\"@context\":\"https:\\\/\\\/schema.org\",\"@graph\":[{\"@type\":\"Article\",\"@id\":\"https:\\\/\\\/psgfans.fr\\\/?p=447#article\",\"isPartOf\":{\"@id\":\"https:\\\/\\\/psgfans.fr\\\/?p=447\"},\"author\":{\"name\":\"psgfans\",\"@id\":\"https:\\\/\\\/psgfans.fr\\\/#\\\/schema\\\/person\\\/be2237e7a0237af2f29cb344b3c55e6c\"},\"headline\":\"Blanc a pris les choses en main\",\"datePublished\":\"2014-09-30T15:55:00+00:00\",\"mainEntityOfPage\":{\"@id\":\"https:\\\/\\\/psgfans.fr\\\/?p=447\"},\"wordCount\":565,\"commentCount\":0,\"image\":{\"@id\":\"https:\\\/\\\/psgfans.fr\\\/?p=447#primaryimage\"},\"thumbnailUrl\":\"https:\\\/\\\/blogger.googleusercontent.com\\\/img\\\/b\\\/R29vZ2xl\\\/AVvXsEijsGisup-uPbrH-Q4bE0MM8uTmlew19sP-fimZ3BA8SAjGDyA7tdsdaMWBa0KVfZ8xl45PM6Fv8WDFVBz61cF2JpiC3YZBg_GfZmTJrkEDEsuntpBjK_KO3LAvvnZKvMj6hLe9dOGXbw4\\\/s1600\\\/&amp;1ZF.jpg\",\"articleSection\":[\"News\"],\"inLanguage\":\"fr-FR\",\"potentialAction\":[{\"@type\":\"CommentAction\",\"name\":\"Comment\",\"target\":[\"https:\\\/\\\/psgfans.fr\\\/?p=447#respond\"]}]},{\"@type\":\"WebPage\",\"@id\":\"https:\\\/\\\/psgfans.fr\\\/?p=447\",\"url\":\"https:\\\/\\\/psgfans.fr\\\/?p=447\",\"name\":\"Blanc a pris les choses en main - PSG FANS\",\"isPartOf\":{\"@id\":\"https:\\\/\\\/psgfans.fr\\\/#website\"},\"primaryImageOfPage\":{\"@id\":\"https:\\\/\\\/psgfans.fr\\\/?p=447#primaryimage\"},\"image\":{\"@id\":\"https:\\\/\\\/psgfans.fr\\\/?p=447#primaryimage\"},\"thumbnailUrl\":\"https:\\\/\\\/blogger.googleusercontent.com\\\/img\\\/b\\\/R29vZ2xl\\\/AVvXsEijsGisup-uPbrH-Q4bE0MM8uTmlew19sP-fimZ3BA8SAjGDyA7tdsdaMWBa0KVfZ8xl45PM6Fv8WDFVBz61cF2JpiC3YZBg_GfZmTJrkEDEsuntpBjK_KO3LAvvnZKvMj6hLe9dOGXbw4\\\/s1600\\\/&amp;1ZF.jpg\",\"datePublished\":\"2014-09-30T15:55:00+00:00\",\"author\":{\"@id\":\"https:\\\/\\\/psgfans.fr\\\/#\\\/schema\\\/person\\\/be2237e7a0237af2f29cb344b3c55e6c\"},\"breadcrumb\":{\"@id\":\"https:\\\/\\\/psgfans.fr\\\/?p=447#breadcrumb\"},\"inLanguage\":\"fr-FR\",\"potentialAction\":[{\"@type\":\"ReadAction\",\"target\":[\"https:\\\/\\\/psgfans.fr\\\/?p=447\"]}]},{\"@type\":\"ImageObject\",\"inLanguage\":\"fr-FR\",\"@id\":\"https:\\\/\\\/psgfans.fr\\\/?p=447#primaryimage\",\"url\":\"https:\\\/\\\/blogger.googleusercontent.com\\\/img\\\/b\\\/R29vZ2xl\\\/AVvXsEijsGisup-uPbrH-Q4bE0MM8uTmlew19sP-fimZ3BA8SAjGDyA7tdsdaMWBa0KVfZ8xl45PM6Fv8WDFVBz61cF2JpiC3YZBg_GfZmTJrkEDEsuntpBjK_KO3LAvvnZKvMj6hLe9dOGXbw4\\\/s1600\\\/&amp;1ZF.jpg\",\"contentUrl\":\"https:\\\/\\\/blogger.googleusercontent.com\\\/img\\\/b\\\/R29vZ2xl\\\/AVvXsEijsGisup-uPbrH-Q4bE0MM8uTmlew19sP-fimZ3BA8SAjGDyA7tdsdaMWBa0KVfZ8xl45PM6Fv8WDFVBz61cF2JpiC3YZBg_GfZmTJrkEDEsuntpBjK_KO3LAvvnZKvMj6hLe9dOGXbw4\\\/s1600\\\/&amp;1ZF.jpg\"},{\"@type\":\"BreadcrumbList\",\"@id\":\"https:\\\/\\\/psgfans.fr\\\/?p=447#breadcrumb\",\"itemListElement\":[{\"@type\":\"ListItem\",\"position\":1,\"name\":\"Accueil\",\"item\":\"https:\\\/\\\/psgfans.fr\\\/\"},{\"@type\":\"ListItem\",\"position\":2,\"name\":\"Blanc a pris les choses en main\"}]},{\"@type\":\"WebSite\",\"@id\":\"https:\\\/\\\/psgfans.fr\\\/#website\",\"url\":\"https:\\\/\\\/psgfans.fr\\\/\",\"name\":\"PSG FANS\",\"description\":\"Unit\u00e9, Passion, Victoire : Au C\u0153ur du Paris Saint-Germain!\",\"potentialAction\":[{\"@type\":\"SearchAction\",\"target\":{\"@type\":\"EntryPoint\",\"urlTemplate\":\"https:\\\/\\\/psgfans.fr\\\/?s={search_term_string}\"},\"query-input\":{\"@type\":\"PropertyValueSpecification\",\"valueRequired\":true,\"valueName\":\"search_term_string\"}}],\"inLanguage\":\"fr-FR\"},{\"@type\":\"Person\",\"@id\":\"https:\\\/\\\/psgfans.fr\\\/#\\\/schema\\\/person\\\/be2237e7a0237af2f29cb344b3c55e6c\",\"name\":\"psgfans\",\"image\":{\"@type\":\"ImageObject\",\"inLanguage\":\"fr-FR\",\"@id\":\"https:\\\/\\\/secure.gravatar.com\\\/avatar\\\/?s=96&d=mm&r=g\",\"url\":\"https:\\\/\\\/secure.gravatar.com\\\/avatar\\\/?s=96&d=mm&r=g\",\"contentUrl\":\"https:\\\/\\\/secure.gravatar.com\\\/avatar\\\/?s=96&d=mm&r=g\",\"caption\":\"psgfans\"},\"url\":\"https:\\\/\\\/psgfans.fr\\\/?author=2\"}]}<\/script>\n<!-- \/ Yoast SEO plugin. -->","yoast_head_json":{"title":"Blanc a pris les choses en main - PSG FANS","robots":{"index":"index","follow":"follow","max-snippet":"max-snippet:-1","max-image-preview":"max-image-preview:large","max-video-preview":"max-video-preview:-1"},"canonical":"https:\/\/psgfans.fr\/?p=447","og_locale":"fr_FR","og_type":"article","og_title":"Blanc a pris les choses en main - PSG FANS","og_description":"La vie sans Ibra doit continuer. Au plus mauvais moment. D\u00e9j\u00e0 absente lors des deux derniers matchs du PSG, la star parisienne a d\u00e9clar\u00e9 forfait pour le rendez-vous majeur de ce d\u00e9but de saison. La faute \u00e0 une inflammation du talon qui le fait souffrir et boiter, encore et toujours. Un dernier test, hier matin, [&hellip;]","og_url":"https:\/\/psgfans.fr\/?p=447","og_site_name":"PSG FANS","article_published_time":"2014-09-30T15:55:00+00:00","og_image":[{"url":"https:\/\/blogger.googleusercontent.com\/img\/b\/R29vZ2xl\/AVvXsEijsGisup-uPbrH-Q4bE0MM8uTmlew19sP-fimZ3BA8SAjGDyA7tdsdaMWBa0KVfZ8xl45PM6Fv8WDFVBz61cF2JpiC3YZBg_GfZmTJrkEDEsuntpBjK_KO3LAvvnZKvMj6hLe9dOGXbw4\/s1600\/&amp;1ZF.jpg","type":"","width":"","height":""}],"author":"psgfans","twitter_card":"summary_large_image","twitter_misc":{"\u00c9crit par":"psgfans","Dur\u00e9e de lecture estim\u00e9e":"3 minutes"},"schema":{"@context":"https:\/\/schema.org","@graph":[{"@type":"Article","@id":"https:\/\/psgfans.fr\/?p=447#article","isPartOf":{"@id":"https:\/\/psgfans.fr\/?p=447"},"author":{"name":"psgfans","@id":"https:\/\/psgfans.fr\/#\/schema\/person\/be2237e7a0237af2f29cb344b3c55e6c"},"headline":"Blanc a pris les choses en main","datePublished":"2014-09-30T15:55:00+00:00","mainEntityOfPage":{"@id":"https:\/\/psgfans.fr\/?p=447"},"wordCount":565,"commentCount":0,"image":{"@id":"https:\/\/psgfans.fr\/?p=447#primaryimage"},"thumbnailUrl":"https:\/\/blogger.googleusercontent.com\/img\/b\/R29vZ2xl\/AVvXsEijsGisup-uPbrH-Q4bE0MM8uTmlew19sP-fimZ3BA8SAjGDyA7tdsdaMWBa0KVfZ8xl45PM6Fv8WDFVBz61cF2JpiC3YZBg_GfZmTJrkEDEsuntpBjK_KO3LAvvnZKvMj6hLe9dOGXbw4\/s1600\/&amp;1ZF.jpg","articleSection":["News"],"inLanguage":"fr-FR","potentialAction":[{"@type":"CommentAction","name":"Comment","target":["https:\/\/psgfans.fr\/?p=447#respond"]}]},{"@type":"WebPage","@id":"https:\/\/psgfans.fr\/?p=447","url":"https:\/\/psgfans.fr\/?p=447","name":"Blanc a pris les choses en main - PSG FANS","isPartOf":{"@id":"https:\/\/psgfans.fr\/#website"},"primaryImageOfPage":{"@id":"https:\/\/psgfans.fr\/?p=447#primaryimage"},"image":{"@id":"https:\/\/psgfans.fr\/?p=447#primaryimage"},"thumbnailUrl":"https:\/\/blogger.googleusercontent.com\/img\/b\/R29vZ2xl\/AVvXsEijsGisup-uPbrH-Q4bE0MM8uTmlew19sP-fimZ3BA8SAjGDyA7tdsdaMWBa0KVfZ8xl45PM6Fv8WDFVBz61cF2JpiC3YZBg_GfZmTJrkEDEsuntpBjK_KO3LAvvnZKvMj6hLe9dOGXbw4\/s1600\/&amp;1ZF.jpg","datePublished":"2014-09-30T15:55:00+00:00","author":{"@id":"https:\/\/psgfans.fr\/#\/schema\/person\/be2237e7a0237af2f29cb344b3c55e6c"},"breadcrumb":{"@id":"https:\/\/psgfans.fr\/?p=447#breadcrumb"},"inLanguage":"fr-FR","potentialAction":[{"@type":"ReadAction","target":["https:\/\/psgfans.fr\/?p=447"]}]},{"@type":"ImageObject","inLanguage":"fr-FR","@id":"https:\/\/psgfans.fr\/?p=447#primaryimage","url":"https:\/\/blogger.googleusercontent.com\/img\/b\/R29vZ2xl\/AVvXsEijsGisup-uPbrH-Q4bE0MM8uTmlew19sP-fimZ3BA8SAjGDyA7tdsdaMWBa0KVfZ8xl45PM6Fv8WDFVBz61cF2JpiC3YZBg_GfZmTJrkEDEsuntpBjK_KO3LAvvnZKvMj6hLe9dOGXbw4\/s1600\/&amp;1ZF.jpg","contentUrl":"https:\/\/blogger.googleusercontent.com\/img\/b\/R29vZ2xl\/AVvXsEijsGisup-uPbrH-Q4bE0MM8uTmlew19sP-fimZ3BA8SAjGDyA7tdsdaMWBa0KVfZ8xl45PM6Fv8WDFVBz61cF2JpiC3YZBg_GfZmTJrkEDEsuntpBjK_KO3LAvvnZKvMj6hLe9dOGXbw4\/s1600\/&amp;1ZF.jpg"},{"@type":"BreadcrumbList","@id":"https:\/\/psgfans.fr\/?p=447#breadcrumb","itemListElement":[{"@type":"ListItem","position":1,"name":"Accueil","item":"https:\/\/psgfans.fr\/"},{"@type":"ListItem","position":2,"name":"Blanc a pris les choses en main"}]},{"@type":"WebSite","@id":"https:\/\/psgfans.fr\/#website","url":"https:\/\/psgfans.fr\/","name":"PSG FANS","description":"Unit\u00e9, Passion, Victoire : Au C\u0153ur du Paris Saint-Germain!","potentialAction":[{"@type":"SearchAction","target":{"@type":"EntryPoint","urlTemplate":"https:\/\/psgfans.fr\/?s={search_term_string}"},"query-input":{"@type":"PropertyValueSpecification","valueRequired":true,"valueName":"search_term_string"}}],"inLanguage":"fr-FR"},{"@type":"Person","@id":"https:\/\/psgfans.fr\/#\/schema\/person\/be2237e7a0237af2f29cb344b3c55e6c","name":"psgfans","image":{"@type":"ImageObject","inLanguage":"fr-FR","@id":"https:\/\/secure.gravatar.com\/avatar\/?s=96&d=mm&r=g","url":"https:\/\/secure.gravatar.com\/avatar\/?s=96&d=mm&r=g","contentUrl":"https:\/\/secure.gravatar.com\/avatar\/?s=96&d=mm&r=g","caption":"psgfans"},"url":"https:\/\/psgfans.fr\/?author=2"}]}},"_links":{"self":[{"href":"https:\/\/psgfans.fr\/index.php?rest_route=\/wp\/v2\/posts\/447","targetHints":{"allow":["GET"]}}],"collection":[{"href":"https:\/\/psgfans.fr\/index.php?rest_route=\/wp\/v2\/posts"}],"about":[{"href":"https:\/\/psgfans.fr\/index.php?rest_route=\/wp\/v2\/types\/post"}],"author":[{"embeddable":true,"href":"https:\/\/psgfans.fr\/index.php?rest_route=\/wp\/v2\/users\/2"}],"replies":[{"embeddable":true,"href":"https:\/\/psgfans.fr\/index.php?rest_route=%2Fwp%2Fv2%2Fcomments&post=447"}],"version-history":[{"count":0,"href":"https:\/\/psgfans.fr\/index.php?rest_route=\/wp\/v2\/posts\/447\/revisions"}],"wp:attachment":[{"href":"https:\/\/psgfans.fr\/index.php?rest_route=%2Fwp%2Fv2%2Fmedia&parent=447"}],"wp:term":[{"taxonomy":"category","embeddable":true,"href":"https:\/\/psgfans.fr\/index.php?rest_route=%2Fwp%2Fv2%2Fcategories&post=447"},{"taxonomy":"post_tag","embeddable":true,"href":"https:\/\/psgfans.fr\/index.php?rest_route=%2Fwp%2Fv2%2Ftags&post=447"}],"curies":[{"name":"wp","href":"https:\/\/api.w.org\/{rel}","templated":true}]}}