{"id":446,"date":"2014-09-30T16:58:00","date_gmt":"2014-09-30T15:58:00","guid":{"rendered":"https:\/\/psgfans.fr\/?p=446"},"modified":"2014-09-30T16:58:00","modified_gmt":"2014-09-30T15:58:00","slug":"sous-les-yeux-de-beckham","status":"publish","type":"post","link":"https:\/\/psgfans.fr\/?p=446","title":{"rendered":"Sous les yeux de Beckham"},"content":{"rendered":"<div style=\"clear: both; text-align: center;\"><\/div>\n<div style=\"clear: both; text-align: center;\"><a href=\"https:\/\/blogger.googleusercontent.com\/img\/b\/R29vZ2xl\/AVvXsEiG8TNWgYt0SuwSoMAMEEmtwWXPhuq6t54lxCQEZftn_LdIJCgCHAGS4dRb5pFKHH5b1ZDdY-7ZeMEh4Cubjh-wBYXbgR8fL3vYsD6lUpcfj6cZSRvM8rdTMgWYMTemxjTQm29QOuzC7g8\/s1600\/vPL6C8Ejk64.jpg\" style=\"margin-left: 1em; margin-right: 1em;\"><img loading=\"lazy\" decoding=\"async\" border=\"0\" src=\"https:\/\/blogger.googleusercontent.com\/img\/b\/R29vZ2xl\/AVvXsEiG8TNWgYt0SuwSoMAMEEmtwWXPhuq6t54lxCQEZftn_LdIJCgCHAGS4dRb5pFKHH5b1ZDdY-7ZeMEh4Cubjh-wBYXbgR8fL3vYsD6lUpcfj6cZSRvM8rdTMgWYMTemxjTQm29QOuzC7g8\/s1600\/vPL6C8Ejk64.jpg\" height=\"257\" width=\"400\" \/><\/a><\/div>\n<p>On l&rsquo;avait quit\u00e9, \u00e9mu aux larmes, sur la pelouse du Parc le 18 mai 2013 pour ses adieux au football face \u00e0 Brest (3-1). Seize mois plus tard, David Beckham revient ce soir pour la premi\u00e8re fois dans l&rsquo;enceinte de la porte d&rsquo;Auteuil.<\/p>\n<p>leparisien<\/p>\n","protected":false},"excerpt":{"rendered":"<p>On l&rsquo;avait quit\u00e9, \u00e9mu aux larmes, sur la pelouse du Parc le 18 mai 2013 pour ses adieux au football face \u00e0 Brest (3-1). Seize mois plus tard, David Beckham revient ce soir pour la premi\u00e8re fois dans l&rsquo;enceinte de la porte d&rsquo;Auteuil. leparisien<\/p>\n","protected":false},"author":2,"featured_media":0,"comment_status":"open","ping_status":"open","sticky":false,"template":"","format":"standard","meta":{"footnotes":""},"categories":[3],"tags":[],"class_list":{"0":"post-446","1":"post","2":"type-post","3":"status-publish","4":"format-standard","6":"category-news"},"yoast_head":"<!-- This site is optimized with the Yoast SEO plugin v27.4 - https:\/\/yoast.com\/product\/yoast-seo-wordpress\/ -->\n<title>Sous les yeux de Beckham - PSG FANS<\/title>\n<meta name=\"robots\" content=\"index, follow, max-snippet:-1, max-image-preview:large, max-video-preview:-1\" \/>\n<link rel=\"canonical\" href=\"https:\/\/psgfans.fr\/?p=446\" \/>\n<meta property=\"og:locale\" content=\"fr_FR\" \/>\n<meta property=\"og:type\" content=\"article\" \/>\n<meta property=\"og:title\" content=\"Sous les yeux de Beckham - PSG FANS\" \/>\n<meta property=\"og:description\" content=\"On l&rsquo;avait quit\u00e9, \u00e9mu aux larmes, sur la pelouse du Parc le 18 mai 2013 pour ses adieux au football face \u00e0 Brest (3-1). Seize mois plus tard, David Beckham revient ce soir pour la premi\u00e8re fois dans l&rsquo;enceinte de la porte d&rsquo;Auteuil. leparisien\" \/>\n<meta property=\"og:url\" content=\"https:\/\/psgfans.fr\/?p=446\" \/>\n<meta property=\"og:site_name\" content=\"PSG FANS\" \/>\n<meta property=\"article:published_time\" content=\"2014-09-30T15:58:00+00:00\" \/>\n<meta property=\"og:image\" content=\"https:\/\/blogger.googleusercontent.com\/img\/b\/R29vZ2xl\/AVvXsEiG8TNWgYt0SuwSoMAMEEmtwWXPhuq6t54lxCQEZftn_LdIJCgCHAGS4dRb5pFKHH5b1ZDdY-7ZeMEh4Cubjh-wBYXbgR8fL3vYsD6lUpcfj6cZSRvM8rdTMgWYMTemxjTQm29QOuzC7g8\/s1600\/vPL6C8Ejk64.jpg\" \/>\n<meta name=\"author\" content=\"psgfans\" \/>\n<meta name=\"twitter:card\" content=\"summary_large_image\" \/>\n<meta name=\"twitter:label1\" content=\"\u00c9crit par\" \/>\n\t<meta name=\"twitter:data1\" content=\"psgfans\" \/>\n<script type=\"application\/ld+json\" class=\"yoast-schema-graph\">{\"@context\":\"https:\\\/\\\/schema.org\",\"@graph\":[{\"@type\":\"Article\",\"@id\":\"https:\\\/\\\/psgfans.fr\\\/?p=446#article\",\"isPartOf\":{\"@id\":\"https:\\\/\\\/psgfans.fr\\\/?p=446\"},\"author\":{\"name\":\"psgfans\",\"@id\":\"https:\\\/\\\/psgfans.fr\\\/#\\\/schema\\\/person\\\/be2237e7a0237af2f29cb344b3c55e6c\"},\"headline\":\"Sous les yeux de Beckham\",\"datePublished\":\"2014-09-30T15:58:00+00:00\",\"mainEntityOfPage\":{\"@id\":\"https:\\\/\\\/psgfans.fr\\\/?p=446\"},\"wordCount\":50,\"commentCount\":0,\"image\":{\"@id\":\"https:\\\/\\\/psgfans.fr\\\/?p=446#primaryimage\"},\"thumbnailUrl\":\"https:\\\/\\\/blogger.googleusercontent.com\\\/img\\\/b\\\/R29vZ2xl\\\/AVvXsEiG8TNWgYt0SuwSoMAMEEmtwWXPhuq6t54lxCQEZftn_LdIJCgCHAGS4dRb5pFKHH5b1ZDdY-7ZeMEh4Cubjh-wBYXbgR8fL3vYsD6lUpcfj6cZSRvM8rdTMgWYMTemxjTQm29QOuzC7g8\\\/s1600\\\/vPL6C8Ejk64.jpg\",\"articleSection\":[\"News\"],\"inLanguage\":\"fr-FR\",\"potentialAction\":[{\"@type\":\"CommentAction\",\"name\":\"Comment\",\"target\":[\"https:\\\/\\\/psgfans.fr\\\/?p=446#respond\"]}]},{\"@type\":\"WebPage\",\"@id\":\"https:\\\/\\\/psgfans.fr\\\/?p=446\",\"url\":\"https:\\\/\\\/psgfans.fr\\\/?p=446\",\"name\":\"Sous les yeux de Beckham - PSG FANS\",\"isPartOf\":{\"@id\":\"https:\\\/\\\/psgfans.fr\\\/#website\"},\"primaryImageOfPage\":{\"@id\":\"https:\\\/\\\/psgfans.fr\\\/?p=446#primaryimage\"},\"image\":{\"@id\":\"https:\\\/\\\/psgfans.fr\\\/?p=446#primaryimage\"},\"thumbnailUrl\":\"https:\\\/\\\/blogger.googleusercontent.com\\\/img\\\/b\\\/R29vZ2xl\\\/AVvXsEiG8TNWgYt0SuwSoMAMEEmtwWXPhuq6t54lxCQEZftn_LdIJCgCHAGS4dRb5pFKHH5b1ZDdY-7ZeMEh4Cubjh-wBYXbgR8fL3vYsD6lUpcfj6cZSRvM8rdTMgWYMTemxjTQm29QOuzC7g8\\\/s1600\\\/vPL6C8Ejk64.jpg\",\"datePublished\":\"2014-09-30T15:58:00+00:00\",\"author\":{\"@id\":\"https:\\\/\\\/psgfans.fr\\\/#\\\/schema\\\/person\\\/be2237e7a0237af2f29cb344b3c55e6c\"},\"breadcrumb\":{\"@id\":\"https:\\\/\\\/psgfans.fr\\\/?p=446#breadcrumb\"},\"inLanguage\":\"fr-FR\",\"potentialAction\":[{\"@type\":\"ReadAction\",\"target\":[\"https:\\\/\\\/psgfans.fr\\\/?p=446\"]}]},{\"@type\":\"ImageObject\",\"inLanguage\":\"fr-FR\",\"@id\":\"https:\\\/\\\/psgfans.fr\\\/?p=446#primaryimage\",\"url\":\"https:\\\/\\\/blogger.googleusercontent.com\\\/img\\\/b\\\/R29vZ2xl\\\/AVvXsEiG8TNWgYt0SuwSoMAMEEmtwWXPhuq6t54lxCQEZftn_LdIJCgCHAGS4dRb5pFKHH5b1ZDdY-7ZeMEh4Cubjh-wBYXbgR8fL3vYsD6lUpcfj6cZSRvM8rdTMgWYMTemxjTQm29QOuzC7g8\\\/s1600\\\/vPL6C8Ejk64.jpg\",\"contentUrl\":\"https:\\\/\\\/blogger.googleusercontent.com\\\/img\\\/b\\\/R29vZ2xl\\\/AVvXsEiG8TNWgYt0SuwSoMAMEEmtwWXPhuq6t54lxCQEZftn_LdIJCgCHAGS4dRb5pFKHH5b1ZDdY-7ZeMEh4Cubjh-wBYXbgR8fL3vYsD6lUpcfj6cZSRvM8rdTMgWYMTemxjTQm29QOuzC7g8\\\/s1600\\\/vPL6C8Ejk64.jpg\"},{\"@type\":\"BreadcrumbList\",\"@id\":\"https:\\\/\\\/psgfans.fr\\\/?p=446#breadcrumb\",\"itemListElement\":[{\"@type\":\"ListItem\",\"position\":1,\"name\":\"Accueil\",\"item\":\"https:\\\/\\\/psgfans.fr\\\/\"},{\"@type\":\"ListItem\",\"position\":2,\"name\":\"Sous les yeux de Beckham\"}]},{\"@type\":\"WebSite\",\"@id\":\"https:\\\/\\\/psgfans.fr\\\/#website\",\"url\":\"https:\\\/\\\/psgfans.fr\\\/\",\"name\":\"PSG FANS\",\"description\":\"Unit\u00e9, Passion, Victoire : Au C\u0153ur du Paris Saint-Germain!\",\"potentialAction\":[{\"@type\":\"SearchAction\",\"target\":{\"@type\":\"EntryPoint\",\"urlTemplate\":\"https:\\\/\\\/psgfans.fr\\\/?s={search_term_string}\"},\"query-input\":{\"@type\":\"PropertyValueSpecification\",\"valueRequired\":true,\"valueName\":\"search_term_string\"}}],\"inLanguage\":\"fr-FR\"},{\"@type\":\"Person\",\"@id\":\"https:\\\/\\\/psgfans.fr\\\/#\\\/schema\\\/person\\\/be2237e7a0237af2f29cb344b3c55e6c\",\"name\":\"psgfans\",\"image\":{\"@type\":\"ImageObject\",\"inLanguage\":\"fr-FR\",\"@id\":\"https:\\\/\\\/secure.gravatar.com\\\/avatar\\\/?s=96&d=mm&r=g\",\"url\":\"https:\\\/\\\/secure.gravatar.com\\\/avatar\\\/?s=96&d=mm&r=g\",\"contentUrl\":\"https:\\\/\\\/secure.gravatar.com\\\/avatar\\\/?s=96&d=mm&r=g\",\"caption\":\"psgfans\"},\"url\":\"https:\\\/\\\/psgfans.fr\\\/?author=2\"}]}<\/script>\n<!-- \/ Yoast SEO plugin. -->","yoast_head_json":{"title":"Sous les yeux de Beckham - PSG FANS","robots":{"index":"index","follow":"follow","max-snippet":"max-snippet:-1","max-image-preview":"max-image-preview:large","max-video-preview":"max-video-preview:-1"},"canonical":"https:\/\/psgfans.fr\/?p=446","og_locale":"fr_FR","og_type":"article","og_title":"Sous les yeux de Beckham - PSG FANS","og_description":"On l&rsquo;avait quit\u00e9, \u00e9mu aux larmes, sur la pelouse du Parc le 18 mai 2013 pour ses adieux au football face \u00e0 Brest (3-1). Seize mois plus tard, David Beckham revient ce soir pour la premi\u00e8re fois dans l&rsquo;enceinte de la porte d&rsquo;Auteuil. leparisien","og_url":"https:\/\/psgfans.fr\/?p=446","og_site_name":"PSG FANS","article_published_time":"2014-09-30T15:58:00+00:00","og_image":[{"url":"https:\/\/blogger.googleusercontent.com\/img\/b\/R29vZ2xl\/AVvXsEiG8TNWgYt0SuwSoMAMEEmtwWXPhuq6t54lxCQEZftn_LdIJCgCHAGS4dRb5pFKHH5b1ZDdY-7ZeMEh4Cubjh-wBYXbgR8fL3vYsD6lUpcfj6cZSRvM8rdTMgWYMTemxjTQm29QOuzC7g8\/s1600\/vPL6C8Ejk64.jpg","type":"","width":"","height":""}],"author":"psgfans","twitter_card":"summary_large_image","twitter_misc":{"\u00c9crit par":"psgfans"},"schema":{"@context":"https:\/\/schema.org","@graph":[{"@type":"Article","@id":"https:\/\/psgfans.fr\/?p=446#article","isPartOf":{"@id":"https:\/\/psgfans.fr\/?p=446"},"author":{"name":"psgfans","@id":"https:\/\/psgfans.fr\/#\/schema\/person\/be2237e7a0237af2f29cb344b3c55e6c"},"headline":"Sous les yeux de Beckham","datePublished":"2014-09-30T15:58:00+00:00","mainEntityOfPage":{"@id":"https:\/\/psgfans.fr\/?p=446"},"wordCount":50,"commentCount":0,"image":{"@id":"https:\/\/psgfans.fr\/?p=446#primaryimage"},"thumbnailUrl":"https:\/\/blogger.googleusercontent.com\/img\/b\/R29vZ2xl\/AVvXsEiG8TNWgYt0SuwSoMAMEEmtwWXPhuq6t54lxCQEZftn_LdIJCgCHAGS4dRb5pFKHH5b1ZDdY-7ZeMEh4Cubjh-wBYXbgR8fL3vYsD6lUpcfj6cZSRvM8rdTMgWYMTemxjTQm29QOuzC7g8\/s1600\/vPL6C8Ejk64.jpg","articleSection":["News"],"inLanguage":"fr-FR","potentialAction":[{"@type":"CommentAction","name":"Comment","target":["https:\/\/psgfans.fr\/?p=446#respond"]}]},{"@type":"WebPage","@id":"https:\/\/psgfans.fr\/?p=446","url":"https:\/\/psgfans.fr\/?p=446","name":"Sous les yeux de Beckham - PSG FANS","isPartOf":{"@id":"https:\/\/psgfans.fr\/#website"},"primaryImageOfPage":{"@id":"https:\/\/psgfans.fr\/?p=446#primaryimage"},"image":{"@id":"https:\/\/psgfans.fr\/?p=446#primaryimage"},"thumbnailUrl":"https:\/\/blogger.googleusercontent.com\/img\/b\/R29vZ2xl\/AVvXsEiG8TNWgYt0SuwSoMAMEEmtwWXPhuq6t54lxCQEZftn_LdIJCgCHAGS4dRb5pFKHH5b1ZDdY-7ZeMEh4Cubjh-wBYXbgR8fL3vYsD6lUpcfj6cZSRvM8rdTMgWYMTemxjTQm29QOuzC7g8\/s1600\/vPL6C8Ejk64.jpg","datePublished":"2014-09-30T15:58:00+00:00","author":{"@id":"https:\/\/psgfans.fr\/#\/schema\/person\/be2237e7a0237af2f29cb344b3c55e6c"},"breadcrumb":{"@id":"https:\/\/psgfans.fr\/?p=446#breadcrumb"},"inLanguage":"fr-FR","potentialAction":[{"@type":"ReadAction","target":["https:\/\/psgfans.fr\/?p=446"]}]},{"@type":"ImageObject","inLanguage":"fr-FR","@id":"https:\/\/psgfans.fr\/?p=446#primaryimage","url":"https:\/\/blogger.googleusercontent.com\/img\/b\/R29vZ2xl\/AVvXsEiG8TNWgYt0SuwSoMAMEEmtwWXPhuq6t54lxCQEZftn_LdIJCgCHAGS4dRb5pFKHH5b1ZDdY-7ZeMEh4Cubjh-wBYXbgR8fL3vYsD6lUpcfj6cZSRvM8rdTMgWYMTemxjTQm29QOuzC7g8\/s1600\/vPL6C8Ejk64.jpg","contentUrl":"https:\/\/blogger.googleusercontent.com\/img\/b\/R29vZ2xl\/AVvXsEiG8TNWgYt0SuwSoMAMEEmtwWXPhuq6t54lxCQEZftn_LdIJCgCHAGS4dRb5pFKHH5b1ZDdY-7ZeMEh4Cubjh-wBYXbgR8fL3vYsD6lUpcfj6cZSRvM8rdTMgWYMTemxjTQm29QOuzC7g8\/s1600\/vPL6C8Ejk64.jpg"},{"@type":"BreadcrumbList","@id":"https:\/\/psgfans.fr\/?p=446#breadcrumb","itemListElement":[{"@type":"ListItem","position":1,"name":"Accueil","item":"https:\/\/psgfans.fr\/"},{"@type":"ListItem","position":2,"name":"Sous les yeux de Beckham"}]},{"@type":"WebSite","@id":"https:\/\/psgfans.fr\/#website","url":"https:\/\/psgfans.fr\/","name":"PSG FANS","description":"Unit\u00e9, Passion, Victoire : Au C\u0153ur du Paris Saint-Germain!","potentialAction":[{"@type":"SearchAction","target":{"@type":"EntryPoint","urlTemplate":"https:\/\/psgfans.fr\/?s={search_term_string}"},"query-input":{"@type":"PropertyValueSpecification","valueRequired":true,"valueName":"search_term_string"}}],"inLanguage":"fr-FR"},{"@type":"Person","@id":"https:\/\/psgfans.fr\/#\/schema\/person\/be2237e7a0237af2f29cb344b3c55e6c","name":"psgfans","image":{"@type":"ImageObject","inLanguage":"fr-FR","@id":"https:\/\/secure.gravatar.com\/avatar\/?s=96&d=mm&r=g","url":"https:\/\/secure.gravatar.com\/avatar\/?s=96&d=mm&r=g","contentUrl":"https:\/\/secure.gravatar.com\/avatar\/?s=96&d=mm&r=g","caption":"psgfans"},"url":"https:\/\/psgfans.fr\/?author=2"}]}},"_links":{"self":[{"href":"https:\/\/psgfans.fr\/index.php?rest_route=\/wp\/v2\/posts\/446","targetHints":{"allow":["GET"]}}],"collection":[{"href":"https:\/\/psgfans.fr\/index.php?rest_route=\/wp\/v2\/posts"}],"about":[{"href":"https:\/\/psgfans.fr\/index.php?rest_route=\/wp\/v2\/types\/post"}],"author":[{"embeddable":true,"href":"https:\/\/psgfans.fr\/index.php?rest_route=\/wp\/v2\/users\/2"}],"replies":[{"embeddable":true,"href":"https:\/\/psgfans.fr\/index.php?rest_route=%2Fwp%2Fv2%2Fcomments&post=446"}],"version-history":[{"count":0,"href":"https:\/\/psgfans.fr\/index.php?rest_route=\/wp\/v2\/posts\/446\/revisions"}],"wp:attachment":[{"href":"https:\/\/psgfans.fr\/index.php?rest_route=%2Fwp%2Fv2%2Fmedia&parent=446"}],"wp:term":[{"taxonomy":"category","embeddable":true,"href":"https:\/\/psgfans.fr\/index.php?rest_route=%2Fwp%2Fv2%2Fcategories&post=446"},{"taxonomy":"post_tag","embeddable":true,"href":"https:\/\/psgfans.fr\/index.php?rest_route=%2Fwp%2Fv2%2Ftags&post=446"}],"curies":[{"name":"wp","href":"https:\/\/api.w.org\/{rel}","templated":true}]}}