{"id":443,"date":"2014-10-01T00:12:00","date_gmt":"2014-09-30T23:12:00","guid":{"rendered":"https:\/\/psgfans.fr\/?p=443"},"modified":"2014-10-01T00:12:00","modified_gmt":"2014-09-30T23:12:00","slug":"psg-barca-les-notes","status":"publish","type":"post","link":"https:\/\/psgfans.fr\/?p=443","title":{"rendered":"PSG-Bar\u00e7a : les notes"},"content":{"rendered":"<div style=\"clear: both; text-align: center;\"><a href=\"https:\/\/blogger.googleusercontent.com\/img\/b\/R29vZ2xl\/AVvXsEiAlWakNU88XVznvgakBK1JGfyQRxnnMxKeQkXfW8C2rP26qxcyJTIQrAeunKy3kkRICWr-pyRzKHzmEX8aBTsgYDYz_yODntPxCCo8eOAp6MWeBR1ZcE12MvzqZrLuBWOzYV5gZN_QYcc\/s1600\/&amp;1ZF.jpg\" style=\"margin-left: 1em; margin-right: 1em;\"><img loading=\"lazy\" decoding=\"async\" border=\"0\" src=\"https:\/\/blogger.googleusercontent.com\/img\/b\/R29vZ2xl\/AVvXsEiAlWakNU88XVznvgakBK1JGfyQRxnnMxKeQkXfW8C2rP26qxcyJTIQrAeunKy3kkRICWr-pyRzKHzmEX8aBTsgYDYz_yODntPxCCo8eOAp6MWeBR1ZcE12MvzqZrLuBWOzYV5gZN_QYcc\/s1600\/&amp;1ZF.jpg\" height=\"225\" width=\"400\" \/><\/a><\/div>\n<p>Vainqueur du Bar\u00e7a (3-2) ce mardi en Ligue des champions, le PSG a r\u00e9alis\u00e9 un bel exploit face \u00e0 une \u00e9quipe qui n\u2019avait perdu aucun match depuis le d\u00e9but de saison. Blaise Matuidi et sa bande sont \u00e9videmment r\u00e9compens\u00e9s par de belles notes.<\/p>\n<p><b>Les notes des Parisiens :<\/b><br \/><b><br \/><\/b><b>Sirigu : 6,5<\/b><br \/><b>Van der Wiel : 7<\/b><br \/><b>Marquinhos : 8<\/b><br \/><b>David Luiz : 8<\/b><br \/><b>Maxwell : 6<\/b><br \/><b>Thiago Motta (cap) : 7<\/b><br \/><b>Matuidi : 8,5<\/b><br \/><b>Verratti : 7,5<\/b><br \/><b>Lucas : 7<\/b><br \/><b>Pastore : 8<\/b><br \/><b>Cavani : 5<\/b><br \/><b><br \/><\/b><\/p>\n<p>Match de gala oblige, le PSG se devait de r\u00e9galer le Parc des Princes. Histoire de faire taire les critiques du d\u00e9but de saison, mais aussi de frapper un grand coup face \u00e0 l\u2019une des plus belles \u00e9quipes d\u2019Europe. Et le moins que l\u2019on puisse dire, c\u2019est que les hommes de Laurent Blanc ont fait plus que se mettre au niveau de Lionel Messi et sa bande. Emmen\u00e9s par un Blaise Matuidi (8,5) omnipr\u00e9sent, un Javier Pastore (8) tr\u00e8s propre techniquement, un Verratti (7,5) qui se met \u00e0 marquer des buts et une paire David Luiz (8) &#8211; Marquinhos (8) de niveau international, les Parisiens ont mis \u00e0 mal une d\u00e9fense catalane, qui n\u2019avait pourtant encaiss\u00e9 aucun but depuis le d\u00e9but de saison.<\/p>\n<p>Tout n\u2019a pas \u00e9t\u00e9 parfait, c\u2019est s\u00fbr. Mais infliger au Bar\u00e7a sa premi\u00e8re d\u00e9faite de la saison reste une performance de tr\u00e8s haut rang. Si Laurent Blanc a tr\u00e8s certainement beaucoup de bons points \u00e0 donner, il regrettera malheureusement les deux petits manques d\u2019attention apr\u00e8s les premier et troisi\u00e8me buts parisiens, qui ont conduit aux deux r\u00e9alisations blaugrana (12e et 56e). Il regrettera aussi le manque d\u2019impact offensif d\u2019Edinson Cavani (5), qui s\u2019est encore une fois montr\u00e9 tr\u00e8s maladroit \u00e0 la pointe de l\u2019attaque parisienne. Mais ce soir, l\u2019essentiel est ailleurs. Le PSG a tenu d\u00e9fensivement, \u00e0 l\u2019image d\u2019un Marquinhos h\u00e9ro\u00efque en fin de match. Auteur d\u2019un tacle fantastique sur une frappe de Jordi Alba (82e), le d\u00e9fenseur br\u00e9silien laisse \u00e9clater sa rage, il \u00e9vite \u00e0 Paris un cruel retour du Bar\u00e7a. Le virevoltant Lucas (7) et ses co\u00e9quipiers tiennent l\u00e0 leur victoire de prestige et ont bien m\u00e9rit\u00e9 la standing ovation du Parc au coup de sifflet final.<\/p>\n<p><b>Les notes du Bar\u00e7a :<\/b><br \/><b><br \/><\/b><b>Ter Stegen : 4<\/b><br \/><b>Alves : 4<\/b><br \/><b>Mascherano : 5<\/b><br \/><b>Mathieu : 5<\/b><br \/><b>Alba : 4<\/b><br \/><b>Busquets : 5<\/b><br \/><b>Rakitic : 4<\/b><br \/><b>Iniesta : 6<\/b><br \/><b>Pedro : 5<\/b><br \/><b>Messi : 7<\/b><br \/><b>Neymar : 6<\/b><\/p>\n<p>17 buts marqu\u00e9s, z\u00e9ro encaiss\u00e9. Six victoires, un nul et z\u00e9ro d\u00e9faite. Au moment de se pr\u00e9senter sur la pelouse du Parc des Princes, le Bar\u00e7a faisait sans aucun doute figure de favori face \u00e0 des Parisiens en manque de confiance. Mais voil\u00e0, la Ligue des champions est une comp\u00e9tition \u00e0 part, o\u00f9 tout reste possible. Et ce soir, les hommes de Luis Enrique se sont fait rentrer dedans d\u00e8s le coup d\u2019envoi, \u00e0 l\u2019image du coup d\u2019\u00e9paule de Blaise Matuidi sur Rakiti\u0107 d\u00e8s la premi\u00e8re minute. Histoire de bien montrer que les Catalans ne seraient pas dans leur jardin.<\/p>\n<p>A la peine d\u00e9fensivement face aux assauts de Lucas, Pastore et Matuidi, l\u2019actuel leader de la Liga a n\u00e9anmoins montr\u00e9 qu\u2019il disposait d\u2019une des plus belles attaques europ\u00e9ennes. Si Lionel Messi a, comme toujours, \u00e9t\u00e9 tr\u00e8s mena\u00e7ant, Neymar et Pedro ont, eux, inqui\u00e9t\u00e9 les d\u00e9fenseurs parisiens par \u00e0-coups seulement. Comme \u00e0 son habitude, le Bar\u00e7a a eu le ballon, le Bar\u00e7a a fait le jeu, le Bar\u00e7a a multipli\u00e9 les offensives\u2026 mais le Bar\u00e7a n\u2019a jamais r\u00e9ussi \u00e0 faire plier le mur du champion de France. Et m\u00eame les entr\u00e9es de Xavi (nouveau recordman du nombre de matches en LDC), qui a remplac\u00e9 un Rakitic en difficult\u00e9 ce soir, Munir et Sandro n\u2019ont pas d\u00e9stabilis\u00e9 le bloc parisien. Malgr\u00e9 une pression quasi irrespirable en fin de match, le Bar\u00e7a n\u2019est jamais parvenu \u00e0 revenir \u00e0 hauteur du PSG.<\/p>\n<p>rmcsport.bfmtv<\/p>\n","protected":false},"excerpt":{"rendered":"<p>Vainqueur du Bar\u00e7a (3-2) ce mardi en Ligue des champions, le PSG a r\u00e9alis\u00e9 un bel exploit face \u00e0 une \u00e9quipe qui n\u2019avait perdu aucun match depuis le d\u00e9but de saison. Blaise Matuidi et sa bande sont \u00e9videmment r\u00e9compens\u00e9s par de belles notes. Les notes des Parisiens :Sirigu : 6,5Van der Wiel : 7Marquinhos : [&hellip;]<\/p>\n","protected":false},"author":2,"featured_media":0,"comment_status":"open","ping_status":"open","sticky":false,"template":"","format":"standard","meta":{"footnotes":""},"categories":[3],"tags":[],"class_list":{"0":"post-443","1":"post","2":"type-post","3":"status-publish","4":"format-standard","6":"category-news"},"yoast_head":"<!-- This site is optimized with the Yoast SEO plugin v27.4 - https:\/\/yoast.com\/product\/yoast-seo-wordpress\/ -->\n<title>PSG-Bar\u00e7a : les notes - PSG FANS<\/title>\n<meta name=\"robots\" content=\"index, follow, max-snippet:-1, max-image-preview:large, max-video-preview:-1\" \/>\n<link rel=\"canonical\" href=\"https:\/\/psgfans.fr\/?p=443\" \/>\n<meta property=\"og:locale\" content=\"fr_FR\" \/>\n<meta property=\"og:type\" content=\"article\" \/>\n<meta property=\"og:title\" content=\"PSG-Bar\u00e7a : les notes - PSG FANS\" \/>\n<meta property=\"og:description\" content=\"Vainqueur du Bar\u00e7a (3-2) ce mardi en Ligue des champions, le PSG a r\u00e9alis\u00e9 un bel exploit face \u00e0 une \u00e9quipe qui n\u2019avait perdu aucun match depuis le d\u00e9but de saison. Blaise Matuidi et sa bande sont \u00e9videmment r\u00e9compens\u00e9s par de belles notes. Les notes des Parisiens :Sirigu : 6,5Van der Wiel : 7Marquinhos : [&hellip;]\" \/>\n<meta property=\"og:url\" content=\"https:\/\/psgfans.fr\/?p=443\" \/>\n<meta property=\"og:site_name\" content=\"PSG FANS\" \/>\n<meta property=\"article:published_time\" content=\"2014-09-30T23:12:00+00:00\" \/>\n<meta property=\"og:image\" content=\"https:\/\/blogger.googleusercontent.com\/img\/b\/R29vZ2xl\/AVvXsEiAlWakNU88XVznvgakBK1JGfyQRxnnMxKeQkXfW8C2rP26qxcyJTIQrAeunKy3kkRICWr-pyRzKHzmEX8aBTsgYDYz_yODntPxCCo8eOAp6MWeBR1ZcE12MvzqZrLuBWOzYV5gZN_QYcc\/s1600\/&amp;1ZF.jpg\" \/>\n<meta name=\"author\" content=\"psgfans\" \/>\n<meta name=\"twitter:card\" content=\"summary_large_image\" \/>\n<meta name=\"twitter:label1\" content=\"\u00c9crit par\" \/>\n\t<meta name=\"twitter:data1\" content=\"psgfans\" \/>\n\t<meta name=\"twitter:label2\" content=\"Dur\u00e9e de lecture estim\u00e9e\" \/>\n\t<meta name=\"twitter:data2\" content=\"3 minutes\" \/>\n<script type=\"application\/ld+json\" class=\"yoast-schema-graph\">{\"@context\":\"https:\\\/\\\/schema.org\",\"@graph\":[{\"@type\":\"Article\",\"@id\":\"https:\\\/\\\/psgfans.fr\\\/?p=443#article\",\"isPartOf\":{\"@id\":\"https:\\\/\\\/psgfans.fr\\\/?p=443\"},\"author\":{\"name\":\"psgfans\",\"@id\":\"https:\\\/\\\/psgfans.fr\\\/#\\\/schema\\\/person\\\/be2237e7a0237af2f29cb344b3c55e6c\"},\"headline\":\"PSG-Bar\u00e7a : les notes\",\"datePublished\":\"2014-09-30T23:12:00+00:00\",\"mainEntityOfPage\":{\"@id\":\"https:\\\/\\\/psgfans.fr\\\/?p=443\"},\"wordCount\":665,\"commentCount\":0,\"image\":{\"@id\":\"https:\\\/\\\/psgfans.fr\\\/?p=443#primaryimage\"},\"thumbnailUrl\":\"https:\\\/\\\/blogger.googleusercontent.com\\\/img\\\/b\\\/R29vZ2xl\\\/AVvXsEiAlWakNU88XVznvgakBK1JGfyQRxnnMxKeQkXfW8C2rP26qxcyJTIQrAeunKy3kkRICWr-pyRzKHzmEX8aBTsgYDYz_yODntPxCCo8eOAp6MWeBR1ZcE12MvzqZrLuBWOzYV5gZN_QYcc\\\/s1600\\\/&amp;1ZF.jpg\",\"articleSection\":[\"News\"],\"inLanguage\":\"fr-FR\",\"potentialAction\":[{\"@type\":\"CommentAction\",\"name\":\"Comment\",\"target\":[\"https:\\\/\\\/psgfans.fr\\\/?p=443#respond\"]}]},{\"@type\":\"WebPage\",\"@id\":\"https:\\\/\\\/psgfans.fr\\\/?p=443\",\"url\":\"https:\\\/\\\/psgfans.fr\\\/?p=443\",\"name\":\"PSG-Bar\u00e7a : les notes - PSG FANS\",\"isPartOf\":{\"@id\":\"https:\\\/\\\/psgfans.fr\\\/#website\"},\"primaryImageOfPage\":{\"@id\":\"https:\\\/\\\/psgfans.fr\\\/?p=443#primaryimage\"},\"image\":{\"@id\":\"https:\\\/\\\/psgfans.fr\\\/?p=443#primaryimage\"},\"thumbnailUrl\":\"https:\\\/\\\/blogger.googleusercontent.com\\\/img\\\/b\\\/R29vZ2xl\\\/AVvXsEiAlWakNU88XVznvgakBK1JGfyQRxnnMxKeQkXfW8C2rP26qxcyJTIQrAeunKy3kkRICWr-pyRzKHzmEX8aBTsgYDYz_yODntPxCCo8eOAp6MWeBR1ZcE12MvzqZrLuBWOzYV5gZN_QYcc\\\/s1600\\\/&amp;1ZF.jpg\",\"datePublished\":\"2014-09-30T23:12:00+00:00\",\"author\":{\"@id\":\"https:\\\/\\\/psgfans.fr\\\/#\\\/schema\\\/person\\\/be2237e7a0237af2f29cb344b3c55e6c\"},\"breadcrumb\":{\"@id\":\"https:\\\/\\\/psgfans.fr\\\/?p=443#breadcrumb\"},\"inLanguage\":\"fr-FR\",\"potentialAction\":[{\"@type\":\"ReadAction\",\"target\":[\"https:\\\/\\\/psgfans.fr\\\/?p=443\"]}]},{\"@type\":\"ImageObject\",\"inLanguage\":\"fr-FR\",\"@id\":\"https:\\\/\\\/psgfans.fr\\\/?p=443#primaryimage\",\"url\":\"https:\\\/\\\/blogger.googleusercontent.com\\\/img\\\/b\\\/R29vZ2xl\\\/AVvXsEiAlWakNU88XVznvgakBK1JGfyQRxnnMxKeQkXfW8C2rP26qxcyJTIQrAeunKy3kkRICWr-pyRzKHzmEX8aBTsgYDYz_yODntPxCCo8eOAp6MWeBR1ZcE12MvzqZrLuBWOzYV5gZN_QYcc\\\/s1600\\\/&amp;1ZF.jpg\",\"contentUrl\":\"https:\\\/\\\/blogger.googleusercontent.com\\\/img\\\/b\\\/R29vZ2xl\\\/AVvXsEiAlWakNU88XVznvgakBK1JGfyQRxnnMxKeQkXfW8C2rP26qxcyJTIQrAeunKy3kkRICWr-pyRzKHzmEX8aBTsgYDYz_yODntPxCCo8eOAp6MWeBR1ZcE12MvzqZrLuBWOzYV5gZN_QYcc\\\/s1600\\\/&amp;1ZF.jpg\"},{\"@type\":\"BreadcrumbList\",\"@id\":\"https:\\\/\\\/psgfans.fr\\\/?p=443#breadcrumb\",\"itemListElement\":[{\"@type\":\"ListItem\",\"position\":1,\"name\":\"Accueil\",\"item\":\"https:\\\/\\\/psgfans.fr\\\/\"},{\"@type\":\"ListItem\",\"position\":2,\"name\":\"PSG-Bar\u00e7a : les notes\"}]},{\"@type\":\"WebSite\",\"@id\":\"https:\\\/\\\/psgfans.fr\\\/#website\",\"url\":\"https:\\\/\\\/psgfans.fr\\\/\",\"name\":\"PSG FANS\",\"description\":\"Unit\u00e9, Passion, Victoire : Au C\u0153ur du Paris Saint-Germain!\",\"potentialAction\":[{\"@type\":\"SearchAction\",\"target\":{\"@type\":\"EntryPoint\",\"urlTemplate\":\"https:\\\/\\\/psgfans.fr\\\/?s={search_term_string}\"},\"query-input\":{\"@type\":\"PropertyValueSpecification\",\"valueRequired\":true,\"valueName\":\"search_term_string\"}}],\"inLanguage\":\"fr-FR\"},{\"@type\":\"Person\",\"@id\":\"https:\\\/\\\/psgfans.fr\\\/#\\\/schema\\\/person\\\/be2237e7a0237af2f29cb344b3c55e6c\",\"name\":\"psgfans\",\"image\":{\"@type\":\"ImageObject\",\"inLanguage\":\"fr-FR\",\"@id\":\"https:\\\/\\\/secure.gravatar.com\\\/avatar\\\/?s=96&d=mm&r=g\",\"url\":\"https:\\\/\\\/secure.gravatar.com\\\/avatar\\\/?s=96&d=mm&r=g\",\"contentUrl\":\"https:\\\/\\\/secure.gravatar.com\\\/avatar\\\/?s=96&d=mm&r=g\",\"caption\":\"psgfans\"},\"url\":\"https:\\\/\\\/psgfans.fr\\\/?author=2\"}]}<\/script>\n<!-- \/ Yoast SEO plugin. -->","yoast_head_json":{"title":"PSG-Bar\u00e7a : les notes - PSG FANS","robots":{"index":"index","follow":"follow","max-snippet":"max-snippet:-1","max-image-preview":"max-image-preview:large","max-video-preview":"max-video-preview:-1"},"canonical":"https:\/\/psgfans.fr\/?p=443","og_locale":"fr_FR","og_type":"article","og_title":"PSG-Bar\u00e7a : les notes - PSG FANS","og_description":"Vainqueur du Bar\u00e7a (3-2) ce mardi en Ligue des champions, le PSG a r\u00e9alis\u00e9 un bel exploit face \u00e0 une \u00e9quipe qui n\u2019avait perdu aucun match depuis le d\u00e9but de saison. Blaise Matuidi et sa bande sont \u00e9videmment r\u00e9compens\u00e9s par de belles notes. Les notes des Parisiens :Sirigu : 6,5Van der Wiel : 7Marquinhos : [&hellip;]","og_url":"https:\/\/psgfans.fr\/?p=443","og_site_name":"PSG FANS","article_published_time":"2014-09-30T23:12:00+00:00","og_image":[{"url":"https:\/\/blogger.googleusercontent.com\/img\/b\/R29vZ2xl\/AVvXsEiAlWakNU88XVznvgakBK1JGfyQRxnnMxKeQkXfW8C2rP26qxcyJTIQrAeunKy3kkRICWr-pyRzKHzmEX8aBTsgYDYz_yODntPxCCo8eOAp6MWeBR1ZcE12MvzqZrLuBWOzYV5gZN_QYcc\/s1600\/&amp;1ZF.jpg","type":"","width":"","height":""}],"author":"psgfans","twitter_card":"summary_large_image","twitter_misc":{"\u00c9crit par":"psgfans","Dur\u00e9e de lecture estim\u00e9e":"3 minutes"},"schema":{"@context":"https:\/\/schema.org","@graph":[{"@type":"Article","@id":"https:\/\/psgfans.fr\/?p=443#article","isPartOf":{"@id":"https:\/\/psgfans.fr\/?p=443"},"author":{"name":"psgfans","@id":"https:\/\/psgfans.fr\/#\/schema\/person\/be2237e7a0237af2f29cb344b3c55e6c"},"headline":"PSG-Bar\u00e7a : les notes","datePublished":"2014-09-30T23:12:00+00:00","mainEntityOfPage":{"@id":"https:\/\/psgfans.fr\/?p=443"},"wordCount":665,"commentCount":0,"image":{"@id":"https:\/\/psgfans.fr\/?p=443#primaryimage"},"thumbnailUrl":"https:\/\/blogger.googleusercontent.com\/img\/b\/R29vZ2xl\/AVvXsEiAlWakNU88XVznvgakBK1JGfyQRxnnMxKeQkXfW8C2rP26qxcyJTIQrAeunKy3kkRICWr-pyRzKHzmEX8aBTsgYDYz_yODntPxCCo8eOAp6MWeBR1ZcE12MvzqZrLuBWOzYV5gZN_QYcc\/s1600\/&amp;1ZF.jpg","articleSection":["News"],"inLanguage":"fr-FR","potentialAction":[{"@type":"CommentAction","name":"Comment","target":["https:\/\/psgfans.fr\/?p=443#respond"]}]},{"@type":"WebPage","@id":"https:\/\/psgfans.fr\/?p=443","url":"https:\/\/psgfans.fr\/?p=443","name":"PSG-Bar\u00e7a : les notes - PSG FANS","isPartOf":{"@id":"https:\/\/psgfans.fr\/#website"},"primaryImageOfPage":{"@id":"https:\/\/psgfans.fr\/?p=443#primaryimage"},"image":{"@id":"https:\/\/psgfans.fr\/?p=443#primaryimage"},"thumbnailUrl":"https:\/\/blogger.googleusercontent.com\/img\/b\/R29vZ2xl\/AVvXsEiAlWakNU88XVznvgakBK1JGfyQRxnnMxKeQkXfW8C2rP26qxcyJTIQrAeunKy3kkRICWr-pyRzKHzmEX8aBTsgYDYz_yODntPxCCo8eOAp6MWeBR1ZcE12MvzqZrLuBWOzYV5gZN_QYcc\/s1600\/&amp;1ZF.jpg","datePublished":"2014-09-30T23:12:00+00:00","author":{"@id":"https:\/\/psgfans.fr\/#\/schema\/person\/be2237e7a0237af2f29cb344b3c55e6c"},"breadcrumb":{"@id":"https:\/\/psgfans.fr\/?p=443#breadcrumb"},"inLanguage":"fr-FR","potentialAction":[{"@type":"ReadAction","target":["https:\/\/psgfans.fr\/?p=443"]}]},{"@type":"ImageObject","inLanguage":"fr-FR","@id":"https:\/\/psgfans.fr\/?p=443#primaryimage","url":"https:\/\/blogger.googleusercontent.com\/img\/b\/R29vZ2xl\/AVvXsEiAlWakNU88XVznvgakBK1JGfyQRxnnMxKeQkXfW8C2rP26qxcyJTIQrAeunKy3kkRICWr-pyRzKHzmEX8aBTsgYDYz_yODntPxCCo8eOAp6MWeBR1ZcE12MvzqZrLuBWOzYV5gZN_QYcc\/s1600\/&amp;1ZF.jpg","contentUrl":"https:\/\/blogger.googleusercontent.com\/img\/b\/R29vZ2xl\/AVvXsEiAlWakNU88XVznvgakBK1JGfyQRxnnMxKeQkXfW8C2rP26qxcyJTIQrAeunKy3kkRICWr-pyRzKHzmEX8aBTsgYDYz_yODntPxCCo8eOAp6MWeBR1ZcE12MvzqZrLuBWOzYV5gZN_QYcc\/s1600\/&amp;1ZF.jpg"},{"@type":"BreadcrumbList","@id":"https:\/\/psgfans.fr\/?p=443#breadcrumb","itemListElement":[{"@type":"ListItem","position":1,"name":"Accueil","item":"https:\/\/psgfans.fr\/"},{"@type":"ListItem","position":2,"name":"PSG-Bar\u00e7a : les notes"}]},{"@type":"WebSite","@id":"https:\/\/psgfans.fr\/#website","url":"https:\/\/psgfans.fr\/","name":"PSG FANS","description":"Unit\u00e9, Passion, Victoire : Au C\u0153ur du Paris Saint-Germain!","potentialAction":[{"@type":"SearchAction","target":{"@type":"EntryPoint","urlTemplate":"https:\/\/psgfans.fr\/?s={search_term_string}"},"query-input":{"@type":"PropertyValueSpecification","valueRequired":true,"valueName":"search_term_string"}}],"inLanguage":"fr-FR"},{"@type":"Person","@id":"https:\/\/psgfans.fr\/#\/schema\/person\/be2237e7a0237af2f29cb344b3c55e6c","name":"psgfans","image":{"@type":"ImageObject","inLanguage":"fr-FR","@id":"https:\/\/secure.gravatar.com\/avatar\/?s=96&d=mm&r=g","url":"https:\/\/secure.gravatar.com\/avatar\/?s=96&d=mm&r=g","contentUrl":"https:\/\/secure.gravatar.com\/avatar\/?s=96&d=mm&r=g","caption":"psgfans"},"url":"https:\/\/psgfans.fr\/?author=2"}]}},"_links":{"self":[{"href":"https:\/\/psgfans.fr\/index.php?rest_route=\/wp\/v2\/posts\/443","targetHints":{"allow":["GET"]}}],"collection":[{"href":"https:\/\/psgfans.fr\/index.php?rest_route=\/wp\/v2\/posts"}],"about":[{"href":"https:\/\/psgfans.fr\/index.php?rest_route=\/wp\/v2\/types\/post"}],"author":[{"embeddable":true,"href":"https:\/\/psgfans.fr\/index.php?rest_route=\/wp\/v2\/users\/2"}],"replies":[{"embeddable":true,"href":"https:\/\/psgfans.fr\/index.php?rest_route=%2Fwp%2Fv2%2Fcomments&post=443"}],"version-history":[{"count":0,"href":"https:\/\/psgfans.fr\/index.php?rest_route=\/wp\/v2\/posts\/443\/revisions"}],"wp:attachment":[{"href":"https:\/\/psgfans.fr\/index.php?rest_route=%2Fwp%2Fv2%2Fmedia&parent=443"}],"wp:term":[{"taxonomy":"category","embeddable":true,"href":"https:\/\/psgfans.fr\/index.php?rest_route=%2Fwp%2Fv2%2Fcategories&post=443"},{"taxonomy":"post_tag","embeddable":true,"href":"https:\/\/psgfans.fr\/index.php?rest_route=%2Fwp%2Fv2%2Ftags&post=443"}],"curies":[{"name":"wp","href":"https:\/\/api.w.org\/{rel}","templated":true}]}}