{"id":403,"date":"2014-11-20T19:49:00","date_gmt":"2014-11-20T18:49:00","guid":{"rendered":"https:\/\/psgfans.fr\/?p=403"},"modified":"2014-11-20T19:49:00","modified_gmt":"2014-11-20T18:49:00","slug":"transfert-di-maria-a-paris-des-cet-hiver","status":"publish","type":"post","link":"https:\/\/psgfans.fr\/?p=403","title":{"rendered":"Transfert : Di Maria \u00e0 Paris d\u00e8s cet hiver ?"},"content":{"rendered":"<div style=\"clear: both; text-align: center;\"><a href=\"https:\/\/blogger.googleusercontent.com\/img\/b\/R29vZ2xl\/AVvXsEh3xzorBgc_Qsp6hztNY_OS9tdupLiNBU4B6iRzzs0-hC3SRjvljsNwZUt4ZhrLhyN9G5yOojJa9kF-cikh2bNdibBqgcz7usk2b2XQpHuygoYGP85ORs455oidMWKWpFynAIkArCCDZrM\/s1600\/&amp;111ff1f1.jpg\" style=\"margin-left: 1em; margin-right: 1em;\"><img loading=\"lazy\" decoding=\"async\" border=\"0\" src=\"https:\/\/blogger.googleusercontent.com\/img\/b\/R29vZ2xl\/AVvXsEh3xzorBgc_Qsp6hztNY_OS9tdupLiNBU4B6iRzzs0-hC3SRjvljsNwZUt4ZhrLhyN9G5yOojJa9kF-cikh2bNdibBqgcz7usk2b2XQpHuygoYGP85ORs455oidMWKWpFynAIkArCCDZrM\/s1600\/&amp;111ff1f1.jpg\" height=\"266\" width=\"400\" \/><\/a><\/div>\n<p><b>R\u00e9cemment, Angel Di Maria confiait dans T\u00e9l\u00e9foot que son transfert au PSG avait capot\u00e9 seulement pour une question d&rsquo;argent. Contre toute attente, Paris et l&rsquo;Argentin pourraient rattraper ce rendez-vous manqu\u00e9 d\u00e8s le prochain mercato.<\/b><\/p>\n<div><\/div>\n<p>Selon le quotidien britannique Metro, Manchester United serait pr\u00eat \u00e0 c\u00e9der Angel Di Maria au prochain mercato, seulement quelques mois apr\u00e8s son arriv\u00e9e. Le club qui accueillerait bras ouverts l&rsquo;international argentin est le PSG, qui \u00e9tait d\u00e9j\u00e0 \u00e0 deux doigts de le faire signer l&rsquo;\u00e9t\u00e9 dernier.<\/p>\n<p>80 millions d&rsquo;euros pour Di Maria ?<br \/>Alors qu&rsquo;Angel Di Maria a fil\u00e9 sous le nez du PSG l&rsquo;\u00e9t\u00e9 dernier alors que le club de la capitale et le joueur argentin semblaient promis \u00e0 un avenir commun, la donne aurait chang\u00e9. Selon la presse anglaise, Manchester United, en difficult\u00e9 durant la premi\u00e8re partie de saison, serait dispos\u00e9 \u00e0 c\u00e9der l&rsquo;ancien milieu achet\u00e9 75 millions d&rsquo;euros au Real Madrid. Mais l&rsquo;indemnit\u00e9 r\u00e9clam\u00e9e, qui avoisinerait les 80 millions d&rsquo;euros, risque \u00e0 nouveau de compliquer l&rsquo;affaire en raison du fair-play financier.<\/p>\n<p>Il pourrait jouer la Ligue des champions<br \/>A Paris, l&rsquo;arriv\u00e9e d&rsquo;Angel Di Maria cet hiver serait bien vue car il est l&rsquo;un des rares joueurs de top niveau mondial qui pourrait disputer la Ligue des champions cette saison, objectif principal du club. Avec une telle recrue, le PSG se renforcerait et r\u00e9affirmerait un peu plus ses ambitions en C1. L&rsquo;international argentin, polyvalent, offrirait en outre de nouvelles possibilit\u00e9s \u00e0 Laurent Blanc dans ses sch\u00e9mas tactiques.<\/p>\n<p>MU voit plus grand<br \/>Pourquoi Manchester United se d\u00e9lesterait d&rsquo;un joueur acquis il y a quelques mois seulement et qui fait partie des rares satisfactions du d\u00e9but de saison ? Parce que, toujours selon Metro, Louis van Gaal penserait d\u00e9j\u00e0 \u00e0 son effectif de la saison prochaine, avec pour objectif rien d&rsquo;autre que l&rsquo;une des deux super stars du Real Madrid : Cristiano Ronaldo ou Gareth Bale ! Autant dire que la vente de Di Maria ne serait pas de trop pour acqu\u00e9rir l&rsquo;un de ces deux joueurs \u00e9valu\u00e9s \u00e0 plus de 100 millions d&rsquo;euros.<\/p>\n<p>Avec les doutes concernant l&rsquo;avenir de Yohan Cabaye et cette nouvelle rumeur Di Maria, le mercato hivernal s&rsquo;annonce peut-\u00eatre plus agit\u00e9 que pr\u00e9vu au PSG.<\/p>\n<p>Source: TF1<\/p>\n","protected":false},"excerpt":{"rendered":"<p>R\u00e9cemment, Angel Di Maria confiait dans T\u00e9l\u00e9foot que son transfert au PSG avait capot\u00e9 seulement pour une question d&rsquo;argent. Contre toute attente, Paris et l&rsquo;Argentin pourraient rattraper ce rendez-vous manqu\u00e9 d\u00e8s le prochain mercato. Selon le quotidien britannique Metro, Manchester United serait pr\u00eat \u00e0 c\u00e9der Angel Di Maria au prochain mercato, seulement quelques mois apr\u00e8s [&hellip;]<\/p>\n","protected":false},"author":2,"featured_media":0,"comment_status":"open","ping_status":"open","sticky":false,"template":"","format":"standard","meta":{"footnotes":""},"categories":[3],"tags":[],"class_list":{"0":"post-403","1":"post","2":"type-post","3":"status-publish","4":"format-standard","6":"category-news"},"yoast_head":"<!-- This site is optimized with the Yoast SEO plugin v27.4 - https:\/\/yoast.com\/product\/yoast-seo-wordpress\/ -->\n<title>Transfert : Di Maria \u00e0 Paris d\u00e8s cet hiver ? - PSG FANS<\/title>\n<meta name=\"robots\" content=\"index, follow, max-snippet:-1, max-image-preview:large, max-video-preview:-1\" \/>\n<link rel=\"canonical\" href=\"https:\/\/psgfans.fr\/?p=403\" \/>\n<meta property=\"og:locale\" content=\"fr_FR\" \/>\n<meta property=\"og:type\" content=\"article\" \/>\n<meta property=\"og:title\" content=\"Transfert : Di Maria \u00e0 Paris d\u00e8s cet hiver ? - PSG FANS\" \/>\n<meta property=\"og:description\" content=\"R\u00e9cemment, Angel Di Maria confiait dans T\u00e9l\u00e9foot que son transfert au PSG avait capot\u00e9 seulement pour une question d&rsquo;argent. Contre toute attente, Paris et l&rsquo;Argentin pourraient rattraper ce rendez-vous manqu\u00e9 d\u00e8s le prochain mercato. Selon le quotidien britannique Metro, Manchester United serait pr\u00eat \u00e0 c\u00e9der Angel Di Maria au prochain mercato, seulement quelques mois apr\u00e8s [&hellip;]\" \/>\n<meta property=\"og:url\" content=\"https:\/\/psgfans.fr\/?p=403\" \/>\n<meta property=\"og:site_name\" content=\"PSG FANS\" \/>\n<meta property=\"article:published_time\" content=\"2014-11-20T18:49:00+00:00\" \/>\n<meta property=\"og:image\" content=\"https:\/\/blogger.googleusercontent.com\/img\/b\/R29vZ2xl\/AVvXsEh3xzorBgc_Qsp6hztNY_OS9tdupLiNBU4B6iRzzs0-hC3SRjvljsNwZUt4ZhrLhyN9G5yOojJa9kF-cikh2bNdibBqgcz7usk2b2XQpHuygoYGP85ORs455oidMWKWpFynAIkArCCDZrM\/s1600\/&amp;111ff1f1.jpg\" \/>\n<meta name=\"author\" content=\"psgfans\" \/>\n<meta name=\"twitter:card\" content=\"summary_large_image\" \/>\n<meta name=\"twitter:label1\" content=\"\u00c9crit par\" \/>\n\t<meta name=\"twitter:data1\" content=\"psgfans\" \/>\n\t<meta name=\"twitter:label2\" content=\"Dur\u00e9e de lecture estim\u00e9e\" \/>\n\t<meta name=\"twitter:data2\" content=\"2 minutes\" \/>\n<script type=\"application\/ld+json\" class=\"yoast-schema-graph\">{\"@context\":\"https:\\\/\\\/schema.org\",\"@graph\":[{\"@type\":\"Article\",\"@id\":\"https:\\\/\\\/psgfans.fr\\\/?p=403#article\",\"isPartOf\":{\"@id\":\"https:\\\/\\\/psgfans.fr\\\/?p=403\"},\"author\":{\"name\":\"psgfans\",\"@id\":\"https:\\\/\\\/psgfans.fr\\\/#\\\/schema\\\/person\\\/be2237e7a0237af2f29cb344b3c55e6c\"},\"headline\":\"Transfert : Di Maria \u00e0 Paris d\u00e8s cet hiver ?\",\"datePublished\":\"2014-11-20T18:49:00+00:00\",\"mainEntityOfPage\":{\"@id\":\"https:\\\/\\\/psgfans.fr\\\/?p=403\"},\"wordCount\":402,\"commentCount\":0,\"image\":{\"@id\":\"https:\\\/\\\/psgfans.fr\\\/?p=403#primaryimage\"},\"thumbnailUrl\":\"https:\\\/\\\/blogger.googleusercontent.com\\\/img\\\/b\\\/R29vZ2xl\\\/AVvXsEh3xzorBgc_Qsp6hztNY_OS9tdupLiNBU4B6iRzzs0-hC3SRjvljsNwZUt4ZhrLhyN9G5yOojJa9kF-cikh2bNdibBqgcz7usk2b2XQpHuygoYGP85ORs455oidMWKWpFynAIkArCCDZrM\\\/s1600\\\/&amp;111ff1f1.jpg\",\"articleSection\":[\"News\"],\"inLanguage\":\"fr-FR\",\"potentialAction\":[{\"@type\":\"CommentAction\",\"name\":\"Comment\",\"target\":[\"https:\\\/\\\/psgfans.fr\\\/?p=403#respond\"]}]},{\"@type\":\"WebPage\",\"@id\":\"https:\\\/\\\/psgfans.fr\\\/?p=403\",\"url\":\"https:\\\/\\\/psgfans.fr\\\/?p=403\",\"name\":\"Transfert : Di Maria \u00e0 Paris d\u00e8s cet hiver ? - PSG FANS\",\"isPartOf\":{\"@id\":\"https:\\\/\\\/psgfans.fr\\\/#website\"},\"primaryImageOfPage\":{\"@id\":\"https:\\\/\\\/psgfans.fr\\\/?p=403#primaryimage\"},\"image\":{\"@id\":\"https:\\\/\\\/psgfans.fr\\\/?p=403#primaryimage\"},\"thumbnailUrl\":\"https:\\\/\\\/blogger.googleusercontent.com\\\/img\\\/b\\\/R29vZ2xl\\\/AVvXsEh3xzorBgc_Qsp6hztNY_OS9tdupLiNBU4B6iRzzs0-hC3SRjvljsNwZUt4ZhrLhyN9G5yOojJa9kF-cikh2bNdibBqgcz7usk2b2XQpHuygoYGP85ORs455oidMWKWpFynAIkArCCDZrM\\\/s1600\\\/&amp;111ff1f1.jpg\",\"datePublished\":\"2014-11-20T18:49:00+00:00\",\"author\":{\"@id\":\"https:\\\/\\\/psgfans.fr\\\/#\\\/schema\\\/person\\\/be2237e7a0237af2f29cb344b3c55e6c\"},\"breadcrumb\":{\"@id\":\"https:\\\/\\\/psgfans.fr\\\/?p=403#breadcrumb\"},\"inLanguage\":\"fr-FR\",\"potentialAction\":[{\"@type\":\"ReadAction\",\"target\":[\"https:\\\/\\\/psgfans.fr\\\/?p=403\"]}]},{\"@type\":\"ImageObject\",\"inLanguage\":\"fr-FR\",\"@id\":\"https:\\\/\\\/psgfans.fr\\\/?p=403#primaryimage\",\"url\":\"https:\\\/\\\/blogger.googleusercontent.com\\\/img\\\/b\\\/R29vZ2xl\\\/AVvXsEh3xzorBgc_Qsp6hztNY_OS9tdupLiNBU4B6iRzzs0-hC3SRjvljsNwZUt4ZhrLhyN9G5yOojJa9kF-cikh2bNdibBqgcz7usk2b2XQpHuygoYGP85ORs455oidMWKWpFynAIkArCCDZrM\\\/s1600\\\/&amp;111ff1f1.jpg\",\"contentUrl\":\"https:\\\/\\\/blogger.googleusercontent.com\\\/img\\\/b\\\/R29vZ2xl\\\/AVvXsEh3xzorBgc_Qsp6hztNY_OS9tdupLiNBU4B6iRzzs0-hC3SRjvljsNwZUt4ZhrLhyN9G5yOojJa9kF-cikh2bNdibBqgcz7usk2b2XQpHuygoYGP85ORs455oidMWKWpFynAIkArCCDZrM\\\/s1600\\\/&amp;111ff1f1.jpg\"},{\"@type\":\"BreadcrumbList\",\"@id\":\"https:\\\/\\\/psgfans.fr\\\/?p=403#breadcrumb\",\"itemListElement\":[{\"@type\":\"ListItem\",\"position\":1,\"name\":\"Accueil\",\"item\":\"https:\\\/\\\/psgfans.fr\\\/\"},{\"@type\":\"ListItem\",\"position\":2,\"name\":\"Transfert : Di Maria \u00e0 Paris d\u00e8s cet hiver ?\"}]},{\"@type\":\"WebSite\",\"@id\":\"https:\\\/\\\/psgfans.fr\\\/#website\",\"url\":\"https:\\\/\\\/psgfans.fr\\\/\",\"name\":\"PSG FANS\",\"description\":\"Unit\u00e9, Passion, Victoire : Au C\u0153ur du Paris Saint-Germain!\",\"potentialAction\":[{\"@type\":\"SearchAction\",\"target\":{\"@type\":\"EntryPoint\",\"urlTemplate\":\"https:\\\/\\\/psgfans.fr\\\/?s={search_term_string}\"},\"query-input\":{\"@type\":\"PropertyValueSpecification\",\"valueRequired\":true,\"valueName\":\"search_term_string\"}}],\"inLanguage\":\"fr-FR\"},{\"@type\":\"Person\",\"@id\":\"https:\\\/\\\/psgfans.fr\\\/#\\\/schema\\\/person\\\/be2237e7a0237af2f29cb344b3c55e6c\",\"name\":\"psgfans\",\"image\":{\"@type\":\"ImageObject\",\"inLanguage\":\"fr-FR\",\"@id\":\"https:\\\/\\\/secure.gravatar.com\\\/avatar\\\/?s=96&d=mm&r=g\",\"url\":\"https:\\\/\\\/secure.gravatar.com\\\/avatar\\\/?s=96&d=mm&r=g\",\"contentUrl\":\"https:\\\/\\\/secure.gravatar.com\\\/avatar\\\/?s=96&d=mm&r=g\",\"caption\":\"psgfans\"},\"url\":\"https:\\\/\\\/psgfans.fr\\\/?author=2\"}]}<\/script>\n<!-- \/ Yoast SEO plugin. -->","yoast_head_json":{"title":"Transfert : Di Maria \u00e0 Paris d\u00e8s cet hiver ? - PSG FANS","robots":{"index":"index","follow":"follow","max-snippet":"max-snippet:-1","max-image-preview":"max-image-preview:large","max-video-preview":"max-video-preview:-1"},"canonical":"https:\/\/psgfans.fr\/?p=403","og_locale":"fr_FR","og_type":"article","og_title":"Transfert : Di Maria \u00e0 Paris d\u00e8s cet hiver ? - PSG FANS","og_description":"R\u00e9cemment, Angel Di Maria confiait dans T\u00e9l\u00e9foot que son transfert au PSG avait capot\u00e9 seulement pour une question d&rsquo;argent. Contre toute attente, Paris et l&rsquo;Argentin pourraient rattraper ce rendez-vous manqu\u00e9 d\u00e8s le prochain mercato. Selon le quotidien britannique Metro, Manchester United serait pr\u00eat \u00e0 c\u00e9der Angel Di Maria au prochain mercato, seulement quelques mois apr\u00e8s [&hellip;]","og_url":"https:\/\/psgfans.fr\/?p=403","og_site_name":"PSG FANS","article_published_time":"2014-11-20T18:49:00+00:00","og_image":[{"url":"https:\/\/blogger.googleusercontent.com\/img\/b\/R29vZ2xl\/AVvXsEh3xzorBgc_Qsp6hztNY_OS9tdupLiNBU4B6iRzzs0-hC3SRjvljsNwZUt4ZhrLhyN9G5yOojJa9kF-cikh2bNdibBqgcz7usk2b2XQpHuygoYGP85ORs455oidMWKWpFynAIkArCCDZrM\/s1600\/&amp;111ff1f1.jpg","type":"","width":"","height":""}],"author":"psgfans","twitter_card":"summary_large_image","twitter_misc":{"\u00c9crit par":"psgfans","Dur\u00e9e de lecture estim\u00e9e":"2 minutes"},"schema":{"@context":"https:\/\/schema.org","@graph":[{"@type":"Article","@id":"https:\/\/psgfans.fr\/?p=403#article","isPartOf":{"@id":"https:\/\/psgfans.fr\/?p=403"},"author":{"name":"psgfans","@id":"https:\/\/psgfans.fr\/#\/schema\/person\/be2237e7a0237af2f29cb344b3c55e6c"},"headline":"Transfert : Di Maria \u00e0 Paris d\u00e8s cet hiver ?","datePublished":"2014-11-20T18:49:00+00:00","mainEntityOfPage":{"@id":"https:\/\/psgfans.fr\/?p=403"},"wordCount":402,"commentCount":0,"image":{"@id":"https:\/\/psgfans.fr\/?p=403#primaryimage"},"thumbnailUrl":"https:\/\/blogger.googleusercontent.com\/img\/b\/R29vZ2xl\/AVvXsEh3xzorBgc_Qsp6hztNY_OS9tdupLiNBU4B6iRzzs0-hC3SRjvljsNwZUt4ZhrLhyN9G5yOojJa9kF-cikh2bNdibBqgcz7usk2b2XQpHuygoYGP85ORs455oidMWKWpFynAIkArCCDZrM\/s1600\/&amp;111ff1f1.jpg","articleSection":["News"],"inLanguage":"fr-FR","potentialAction":[{"@type":"CommentAction","name":"Comment","target":["https:\/\/psgfans.fr\/?p=403#respond"]}]},{"@type":"WebPage","@id":"https:\/\/psgfans.fr\/?p=403","url":"https:\/\/psgfans.fr\/?p=403","name":"Transfert : Di Maria \u00e0 Paris d\u00e8s cet hiver ? - PSG FANS","isPartOf":{"@id":"https:\/\/psgfans.fr\/#website"},"primaryImageOfPage":{"@id":"https:\/\/psgfans.fr\/?p=403#primaryimage"},"image":{"@id":"https:\/\/psgfans.fr\/?p=403#primaryimage"},"thumbnailUrl":"https:\/\/blogger.googleusercontent.com\/img\/b\/R29vZ2xl\/AVvXsEh3xzorBgc_Qsp6hztNY_OS9tdupLiNBU4B6iRzzs0-hC3SRjvljsNwZUt4ZhrLhyN9G5yOojJa9kF-cikh2bNdibBqgcz7usk2b2XQpHuygoYGP85ORs455oidMWKWpFynAIkArCCDZrM\/s1600\/&amp;111ff1f1.jpg","datePublished":"2014-11-20T18:49:00+00:00","author":{"@id":"https:\/\/psgfans.fr\/#\/schema\/person\/be2237e7a0237af2f29cb344b3c55e6c"},"breadcrumb":{"@id":"https:\/\/psgfans.fr\/?p=403#breadcrumb"},"inLanguage":"fr-FR","potentialAction":[{"@type":"ReadAction","target":["https:\/\/psgfans.fr\/?p=403"]}]},{"@type":"ImageObject","inLanguage":"fr-FR","@id":"https:\/\/psgfans.fr\/?p=403#primaryimage","url":"https:\/\/blogger.googleusercontent.com\/img\/b\/R29vZ2xl\/AVvXsEh3xzorBgc_Qsp6hztNY_OS9tdupLiNBU4B6iRzzs0-hC3SRjvljsNwZUt4ZhrLhyN9G5yOojJa9kF-cikh2bNdibBqgcz7usk2b2XQpHuygoYGP85ORs455oidMWKWpFynAIkArCCDZrM\/s1600\/&amp;111ff1f1.jpg","contentUrl":"https:\/\/blogger.googleusercontent.com\/img\/b\/R29vZ2xl\/AVvXsEh3xzorBgc_Qsp6hztNY_OS9tdupLiNBU4B6iRzzs0-hC3SRjvljsNwZUt4ZhrLhyN9G5yOojJa9kF-cikh2bNdibBqgcz7usk2b2XQpHuygoYGP85ORs455oidMWKWpFynAIkArCCDZrM\/s1600\/&amp;111ff1f1.jpg"},{"@type":"BreadcrumbList","@id":"https:\/\/psgfans.fr\/?p=403#breadcrumb","itemListElement":[{"@type":"ListItem","position":1,"name":"Accueil","item":"https:\/\/psgfans.fr\/"},{"@type":"ListItem","position":2,"name":"Transfert : Di Maria \u00e0 Paris d\u00e8s cet hiver ?"}]},{"@type":"WebSite","@id":"https:\/\/psgfans.fr\/#website","url":"https:\/\/psgfans.fr\/","name":"PSG FANS","description":"Unit\u00e9, Passion, Victoire : Au C\u0153ur du Paris Saint-Germain!","potentialAction":[{"@type":"SearchAction","target":{"@type":"EntryPoint","urlTemplate":"https:\/\/psgfans.fr\/?s={search_term_string}"},"query-input":{"@type":"PropertyValueSpecification","valueRequired":true,"valueName":"search_term_string"}}],"inLanguage":"fr-FR"},{"@type":"Person","@id":"https:\/\/psgfans.fr\/#\/schema\/person\/be2237e7a0237af2f29cb344b3c55e6c","name":"psgfans","image":{"@type":"ImageObject","inLanguage":"fr-FR","@id":"https:\/\/secure.gravatar.com\/avatar\/?s=96&d=mm&r=g","url":"https:\/\/secure.gravatar.com\/avatar\/?s=96&d=mm&r=g","contentUrl":"https:\/\/secure.gravatar.com\/avatar\/?s=96&d=mm&r=g","caption":"psgfans"},"url":"https:\/\/psgfans.fr\/?author=2"}]}},"_links":{"self":[{"href":"https:\/\/psgfans.fr\/index.php?rest_route=\/wp\/v2\/posts\/403","targetHints":{"allow":["GET"]}}],"collection":[{"href":"https:\/\/psgfans.fr\/index.php?rest_route=\/wp\/v2\/posts"}],"about":[{"href":"https:\/\/psgfans.fr\/index.php?rest_route=\/wp\/v2\/types\/post"}],"author":[{"embeddable":true,"href":"https:\/\/psgfans.fr\/index.php?rest_route=\/wp\/v2\/users\/2"}],"replies":[{"embeddable":true,"href":"https:\/\/psgfans.fr\/index.php?rest_route=%2Fwp%2Fv2%2Fcomments&post=403"}],"version-history":[{"count":0,"href":"https:\/\/psgfans.fr\/index.php?rest_route=\/wp\/v2\/posts\/403\/revisions"}],"wp:attachment":[{"href":"https:\/\/psgfans.fr\/index.php?rest_route=%2Fwp%2Fv2%2Fmedia&parent=403"}],"wp:term":[{"taxonomy":"category","embeddable":true,"href":"https:\/\/psgfans.fr\/index.php?rest_route=%2Fwp%2Fv2%2Fcategories&post=403"},{"taxonomy":"post_tag","embeddable":true,"href":"https:\/\/psgfans.fr\/index.php?rest_route=%2Fwp%2Fv2%2Ftags&post=403"}],"curies":[{"name":"wp","href":"https:\/\/api.w.org\/{rel}","templated":true}]}}