{"id":401,"date":"2014-11-20T20:01:00","date_gmt":"2014-11-20T19:01:00","guid":{"rendered":"https:\/\/psgfans.fr\/?p=401"},"modified":"2014-11-20T20:01:00","modified_gmt":"2014-11-20T19:01:00","slug":"verratti-forfait-a-metz-matuidi-dans-le-groupe","status":"publish","type":"post","link":"https:\/\/psgfans.fr\/?p=401","title":{"rendered":"Verratti forfait \u00e0 Metz, Matuidi dans le groupe"},"content":{"rendered":"<div style=\"clear: both; text-align: center;\"><a href=\"https:\/\/blogger.googleusercontent.com\/img\/b\/R29vZ2xl\/AVvXsEi-Pd1hCosPIeQ3twSGe2-kVvRPZIabuxM1BWNiPKEfX9YZsUx_E1_WN4bVihkfo8NKuPn0K1GxLyg4A9Ovjms30jiqaUufoWVSACyoJCAn3uKXLV9MW5pMTafJh438xM_cB73T-volAAU\/s1600\/&amp;111ff1f1.jpg\" style=\"margin-left: 1em; margin-right: 1em;\"><img loading=\"lazy\" decoding=\"async\" border=\"0\" src=\"https:\/\/blogger.googleusercontent.com\/img\/b\/R29vZ2xl\/AVvXsEi-Pd1hCosPIeQ3twSGe2-kVvRPZIabuxM1BWNiPKEfX9YZsUx_E1_WN4bVihkfo8NKuPn0K1GxLyg4A9Ovjms30jiqaUufoWVSACyoJCAn3uKXLV9MW5pMTafJh438xM_cB73T-volAAU\/s1600\/&amp;111ff1f1.jpg\" height=\"255\" width=\"400\" \/><\/a><\/div>\n<p>En conf\u00e9rence de presse ce jeudi, l&rsquo;entra\u00eeneur du Paris-SG Laurent Blanc a affirm\u00e9 que Marco Verratti (pubis) \u00e9tait forfait pour le d\u00e9placement \u00e0 Metz, vendredi, pour le compte de la 14e journ\u00e9e de L1. Incertain, Blaise Matuidi (main) est dans le groupe, comme Zlatan Ibrahimovic, pourtant forfait avec l&rsquo;\u00e9quipe de Su\u00e8de lors du match amical contre la France mardi (0-1). Les Br\u00e9siliens David Luiz (syndrome viral) et Lucas (phase de reprise) sont, en revanche, indisponibles. Tout comme Serge Aurier, qui devait rentrer tardivement de la s\u00e9lection de C\u00f4te d&rsquo;Ivoire.<\/p>\n<p><b>Le groupe parisien :<\/b><\/p>\n<p><b>Sirigu, Maignan &#8211; Z. Camara, Digne, Marquinhos, Maxwell, Thiago Silva, Van Der Wiel &#8211; Cabaye, Chant\u00f4me, Matuidi, Pastore, Rabiot, Thiago Motta &#8211; Augustin, Cavani, Ibrahimovic.<\/b><\/p>\n","protected":false},"excerpt":{"rendered":"<p>En conf\u00e9rence de presse ce jeudi, l&rsquo;entra\u00eeneur du Paris-SG Laurent Blanc a affirm\u00e9 que Marco Verratti (pubis) \u00e9tait forfait pour le d\u00e9placement \u00e0 Metz, vendredi, pour le compte de la 14e journ\u00e9e de L1. Incertain, Blaise Matuidi (main) est dans le groupe, comme Zlatan Ibrahimovic, pourtant forfait avec l&rsquo;\u00e9quipe de Su\u00e8de lors du match amical [&hellip;]<\/p>\n","protected":false},"author":2,"featured_media":0,"comment_status":"open","ping_status":"open","sticky":false,"template":"","format":"standard","meta":{"footnotes":""},"categories":[3],"tags":[],"class_list":{"0":"post-401","1":"post","2":"type-post","3":"status-publish","4":"format-standard","6":"category-news"},"yoast_head":"<!-- This site is optimized with the Yoast SEO plugin v27.4 - https:\/\/yoast.com\/product\/yoast-seo-wordpress\/ -->\n<title>Verratti forfait \u00e0 Metz, Matuidi dans le groupe - PSG FANS<\/title>\n<meta name=\"robots\" content=\"index, follow, max-snippet:-1, max-image-preview:large, max-video-preview:-1\" \/>\n<link rel=\"canonical\" href=\"https:\/\/psgfans.fr\/?p=401\" \/>\n<meta property=\"og:locale\" content=\"fr_FR\" \/>\n<meta property=\"og:type\" content=\"article\" \/>\n<meta property=\"og:title\" content=\"Verratti forfait \u00e0 Metz, Matuidi dans le groupe - PSG FANS\" \/>\n<meta property=\"og:description\" content=\"En conf\u00e9rence de presse ce jeudi, l&rsquo;entra\u00eeneur du Paris-SG Laurent Blanc a affirm\u00e9 que Marco Verratti (pubis) \u00e9tait forfait pour le d\u00e9placement \u00e0 Metz, vendredi, pour le compte de la 14e journ\u00e9e de L1. Incertain, Blaise Matuidi (main) est dans le groupe, comme Zlatan Ibrahimovic, pourtant forfait avec l&rsquo;\u00e9quipe de Su\u00e8de lors du match amical [&hellip;]\" \/>\n<meta property=\"og:url\" content=\"https:\/\/psgfans.fr\/?p=401\" \/>\n<meta property=\"og:site_name\" content=\"PSG FANS\" \/>\n<meta property=\"article:published_time\" content=\"2014-11-20T19:01:00+00:00\" \/>\n<meta property=\"og:image\" content=\"https:\/\/blogger.googleusercontent.com\/img\/b\/R29vZ2xl\/AVvXsEi-Pd1hCosPIeQ3twSGe2-kVvRPZIabuxM1BWNiPKEfX9YZsUx_E1_WN4bVihkfo8NKuPn0K1GxLyg4A9Ovjms30jiqaUufoWVSACyoJCAn3uKXLV9MW5pMTafJh438xM_cB73T-volAAU\/s1600\/&amp;111ff1f1.jpg\" \/>\n<meta name=\"author\" content=\"psgfans\" \/>\n<meta name=\"twitter:card\" content=\"summary_large_image\" \/>\n<meta name=\"twitter:label1\" content=\"\u00c9crit par\" \/>\n\t<meta name=\"twitter:data1\" content=\"psgfans\" \/>\n\t<meta name=\"twitter:label2\" content=\"Dur\u00e9e de lecture estim\u00e9e\" \/>\n\t<meta name=\"twitter:data2\" content=\"1 minute\" \/>\n<script type=\"application\/ld+json\" class=\"yoast-schema-graph\">{\"@context\":\"https:\\\/\\\/schema.org\",\"@graph\":[{\"@type\":\"Article\",\"@id\":\"https:\\\/\\\/psgfans.fr\\\/?p=401#article\",\"isPartOf\":{\"@id\":\"https:\\\/\\\/psgfans.fr\\\/?p=401\"},\"author\":{\"name\":\"psgfans\",\"@id\":\"https:\\\/\\\/psgfans.fr\\\/#\\\/schema\\\/person\\\/be2237e7a0237af2f29cb344b3c55e6c\"},\"headline\":\"Verratti forfait \u00e0 Metz, Matuidi dans le groupe\",\"datePublished\":\"2014-11-20T19:01:00+00:00\",\"mainEntityOfPage\":{\"@id\":\"https:\\\/\\\/psgfans.fr\\\/?p=401\"},\"wordCount\":135,\"commentCount\":0,\"image\":{\"@id\":\"https:\\\/\\\/psgfans.fr\\\/?p=401#primaryimage\"},\"thumbnailUrl\":\"https:\\\/\\\/blogger.googleusercontent.com\\\/img\\\/b\\\/R29vZ2xl\\\/AVvXsEi-Pd1hCosPIeQ3twSGe2-kVvRPZIabuxM1BWNiPKEfX9YZsUx_E1_WN4bVihkfo8NKuPn0K1GxLyg4A9Ovjms30jiqaUufoWVSACyoJCAn3uKXLV9MW5pMTafJh438xM_cB73T-volAAU\\\/s1600\\\/&amp;111ff1f1.jpg\",\"articleSection\":[\"News\"],\"inLanguage\":\"fr-FR\",\"potentialAction\":[{\"@type\":\"CommentAction\",\"name\":\"Comment\",\"target\":[\"https:\\\/\\\/psgfans.fr\\\/?p=401#respond\"]}]},{\"@type\":\"WebPage\",\"@id\":\"https:\\\/\\\/psgfans.fr\\\/?p=401\",\"url\":\"https:\\\/\\\/psgfans.fr\\\/?p=401\",\"name\":\"Verratti forfait \u00e0 Metz, Matuidi dans le groupe - PSG FANS\",\"isPartOf\":{\"@id\":\"https:\\\/\\\/psgfans.fr\\\/#website\"},\"primaryImageOfPage\":{\"@id\":\"https:\\\/\\\/psgfans.fr\\\/?p=401#primaryimage\"},\"image\":{\"@id\":\"https:\\\/\\\/psgfans.fr\\\/?p=401#primaryimage\"},\"thumbnailUrl\":\"https:\\\/\\\/blogger.googleusercontent.com\\\/img\\\/b\\\/R29vZ2xl\\\/AVvXsEi-Pd1hCosPIeQ3twSGe2-kVvRPZIabuxM1BWNiPKEfX9YZsUx_E1_WN4bVihkfo8NKuPn0K1GxLyg4A9Ovjms30jiqaUufoWVSACyoJCAn3uKXLV9MW5pMTafJh438xM_cB73T-volAAU\\\/s1600\\\/&amp;111ff1f1.jpg\",\"datePublished\":\"2014-11-20T19:01:00+00:00\",\"author\":{\"@id\":\"https:\\\/\\\/psgfans.fr\\\/#\\\/schema\\\/person\\\/be2237e7a0237af2f29cb344b3c55e6c\"},\"breadcrumb\":{\"@id\":\"https:\\\/\\\/psgfans.fr\\\/?p=401#breadcrumb\"},\"inLanguage\":\"fr-FR\",\"potentialAction\":[{\"@type\":\"ReadAction\",\"target\":[\"https:\\\/\\\/psgfans.fr\\\/?p=401\"]}]},{\"@type\":\"ImageObject\",\"inLanguage\":\"fr-FR\",\"@id\":\"https:\\\/\\\/psgfans.fr\\\/?p=401#primaryimage\",\"url\":\"https:\\\/\\\/blogger.googleusercontent.com\\\/img\\\/b\\\/R29vZ2xl\\\/AVvXsEi-Pd1hCosPIeQ3twSGe2-kVvRPZIabuxM1BWNiPKEfX9YZsUx_E1_WN4bVihkfo8NKuPn0K1GxLyg4A9Ovjms30jiqaUufoWVSACyoJCAn3uKXLV9MW5pMTafJh438xM_cB73T-volAAU\\\/s1600\\\/&amp;111ff1f1.jpg\",\"contentUrl\":\"https:\\\/\\\/blogger.googleusercontent.com\\\/img\\\/b\\\/R29vZ2xl\\\/AVvXsEi-Pd1hCosPIeQ3twSGe2-kVvRPZIabuxM1BWNiPKEfX9YZsUx_E1_WN4bVihkfo8NKuPn0K1GxLyg4A9Ovjms30jiqaUufoWVSACyoJCAn3uKXLV9MW5pMTafJh438xM_cB73T-volAAU\\\/s1600\\\/&amp;111ff1f1.jpg\"},{\"@type\":\"BreadcrumbList\",\"@id\":\"https:\\\/\\\/psgfans.fr\\\/?p=401#breadcrumb\",\"itemListElement\":[{\"@type\":\"ListItem\",\"position\":1,\"name\":\"Accueil\",\"item\":\"https:\\\/\\\/psgfans.fr\\\/\"},{\"@type\":\"ListItem\",\"position\":2,\"name\":\"Verratti forfait \u00e0 Metz, Matuidi dans le groupe\"}]},{\"@type\":\"WebSite\",\"@id\":\"https:\\\/\\\/psgfans.fr\\\/#website\",\"url\":\"https:\\\/\\\/psgfans.fr\\\/\",\"name\":\"PSG FANS\",\"description\":\"Unit\u00e9, Passion, Victoire : Au C\u0153ur du Paris Saint-Germain!\",\"potentialAction\":[{\"@type\":\"SearchAction\",\"target\":{\"@type\":\"EntryPoint\",\"urlTemplate\":\"https:\\\/\\\/psgfans.fr\\\/?s={search_term_string}\"},\"query-input\":{\"@type\":\"PropertyValueSpecification\",\"valueRequired\":true,\"valueName\":\"search_term_string\"}}],\"inLanguage\":\"fr-FR\"},{\"@type\":\"Person\",\"@id\":\"https:\\\/\\\/psgfans.fr\\\/#\\\/schema\\\/person\\\/be2237e7a0237af2f29cb344b3c55e6c\",\"name\":\"psgfans\",\"image\":{\"@type\":\"ImageObject\",\"inLanguage\":\"fr-FR\",\"@id\":\"https:\\\/\\\/secure.gravatar.com\\\/avatar\\\/?s=96&d=mm&r=g\",\"url\":\"https:\\\/\\\/secure.gravatar.com\\\/avatar\\\/?s=96&d=mm&r=g\",\"contentUrl\":\"https:\\\/\\\/secure.gravatar.com\\\/avatar\\\/?s=96&d=mm&r=g\",\"caption\":\"psgfans\"},\"url\":\"https:\\\/\\\/psgfans.fr\\\/?author=2\"}]}<\/script>\n<!-- \/ Yoast SEO plugin. -->","yoast_head_json":{"title":"Verratti forfait \u00e0 Metz, Matuidi dans le groupe - PSG FANS","robots":{"index":"index","follow":"follow","max-snippet":"max-snippet:-1","max-image-preview":"max-image-preview:large","max-video-preview":"max-video-preview:-1"},"canonical":"https:\/\/psgfans.fr\/?p=401","og_locale":"fr_FR","og_type":"article","og_title":"Verratti forfait \u00e0 Metz, Matuidi dans le groupe - PSG FANS","og_description":"En conf\u00e9rence de presse ce jeudi, l&rsquo;entra\u00eeneur du Paris-SG Laurent Blanc a affirm\u00e9 que Marco Verratti (pubis) \u00e9tait forfait pour le d\u00e9placement \u00e0 Metz, vendredi, pour le compte de la 14e journ\u00e9e de L1. Incertain, Blaise Matuidi (main) est dans le groupe, comme Zlatan Ibrahimovic, pourtant forfait avec l&rsquo;\u00e9quipe de Su\u00e8de lors du match amical [&hellip;]","og_url":"https:\/\/psgfans.fr\/?p=401","og_site_name":"PSG FANS","article_published_time":"2014-11-20T19:01:00+00:00","og_image":[{"url":"https:\/\/blogger.googleusercontent.com\/img\/b\/R29vZ2xl\/AVvXsEi-Pd1hCosPIeQ3twSGe2-kVvRPZIabuxM1BWNiPKEfX9YZsUx_E1_WN4bVihkfo8NKuPn0K1GxLyg4A9Ovjms30jiqaUufoWVSACyoJCAn3uKXLV9MW5pMTafJh438xM_cB73T-volAAU\/s1600\/&amp;111ff1f1.jpg","type":"","width":"","height":""}],"author":"psgfans","twitter_card":"summary_large_image","twitter_misc":{"\u00c9crit par":"psgfans","Dur\u00e9e de lecture estim\u00e9e":"1 minute"},"schema":{"@context":"https:\/\/schema.org","@graph":[{"@type":"Article","@id":"https:\/\/psgfans.fr\/?p=401#article","isPartOf":{"@id":"https:\/\/psgfans.fr\/?p=401"},"author":{"name":"psgfans","@id":"https:\/\/psgfans.fr\/#\/schema\/person\/be2237e7a0237af2f29cb344b3c55e6c"},"headline":"Verratti forfait \u00e0 Metz, Matuidi dans le groupe","datePublished":"2014-11-20T19:01:00+00:00","mainEntityOfPage":{"@id":"https:\/\/psgfans.fr\/?p=401"},"wordCount":135,"commentCount":0,"image":{"@id":"https:\/\/psgfans.fr\/?p=401#primaryimage"},"thumbnailUrl":"https:\/\/blogger.googleusercontent.com\/img\/b\/R29vZ2xl\/AVvXsEi-Pd1hCosPIeQ3twSGe2-kVvRPZIabuxM1BWNiPKEfX9YZsUx_E1_WN4bVihkfo8NKuPn0K1GxLyg4A9Ovjms30jiqaUufoWVSACyoJCAn3uKXLV9MW5pMTafJh438xM_cB73T-volAAU\/s1600\/&amp;111ff1f1.jpg","articleSection":["News"],"inLanguage":"fr-FR","potentialAction":[{"@type":"CommentAction","name":"Comment","target":["https:\/\/psgfans.fr\/?p=401#respond"]}]},{"@type":"WebPage","@id":"https:\/\/psgfans.fr\/?p=401","url":"https:\/\/psgfans.fr\/?p=401","name":"Verratti forfait \u00e0 Metz, Matuidi dans le groupe - PSG FANS","isPartOf":{"@id":"https:\/\/psgfans.fr\/#website"},"primaryImageOfPage":{"@id":"https:\/\/psgfans.fr\/?p=401#primaryimage"},"image":{"@id":"https:\/\/psgfans.fr\/?p=401#primaryimage"},"thumbnailUrl":"https:\/\/blogger.googleusercontent.com\/img\/b\/R29vZ2xl\/AVvXsEi-Pd1hCosPIeQ3twSGe2-kVvRPZIabuxM1BWNiPKEfX9YZsUx_E1_WN4bVihkfo8NKuPn0K1GxLyg4A9Ovjms30jiqaUufoWVSACyoJCAn3uKXLV9MW5pMTafJh438xM_cB73T-volAAU\/s1600\/&amp;111ff1f1.jpg","datePublished":"2014-11-20T19:01:00+00:00","author":{"@id":"https:\/\/psgfans.fr\/#\/schema\/person\/be2237e7a0237af2f29cb344b3c55e6c"},"breadcrumb":{"@id":"https:\/\/psgfans.fr\/?p=401#breadcrumb"},"inLanguage":"fr-FR","potentialAction":[{"@type":"ReadAction","target":["https:\/\/psgfans.fr\/?p=401"]}]},{"@type":"ImageObject","inLanguage":"fr-FR","@id":"https:\/\/psgfans.fr\/?p=401#primaryimage","url":"https:\/\/blogger.googleusercontent.com\/img\/b\/R29vZ2xl\/AVvXsEi-Pd1hCosPIeQ3twSGe2-kVvRPZIabuxM1BWNiPKEfX9YZsUx_E1_WN4bVihkfo8NKuPn0K1GxLyg4A9Ovjms30jiqaUufoWVSACyoJCAn3uKXLV9MW5pMTafJh438xM_cB73T-volAAU\/s1600\/&amp;111ff1f1.jpg","contentUrl":"https:\/\/blogger.googleusercontent.com\/img\/b\/R29vZ2xl\/AVvXsEi-Pd1hCosPIeQ3twSGe2-kVvRPZIabuxM1BWNiPKEfX9YZsUx_E1_WN4bVihkfo8NKuPn0K1GxLyg4A9Ovjms30jiqaUufoWVSACyoJCAn3uKXLV9MW5pMTafJh438xM_cB73T-volAAU\/s1600\/&amp;111ff1f1.jpg"},{"@type":"BreadcrumbList","@id":"https:\/\/psgfans.fr\/?p=401#breadcrumb","itemListElement":[{"@type":"ListItem","position":1,"name":"Accueil","item":"https:\/\/psgfans.fr\/"},{"@type":"ListItem","position":2,"name":"Verratti forfait \u00e0 Metz, Matuidi dans le groupe"}]},{"@type":"WebSite","@id":"https:\/\/psgfans.fr\/#website","url":"https:\/\/psgfans.fr\/","name":"PSG FANS","description":"Unit\u00e9, Passion, Victoire : Au C\u0153ur du Paris Saint-Germain!","potentialAction":[{"@type":"SearchAction","target":{"@type":"EntryPoint","urlTemplate":"https:\/\/psgfans.fr\/?s={search_term_string}"},"query-input":{"@type":"PropertyValueSpecification","valueRequired":true,"valueName":"search_term_string"}}],"inLanguage":"fr-FR"},{"@type":"Person","@id":"https:\/\/psgfans.fr\/#\/schema\/person\/be2237e7a0237af2f29cb344b3c55e6c","name":"psgfans","image":{"@type":"ImageObject","inLanguage":"fr-FR","@id":"https:\/\/secure.gravatar.com\/avatar\/?s=96&d=mm&r=g","url":"https:\/\/secure.gravatar.com\/avatar\/?s=96&d=mm&r=g","contentUrl":"https:\/\/secure.gravatar.com\/avatar\/?s=96&d=mm&r=g","caption":"psgfans"},"url":"https:\/\/psgfans.fr\/?author=2"}]}},"_links":{"self":[{"href":"https:\/\/psgfans.fr\/index.php?rest_route=\/wp\/v2\/posts\/401","targetHints":{"allow":["GET"]}}],"collection":[{"href":"https:\/\/psgfans.fr\/index.php?rest_route=\/wp\/v2\/posts"}],"about":[{"href":"https:\/\/psgfans.fr\/index.php?rest_route=\/wp\/v2\/types\/post"}],"author":[{"embeddable":true,"href":"https:\/\/psgfans.fr\/index.php?rest_route=\/wp\/v2\/users\/2"}],"replies":[{"embeddable":true,"href":"https:\/\/psgfans.fr\/index.php?rest_route=%2Fwp%2Fv2%2Fcomments&post=401"}],"version-history":[{"count":0,"href":"https:\/\/psgfans.fr\/index.php?rest_route=\/wp\/v2\/posts\/401\/revisions"}],"wp:attachment":[{"href":"https:\/\/psgfans.fr\/index.php?rest_route=%2Fwp%2Fv2%2Fmedia&parent=401"}],"wp:term":[{"taxonomy":"category","embeddable":true,"href":"https:\/\/psgfans.fr\/index.php?rest_route=%2Fwp%2Fv2%2Fcategories&post=401"},{"taxonomy":"post_tag","embeddable":true,"href":"https:\/\/psgfans.fr\/index.php?rest_route=%2Fwp%2Fv2%2Ftags&post=401"}],"curies":[{"name":"wp","href":"https:\/\/api.w.org\/{rel}","templated":true}]}}