{"id":397,"date":"2014-11-24T18:03:00","date_gmt":"2014-11-24T17:03:00","guid":{"rendered":"https:\/\/psgfans.fr\/?p=397"},"modified":"2014-11-24T18:03:00","modified_gmt":"2014-11-24T17:03:00","slug":"combien-de-temps-mettra-zlatan-ibrahimovic-pour-retrouver-son-meilleur-niveau","status":"publish","type":"post","link":"https:\/\/psgfans.fr\/?p=397","title":{"rendered":"Combien de temps mettra Zlatan Ibrahimovic pour retrouver son meilleur niveau ?"},"content":{"rendered":"<div style=\"clear: both; text-align: center;\"><a href=\"https:\/\/blogger.googleusercontent.com\/img\/b\/R29vZ2xl\/AVvXsEi3ShMFH2occ_vZSOd6FxfnmWlE6kwGbr8BFSGde2WuJE_VZ0wJaOgXV-q3GZ-b9DamndH_V75wh1dFQXqMx551jyYWSE2wzeVfTmiSteFkPPcs3WDVnmfkpxOYHKqwBhh4afAg4NN4JxY\/s1600\/&amp;&amp;&amp;bvbv.jpg\" style=\"margin-left: 1em; margin-right: 1em;\"><img loading=\"lazy\" decoding=\"async\" border=\"0\" src=\"https:\/\/blogger.googleusercontent.com\/img\/b\/R29vZ2xl\/AVvXsEi3ShMFH2occ_vZSOd6FxfnmWlE6kwGbr8BFSGde2WuJE_VZ0wJaOgXV-q3GZ-b9DamndH_V75wh1dFQXqMx551jyYWSE2wzeVfTmiSteFkPPcs3WDVnmfkpxOYHKqwBhh4afAg4NN4JxY\/s1600\/&amp;&amp;&amp;bvbv.jpg\" height=\"198\" width=\"400\" \/><\/a><\/div>\n<p><b>Alors que Zlatan Ibrahimovic a globalement d\u00e9\u00e7u avec le PSG depuis son retour de blessure, combien de temps mettra le Su\u00e9dois pour retrouver son meilleur niveau ? Venez voter \u00e0 notre sondage du jour !<\/b><\/p>\n<p>\u00ab La talalgie est une douleur au talon, qui se manifeste souvent pendant la marche ou les activit\u00e9s sportives. Ce sympt\u00f4me est g\u00e9n\u00e9ralement d\u00fb \u00e0 des causes m\u00e9caniques (inflammation au niveau de la plante du talon, tendinite). Il peut aussi r\u00e9v\u00e9ler un traumatisme ou diverses pathologies (maladies inflammatoires ou cutan\u00e9es, atteintes des nerfs, art\u00e9rite, anomalie de la croissance). Si le site officiel de la S\u00e9curit\u00e9 sociale fran\u00e7aise apporte un certain \u00e9clairage sur la nature du mal dont souffre Zlatan Ibrahimovic depuis plusieurs semaines, il ne nous dit pas en revanche quelles pourraient \u00eatre les cons\u00e9quences de cette blessure sur le reste de la saison du Su\u00e9dois, cens\u00e9e \u00eatre l\u2019ann\u00e9e de la concr\u00e9tisation de tous les espoirs pour Paris.<\/p>\n<p>IBRAHIMOVIC PAS AU MIEUX DEPUIS SON RETOUR AVEC LE PSG<br \/>\u00c9cart\u00e9 des terrains depuis le 21 septembre dernier et un match contre Lyon, Zlatan Ibrahimovic a r\u00e9cemment repris le chemin des terrains. S\u2019il a marqu\u00e9 pour ses retrouvailles avec la s\u00e9lection su\u00e9doise (face au Mont\u00e9n\u00e9gro), ses deux matches avec le PSG (entr\u00e9 en jeu contre l\u2019OM, titulaire contre le FC Metz) ont en revanche grandement d\u00e9\u00e7u. Bouscul\u00e9 comme jamais par les d\u00e9fenseurs adverses, peu inspir\u00e9 en attaque, nerveux sur le terrain, \u00ab Ibra \u00bb n\u2019a clairement pas retrouv\u00e9 son meilleur niveau. Rien d\u2019anormal, mais reste \u00e0 savoir d\u00e9sormais combien de temps le PSG devra composer avec sa star amoindrie. \u00c2g\u00e9 de 33 ans, l\u2019ancien buteur du Milan AC n\u2019a plus beaucoup de temps devant lui et devra faire attention \u00e0 son propre corps, car les prochaines semaines s\u2019annoncent cruciales tant pour lui que pour son club\u2026<\/p>\n<p>IBRAHIMOVIC : \u00ab C\u2019EST UNE DOULEUR QUE JE DOIS SURMONTER \u00bb<br \/>De son c\u00f4t\u00e9, Zlatan Ibrahimovic avait profit\u00e9 de la difficile victoire du PSG sur le terrain du FC Metz (3-2) pour s\u2019expliquer sur son \u00e9tat de sant\u00e9, lui qui est notamment rest\u00e9 de longues secondes assis sur la pelouse apr\u00e8s le coup de sifflet final. \u00ab Mon talon ? Il n\u2019est pas au mieux, mais c\u2019est une douleur que je dois surmonter, et la meilleure solution pour \u00e7a est de jouer des matches \u00bb, avait-il d\u00e9clar\u00e9 sur son application Zlatan Unplugged.<\/p>\n<p>Et vous, combien de temps pensez-vous que Zlatan Ibrahimovic mettra pour retrouver son meilleur niveau ?<\/p>\n<p>.le10sport<\/p>\n","protected":false},"excerpt":{"rendered":"<p>Alors que Zlatan Ibrahimovic a globalement d\u00e9\u00e7u avec le PSG depuis son retour de blessure, combien de temps mettra le Su\u00e9dois pour retrouver son meilleur niveau ? Venez voter \u00e0 notre sondage du jour ! \u00ab La talalgie est une douleur au talon, qui se manifeste souvent pendant la marche ou les activit\u00e9s sportives. Ce [&hellip;]<\/p>\n","protected":false},"author":2,"featured_media":0,"comment_status":"open","ping_status":"open","sticky":false,"template":"","format":"standard","meta":{"footnotes":""},"categories":[3],"tags":[],"class_list":{"0":"post-397","1":"post","2":"type-post","3":"status-publish","4":"format-standard","6":"category-news"},"yoast_head":"<!-- This site is optimized with the Yoast SEO plugin v27.4 - https:\/\/yoast.com\/product\/yoast-seo-wordpress\/ -->\n<title>Combien de temps mettra Zlatan Ibrahimovic pour retrouver son meilleur niveau ? - PSG FANS<\/title>\n<meta name=\"robots\" content=\"index, follow, max-snippet:-1, max-image-preview:large, max-video-preview:-1\" \/>\n<link rel=\"canonical\" href=\"https:\/\/psgfans.fr\/?p=397\" \/>\n<meta property=\"og:locale\" content=\"fr_FR\" \/>\n<meta property=\"og:type\" content=\"article\" \/>\n<meta property=\"og:title\" content=\"Combien de temps mettra Zlatan Ibrahimovic pour retrouver son meilleur niveau ? - PSG FANS\" \/>\n<meta property=\"og:description\" content=\"Alors que Zlatan Ibrahimovic a globalement d\u00e9\u00e7u avec le PSG depuis son retour de blessure, combien de temps mettra le Su\u00e9dois pour retrouver son meilleur niveau ? Venez voter \u00e0 notre sondage du jour ! \u00ab La talalgie est une douleur au talon, qui se manifeste souvent pendant la marche ou les activit\u00e9s sportives. Ce [&hellip;]\" \/>\n<meta property=\"og:url\" content=\"https:\/\/psgfans.fr\/?p=397\" \/>\n<meta property=\"og:site_name\" content=\"PSG FANS\" \/>\n<meta property=\"article:published_time\" content=\"2014-11-24T17:03:00+00:00\" \/>\n<meta property=\"og:image\" content=\"https:\/\/blogger.googleusercontent.com\/img\/b\/R29vZ2xl\/AVvXsEi3ShMFH2occ_vZSOd6FxfnmWlE6kwGbr8BFSGde2WuJE_VZ0wJaOgXV-q3GZ-b9DamndH_V75wh1dFQXqMx551jyYWSE2wzeVfTmiSteFkPPcs3WDVnmfkpxOYHKqwBhh4afAg4NN4JxY\/s1600\/&amp;&amp;&amp;bvbv.jpg\" \/>\n<meta name=\"author\" content=\"psgfans\" \/>\n<meta name=\"twitter:card\" content=\"summary_large_image\" \/>\n<meta name=\"twitter:label1\" content=\"\u00c9crit par\" \/>\n\t<meta name=\"twitter:data1\" content=\"psgfans\" \/>\n\t<meta name=\"twitter:label2\" content=\"Dur\u00e9e de lecture estim\u00e9e\" \/>\n\t<meta name=\"twitter:data2\" content=\"2 minutes\" \/>\n<script type=\"application\/ld+json\" class=\"yoast-schema-graph\">{\"@context\":\"https:\\\/\\\/schema.org\",\"@graph\":[{\"@type\":\"Article\",\"@id\":\"https:\\\/\\\/psgfans.fr\\\/?p=397#article\",\"isPartOf\":{\"@id\":\"https:\\\/\\\/psgfans.fr\\\/?p=397\"},\"author\":{\"name\":\"psgfans\",\"@id\":\"https:\\\/\\\/psgfans.fr\\\/#\\\/schema\\\/person\\\/be2237e7a0237af2f29cb344b3c55e6c\"},\"headline\":\"Combien de temps mettra Zlatan Ibrahimovic pour retrouver son meilleur niveau ?\",\"datePublished\":\"2014-11-24T17:03:00+00:00\",\"mainEntityOfPage\":{\"@id\":\"https:\\\/\\\/psgfans.fr\\\/?p=397\"},\"wordCount\":443,\"commentCount\":0,\"image\":{\"@id\":\"https:\\\/\\\/psgfans.fr\\\/?p=397#primaryimage\"},\"thumbnailUrl\":\"https:\\\/\\\/blogger.googleusercontent.com\\\/img\\\/b\\\/R29vZ2xl\\\/AVvXsEi3ShMFH2occ_vZSOd6FxfnmWlE6kwGbr8BFSGde2WuJE_VZ0wJaOgXV-q3GZ-b9DamndH_V75wh1dFQXqMx551jyYWSE2wzeVfTmiSteFkPPcs3WDVnmfkpxOYHKqwBhh4afAg4NN4JxY\\\/s1600\\\/&amp;&amp;&amp;bvbv.jpg\",\"articleSection\":[\"News\"],\"inLanguage\":\"fr-FR\",\"potentialAction\":[{\"@type\":\"CommentAction\",\"name\":\"Comment\",\"target\":[\"https:\\\/\\\/psgfans.fr\\\/?p=397#respond\"]}]},{\"@type\":\"WebPage\",\"@id\":\"https:\\\/\\\/psgfans.fr\\\/?p=397\",\"url\":\"https:\\\/\\\/psgfans.fr\\\/?p=397\",\"name\":\"Combien de temps mettra Zlatan Ibrahimovic pour retrouver son meilleur niveau ? - PSG FANS\",\"isPartOf\":{\"@id\":\"https:\\\/\\\/psgfans.fr\\\/#website\"},\"primaryImageOfPage\":{\"@id\":\"https:\\\/\\\/psgfans.fr\\\/?p=397#primaryimage\"},\"image\":{\"@id\":\"https:\\\/\\\/psgfans.fr\\\/?p=397#primaryimage\"},\"thumbnailUrl\":\"https:\\\/\\\/blogger.googleusercontent.com\\\/img\\\/b\\\/R29vZ2xl\\\/AVvXsEi3ShMFH2occ_vZSOd6FxfnmWlE6kwGbr8BFSGde2WuJE_VZ0wJaOgXV-q3GZ-b9DamndH_V75wh1dFQXqMx551jyYWSE2wzeVfTmiSteFkPPcs3WDVnmfkpxOYHKqwBhh4afAg4NN4JxY\\\/s1600\\\/&amp;&amp;&amp;bvbv.jpg\",\"datePublished\":\"2014-11-24T17:03:00+00:00\",\"author\":{\"@id\":\"https:\\\/\\\/psgfans.fr\\\/#\\\/schema\\\/person\\\/be2237e7a0237af2f29cb344b3c55e6c\"},\"breadcrumb\":{\"@id\":\"https:\\\/\\\/psgfans.fr\\\/?p=397#breadcrumb\"},\"inLanguage\":\"fr-FR\",\"potentialAction\":[{\"@type\":\"ReadAction\",\"target\":[\"https:\\\/\\\/psgfans.fr\\\/?p=397\"]}]},{\"@type\":\"ImageObject\",\"inLanguage\":\"fr-FR\",\"@id\":\"https:\\\/\\\/psgfans.fr\\\/?p=397#primaryimage\",\"url\":\"https:\\\/\\\/blogger.googleusercontent.com\\\/img\\\/b\\\/R29vZ2xl\\\/AVvXsEi3ShMFH2occ_vZSOd6FxfnmWlE6kwGbr8BFSGde2WuJE_VZ0wJaOgXV-q3GZ-b9DamndH_V75wh1dFQXqMx551jyYWSE2wzeVfTmiSteFkPPcs3WDVnmfkpxOYHKqwBhh4afAg4NN4JxY\\\/s1600\\\/&amp;&amp;&amp;bvbv.jpg\",\"contentUrl\":\"https:\\\/\\\/blogger.googleusercontent.com\\\/img\\\/b\\\/R29vZ2xl\\\/AVvXsEi3ShMFH2occ_vZSOd6FxfnmWlE6kwGbr8BFSGde2WuJE_VZ0wJaOgXV-q3GZ-b9DamndH_V75wh1dFQXqMx551jyYWSE2wzeVfTmiSteFkPPcs3WDVnmfkpxOYHKqwBhh4afAg4NN4JxY\\\/s1600\\\/&amp;&amp;&amp;bvbv.jpg\"},{\"@type\":\"BreadcrumbList\",\"@id\":\"https:\\\/\\\/psgfans.fr\\\/?p=397#breadcrumb\",\"itemListElement\":[{\"@type\":\"ListItem\",\"position\":1,\"name\":\"Accueil\",\"item\":\"https:\\\/\\\/psgfans.fr\\\/\"},{\"@type\":\"ListItem\",\"position\":2,\"name\":\"Combien de temps mettra Zlatan Ibrahimovic pour retrouver son meilleur niveau ?\"}]},{\"@type\":\"WebSite\",\"@id\":\"https:\\\/\\\/psgfans.fr\\\/#website\",\"url\":\"https:\\\/\\\/psgfans.fr\\\/\",\"name\":\"PSG FANS\",\"description\":\"Unit\u00e9, Passion, Victoire : Au C\u0153ur du Paris Saint-Germain!\",\"potentialAction\":[{\"@type\":\"SearchAction\",\"target\":{\"@type\":\"EntryPoint\",\"urlTemplate\":\"https:\\\/\\\/psgfans.fr\\\/?s={search_term_string}\"},\"query-input\":{\"@type\":\"PropertyValueSpecification\",\"valueRequired\":true,\"valueName\":\"search_term_string\"}}],\"inLanguage\":\"fr-FR\"},{\"@type\":\"Person\",\"@id\":\"https:\\\/\\\/psgfans.fr\\\/#\\\/schema\\\/person\\\/be2237e7a0237af2f29cb344b3c55e6c\",\"name\":\"psgfans\",\"image\":{\"@type\":\"ImageObject\",\"inLanguage\":\"fr-FR\",\"@id\":\"https:\\\/\\\/secure.gravatar.com\\\/avatar\\\/?s=96&d=mm&r=g\",\"url\":\"https:\\\/\\\/secure.gravatar.com\\\/avatar\\\/?s=96&d=mm&r=g\",\"contentUrl\":\"https:\\\/\\\/secure.gravatar.com\\\/avatar\\\/?s=96&d=mm&r=g\",\"caption\":\"psgfans\"},\"url\":\"https:\\\/\\\/psgfans.fr\\\/?author=2\"}]}<\/script>\n<!-- \/ Yoast SEO plugin. -->","yoast_head_json":{"title":"Combien de temps mettra Zlatan Ibrahimovic pour retrouver son meilleur niveau ? - PSG FANS","robots":{"index":"index","follow":"follow","max-snippet":"max-snippet:-1","max-image-preview":"max-image-preview:large","max-video-preview":"max-video-preview:-1"},"canonical":"https:\/\/psgfans.fr\/?p=397","og_locale":"fr_FR","og_type":"article","og_title":"Combien de temps mettra Zlatan Ibrahimovic pour retrouver son meilleur niveau ? - PSG FANS","og_description":"Alors que Zlatan Ibrahimovic a globalement d\u00e9\u00e7u avec le PSG depuis son retour de blessure, combien de temps mettra le Su\u00e9dois pour retrouver son meilleur niveau ? Venez voter \u00e0 notre sondage du jour ! \u00ab La talalgie est une douleur au talon, qui se manifeste souvent pendant la marche ou les activit\u00e9s sportives. Ce [&hellip;]","og_url":"https:\/\/psgfans.fr\/?p=397","og_site_name":"PSG FANS","article_published_time":"2014-11-24T17:03:00+00:00","og_image":[{"url":"https:\/\/blogger.googleusercontent.com\/img\/b\/R29vZ2xl\/AVvXsEi3ShMFH2occ_vZSOd6FxfnmWlE6kwGbr8BFSGde2WuJE_VZ0wJaOgXV-q3GZ-b9DamndH_V75wh1dFQXqMx551jyYWSE2wzeVfTmiSteFkPPcs3WDVnmfkpxOYHKqwBhh4afAg4NN4JxY\/s1600\/&amp;&amp;&amp;bvbv.jpg","type":"","width":"","height":""}],"author":"psgfans","twitter_card":"summary_large_image","twitter_misc":{"\u00c9crit par":"psgfans","Dur\u00e9e de lecture estim\u00e9e":"2 minutes"},"schema":{"@context":"https:\/\/schema.org","@graph":[{"@type":"Article","@id":"https:\/\/psgfans.fr\/?p=397#article","isPartOf":{"@id":"https:\/\/psgfans.fr\/?p=397"},"author":{"name":"psgfans","@id":"https:\/\/psgfans.fr\/#\/schema\/person\/be2237e7a0237af2f29cb344b3c55e6c"},"headline":"Combien de temps mettra Zlatan Ibrahimovic pour retrouver son meilleur niveau ?","datePublished":"2014-11-24T17:03:00+00:00","mainEntityOfPage":{"@id":"https:\/\/psgfans.fr\/?p=397"},"wordCount":443,"commentCount":0,"image":{"@id":"https:\/\/psgfans.fr\/?p=397#primaryimage"},"thumbnailUrl":"https:\/\/blogger.googleusercontent.com\/img\/b\/R29vZ2xl\/AVvXsEi3ShMFH2occ_vZSOd6FxfnmWlE6kwGbr8BFSGde2WuJE_VZ0wJaOgXV-q3GZ-b9DamndH_V75wh1dFQXqMx551jyYWSE2wzeVfTmiSteFkPPcs3WDVnmfkpxOYHKqwBhh4afAg4NN4JxY\/s1600\/&amp;&amp;&amp;bvbv.jpg","articleSection":["News"],"inLanguage":"fr-FR","potentialAction":[{"@type":"CommentAction","name":"Comment","target":["https:\/\/psgfans.fr\/?p=397#respond"]}]},{"@type":"WebPage","@id":"https:\/\/psgfans.fr\/?p=397","url":"https:\/\/psgfans.fr\/?p=397","name":"Combien de temps mettra Zlatan Ibrahimovic pour retrouver son meilleur niveau ? - PSG FANS","isPartOf":{"@id":"https:\/\/psgfans.fr\/#website"},"primaryImageOfPage":{"@id":"https:\/\/psgfans.fr\/?p=397#primaryimage"},"image":{"@id":"https:\/\/psgfans.fr\/?p=397#primaryimage"},"thumbnailUrl":"https:\/\/blogger.googleusercontent.com\/img\/b\/R29vZ2xl\/AVvXsEi3ShMFH2occ_vZSOd6FxfnmWlE6kwGbr8BFSGde2WuJE_VZ0wJaOgXV-q3GZ-b9DamndH_V75wh1dFQXqMx551jyYWSE2wzeVfTmiSteFkPPcs3WDVnmfkpxOYHKqwBhh4afAg4NN4JxY\/s1600\/&amp;&amp;&amp;bvbv.jpg","datePublished":"2014-11-24T17:03:00+00:00","author":{"@id":"https:\/\/psgfans.fr\/#\/schema\/person\/be2237e7a0237af2f29cb344b3c55e6c"},"breadcrumb":{"@id":"https:\/\/psgfans.fr\/?p=397#breadcrumb"},"inLanguage":"fr-FR","potentialAction":[{"@type":"ReadAction","target":["https:\/\/psgfans.fr\/?p=397"]}]},{"@type":"ImageObject","inLanguage":"fr-FR","@id":"https:\/\/psgfans.fr\/?p=397#primaryimage","url":"https:\/\/blogger.googleusercontent.com\/img\/b\/R29vZ2xl\/AVvXsEi3ShMFH2occ_vZSOd6FxfnmWlE6kwGbr8BFSGde2WuJE_VZ0wJaOgXV-q3GZ-b9DamndH_V75wh1dFQXqMx551jyYWSE2wzeVfTmiSteFkPPcs3WDVnmfkpxOYHKqwBhh4afAg4NN4JxY\/s1600\/&amp;&amp;&amp;bvbv.jpg","contentUrl":"https:\/\/blogger.googleusercontent.com\/img\/b\/R29vZ2xl\/AVvXsEi3ShMFH2occ_vZSOd6FxfnmWlE6kwGbr8BFSGde2WuJE_VZ0wJaOgXV-q3GZ-b9DamndH_V75wh1dFQXqMx551jyYWSE2wzeVfTmiSteFkPPcs3WDVnmfkpxOYHKqwBhh4afAg4NN4JxY\/s1600\/&amp;&amp;&amp;bvbv.jpg"},{"@type":"BreadcrumbList","@id":"https:\/\/psgfans.fr\/?p=397#breadcrumb","itemListElement":[{"@type":"ListItem","position":1,"name":"Accueil","item":"https:\/\/psgfans.fr\/"},{"@type":"ListItem","position":2,"name":"Combien de temps mettra Zlatan Ibrahimovic pour retrouver son meilleur niveau ?"}]},{"@type":"WebSite","@id":"https:\/\/psgfans.fr\/#website","url":"https:\/\/psgfans.fr\/","name":"PSG FANS","description":"Unit\u00e9, Passion, Victoire : Au C\u0153ur du Paris Saint-Germain!","potentialAction":[{"@type":"SearchAction","target":{"@type":"EntryPoint","urlTemplate":"https:\/\/psgfans.fr\/?s={search_term_string}"},"query-input":{"@type":"PropertyValueSpecification","valueRequired":true,"valueName":"search_term_string"}}],"inLanguage":"fr-FR"},{"@type":"Person","@id":"https:\/\/psgfans.fr\/#\/schema\/person\/be2237e7a0237af2f29cb344b3c55e6c","name":"psgfans","image":{"@type":"ImageObject","inLanguage":"fr-FR","@id":"https:\/\/secure.gravatar.com\/avatar\/?s=96&d=mm&r=g","url":"https:\/\/secure.gravatar.com\/avatar\/?s=96&d=mm&r=g","contentUrl":"https:\/\/secure.gravatar.com\/avatar\/?s=96&d=mm&r=g","caption":"psgfans"},"url":"https:\/\/psgfans.fr\/?author=2"}]}},"_links":{"self":[{"href":"https:\/\/psgfans.fr\/index.php?rest_route=\/wp\/v2\/posts\/397","targetHints":{"allow":["GET"]}}],"collection":[{"href":"https:\/\/psgfans.fr\/index.php?rest_route=\/wp\/v2\/posts"}],"about":[{"href":"https:\/\/psgfans.fr\/index.php?rest_route=\/wp\/v2\/types\/post"}],"author":[{"embeddable":true,"href":"https:\/\/psgfans.fr\/index.php?rest_route=\/wp\/v2\/users\/2"}],"replies":[{"embeddable":true,"href":"https:\/\/psgfans.fr\/index.php?rest_route=%2Fwp%2Fv2%2Fcomments&post=397"}],"version-history":[{"count":0,"href":"https:\/\/psgfans.fr\/index.php?rest_route=\/wp\/v2\/posts\/397\/revisions"}],"wp:attachment":[{"href":"https:\/\/psgfans.fr\/index.php?rest_route=%2Fwp%2Fv2%2Fmedia&parent=397"}],"wp:term":[{"taxonomy":"category","embeddable":true,"href":"https:\/\/psgfans.fr\/index.php?rest_route=%2Fwp%2Fv2%2Fcategories&post=397"},{"taxonomy":"post_tag","embeddable":true,"href":"https:\/\/psgfans.fr\/index.php?rest_route=%2Fwp%2Fv2%2Ftags&post=397"}],"curies":[{"name":"wp","href":"https:\/\/api.w.org\/{rel}","templated":true}]}}