{"id":396,"date":"2014-11-24T18:05:00","date_gmt":"2014-11-24T17:05:00","guid":{"rendered":"https:\/\/psgfans.fr\/?p=396"},"modified":"2014-11-24T18:05:00","modified_gmt":"2014-11-24T17:05:00","slug":"psg-ajax-la-compo-dequipe-zlatan-et-cavani-titulaires","status":"publish","type":"post","link":"https:\/\/psgfans.fr\/?p=396","title":{"rendered":"PSG \u2013 Ajax : la compo d\u2019\u00e9quipe . Zlatan et Cavani titulaires"},"content":{"rendered":"<div style=\"clear: both; text-align: center;\"><a href=\"https:\/\/blogger.googleusercontent.com\/img\/b\/R29vZ2xl\/AVvXsEhAwEeg4YzoqjSlGp-017eaa4DCHLIsbPfbKQhvtui9rRDz0J02-jnwxQWOlyWfSRrfvwSZTff9-6jYaG4oEA3UZaSNJYhxOVImakaAZdjICGcnM7VTMYfrwv6OWOL2ldcdniupSE2IcuA\/s1600\/&amp;&amp;&amp;bvbv.jpg\" style=\"margin-left: 1em; margin-right: 1em;\"><img loading=\"lazy\" decoding=\"async\" border=\"0\" src=\"https:\/\/blogger.googleusercontent.com\/img\/b\/R29vZ2xl\/AVvXsEhAwEeg4YzoqjSlGp-017eaa4DCHLIsbPfbKQhvtui9rRDz0J02-jnwxQWOlyWfSRrfvwSZTff9-6jYaG4oEA3UZaSNJYhxOVImakaAZdjICGcnM7VTMYfrwv6OWOL2ldcdniupSE2IcuA\/s1600\/&amp;&amp;&amp;bvbv.jpg\" height=\"265\" width=\"400\" \/><\/a><\/div>\n<p>Les choses s\u00e9rieuses reprennent. Le PSG, premier de son groupe en Ligue des Champions, doit s\u2019imposer mardi soir au Parc des Princes pour ne pas se faire d\u00e9passer par le Bar\u00e7a, qui affrontera l\u2019Apoel Nicosie. Pour cela, Laurent Blanc qui comptait jusque-l\u00e0 ses bless\u00e9s, devrait avoir l\u2019embarras du choix. Si Thiago Motta et Marco Verratti sont encore fragiles, ils seront dans le groupe face aux N\u00e9erlandais.<\/p>\n<p>Et si le PSG retrouvait enfin son \u00e9quipe-type ? Alors que depuis le d\u00e9but de la saison, les joueurs se blessent \u00e0 tour de r\u00f4le et obligent Laurent Blanc \u00e0 effectuer de gros turn-over, les cadres seront bien l\u00e0 mardi soir face \u00e0 l\u2019Ajax Amsterdam. Zlatan Ibrahimovic, \u00e0 court de forme, aura l\u2019occasion de pleinement retrouver ses sensations en Ligue des Champions. \u00c0 ses c\u00f4t\u00e9s, Cavani, pr\u00e9serv\u00e9 vendredi face \u00e0 Metz, sera align\u00e9 tout comme Lavezzi, qui donne enti\u00e8re satisfaction depuis son retour. Lucas, bless\u00e9 \u00e0 la cheville lors du Classico, d\u00e9butera sur le banc.<\/p>\n<p>C\u2019est au milieu de terrain que les incertitudes persistent. Alors qu\u2019on pensait que Marco Verratti serait arr\u00eat\u00e9 un long moment \u00e0 cause d\u2019adducteurs grin\u00e7ants, il pourrait bient\u00f4t revenir mais la rencontre face \u00e0 l\u2019Ajax arrive trop t\u00f4t. Au contraire de Thiago Motta, qui devrait \u00eatre align\u00e9 d\u2019entr\u00e9e, le roublard italien est forfait. Tout comme Yohan Cabaye, Nicolas Douchez et Jean-Christophe Bahebeck. Matuidi, qui n\u2019a pas \u00e9t\u00e9 g\u00ean\u00e9 par sa main r\u00e9cemment op\u00e9r\u00e9 contre Metz, tiendra sa place au milieu de terrain.<\/p>\n<p>Derri\u00e8re, tout va bien puisque le C\u00e9v\u00e9nol pourra aligner sa d\u00e9fense-type. David Luiz gripp\u00e9 et absent en Moselle, fera son retour aux c\u00f4t\u00e9s de Thiago Silva. De bonnes nouvelles qui devraient permettre au PSG de capitaliser et d\u2019accumuler de la confiance pour la fin d\u2019ann\u00e9e, tr\u00e8s charg\u00e9e d\u2019un point de vue du calendrier.<\/p>\n<p><b>La compo probable du PSG face \u00e0 l\u2019Ajax :&nbsp;<\/b><\/p>\n<h4><b>Sirigu \u2013 Van der Wiel, David Luiz, Thiago Silva, Maxwell \u2013 Thiago Motta, Pastore, Matuidi \u2013 Cavani, Lavezzi, Ibrahimovic<\/b><\/h4>\n<div><b><br \/><\/b><\/div>\n<div><b><br \/><\/b><\/div>\n<div>mensquare<\/div>\n","protected":false},"excerpt":{"rendered":"<p>Les choses s\u00e9rieuses reprennent. Le PSG, premier de son groupe en Ligue des Champions, doit s\u2019imposer mardi soir au Parc des Princes pour ne pas se faire d\u00e9passer par le Bar\u00e7a, qui affrontera l\u2019Apoel Nicosie. Pour cela, Laurent Blanc qui comptait jusque-l\u00e0 ses bless\u00e9s, devrait avoir l\u2019embarras du choix. Si Thiago Motta et Marco Verratti [&hellip;]<\/p>\n","protected":false},"author":2,"featured_media":0,"comment_status":"open","ping_status":"open","sticky":false,"template":"","format":"standard","meta":{"footnotes":""},"categories":[3],"tags":[],"class_list":{"0":"post-396","1":"post","2":"type-post","3":"status-publish","4":"format-standard","6":"category-news"},"yoast_head":"<!-- This site is optimized with the Yoast SEO plugin v27.4 - https:\/\/yoast.com\/product\/yoast-seo-wordpress\/ -->\n<title>PSG \u2013 Ajax : la compo d\u2019\u00e9quipe . Zlatan et Cavani titulaires - PSG FANS<\/title>\n<meta name=\"robots\" content=\"index, follow, max-snippet:-1, max-image-preview:large, max-video-preview:-1\" \/>\n<link rel=\"canonical\" href=\"https:\/\/psgfans.fr\/?p=396\" \/>\n<meta property=\"og:locale\" content=\"fr_FR\" \/>\n<meta property=\"og:type\" content=\"article\" \/>\n<meta property=\"og:title\" content=\"PSG \u2013 Ajax : la compo d\u2019\u00e9quipe . Zlatan et Cavani titulaires - PSG FANS\" \/>\n<meta property=\"og:description\" content=\"Les choses s\u00e9rieuses reprennent. Le PSG, premier de son groupe en Ligue des Champions, doit s\u2019imposer mardi soir au Parc des Princes pour ne pas se faire d\u00e9passer par le Bar\u00e7a, qui affrontera l\u2019Apoel Nicosie. Pour cela, Laurent Blanc qui comptait jusque-l\u00e0 ses bless\u00e9s, devrait avoir l\u2019embarras du choix. Si Thiago Motta et Marco Verratti [&hellip;]\" \/>\n<meta property=\"og:url\" content=\"https:\/\/psgfans.fr\/?p=396\" \/>\n<meta property=\"og:site_name\" content=\"PSG FANS\" \/>\n<meta property=\"article:published_time\" content=\"2014-11-24T17:05:00+00:00\" \/>\n<meta property=\"og:image\" content=\"https:\/\/blogger.googleusercontent.com\/img\/b\/R29vZ2xl\/AVvXsEhAwEeg4YzoqjSlGp-017eaa4DCHLIsbPfbKQhvtui9rRDz0J02-jnwxQWOlyWfSRrfvwSZTff9-6jYaG4oEA3UZaSNJYhxOVImakaAZdjICGcnM7VTMYfrwv6OWOL2ldcdniupSE2IcuA\/s1600\/&amp;&amp;&amp;bvbv.jpg\" \/>\n<meta name=\"author\" content=\"psgfans\" \/>\n<meta name=\"twitter:card\" content=\"summary_large_image\" \/>\n<meta name=\"twitter:label1\" content=\"\u00c9crit par\" \/>\n\t<meta name=\"twitter:data1\" content=\"psgfans\" \/>\n\t<meta name=\"twitter:label2\" content=\"Dur\u00e9e de lecture estim\u00e9e\" \/>\n\t<meta name=\"twitter:data2\" content=\"2 minutes\" \/>\n<script type=\"application\/ld+json\" class=\"yoast-schema-graph\">{\"@context\":\"https:\\\/\\\/schema.org\",\"@graph\":[{\"@type\":\"Article\",\"@id\":\"https:\\\/\\\/psgfans.fr\\\/?p=396#article\",\"isPartOf\":{\"@id\":\"https:\\\/\\\/psgfans.fr\\\/?p=396\"},\"author\":{\"name\":\"psgfans\",\"@id\":\"https:\\\/\\\/psgfans.fr\\\/#\\\/schema\\\/person\\\/be2237e7a0237af2f29cb344b3c55e6c\"},\"headline\":\"PSG \u2013 Ajax : la compo d\u2019\u00e9quipe . Zlatan et Cavani titulaires\",\"datePublished\":\"2014-11-24T17:05:00+00:00\",\"mainEntityOfPage\":{\"@id\":\"https:\\\/\\\/psgfans.fr\\\/?p=396\"},\"wordCount\":364,\"commentCount\":0,\"image\":{\"@id\":\"https:\\\/\\\/psgfans.fr\\\/?p=396#primaryimage\"},\"thumbnailUrl\":\"https:\\\/\\\/blogger.googleusercontent.com\\\/img\\\/b\\\/R29vZ2xl\\\/AVvXsEhAwEeg4YzoqjSlGp-017eaa4DCHLIsbPfbKQhvtui9rRDz0J02-jnwxQWOlyWfSRrfvwSZTff9-6jYaG4oEA3UZaSNJYhxOVImakaAZdjICGcnM7VTMYfrwv6OWOL2ldcdniupSE2IcuA\\\/s1600\\\/&amp;&amp;&amp;bvbv.jpg\",\"articleSection\":[\"News\"],\"inLanguage\":\"fr-FR\",\"potentialAction\":[{\"@type\":\"CommentAction\",\"name\":\"Comment\",\"target\":[\"https:\\\/\\\/psgfans.fr\\\/?p=396#respond\"]}]},{\"@type\":\"WebPage\",\"@id\":\"https:\\\/\\\/psgfans.fr\\\/?p=396\",\"url\":\"https:\\\/\\\/psgfans.fr\\\/?p=396\",\"name\":\"PSG \u2013 Ajax : la compo d\u2019\u00e9quipe . Zlatan et Cavani titulaires - PSG FANS\",\"isPartOf\":{\"@id\":\"https:\\\/\\\/psgfans.fr\\\/#website\"},\"primaryImageOfPage\":{\"@id\":\"https:\\\/\\\/psgfans.fr\\\/?p=396#primaryimage\"},\"image\":{\"@id\":\"https:\\\/\\\/psgfans.fr\\\/?p=396#primaryimage\"},\"thumbnailUrl\":\"https:\\\/\\\/blogger.googleusercontent.com\\\/img\\\/b\\\/R29vZ2xl\\\/AVvXsEhAwEeg4YzoqjSlGp-017eaa4DCHLIsbPfbKQhvtui9rRDz0J02-jnwxQWOlyWfSRrfvwSZTff9-6jYaG4oEA3UZaSNJYhxOVImakaAZdjICGcnM7VTMYfrwv6OWOL2ldcdniupSE2IcuA\\\/s1600\\\/&amp;&amp;&amp;bvbv.jpg\",\"datePublished\":\"2014-11-24T17:05:00+00:00\",\"author\":{\"@id\":\"https:\\\/\\\/psgfans.fr\\\/#\\\/schema\\\/person\\\/be2237e7a0237af2f29cb344b3c55e6c\"},\"breadcrumb\":{\"@id\":\"https:\\\/\\\/psgfans.fr\\\/?p=396#breadcrumb\"},\"inLanguage\":\"fr-FR\",\"potentialAction\":[{\"@type\":\"ReadAction\",\"target\":[\"https:\\\/\\\/psgfans.fr\\\/?p=396\"]}]},{\"@type\":\"ImageObject\",\"inLanguage\":\"fr-FR\",\"@id\":\"https:\\\/\\\/psgfans.fr\\\/?p=396#primaryimage\",\"url\":\"https:\\\/\\\/blogger.googleusercontent.com\\\/img\\\/b\\\/R29vZ2xl\\\/AVvXsEhAwEeg4YzoqjSlGp-017eaa4DCHLIsbPfbKQhvtui9rRDz0J02-jnwxQWOlyWfSRrfvwSZTff9-6jYaG4oEA3UZaSNJYhxOVImakaAZdjICGcnM7VTMYfrwv6OWOL2ldcdniupSE2IcuA\\\/s1600\\\/&amp;&amp;&amp;bvbv.jpg\",\"contentUrl\":\"https:\\\/\\\/blogger.googleusercontent.com\\\/img\\\/b\\\/R29vZ2xl\\\/AVvXsEhAwEeg4YzoqjSlGp-017eaa4DCHLIsbPfbKQhvtui9rRDz0J02-jnwxQWOlyWfSRrfvwSZTff9-6jYaG4oEA3UZaSNJYhxOVImakaAZdjICGcnM7VTMYfrwv6OWOL2ldcdniupSE2IcuA\\\/s1600\\\/&amp;&amp;&amp;bvbv.jpg\"},{\"@type\":\"BreadcrumbList\",\"@id\":\"https:\\\/\\\/psgfans.fr\\\/?p=396#breadcrumb\",\"itemListElement\":[{\"@type\":\"ListItem\",\"position\":1,\"name\":\"Accueil\",\"item\":\"https:\\\/\\\/psgfans.fr\\\/\"},{\"@type\":\"ListItem\",\"position\":2,\"name\":\"PSG \u2013 Ajax : la compo d\u2019\u00e9quipe . Zlatan et Cavani titulaires\"}]},{\"@type\":\"WebSite\",\"@id\":\"https:\\\/\\\/psgfans.fr\\\/#website\",\"url\":\"https:\\\/\\\/psgfans.fr\\\/\",\"name\":\"PSG FANS\",\"description\":\"Unit\u00e9, Passion, Victoire : Au C\u0153ur du Paris Saint-Germain!\",\"potentialAction\":[{\"@type\":\"SearchAction\",\"target\":{\"@type\":\"EntryPoint\",\"urlTemplate\":\"https:\\\/\\\/psgfans.fr\\\/?s={search_term_string}\"},\"query-input\":{\"@type\":\"PropertyValueSpecification\",\"valueRequired\":true,\"valueName\":\"search_term_string\"}}],\"inLanguage\":\"fr-FR\"},{\"@type\":\"Person\",\"@id\":\"https:\\\/\\\/psgfans.fr\\\/#\\\/schema\\\/person\\\/be2237e7a0237af2f29cb344b3c55e6c\",\"name\":\"psgfans\",\"image\":{\"@type\":\"ImageObject\",\"inLanguage\":\"fr-FR\",\"@id\":\"https:\\\/\\\/secure.gravatar.com\\\/avatar\\\/?s=96&d=mm&r=g\",\"url\":\"https:\\\/\\\/secure.gravatar.com\\\/avatar\\\/?s=96&d=mm&r=g\",\"contentUrl\":\"https:\\\/\\\/secure.gravatar.com\\\/avatar\\\/?s=96&d=mm&r=g\",\"caption\":\"psgfans\"},\"url\":\"https:\\\/\\\/psgfans.fr\\\/?author=2\"}]}<\/script>\n<!-- \/ Yoast SEO plugin. -->","yoast_head_json":{"title":"PSG \u2013 Ajax : la compo d\u2019\u00e9quipe . Zlatan et Cavani titulaires - PSG FANS","robots":{"index":"index","follow":"follow","max-snippet":"max-snippet:-1","max-image-preview":"max-image-preview:large","max-video-preview":"max-video-preview:-1"},"canonical":"https:\/\/psgfans.fr\/?p=396","og_locale":"fr_FR","og_type":"article","og_title":"PSG \u2013 Ajax : la compo d\u2019\u00e9quipe . Zlatan et Cavani titulaires - PSG FANS","og_description":"Les choses s\u00e9rieuses reprennent. Le PSG, premier de son groupe en Ligue des Champions, doit s\u2019imposer mardi soir au Parc des Princes pour ne pas se faire d\u00e9passer par le Bar\u00e7a, qui affrontera l\u2019Apoel Nicosie. Pour cela, Laurent Blanc qui comptait jusque-l\u00e0 ses bless\u00e9s, devrait avoir l\u2019embarras du choix. Si Thiago Motta et Marco Verratti [&hellip;]","og_url":"https:\/\/psgfans.fr\/?p=396","og_site_name":"PSG FANS","article_published_time":"2014-11-24T17:05:00+00:00","og_image":[{"url":"https:\/\/blogger.googleusercontent.com\/img\/b\/R29vZ2xl\/AVvXsEhAwEeg4YzoqjSlGp-017eaa4DCHLIsbPfbKQhvtui9rRDz0J02-jnwxQWOlyWfSRrfvwSZTff9-6jYaG4oEA3UZaSNJYhxOVImakaAZdjICGcnM7VTMYfrwv6OWOL2ldcdniupSE2IcuA\/s1600\/&amp;&amp;&amp;bvbv.jpg","type":"","width":"","height":""}],"author":"psgfans","twitter_card":"summary_large_image","twitter_misc":{"\u00c9crit par":"psgfans","Dur\u00e9e de lecture estim\u00e9e":"2 minutes"},"schema":{"@context":"https:\/\/schema.org","@graph":[{"@type":"Article","@id":"https:\/\/psgfans.fr\/?p=396#article","isPartOf":{"@id":"https:\/\/psgfans.fr\/?p=396"},"author":{"name":"psgfans","@id":"https:\/\/psgfans.fr\/#\/schema\/person\/be2237e7a0237af2f29cb344b3c55e6c"},"headline":"PSG \u2013 Ajax : la compo d\u2019\u00e9quipe . Zlatan et Cavani titulaires","datePublished":"2014-11-24T17:05:00+00:00","mainEntityOfPage":{"@id":"https:\/\/psgfans.fr\/?p=396"},"wordCount":364,"commentCount":0,"image":{"@id":"https:\/\/psgfans.fr\/?p=396#primaryimage"},"thumbnailUrl":"https:\/\/blogger.googleusercontent.com\/img\/b\/R29vZ2xl\/AVvXsEhAwEeg4YzoqjSlGp-017eaa4DCHLIsbPfbKQhvtui9rRDz0J02-jnwxQWOlyWfSRrfvwSZTff9-6jYaG4oEA3UZaSNJYhxOVImakaAZdjICGcnM7VTMYfrwv6OWOL2ldcdniupSE2IcuA\/s1600\/&amp;&amp;&amp;bvbv.jpg","articleSection":["News"],"inLanguage":"fr-FR","potentialAction":[{"@type":"CommentAction","name":"Comment","target":["https:\/\/psgfans.fr\/?p=396#respond"]}]},{"@type":"WebPage","@id":"https:\/\/psgfans.fr\/?p=396","url":"https:\/\/psgfans.fr\/?p=396","name":"PSG \u2013 Ajax : la compo d\u2019\u00e9quipe . Zlatan et Cavani titulaires - PSG FANS","isPartOf":{"@id":"https:\/\/psgfans.fr\/#website"},"primaryImageOfPage":{"@id":"https:\/\/psgfans.fr\/?p=396#primaryimage"},"image":{"@id":"https:\/\/psgfans.fr\/?p=396#primaryimage"},"thumbnailUrl":"https:\/\/blogger.googleusercontent.com\/img\/b\/R29vZ2xl\/AVvXsEhAwEeg4YzoqjSlGp-017eaa4DCHLIsbPfbKQhvtui9rRDz0J02-jnwxQWOlyWfSRrfvwSZTff9-6jYaG4oEA3UZaSNJYhxOVImakaAZdjICGcnM7VTMYfrwv6OWOL2ldcdniupSE2IcuA\/s1600\/&amp;&amp;&amp;bvbv.jpg","datePublished":"2014-11-24T17:05:00+00:00","author":{"@id":"https:\/\/psgfans.fr\/#\/schema\/person\/be2237e7a0237af2f29cb344b3c55e6c"},"breadcrumb":{"@id":"https:\/\/psgfans.fr\/?p=396#breadcrumb"},"inLanguage":"fr-FR","potentialAction":[{"@type":"ReadAction","target":["https:\/\/psgfans.fr\/?p=396"]}]},{"@type":"ImageObject","inLanguage":"fr-FR","@id":"https:\/\/psgfans.fr\/?p=396#primaryimage","url":"https:\/\/blogger.googleusercontent.com\/img\/b\/R29vZ2xl\/AVvXsEhAwEeg4YzoqjSlGp-017eaa4DCHLIsbPfbKQhvtui9rRDz0J02-jnwxQWOlyWfSRrfvwSZTff9-6jYaG4oEA3UZaSNJYhxOVImakaAZdjICGcnM7VTMYfrwv6OWOL2ldcdniupSE2IcuA\/s1600\/&amp;&amp;&amp;bvbv.jpg","contentUrl":"https:\/\/blogger.googleusercontent.com\/img\/b\/R29vZ2xl\/AVvXsEhAwEeg4YzoqjSlGp-017eaa4DCHLIsbPfbKQhvtui9rRDz0J02-jnwxQWOlyWfSRrfvwSZTff9-6jYaG4oEA3UZaSNJYhxOVImakaAZdjICGcnM7VTMYfrwv6OWOL2ldcdniupSE2IcuA\/s1600\/&amp;&amp;&amp;bvbv.jpg"},{"@type":"BreadcrumbList","@id":"https:\/\/psgfans.fr\/?p=396#breadcrumb","itemListElement":[{"@type":"ListItem","position":1,"name":"Accueil","item":"https:\/\/psgfans.fr\/"},{"@type":"ListItem","position":2,"name":"PSG \u2013 Ajax : la compo d\u2019\u00e9quipe . Zlatan et Cavani titulaires"}]},{"@type":"WebSite","@id":"https:\/\/psgfans.fr\/#website","url":"https:\/\/psgfans.fr\/","name":"PSG FANS","description":"Unit\u00e9, Passion, Victoire : Au C\u0153ur du Paris Saint-Germain!","potentialAction":[{"@type":"SearchAction","target":{"@type":"EntryPoint","urlTemplate":"https:\/\/psgfans.fr\/?s={search_term_string}"},"query-input":{"@type":"PropertyValueSpecification","valueRequired":true,"valueName":"search_term_string"}}],"inLanguage":"fr-FR"},{"@type":"Person","@id":"https:\/\/psgfans.fr\/#\/schema\/person\/be2237e7a0237af2f29cb344b3c55e6c","name":"psgfans","image":{"@type":"ImageObject","inLanguage":"fr-FR","@id":"https:\/\/secure.gravatar.com\/avatar\/?s=96&d=mm&r=g","url":"https:\/\/secure.gravatar.com\/avatar\/?s=96&d=mm&r=g","contentUrl":"https:\/\/secure.gravatar.com\/avatar\/?s=96&d=mm&r=g","caption":"psgfans"},"url":"https:\/\/psgfans.fr\/?author=2"}]}},"_links":{"self":[{"href":"https:\/\/psgfans.fr\/index.php?rest_route=\/wp\/v2\/posts\/396","targetHints":{"allow":["GET"]}}],"collection":[{"href":"https:\/\/psgfans.fr\/index.php?rest_route=\/wp\/v2\/posts"}],"about":[{"href":"https:\/\/psgfans.fr\/index.php?rest_route=\/wp\/v2\/types\/post"}],"author":[{"embeddable":true,"href":"https:\/\/psgfans.fr\/index.php?rest_route=\/wp\/v2\/users\/2"}],"replies":[{"embeddable":true,"href":"https:\/\/psgfans.fr\/index.php?rest_route=%2Fwp%2Fv2%2Fcomments&post=396"}],"version-history":[{"count":0,"href":"https:\/\/psgfans.fr\/index.php?rest_route=\/wp\/v2\/posts\/396\/revisions"}],"wp:attachment":[{"href":"https:\/\/psgfans.fr\/index.php?rest_route=%2Fwp%2Fv2%2Fmedia&parent=396"}],"wp:term":[{"taxonomy":"category","embeddable":true,"href":"https:\/\/psgfans.fr\/index.php?rest_route=%2Fwp%2Fv2%2Fcategories&post=396"},{"taxonomy":"post_tag","embeddable":true,"href":"https:\/\/psgfans.fr\/index.php?rest_route=%2Fwp%2Fv2%2Ftags&post=396"}],"curies":[{"name":"wp","href":"https:\/\/api.w.org\/{rel}","templated":true}]}}