{"id":394,"date":"2014-11-25T15:33:00","date_gmt":"2014-11-25T14:33:00","guid":{"rendered":"https:\/\/psgfans.fr\/?p=394"},"modified":"2014-11-25T15:33:00","modified_gmt":"2014-11-25T14:33:00","slug":"ligue-des-champions-psg-ajax-amsterdam-est-a-suivre-sur-notre-site-a-partir-de-20h30","status":"publish","type":"post","link":"https:\/\/psgfans.fr\/?p=394","title":{"rendered":"Ligue des champions: PSG-Ajax Amsterdam est \u00e0 suivre sur notre site \u00e0 partir de 20h30"},"content":{"rendered":"<div style=\"clear: both; text-align: center;\"><a href=\"https:\/\/blogger.googleusercontent.com\/img\/b\/R29vZ2xl\/AVvXsEgRvjjihF5wh0FS1dq0KgdkM72iv0B22bC0z2sVHqnFnGEVGc7jFo5uEkCSO-ZbskQhL08Rmt0QM5wI4nOP0UfTtFy2f0oqElwOQ5cGouZEcD7Vef9i5tviDFdBeCcBcz6ob9N-VYOdFDA\/s1600\/&amp;111ff1f1.jpg\" style=\"margin-left: 1em; margin-right: 1em;\"><img loading=\"lazy\" decoding=\"async\" border=\"0\" src=\"https:\/\/blogger.googleusercontent.com\/img\/b\/R29vZ2xl\/AVvXsEgRvjjihF5wh0FS1dq0KgdkM72iv0B22bC0z2sVHqnFnGEVGc7jFo5uEkCSO-ZbskQhL08Rmt0QM5wI4nOP0UfTtFy2f0oqElwOQ5cGouZEcD7Vef9i5tviDFdBeCcBcz6ob9N-VYOdFDA\/s1600\/&amp;111ff1f1.jpg\" height=\"255\" width=\"400\" \/><\/a><\/div>\n<p><strong style=\"background-color: white; box-sizing: border-box; font-family: 'Helvetica Neue', Helvetica, Arial, sans-serif; font-size: 16px; line-height: 24px; margin: 0px; padding: 0px;\">PSG &#8211; AJAX<\/strong><br \/><strong style=\"background-color: white; box-sizing: border-box; color: red; font-family: 'Helvetica Neue', Helvetica, Arial, sans-serif; font-size: 16px; line-height: 24px; margin: 0px; padding: 0px;\"><br \/><\/strong>Pour le moment, ils la tiennent. Leaders de leur groupe, les hommes de Laurent Blanc re\u00e7oivent l&rsquo;Ajax Amsterdam avec la ferme intention de rester en t\u00eate de leur poule jusqu&rsquo;\u00e0 la fin. Pour y arriver, et donc se m\u00e9nager un tirage au sort favorable en 8e de finale de la Ligue des champions, le PSG doit assurer le coup contre les N\u00e9erlandais mardi soir, avant de boucler la premi\u00e8re phase chez le FC Barcelone dans 15 jours. Contre les N\u00e9erlandais, Paris a encore quelques absents:<br \/><b>&nbsp;Thiago Silva, Thiago Motta, Yohan Cabaye et Marco Verratti<\/b>. pas de panique, le PSG peut compter sur <b>Zlatan Ibrahimovic<\/b>, et surtout l&rsquo;immense Javier Pastore, tr\u00e8s en forme ces derni\u00e8res semaines.<\/p>\n<p>Parce que le PSG est le meilleur atout de la France dans la course \u00e0 l&rsquo;indice UEFA, suivez PSG-Ajax en live \u00e0 partir de 20h30 . &nbsp;sur &nbsp;<b><a href=\"http:\/\/fanspsg.blogspot.fr\/p\/psg-fans-tv.html\" target=\"_blank\">PSGFANS TV<\/a><\/b><\/p>\n<div><\/div>\n","protected":false},"excerpt":{"rendered":"<p>PSG &#8211; AJAXPour le moment, ils la tiennent. Leaders de leur groupe, les hommes de Laurent Blanc re\u00e7oivent l&rsquo;Ajax Amsterdam avec la ferme intention de rester en t\u00eate de leur poule jusqu&rsquo;\u00e0 la fin. Pour y arriver, et donc se m\u00e9nager un tirage au sort favorable en 8e de finale de la Ligue des champions, [&hellip;]<\/p>\n","protected":false},"author":2,"featured_media":0,"comment_status":"open","ping_status":"open","sticky":false,"template":"","format":"standard","meta":{"footnotes":""},"categories":[3],"tags":[],"class_list":{"0":"post-394","1":"post","2":"type-post","3":"status-publish","4":"format-standard","6":"category-news"},"yoast_head":"<!-- This site is optimized with the Yoast SEO plugin v27.4 - https:\/\/yoast.com\/product\/yoast-seo-wordpress\/ -->\n<title>Ligue des champions: PSG-Ajax Amsterdam est \u00e0 suivre sur notre site \u00e0 partir de 20h30 - PSG FANS<\/title>\n<meta name=\"robots\" content=\"index, follow, max-snippet:-1, max-image-preview:large, max-video-preview:-1\" \/>\n<link rel=\"canonical\" href=\"https:\/\/psgfans.fr\/?p=394\" \/>\n<meta property=\"og:locale\" content=\"fr_FR\" \/>\n<meta property=\"og:type\" content=\"article\" \/>\n<meta property=\"og:title\" content=\"Ligue des champions: PSG-Ajax Amsterdam est \u00e0 suivre sur notre site \u00e0 partir de 20h30 - PSG FANS\" \/>\n<meta property=\"og:description\" content=\"PSG &#8211; AJAXPour le moment, ils la tiennent. Leaders de leur groupe, les hommes de Laurent Blanc re\u00e7oivent l&rsquo;Ajax Amsterdam avec la ferme intention de rester en t\u00eate de leur poule jusqu&rsquo;\u00e0 la fin. Pour y arriver, et donc se m\u00e9nager un tirage au sort favorable en 8e de finale de la Ligue des champions, [&hellip;]\" \/>\n<meta property=\"og:url\" content=\"https:\/\/psgfans.fr\/?p=394\" \/>\n<meta property=\"og:site_name\" content=\"PSG FANS\" \/>\n<meta property=\"article:published_time\" content=\"2014-11-25T14:33:00+00:00\" \/>\n<meta property=\"og:image\" content=\"https:\/\/blogger.googleusercontent.com\/img\/b\/R29vZ2xl\/AVvXsEgRvjjihF5wh0FS1dq0KgdkM72iv0B22bC0z2sVHqnFnGEVGc7jFo5uEkCSO-ZbskQhL08Rmt0QM5wI4nOP0UfTtFy2f0oqElwOQ5cGouZEcD7Vef9i5tviDFdBeCcBcz6ob9N-VYOdFDA\/s1600\/&amp;111ff1f1.jpg\" \/>\n<meta name=\"author\" content=\"psgfans\" \/>\n<meta name=\"twitter:card\" content=\"summary_large_image\" \/>\n<meta name=\"twitter:label1\" content=\"\u00c9crit par\" \/>\n\t<meta name=\"twitter:data1\" content=\"psgfans\" \/>\n\t<meta name=\"twitter:label2\" content=\"Dur\u00e9e de lecture estim\u00e9e\" \/>\n\t<meta name=\"twitter:data2\" content=\"1 minute\" \/>\n<script type=\"application\/ld+json\" class=\"yoast-schema-graph\">{\"@context\":\"https:\\\/\\\/schema.org\",\"@graph\":[{\"@type\":\"Article\",\"@id\":\"https:\\\/\\\/psgfans.fr\\\/?p=394#article\",\"isPartOf\":{\"@id\":\"https:\\\/\\\/psgfans.fr\\\/?p=394\"},\"author\":{\"name\":\"psgfans\",\"@id\":\"https:\\\/\\\/psgfans.fr\\\/#\\\/schema\\\/person\\\/be2237e7a0237af2f29cb344b3c55e6c\"},\"headline\":\"Ligue des champions: PSG-Ajax Amsterdam est \u00e0 suivre sur notre site \u00e0 partir de 20h30\",\"datePublished\":\"2014-11-25T14:33:00+00:00\",\"mainEntityOfPage\":{\"@id\":\"https:\\\/\\\/psgfans.fr\\\/?p=394\"},\"wordCount\":170,\"commentCount\":0,\"image\":{\"@id\":\"https:\\\/\\\/psgfans.fr\\\/?p=394#primaryimage\"},\"thumbnailUrl\":\"https:\\\/\\\/blogger.googleusercontent.com\\\/img\\\/b\\\/R29vZ2xl\\\/AVvXsEgRvjjihF5wh0FS1dq0KgdkM72iv0B22bC0z2sVHqnFnGEVGc7jFo5uEkCSO-ZbskQhL08Rmt0QM5wI4nOP0UfTtFy2f0oqElwOQ5cGouZEcD7Vef9i5tviDFdBeCcBcz6ob9N-VYOdFDA\\\/s1600\\\/&amp;111ff1f1.jpg\",\"articleSection\":[\"News\"],\"inLanguage\":\"fr-FR\",\"potentialAction\":[{\"@type\":\"CommentAction\",\"name\":\"Comment\",\"target\":[\"https:\\\/\\\/psgfans.fr\\\/?p=394#respond\"]}]},{\"@type\":\"WebPage\",\"@id\":\"https:\\\/\\\/psgfans.fr\\\/?p=394\",\"url\":\"https:\\\/\\\/psgfans.fr\\\/?p=394\",\"name\":\"Ligue des champions: PSG-Ajax Amsterdam est \u00e0 suivre sur notre site \u00e0 partir de 20h30 - PSG FANS\",\"isPartOf\":{\"@id\":\"https:\\\/\\\/psgfans.fr\\\/#website\"},\"primaryImageOfPage\":{\"@id\":\"https:\\\/\\\/psgfans.fr\\\/?p=394#primaryimage\"},\"image\":{\"@id\":\"https:\\\/\\\/psgfans.fr\\\/?p=394#primaryimage\"},\"thumbnailUrl\":\"https:\\\/\\\/blogger.googleusercontent.com\\\/img\\\/b\\\/R29vZ2xl\\\/AVvXsEgRvjjihF5wh0FS1dq0KgdkM72iv0B22bC0z2sVHqnFnGEVGc7jFo5uEkCSO-ZbskQhL08Rmt0QM5wI4nOP0UfTtFy2f0oqElwOQ5cGouZEcD7Vef9i5tviDFdBeCcBcz6ob9N-VYOdFDA\\\/s1600\\\/&amp;111ff1f1.jpg\",\"datePublished\":\"2014-11-25T14:33:00+00:00\",\"author\":{\"@id\":\"https:\\\/\\\/psgfans.fr\\\/#\\\/schema\\\/person\\\/be2237e7a0237af2f29cb344b3c55e6c\"},\"breadcrumb\":{\"@id\":\"https:\\\/\\\/psgfans.fr\\\/?p=394#breadcrumb\"},\"inLanguage\":\"fr-FR\",\"potentialAction\":[{\"@type\":\"ReadAction\",\"target\":[\"https:\\\/\\\/psgfans.fr\\\/?p=394\"]}]},{\"@type\":\"ImageObject\",\"inLanguage\":\"fr-FR\",\"@id\":\"https:\\\/\\\/psgfans.fr\\\/?p=394#primaryimage\",\"url\":\"https:\\\/\\\/blogger.googleusercontent.com\\\/img\\\/b\\\/R29vZ2xl\\\/AVvXsEgRvjjihF5wh0FS1dq0KgdkM72iv0B22bC0z2sVHqnFnGEVGc7jFo5uEkCSO-ZbskQhL08Rmt0QM5wI4nOP0UfTtFy2f0oqElwOQ5cGouZEcD7Vef9i5tviDFdBeCcBcz6ob9N-VYOdFDA\\\/s1600\\\/&amp;111ff1f1.jpg\",\"contentUrl\":\"https:\\\/\\\/blogger.googleusercontent.com\\\/img\\\/b\\\/R29vZ2xl\\\/AVvXsEgRvjjihF5wh0FS1dq0KgdkM72iv0B22bC0z2sVHqnFnGEVGc7jFo5uEkCSO-ZbskQhL08Rmt0QM5wI4nOP0UfTtFy2f0oqElwOQ5cGouZEcD7Vef9i5tviDFdBeCcBcz6ob9N-VYOdFDA\\\/s1600\\\/&amp;111ff1f1.jpg\"},{\"@type\":\"BreadcrumbList\",\"@id\":\"https:\\\/\\\/psgfans.fr\\\/?p=394#breadcrumb\",\"itemListElement\":[{\"@type\":\"ListItem\",\"position\":1,\"name\":\"Accueil\",\"item\":\"https:\\\/\\\/psgfans.fr\\\/\"},{\"@type\":\"ListItem\",\"position\":2,\"name\":\"Ligue des champions: PSG-Ajax Amsterdam est \u00e0 suivre sur notre site \u00e0 partir de 20h30\"}]},{\"@type\":\"WebSite\",\"@id\":\"https:\\\/\\\/psgfans.fr\\\/#website\",\"url\":\"https:\\\/\\\/psgfans.fr\\\/\",\"name\":\"PSG FANS\",\"description\":\"Unit\u00e9, Passion, Victoire : Au C\u0153ur du Paris Saint-Germain!\",\"potentialAction\":[{\"@type\":\"SearchAction\",\"target\":{\"@type\":\"EntryPoint\",\"urlTemplate\":\"https:\\\/\\\/psgfans.fr\\\/?s={search_term_string}\"},\"query-input\":{\"@type\":\"PropertyValueSpecification\",\"valueRequired\":true,\"valueName\":\"search_term_string\"}}],\"inLanguage\":\"fr-FR\"},{\"@type\":\"Person\",\"@id\":\"https:\\\/\\\/psgfans.fr\\\/#\\\/schema\\\/person\\\/be2237e7a0237af2f29cb344b3c55e6c\",\"name\":\"psgfans\",\"image\":{\"@type\":\"ImageObject\",\"inLanguage\":\"fr-FR\",\"@id\":\"https:\\\/\\\/secure.gravatar.com\\\/avatar\\\/?s=96&d=mm&r=g\",\"url\":\"https:\\\/\\\/secure.gravatar.com\\\/avatar\\\/?s=96&d=mm&r=g\",\"contentUrl\":\"https:\\\/\\\/secure.gravatar.com\\\/avatar\\\/?s=96&d=mm&r=g\",\"caption\":\"psgfans\"},\"url\":\"https:\\\/\\\/psgfans.fr\\\/?author=2\"}]}<\/script>\n<!-- \/ Yoast SEO plugin. -->","yoast_head_json":{"title":"Ligue des champions: PSG-Ajax Amsterdam est \u00e0 suivre sur notre site \u00e0 partir de 20h30 - PSG FANS","robots":{"index":"index","follow":"follow","max-snippet":"max-snippet:-1","max-image-preview":"max-image-preview:large","max-video-preview":"max-video-preview:-1"},"canonical":"https:\/\/psgfans.fr\/?p=394","og_locale":"fr_FR","og_type":"article","og_title":"Ligue des champions: PSG-Ajax Amsterdam est \u00e0 suivre sur notre site \u00e0 partir de 20h30 - PSG FANS","og_description":"PSG &#8211; AJAXPour le moment, ils la tiennent. Leaders de leur groupe, les hommes de Laurent Blanc re\u00e7oivent l&rsquo;Ajax Amsterdam avec la ferme intention de rester en t\u00eate de leur poule jusqu&rsquo;\u00e0 la fin. Pour y arriver, et donc se m\u00e9nager un tirage au sort favorable en 8e de finale de la Ligue des champions, [&hellip;]","og_url":"https:\/\/psgfans.fr\/?p=394","og_site_name":"PSG FANS","article_published_time":"2014-11-25T14:33:00+00:00","og_image":[{"url":"https:\/\/blogger.googleusercontent.com\/img\/b\/R29vZ2xl\/AVvXsEgRvjjihF5wh0FS1dq0KgdkM72iv0B22bC0z2sVHqnFnGEVGc7jFo5uEkCSO-ZbskQhL08Rmt0QM5wI4nOP0UfTtFy2f0oqElwOQ5cGouZEcD7Vef9i5tviDFdBeCcBcz6ob9N-VYOdFDA\/s1600\/&amp;111ff1f1.jpg","type":"","width":"","height":""}],"author":"psgfans","twitter_card":"summary_large_image","twitter_misc":{"\u00c9crit par":"psgfans","Dur\u00e9e de lecture estim\u00e9e":"1 minute"},"schema":{"@context":"https:\/\/schema.org","@graph":[{"@type":"Article","@id":"https:\/\/psgfans.fr\/?p=394#article","isPartOf":{"@id":"https:\/\/psgfans.fr\/?p=394"},"author":{"name":"psgfans","@id":"https:\/\/psgfans.fr\/#\/schema\/person\/be2237e7a0237af2f29cb344b3c55e6c"},"headline":"Ligue des champions: PSG-Ajax Amsterdam est \u00e0 suivre sur notre site \u00e0 partir de 20h30","datePublished":"2014-11-25T14:33:00+00:00","mainEntityOfPage":{"@id":"https:\/\/psgfans.fr\/?p=394"},"wordCount":170,"commentCount":0,"image":{"@id":"https:\/\/psgfans.fr\/?p=394#primaryimage"},"thumbnailUrl":"https:\/\/blogger.googleusercontent.com\/img\/b\/R29vZ2xl\/AVvXsEgRvjjihF5wh0FS1dq0KgdkM72iv0B22bC0z2sVHqnFnGEVGc7jFo5uEkCSO-ZbskQhL08Rmt0QM5wI4nOP0UfTtFy2f0oqElwOQ5cGouZEcD7Vef9i5tviDFdBeCcBcz6ob9N-VYOdFDA\/s1600\/&amp;111ff1f1.jpg","articleSection":["News"],"inLanguage":"fr-FR","potentialAction":[{"@type":"CommentAction","name":"Comment","target":["https:\/\/psgfans.fr\/?p=394#respond"]}]},{"@type":"WebPage","@id":"https:\/\/psgfans.fr\/?p=394","url":"https:\/\/psgfans.fr\/?p=394","name":"Ligue des champions: PSG-Ajax Amsterdam est \u00e0 suivre sur notre site \u00e0 partir de 20h30 - PSG FANS","isPartOf":{"@id":"https:\/\/psgfans.fr\/#website"},"primaryImageOfPage":{"@id":"https:\/\/psgfans.fr\/?p=394#primaryimage"},"image":{"@id":"https:\/\/psgfans.fr\/?p=394#primaryimage"},"thumbnailUrl":"https:\/\/blogger.googleusercontent.com\/img\/b\/R29vZ2xl\/AVvXsEgRvjjihF5wh0FS1dq0KgdkM72iv0B22bC0z2sVHqnFnGEVGc7jFo5uEkCSO-ZbskQhL08Rmt0QM5wI4nOP0UfTtFy2f0oqElwOQ5cGouZEcD7Vef9i5tviDFdBeCcBcz6ob9N-VYOdFDA\/s1600\/&amp;111ff1f1.jpg","datePublished":"2014-11-25T14:33:00+00:00","author":{"@id":"https:\/\/psgfans.fr\/#\/schema\/person\/be2237e7a0237af2f29cb344b3c55e6c"},"breadcrumb":{"@id":"https:\/\/psgfans.fr\/?p=394#breadcrumb"},"inLanguage":"fr-FR","potentialAction":[{"@type":"ReadAction","target":["https:\/\/psgfans.fr\/?p=394"]}]},{"@type":"ImageObject","inLanguage":"fr-FR","@id":"https:\/\/psgfans.fr\/?p=394#primaryimage","url":"https:\/\/blogger.googleusercontent.com\/img\/b\/R29vZ2xl\/AVvXsEgRvjjihF5wh0FS1dq0KgdkM72iv0B22bC0z2sVHqnFnGEVGc7jFo5uEkCSO-ZbskQhL08Rmt0QM5wI4nOP0UfTtFy2f0oqElwOQ5cGouZEcD7Vef9i5tviDFdBeCcBcz6ob9N-VYOdFDA\/s1600\/&amp;111ff1f1.jpg","contentUrl":"https:\/\/blogger.googleusercontent.com\/img\/b\/R29vZ2xl\/AVvXsEgRvjjihF5wh0FS1dq0KgdkM72iv0B22bC0z2sVHqnFnGEVGc7jFo5uEkCSO-ZbskQhL08Rmt0QM5wI4nOP0UfTtFy2f0oqElwOQ5cGouZEcD7Vef9i5tviDFdBeCcBcz6ob9N-VYOdFDA\/s1600\/&amp;111ff1f1.jpg"},{"@type":"BreadcrumbList","@id":"https:\/\/psgfans.fr\/?p=394#breadcrumb","itemListElement":[{"@type":"ListItem","position":1,"name":"Accueil","item":"https:\/\/psgfans.fr\/"},{"@type":"ListItem","position":2,"name":"Ligue des champions: PSG-Ajax Amsterdam est \u00e0 suivre sur notre site \u00e0 partir de 20h30"}]},{"@type":"WebSite","@id":"https:\/\/psgfans.fr\/#website","url":"https:\/\/psgfans.fr\/","name":"PSG FANS","description":"Unit\u00e9, Passion, Victoire : Au C\u0153ur du Paris Saint-Germain!","potentialAction":[{"@type":"SearchAction","target":{"@type":"EntryPoint","urlTemplate":"https:\/\/psgfans.fr\/?s={search_term_string}"},"query-input":{"@type":"PropertyValueSpecification","valueRequired":true,"valueName":"search_term_string"}}],"inLanguage":"fr-FR"},{"@type":"Person","@id":"https:\/\/psgfans.fr\/#\/schema\/person\/be2237e7a0237af2f29cb344b3c55e6c","name":"psgfans","image":{"@type":"ImageObject","inLanguage":"fr-FR","@id":"https:\/\/secure.gravatar.com\/avatar\/?s=96&d=mm&r=g","url":"https:\/\/secure.gravatar.com\/avatar\/?s=96&d=mm&r=g","contentUrl":"https:\/\/secure.gravatar.com\/avatar\/?s=96&d=mm&r=g","caption":"psgfans"},"url":"https:\/\/psgfans.fr\/?author=2"}]}},"_links":{"self":[{"href":"https:\/\/psgfans.fr\/index.php?rest_route=\/wp\/v2\/posts\/394","targetHints":{"allow":["GET"]}}],"collection":[{"href":"https:\/\/psgfans.fr\/index.php?rest_route=\/wp\/v2\/posts"}],"about":[{"href":"https:\/\/psgfans.fr\/index.php?rest_route=\/wp\/v2\/types\/post"}],"author":[{"embeddable":true,"href":"https:\/\/psgfans.fr\/index.php?rest_route=\/wp\/v2\/users\/2"}],"replies":[{"embeddable":true,"href":"https:\/\/psgfans.fr\/index.php?rest_route=%2Fwp%2Fv2%2Fcomments&post=394"}],"version-history":[{"count":0,"href":"https:\/\/psgfans.fr\/index.php?rest_route=\/wp\/v2\/posts\/394\/revisions"}],"wp:attachment":[{"href":"https:\/\/psgfans.fr\/index.php?rest_route=%2Fwp%2Fv2%2Fmedia&parent=394"}],"wp:term":[{"taxonomy":"category","embeddable":true,"href":"https:\/\/psgfans.fr\/index.php?rest_route=%2Fwp%2Fv2%2Fcategories&post=394"},{"taxonomy":"post_tag","embeddable":true,"href":"https:\/\/psgfans.fr\/index.php?rest_route=%2Fwp%2Fv2%2Ftags&post=394"}],"curies":[{"name":"wp","href":"https:\/\/api.w.org\/{rel}","templated":true}]}}