{"id":391,"date":"2014-11-26T19:24:00","date_gmt":"2014-11-26T18:24:00","guid":{"rendered":"https:\/\/psgfans.fr\/?p=391"},"modified":"2014-11-26T19:24:00","modified_gmt":"2014-11-26T18:24:00","slug":"en-video-le-psg-bat-lajax-et-conserve-sa-premiere-place","status":"publish","type":"post","link":"https:\/\/psgfans.fr\/?p=391","title":{"rendered":"En Video  ||  le PSG bat l\u2019Ajax et conserve sa premi\u00e8re place"},"content":{"rendered":"<div style=\"clear: both; text-align: center;\"><a href=\"https:\/\/blogger.googleusercontent.com\/img\/b\/R29vZ2xl\/AVvXsEgl6QDOtnyeC-OhIhZGxVpXw80QDKyy41rWEpsDwnkuS23oENfQzd-4QshBmq5V33_eeK0secM2_aoQ6aR_5gFWn5fBl1n7f-y20KxHix1VMe_ubAO3B_zkptDWZuH14elBGoigwDFqiLk\/s1600\/&amp;&amp;d&amp;bvbv.jpg\" style=\"margin-left: 1em; margin-right: 1em;\"><img loading=\"lazy\" decoding=\"async\" border=\"0\" src=\"https:\/\/blogger.googleusercontent.com\/img\/b\/R29vZ2xl\/AVvXsEgl6QDOtnyeC-OhIhZGxVpXw80QDKyy41rWEpsDwnkuS23oENfQzd-4QshBmq5V33_eeK0secM2_aoQ6aR_5gFWn5fBl1n7f-y20KxHix1VMe_ubAO3B_zkptDWZuH14elBGoigwDFqiLk\/s1600\/&amp;&amp;d&amp;bvbv.jpg\" height=\"287\" width=\"400\" \/><\/a><\/div>\n<p>Battre l\u2019Ajax Amsterdam pour conserver la premi\u00e8re place de la poule F en Ligue des champions. Tel \u00e9tait l\u2019objectif du Paris-Saint-Germain (PSG), mardi 25 novembre, \u00e0 l\u2019occasion de la r\u00e9ception de l\u2019\u00e9curie hollandaise au Parc des Princes. Neutralis\u00e9e (1-1), le 17 septembre, par les champions des Pays-Bas en titre, l\u2019\u00e9quipe de la capitale n\u2019a pas failli, en s\u2019imposant 3-1. Avec 13 points glan\u00e9s en cinq rencontres (quatre victoires, un nul), le PSG occupe toujours la premi\u00e8re place de son groupe et devance d\u2019une unit\u00e9 le FC Barcelone, vainqueur (4-0) sur la pelouse de l\u2019Apoel Nicosie. Auteur d\u2019un tripl\u00e9 \u00e0 Chypre, le Catalan Lionel Messi a, lui, pulv\u00e9ris\u00e9 le record de buts (71) d\u00e9tenu jusqu\u2019alors par l\u2019Espagnol Raul. Il culmine d\u00e9sormais \u00e0 74 r\u00e9alisations.<\/p>\n<p>\u00ab Notre objectif sur cette fin 2014, c\u2019est de terminer premiers de notre poule de Ligue des champions \u00bb, avait averti l\u2019entra\u00eeneur du PSG Laurent Blanc avant la r\u00e9ception de l\u2019Ajax comme pour placer ses prot\u00e9g\u00e9s face \u00e0 leurs responsabilit\u00e9s. Le coach parisien \u00e9tait d\u00e9j\u00e0 tourn\u00e9 vers l\u2019\u00e9ch\u00e9ance br\u00fblante du 10 d\u00e9cembre au Camp Nou contre le FC Barcelone, lors de la \u00ab finale \u00bb de cette poule F. Le \u00ab Pr\u00e9sident \u00bb a ainsi \u00e9t\u00e9 parfaitement entendu par ses joueurs.<\/p>\n<p>A part une demi-vol\u00e9e du plat du pied compl\u00e8tement manqu\u00e9e de Blaise Matuidi (14e minute) puis un tir du gauche trop enlev\u00e9 du Su\u00e9dois Zlatan Ibrahimovic (16e), les spectateurs du Parc des Princes n\u2019ont eu le droit qu\u2019\u00e0 peu d\u2019actions dangereuses lors du premier quart d\u2019heure de la partie. En lice pour d\u00e9crocher la troisi\u00e8me place du groupe, synonyme de \u00ab s\u00e9ance de rattrapage \u00bb en Ligue Europa, l\u2019Ajax offrait une belle r\u00e9sistance, formant un bloc tr\u00e8s compact. Buteur \u00e0 Metz lors de la victoire (3-2) du PSG en championnat, vendredi 21 novembre, l\u2019Argentin Javier Pastore amusait la galerie en multipliant les crochets risqu\u00e9s aux abords de sa surface.<\/p>\n<p><b>UNE RENCONTRE \u00c2PRE<\/b><\/p>\n<p>Les supporteurs parisiens manquaient ensuite de s\u2019\u00e9trangler lorsque son compatriote Ezequiel Lavezzi buta sur Jasper Cillessen, le gardien hollandais (24e). Dix minutes plus tard, les tribunes du Parc \u00e9taient soudainement h\u00e9riss\u00e9es de fanions rouge et bleu. Au terme d\u2019un contre fulgurant plein axe, l\u2019Uruguayen Edison Cavani b\u00e9n\u00e9ficiait d\u2019une offrande de Lavezzi pour pousser tranquillement le ballon au fond des filets. D\u00e9j\u00e0 buteur \u00e0 l\u2019Arena Amsterdam, l\u2019attaquant parisien signait ainsi sa quatri\u00e8me r\u00e9alisation de la saison en Ligue des champions.<\/p>\n<p>En d\u00e9but de seconde p\u00e9riode, l\u2019Ajax multipliait les offensives, obligeant l\u2019arri\u00e8re-garde du PSG \u00e0 quelques d\u00e9gagements h\u00e9ro\u00efques. Habituellement rempla\u00e7ant mais titularis\u00e9 contre l\u2019Ajax en raison du forfait de Marco Verratti et de Yohan Cabaye, le jeune milieu parisien Adrien Rabiot (19 ans) tentait de r\u00e9veiller le public du Parc des Princes. Mais sa frappe du gauche (58e) s\u2019envolait au-dessus de la cage de Jasper Cillessen.<\/p>\n<p><b>LE GESTE G\u00c9NIAL DE ZLATAN<\/b><\/p>\n<p>A force de subir, le PSG se faisait prendre au pi\u00e8ge. A la 67e minute, le milieu hollandais Davy Klaassen mortifiait le gardien parisien Salvatore Sirigu d\u2019une t\u00eate plongeante. La ferveur des supporteurs de l\u2019Ajax tranchait avec le silence pesant des spectateurs du Parc des Princes. En mauvaise posture, le PSG pouvait n\u00e9anmoins compter sur son homme providentiel pour d\u00e9bloquer la situation. A la 78e minute, son capitaine Zlatan Ibrahimovic, \u00e0 court de forme apr\u00e8s sept semaines d\u2019indisponibilit\u00e9, r\u00e9alisait un encha\u00eenement parfait pour inscrire son premier but de la saison en Ligue des champions. Son contr\u00f4le de la poitrine suivi d\u2019une frappe crois\u00e9e imparable estomaquait les visiteurs sous une pluie battante. Quelques instants plus tard, Edinson Cavani parachevait le succ\u00e8s parisien (83e) au terme d\u2019un raid \u00e9clair.<\/p>\n<p>Casquette sur la t\u00eate, l\u2019imperm\u00e9able tremp\u00e9, Laurent Blanc ne pouvait qu\u2019applaudir la victoire de sa formation. A l\u2019unisson, les supporteurs parisiens r\u00e9servaient \u00e0 leurs joueurs une belle ovation. Dans quinze jours, il y a fort \u00e0 parier que le public du Camp Nou offrira une acoustique hostile \u00e0 l\u2019\u00e9quipe de la capitale.<\/p>\n<p>Les Buts du Match &#8230;<\/p>\n<p><iframe loading=\"lazy\" allowfullscreen=\"\" frameborder=\"0\" height=\"370\" src=\"https:\/\/www.youtube.com\/embed\/MzTZfYz3sao\" width=\"580\"><\/iframe><\/p>\n<p>lemonde.fr<\/p>\n","protected":false},"excerpt":{"rendered":"<p>Battre l\u2019Ajax Amsterdam pour conserver la premi\u00e8re place de la poule F en Ligue des champions. Tel \u00e9tait l\u2019objectif du Paris-Saint-Germain (PSG), mardi 25 novembre, \u00e0 l\u2019occasion de la r\u00e9ception de l\u2019\u00e9curie hollandaise au Parc des Princes. Neutralis\u00e9e (1-1), le 17 septembre, par les champions des Pays-Bas en titre, l\u2019\u00e9quipe de la capitale n\u2019a pas [&hellip;]<\/p>\n","protected":false},"author":2,"featured_media":0,"comment_status":"open","ping_status":"open","sticky":false,"template":"","format":"standard","meta":{"footnotes":""},"categories":[3,25],"tags":[],"class_list":{"0":"post-391","1":"post","2":"type-post","3":"status-publish","4":"format-standard","6":"category-news","7":"category-video"},"yoast_head":"<!-- This site is optimized with the Yoast SEO plugin v27.4 - https:\/\/yoast.com\/product\/yoast-seo-wordpress\/ -->\n<title>En Video || le PSG bat l\u2019Ajax et conserve sa premi\u00e8re place - PSG FANS<\/title>\n<meta name=\"robots\" content=\"index, follow, max-snippet:-1, max-image-preview:large, max-video-preview:-1\" \/>\n<link rel=\"canonical\" href=\"https:\/\/psgfans.fr\/?p=391\" \/>\n<meta property=\"og:locale\" content=\"fr_FR\" \/>\n<meta property=\"og:type\" content=\"article\" \/>\n<meta property=\"og:title\" content=\"En Video || le PSG bat l\u2019Ajax et conserve sa premi\u00e8re place - PSG FANS\" \/>\n<meta property=\"og:description\" content=\"Battre l\u2019Ajax Amsterdam pour conserver la premi\u00e8re place de la poule F en Ligue des champions. Tel \u00e9tait l\u2019objectif du Paris-Saint-Germain (PSG), mardi 25 novembre, \u00e0 l\u2019occasion de la r\u00e9ception de l\u2019\u00e9curie hollandaise au Parc des Princes. Neutralis\u00e9e (1-1), le 17 septembre, par les champions des Pays-Bas en titre, l\u2019\u00e9quipe de la capitale n\u2019a pas [&hellip;]\" \/>\n<meta property=\"og:url\" content=\"https:\/\/psgfans.fr\/?p=391\" \/>\n<meta property=\"og:site_name\" content=\"PSG FANS\" \/>\n<meta property=\"article:published_time\" content=\"2014-11-26T18:24:00+00:00\" \/>\n<meta property=\"og:image\" content=\"https:\/\/blogger.googleusercontent.com\/img\/b\/R29vZ2xl\/AVvXsEgl6QDOtnyeC-OhIhZGxVpXw80QDKyy41rWEpsDwnkuS23oENfQzd-4QshBmq5V33_eeK0secM2_aoQ6aR_5gFWn5fBl1n7f-y20KxHix1VMe_ubAO3B_zkptDWZuH14elBGoigwDFqiLk\/s1600\/&amp;&amp;d&amp;bvbv.jpg\" \/>\n<meta name=\"author\" content=\"psgfans\" \/>\n<meta name=\"twitter:card\" content=\"summary_large_image\" \/>\n<meta name=\"twitter:label1\" content=\"\u00c9crit par\" \/>\n\t<meta name=\"twitter:data1\" content=\"psgfans\" \/>\n\t<meta name=\"twitter:label2\" content=\"Dur\u00e9e de lecture estim\u00e9e\" \/>\n\t<meta name=\"twitter:data2\" content=\"4 minutes\" \/>\n<script type=\"application\/ld+json\" class=\"yoast-schema-graph\">{\"@context\":\"https:\\\/\\\/schema.org\",\"@graph\":[{\"@type\":\"Article\",\"@id\":\"https:\\\/\\\/psgfans.fr\\\/?p=391#article\",\"isPartOf\":{\"@id\":\"https:\\\/\\\/psgfans.fr\\\/?p=391\"},\"author\":{\"name\":\"psgfans\",\"@id\":\"https:\\\/\\\/psgfans.fr\\\/#\\\/schema\\\/person\\\/be2237e7a0237af2f29cb344b3c55e6c\"},\"headline\":\"En Video || le PSG bat l\u2019Ajax et conserve sa premi\u00e8re place\",\"datePublished\":\"2014-11-26T18:24:00+00:00\",\"mainEntityOfPage\":{\"@id\":\"https:\\\/\\\/psgfans.fr\\\/?p=391\"},\"wordCount\":733,\"commentCount\":0,\"image\":{\"@id\":\"https:\\\/\\\/psgfans.fr\\\/?p=391#primaryimage\"},\"thumbnailUrl\":\"https:\\\/\\\/blogger.googleusercontent.com\\\/img\\\/b\\\/R29vZ2xl\\\/AVvXsEgl6QDOtnyeC-OhIhZGxVpXw80QDKyy41rWEpsDwnkuS23oENfQzd-4QshBmq5V33_eeK0secM2_aoQ6aR_5gFWn5fBl1n7f-y20KxHix1VMe_ubAO3B_zkptDWZuH14elBGoigwDFqiLk\\\/s1600\\\/&amp;&amp;d&amp;bvbv.jpg\",\"articleSection\":[\"News\",\"Video\"],\"inLanguage\":\"fr-FR\",\"potentialAction\":[{\"@type\":\"CommentAction\",\"name\":\"Comment\",\"target\":[\"https:\\\/\\\/psgfans.fr\\\/?p=391#respond\"]}]},{\"@type\":\"WebPage\",\"@id\":\"https:\\\/\\\/psgfans.fr\\\/?p=391\",\"url\":\"https:\\\/\\\/psgfans.fr\\\/?p=391\",\"name\":\"En Video || le PSG bat l\u2019Ajax et conserve sa premi\u00e8re place - PSG FANS\",\"isPartOf\":{\"@id\":\"https:\\\/\\\/psgfans.fr\\\/#website\"},\"primaryImageOfPage\":{\"@id\":\"https:\\\/\\\/psgfans.fr\\\/?p=391#primaryimage\"},\"image\":{\"@id\":\"https:\\\/\\\/psgfans.fr\\\/?p=391#primaryimage\"},\"thumbnailUrl\":\"https:\\\/\\\/blogger.googleusercontent.com\\\/img\\\/b\\\/R29vZ2xl\\\/AVvXsEgl6QDOtnyeC-OhIhZGxVpXw80QDKyy41rWEpsDwnkuS23oENfQzd-4QshBmq5V33_eeK0secM2_aoQ6aR_5gFWn5fBl1n7f-y20KxHix1VMe_ubAO3B_zkptDWZuH14elBGoigwDFqiLk\\\/s1600\\\/&amp;&amp;d&amp;bvbv.jpg\",\"datePublished\":\"2014-11-26T18:24:00+00:00\",\"author\":{\"@id\":\"https:\\\/\\\/psgfans.fr\\\/#\\\/schema\\\/person\\\/be2237e7a0237af2f29cb344b3c55e6c\"},\"breadcrumb\":{\"@id\":\"https:\\\/\\\/psgfans.fr\\\/?p=391#breadcrumb\"},\"inLanguage\":\"fr-FR\",\"potentialAction\":[{\"@type\":\"ReadAction\",\"target\":[\"https:\\\/\\\/psgfans.fr\\\/?p=391\"]}]},{\"@type\":\"ImageObject\",\"inLanguage\":\"fr-FR\",\"@id\":\"https:\\\/\\\/psgfans.fr\\\/?p=391#primaryimage\",\"url\":\"https:\\\/\\\/blogger.googleusercontent.com\\\/img\\\/b\\\/R29vZ2xl\\\/AVvXsEgl6QDOtnyeC-OhIhZGxVpXw80QDKyy41rWEpsDwnkuS23oENfQzd-4QshBmq5V33_eeK0secM2_aoQ6aR_5gFWn5fBl1n7f-y20KxHix1VMe_ubAO3B_zkptDWZuH14elBGoigwDFqiLk\\\/s1600\\\/&amp;&amp;d&amp;bvbv.jpg\",\"contentUrl\":\"https:\\\/\\\/blogger.googleusercontent.com\\\/img\\\/b\\\/R29vZ2xl\\\/AVvXsEgl6QDOtnyeC-OhIhZGxVpXw80QDKyy41rWEpsDwnkuS23oENfQzd-4QshBmq5V33_eeK0secM2_aoQ6aR_5gFWn5fBl1n7f-y20KxHix1VMe_ubAO3B_zkptDWZuH14elBGoigwDFqiLk\\\/s1600\\\/&amp;&amp;d&amp;bvbv.jpg\"},{\"@type\":\"BreadcrumbList\",\"@id\":\"https:\\\/\\\/psgfans.fr\\\/?p=391#breadcrumb\",\"itemListElement\":[{\"@type\":\"ListItem\",\"position\":1,\"name\":\"Accueil\",\"item\":\"https:\\\/\\\/psgfans.fr\\\/\"},{\"@type\":\"ListItem\",\"position\":2,\"name\":\"En Video || le PSG bat l\u2019Ajax et conserve sa premi\u00e8re place\"}]},{\"@type\":\"WebSite\",\"@id\":\"https:\\\/\\\/psgfans.fr\\\/#website\",\"url\":\"https:\\\/\\\/psgfans.fr\\\/\",\"name\":\"PSG FANS\",\"description\":\"Unit\u00e9, Passion, Victoire : Au C\u0153ur du Paris Saint-Germain!\",\"potentialAction\":[{\"@type\":\"SearchAction\",\"target\":{\"@type\":\"EntryPoint\",\"urlTemplate\":\"https:\\\/\\\/psgfans.fr\\\/?s={search_term_string}\"},\"query-input\":{\"@type\":\"PropertyValueSpecification\",\"valueRequired\":true,\"valueName\":\"search_term_string\"}}],\"inLanguage\":\"fr-FR\"},{\"@type\":\"Person\",\"@id\":\"https:\\\/\\\/psgfans.fr\\\/#\\\/schema\\\/person\\\/be2237e7a0237af2f29cb344b3c55e6c\",\"name\":\"psgfans\",\"image\":{\"@type\":\"ImageObject\",\"inLanguage\":\"fr-FR\",\"@id\":\"https:\\\/\\\/secure.gravatar.com\\\/avatar\\\/?s=96&d=mm&r=g\",\"url\":\"https:\\\/\\\/secure.gravatar.com\\\/avatar\\\/?s=96&d=mm&r=g\",\"contentUrl\":\"https:\\\/\\\/secure.gravatar.com\\\/avatar\\\/?s=96&d=mm&r=g\",\"caption\":\"psgfans\"},\"url\":\"https:\\\/\\\/psgfans.fr\\\/?author=2\"}]}<\/script>\n<!-- \/ Yoast SEO plugin. -->","yoast_head_json":{"title":"En Video || le PSG bat l\u2019Ajax et conserve sa premi\u00e8re place - PSG FANS","robots":{"index":"index","follow":"follow","max-snippet":"max-snippet:-1","max-image-preview":"max-image-preview:large","max-video-preview":"max-video-preview:-1"},"canonical":"https:\/\/psgfans.fr\/?p=391","og_locale":"fr_FR","og_type":"article","og_title":"En Video || le PSG bat l\u2019Ajax et conserve sa premi\u00e8re place - PSG FANS","og_description":"Battre l\u2019Ajax Amsterdam pour conserver la premi\u00e8re place de la poule F en Ligue des champions. Tel \u00e9tait l\u2019objectif du Paris-Saint-Germain (PSG), mardi 25 novembre, \u00e0 l\u2019occasion de la r\u00e9ception de l\u2019\u00e9curie hollandaise au Parc des Princes. Neutralis\u00e9e (1-1), le 17 septembre, par les champions des Pays-Bas en titre, l\u2019\u00e9quipe de la capitale n\u2019a pas [&hellip;]","og_url":"https:\/\/psgfans.fr\/?p=391","og_site_name":"PSG FANS","article_published_time":"2014-11-26T18:24:00+00:00","og_image":[{"url":"https:\/\/blogger.googleusercontent.com\/img\/b\/R29vZ2xl\/AVvXsEgl6QDOtnyeC-OhIhZGxVpXw80QDKyy41rWEpsDwnkuS23oENfQzd-4QshBmq5V33_eeK0secM2_aoQ6aR_5gFWn5fBl1n7f-y20KxHix1VMe_ubAO3B_zkptDWZuH14elBGoigwDFqiLk\/s1600\/&amp;&amp;d&amp;bvbv.jpg","type":"","width":"","height":""}],"author":"psgfans","twitter_card":"summary_large_image","twitter_misc":{"\u00c9crit par":"psgfans","Dur\u00e9e de lecture estim\u00e9e":"4 minutes"},"schema":{"@context":"https:\/\/schema.org","@graph":[{"@type":"Article","@id":"https:\/\/psgfans.fr\/?p=391#article","isPartOf":{"@id":"https:\/\/psgfans.fr\/?p=391"},"author":{"name":"psgfans","@id":"https:\/\/psgfans.fr\/#\/schema\/person\/be2237e7a0237af2f29cb344b3c55e6c"},"headline":"En Video || le PSG bat l\u2019Ajax et conserve sa premi\u00e8re place","datePublished":"2014-11-26T18:24:00+00:00","mainEntityOfPage":{"@id":"https:\/\/psgfans.fr\/?p=391"},"wordCount":733,"commentCount":0,"image":{"@id":"https:\/\/psgfans.fr\/?p=391#primaryimage"},"thumbnailUrl":"https:\/\/blogger.googleusercontent.com\/img\/b\/R29vZ2xl\/AVvXsEgl6QDOtnyeC-OhIhZGxVpXw80QDKyy41rWEpsDwnkuS23oENfQzd-4QshBmq5V33_eeK0secM2_aoQ6aR_5gFWn5fBl1n7f-y20KxHix1VMe_ubAO3B_zkptDWZuH14elBGoigwDFqiLk\/s1600\/&amp;&amp;d&amp;bvbv.jpg","articleSection":["News","Video"],"inLanguage":"fr-FR","potentialAction":[{"@type":"CommentAction","name":"Comment","target":["https:\/\/psgfans.fr\/?p=391#respond"]}]},{"@type":"WebPage","@id":"https:\/\/psgfans.fr\/?p=391","url":"https:\/\/psgfans.fr\/?p=391","name":"En Video || le PSG bat l\u2019Ajax et conserve sa premi\u00e8re place - PSG FANS","isPartOf":{"@id":"https:\/\/psgfans.fr\/#website"},"primaryImageOfPage":{"@id":"https:\/\/psgfans.fr\/?p=391#primaryimage"},"image":{"@id":"https:\/\/psgfans.fr\/?p=391#primaryimage"},"thumbnailUrl":"https:\/\/blogger.googleusercontent.com\/img\/b\/R29vZ2xl\/AVvXsEgl6QDOtnyeC-OhIhZGxVpXw80QDKyy41rWEpsDwnkuS23oENfQzd-4QshBmq5V33_eeK0secM2_aoQ6aR_5gFWn5fBl1n7f-y20KxHix1VMe_ubAO3B_zkptDWZuH14elBGoigwDFqiLk\/s1600\/&amp;&amp;d&amp;bvbv.jpg","datePublished":"2014-11-26T18:24:00+00:00","author":{"@id":"https:\/\/psgfans.fr\/#\/schema\/person\/be2237e7a0237af2f29cb344b3c55e6c"},"breadcrumb":{"@id":"https:\/\/psgfans.fr\/?p=391#breadcrumb"},"inLanguage":"fr-FR","potentialAction":[{"@type":"ReadAction","target":["https:\/\/psgfans.fr\/?p=391"]}]},{"@type":"ImageObject","inLanguage":"fr-FR","@id":"https:\/\/psgfans.fr\/?p=391#primaryimage","url":"https:\/\/blogger.googleusercontent.com\/img\/b\/R29vZ2xl\/AVvXsEgl6QDOtnyeC-OhIhZGxVpXw80QDKyy41rWEpsDwnkuS23oENfQzd-4QshBmq5V33_eeK0secM2_aoQ6aR_5gFWn5fBl1n7f-y20KxHix1VMe_ubAO3B_zkptDWZuH14elBGoigwDFqiLk\/s1600\/&amp;&amp;d&amp;bvbv.jpg","contentUrl":"https:\/\/blogger.googleusercontent.com\/img\/b\/R29vZ2xl\/AVvXsEgl6QDOtnyeC-OhIhZGxVpXw80QDKyy41rWEpsDwnkuS23oENfQzd-4QshBmq5V33_eeK0secM2_aoQ6aR_5gFWn5fBl1n7f-y20KxHix1VMe_ubAO3B_zkptDWZuH14elBGoigwDFqiLk\/s1600\/&amp;&amp;d&amp;bvbv.jpg"},{"@type":"BreadcrumbList","@id":"https:\/\/psgfans.fr\/?p=391#breadcrumb","itemListElement":[{"@type":"ListItem","position":1,"name":"Accueil","item":"https:\/\/psgfans.fr\/"},{"@type":"ListItem","position":2,"name":"En Video || le PSG bat l\u2019Ajax et conserve sa premi\u00e8re place"}]},{"@type":"WebSite","@id":"https:\/\/psgfans.fr\/#website","url":"https:\/\/psgfans.fr\/","name":"PSG FANS","description":"Unit\u00e9, Passion, Victoire : Au C\u0153ur du Paris Saint-Germain!","potentialAction":[{"@type":"SearchAction","target":{"@type":"EntryPoint","urlTemplate":"https:\/\/psgfans.fr\/?s={search_term_string}"},"query-input":{"@type":"PropertyValueSpecification","valueRequired":true,"valueName":"search_term_string"}}],"inLanguage":"fr-FR"},{"@type":"Person","@id":"https:\/\/psgfans.fr\/#\/schema\/person\/be2237e7a0237af2f29cb344b3c55e6c","name":"psgfans","image":{"@type":"ImageObject","inLanguage":"fr-FR","@id":"https:\/\/secure.gravatar.com\/avatar\/?s=96&d=mm&r=g","url":"https:\/\/secure.gravatar.com\/avatar\/?s=96&d=mm&r=g","contentUrl":"https:\/\/secure.gravatar.com\/avatar\/?s=96&d=mm&r=g","caption":"psgfans"},"url":"https:\/\/psgfans.fr\/?author=2"}]}},"_links":{"self":[{"href":"https:\/\/psgfans.fr\/index.php?rest_route=\/wp\/v2\/posts\/391","targetHints":{"allow":["GET"]}}],"collection":[{"href":"https:\/\/psgfans.fr\/index.php?rest_route=\/wp\/v2\/posts"}],"about":[{"href":"https:\/\/psgfans.fr\/index.php?rest_route=\/wp\/v2\/types\/post"}],"author":[{"embeddable":true,"href":"https:\/\/psgfans.fr\/index.php?rest_route=\/wp\/v2\/users\/2"}],"replies":[{"embeddable":true,"href":"https:\/\/psgfans.fr\/index.php?rest_route=%2Fwp%2Fv2%2Fcomments&post=391"}],"version-history":[{"count":0,"href":"https:\/\/psgfans.fr\/index.php?rest_route=\/wp\/v2\/posts\/391\/revisions"}],"wp:attachment":[{"href":"https:\/\/psgfans.fr\/index.php?rest_route=%2Fwp%2Fv2%2Fmedia&parent=391"}],"wp:term":[{"taxonomy":"category","embeddable":true,"href":"https:\/\/psgfans.fr\/index.php?rest_route=%2Fwp%2Fv2%2Fcategories&post=391"},{"taxonomy":"post_tag","embeddable":true,"href":"https:\/\/psgfans.fr\/index.php?rest_route=%2Fwp%2Fv2%2Ftags&post=391"}],"curies":[{"name":"wp","href":"https:\/\/api.w.org\/{rel}","templated":true}]}}