{"id":390,"date":"2014-11-29T14:24:00","date_gmt":"2014-11-29T13:24:00","guid":{"rendered":"https:\/\/psgfans.fr\/?p=390"},"modified":"2014-11-29T14:24:00","modified_gmt":"2014-11-29T13:24:00","slug":"zlatan-ibrahimovic-decline-linvitation-de-francois-hollande","status":"publish","type":"post","link":"https:\/\/psgfans.fr\/?p=390","title":{"rendered":"Zlatan Ibrahimovic d\u00e9cline l\u2019invitation de Fran\u00e7ois Hollande"},"content":{"rendered":"<div style=\"clear: both; text-align: center;\"><a href=\"https:\/\/blogger.googleusercontent.com\/img\/b\/R29vZ2xl\/AVvXsEiEUY8Rex-I8_HNnSDiovzn9n27-B_dOJLgM3IJ1OKVn0vlHLinJ9rJGj1BnVRf7CZwvKXUJrL7y5UzmWkDdM_RKVsrNyWRS5hHyTdhbEhiOG07qLEjj6wgHUdMn1aeMPq9TKrCa4PcyFg\/s1600\/&amp;&amp;&amp;bvbv.jpg\" style=\"margin-left: 1em; margin-right: 1em;\"><img loading=\"lazy\" decoding=\"async\" border=\"0\" src=\"https:\/\/blogger.googleusercontent.com\/img\/b\/R29vZ2xl\/AVvXsEiEUY8Rex-I8_HNnSDiovzn9n27-B_dOJLgM3IJ1OKVn0vlHLinJ9rJGj1BnVRf7CZwvKXUJrL7y5UzmWkDdM_RKVsrNyWRS5hHyTdhbEhiOG07qLEjj6wgHUdMn1aeMPq9TKrCa4PcyFg\/s1600\/&amp;&amp;&amp;bvbv.jpg\" height=\"255\" width=\"400\" \/><\/a><\/div>\n<p>On n\u2019aura pas droit \u00e0 la photo de Zlatan Ibrahimovic sur le perron de l\u2019Elys\u00e9e. Invit\u00e9 par Fran\u00e7ois Hollande \u00e0 l\u2019occasion de la visite d\u2019Etat du roi de Su\u00e8de Carl XVI et de son \u00e9pouse la reine Silvia, l\u2019attaquant du PSG ne pourra pas honorer de sa pr\u00e9sence le d\u00eener officiel mardi soir explique L&rsquo;Equipe.<br \/>Son absence ne s\u2019explique pas par une volont\u00e9 de protester contre la taxe \u00e0 75% mis en place par le gouvernement mais uniquement par l\u2019agenda du club parisien. En d\u00e9placement \u00e0 Lille mercredi soir, le PSG effectuera sa traditionnelle mise au vert la veille. Une bonne raison de s\u00e9cher les mondanit\u00e9s.<\/p>\n<p>20minutes.fr<\/p>\n","protected":false},"excerpt":{"rendered":"<p>On n\u2019aura pas droit \u00e0 la photo de Zlatan Ibrahimovic sur le perron de l\u2019Elys\u00e9e. Invit\u00e9 par Fran\u00e7ois Hollande \u00e0 l\u2019occasion de la visite d\u2019Etat du roi de Su\u00e8de Carl XVI et de son \u00e9pouse la reine Silvia, l\u2019attaquant du PSG ne pourra pas honorer de sa pr\u00e9sence le d\u00eener officiel mardi soir explique L&rsquo;Equipe.Son [&hellip;]<\/p>\n","protected":false},"author":2,"featured_media":0,"comment_status":"open","ping_status":"open","sticky":false,"template":"","format":"standard","meta":{"footnotes":""},"categories":[3],"tags":[],"class_list":{"0":"post-390","1":"post","2":"type-post","3":"status-publish","4":"format-standard","6":"category-news"},"yoast_head":"<!-- This site is optimized with the Yoast SEO plugin v27.4 - https:\/\/yoast.com\/product\/yoast-seo-wordpress\/ -->\n<title>Zlatan Ibrahimovic d\u00e9cline l\u2019invitation de Fran\u00e7ois Hollande - PSG FANS<\/title>\n<meta name=\"robots\" content=\"index, follow, max-snippet:-1, max-image-preview:large, max-video-preview:-1\" \/>\n<link rel=\"canonical\" href=\"https:\/\/psgfans.fr\/?p=390\" \/>\n<meta property=\"og:locale\" content=\"fr_FR\" \/>\n<meta property=\"og:type\" content=\"article\" \/>\n<meta property=\"og:title\" content=\"Zlatan Ibrahimovic d\u00e9cline l\u2019invitation de Fran\u00e7ois Hollande - PSG FANS\" \/>\n<meta property=\"og:description\" content=\"On n\u2019aura pas droit \u00e0 la photo de Zlatan Ibrahimovic sur le perron de l\u2019Elys\u00e9e. Invit\u00e9 par Fran\u00e7ois Hollande \u00e0 l\u2019occasion de la visite d\u2019Etat du roi de Su\u00e8de Carl XVI et de son \u00e9pouse la reine Silvia, l\u2019attaquant du PSG ne pourra pas honorer de sa pr\u00e9sence le d\u00eener officiel mardi soir explique L&rsquo;Equipe.Son [&hellip;]\" \/>\n<meta property=\"og:url\" content=\"https:\/\/psgfans.fr\/?p=390\" \/>\n<meta property=\"og:site_name\" content=\"PSG FANS\" \/>\n<meta property=\"article:published_time\" content=\"2014-11-29T13:24:00+00:00\" \/>\n<meta property=\"og:image\" content=\"https:\/\/blogger.googleusercontent.com\/img\/b\/R29vZ2xl\/AVvXsEiEUY8Rex-I8_HNnSDiovzn9n27-B_dOJLgM3IJ1OKVn0vlHLinJ9rJGj1BnVRf7CZwvKXUJrL7y5UzmWkDdM_RKVsrNyWRS5hHyTdhbEhiOG07qLEjj6wgHUdMn1aeMPq9TKrCa4PcyFg\/s1600\/&amp;&amp;&amp;bvbv.jpg\" \/>\n<meta name=\"author\" content=\"psgfans\" \/>\n<meta name=\"twitter:card\" content=\"summary_large_image\" \/>\n<meta name=\"twitter:label1\" content=\"\u00c9crit par\" \/>\n\t<meta name=\"twitter:data1\" content=\"psgfans\" \/>\n\t<meta name=\"twitter:label2\" content=\"Dur\u00e9e de lecture estim\u00e9e\" \/>\n\t<meta name=\"twitter:data2\" content=\"1 minute\" \/>\n<script type=\"application\/ld+json\" class=\"yoast-schema-graph\">{\"@context\":\"https:\\\/\\\/schema.org\",\"@graph\":[{\"@type\":\"Article\",\"@id\":\"https:\\\/\\\/psgfans.fr\\\/?p=390#article\",\"isPartOf\":{\"@id\":\"https:\\\/\\\/psgfans.fr\\\/?p=390\"},\"author\":{\"name\":\"psgfans\",\"@id\":\"https:\\\/\\\/psgfans.fr\\\/#\\\/schema\\\/person\\\/be2237e7a0237af2f29cb344b3c55e6c\"},\"headline\":\"Zlatan Ibrahimovic d\u00e9cline l\u2019invitation de Fran\u00e7ois Hollande\",\"datePublished\":\"2014-11-29T13:24:00+00:00\",\"mainEntityOfPage\":{\"@id\":\"https:\\\/\\\/psgfans.fr\\\/?p=390\"},\"wordCount\":129,\"commentCount\":0,\"image\":{\"@id\":\"https:\\\/\\\/psgfans.fr\\\/?p=390#primaryimage\"},\"thumbnailUrl\":\"https:\\\/\\\/blogger.googleusercontent.com\\\/img\\\/b\\\/R29vZ2xl\\\/AVvXsEiEUY8Rex-I8_HNnSDiovzn9n27-B_dOJLgM3IJ1OKVn0vlHLinJ9rJGj1BnVRf7CZwvKXUJrL7y5UzmWkDdM_RKVsrNyWRS5hHyTdhbEhiOG07qLEjj6wgHUdMn1aeMPq9TKrCa4PcyFg\\\/s1600\\\/&amp;&amp;&amp;bvbv.jpg\",\"articleSection\":[\"News\"],\"inLanguage\":\"fr-FR\",\"potentialAction\":[{\"@type\":\"CommentAction\",\"name\":\"Comment\",\"target\":[\"https:\\\/\\\/psgfans.fr\\\/?p=390#respond\"]}]},{\"@type\":\"WebPage\",\"@id\":\"https:\\\/\\\/psgfans.fr\\\/?p=390\",\"url\":\"https:\\\/\\\/psgfans.fr\\\/?p=390\",\"name\":\"Zlatan Ibrahimovic d\u00e9cline l\u2019invitation de Fran\u00e7ois Hollande - PSG FANS\",\"isPartOf\":{\"@id\":\"https:\\\/\\\/psgfans.fr\\\/#website\"},\"primaryImageOfPage\":{\"@id\":\"https:\\\/\\\/psgfans.fr\\\/?p=390#primaryimage\"},\"image\":{\"@id\":\"https:\\\/\\\/psgfans.fr\\\/?p=390#primaryimage\"},\"thumbnailUrl\":\"https:\\\/\\\/blogger.googleusercontent.com\\\/img\\\/b\\\/R29vZ2xl\\\/AVvXsEiEUY8Rex-I8_HNnSDiovzn9n27-B_dOJLgM3IJ1OKVn0vlHLinJ9rJGj1BnVRf7CZwvKXUJrL7y5UzmWkDdM_RKVsrNyWRS5hHyTdhbEhiOG07qLEjj6wgHUdMn1aeMPq9TKrCa4PcyFg\\\/s1600\\\/&amp;&amp;&amp;bvbv.jpg\",\"datePublished\":\"2014-11-29T13:24:00+00:00\",\"author\":{\"@id\":\"https:\\\/\\\/psgfans.fr\\\/#\\\/schema\\\/person\\\/be2237e7a0237af2f29cb344b3c55e6c\"},\"breadcrumb\":{\"@id\":\"https:\\\/\\\/psgfans.fr\\\/?p=390#breadcrumb\"},\"inLanguage\":\"fr-FR\",\"potentialAction\":[{\"@type\":\"ReadAction\",\"target\":[\"https:\\\/\\\/psgfans.fr\\\/?p=390\"]}]},{\"@type\":\"ImageObject\",\"inLanguage\":\"fr-FR\",\"@id\":\"https:\\\/\\\/psgfans.fr\\\/?p=390#primaryimage\",\"url\":\"https:\\\/\\\/blogger.googleusercontent.com\\\/img\\\/b\\\/R29vZ2xl\\\/AVvXsEiEUY8Rex-I8_HNnSDiovzn9n27-B_dOJLgM3IJ1OKVn0vlHLinJ9rJGj1BnVRf7CZwvKXUJrL7y5UzmWkDdM_RKVsrNyWRS5hHyTdhbEhiOG07qLEjj6wgHUdMn1aeMPq9TKrCa4PcyFg\\\/s1600\\\/&amp;&amp;&amp;bvbv.jpg\",\"contentUrl\":\"https:\\\/\\\/blogger.googleusercontent.com\\\/img\\\/b\\\/R29vZ2xl\\\/AVvXsEiEUY8Rex-I8_HNnSDiovzn9n27-B_dOJLgM3IJ1OKVn0vlHLinJ9rJGj1BnVRf7CZwvKXUJrL7y5UzmWkDdM_RKVsrNyWRS5hHyTdhbEhiOG07qLEjj6wgHUdMn1aeMPq9TKrCa4PcyFg\\\/s1600\\\/&amp;&amp;&amp;bvbv.jpg\"},{\"@type\":\"BreadcrumbList\",\"@id\":\"https:\\\/\\\/psgfans.fr\\\/?p=390#breadcrumb\",\"itemListElement\":[{\"@type\":\"ListItem\",\"position\":1,\"name\":\"Accueil\",\"item\":\"https:\\\/\\\/psgfans.fr\\\/\"},{\"@type\":\"ListItem\",\"position\":2,\"name\":\"Zlatan Ibrahimovic d\u00e9cline l\u2019invitation de Fran\u00e7ois Hollande\"}]},{\"@type\":\"WebSite\",\"@id\":\"https:\\\/\\\/psgfans.fr\\\/#website\",\"url\":\"https:\\\/\\\/psgfans.fr\\\/\",\"name\":\"PSG FANS\",\"description\":\"Unit\u00e9, Passion, Victoire : Au C\u0153ur du Paris Saint-Germain!\",\"potentialAction\":[{\"@type\":\"SearchAction\",\"target\":{\"@type\":\"EntryPoint\",\"urlTemplate\":\"https:\\\/\\\/psgfans.fr\\\/?s={search_term_string}\"},\"query-input\":{\"@type\":\"PropertyValueSpecification\",\"valueRequired\":true,\"valueName\":\"search_term_string\"}}],\"inLanguage\":\"fr-FR\"},{\"@type\":\"Person\",\"@id\":\"https:\\\/\\\/psgfans.fr\\\/#\\\/schema\\\/person\\\/be2237e7a0237af2f29cb344b3c55e6c\",\"name\":\"psgfans\",\"image\":{\"@type\":\"ImageObject\",\"inLanguage\":\"fr-FR\",\"@id\":\"https:\\\/\\\/secure.gravatar.com\\\/avatar\\\/?s=96&d=mm&r=g\",\"url\":\"https:\\\/\\\/secure.gravatar.com\\\/avatar\\\/?s=96&d=mm&r=g\",\"contentUrl\":\"https:\\\/\\\/secure.gravatar.com\\\/avatar\\\/?s=96&d=mm&r=g\",\"caption\":\"psgfans\"},\"url\":\"https:\\\/\\\/psgfans.fr\\\/?author=2\"}]}<\/script>\n<!-- \/ Yoast SEO plugin. -->","yoast_head_json":{"title":"Zlatan Ibrahimovic d\u00e9cline l\u2019invitation de Fran\u00e7ois Hollande - PSG FANS","robots":{"index":"index","follow":"follow","max-snippet":"max-snippet:-1","max-image-preview":"max-image-preview:large","max-video-preview":"max-video-preview:-1"},"canonical":"https:\/\/psgfans.fr\/?p=390","og_locale":"fr_FR","og_type":"article","og_title":"Zlatan Ibrahimovic d\u00e9cline l\u2019invitation de Fran\u00e7ois Hollande - PSG FANS","og_description":"On n\u2019aura pas droit \u00e0 la photo de Zlatan Ibrahimovic sur le perron de l\u2019Elys\u00e9e. Invit\u00e9 par Fran\u00e7ois Hollande \u00e0 l\u2019occasion de la visite d\u2019Etat du roi de Su\u00e8de Carl XVI et de son \u00e9pouse la reine Silvia, l\u2019attaquant du PSG ne pourra pas honorer de sa pr\u00e9sence le d\u00eener officiel mardi soir explique L&rsquo;Equipe.Son [&hellip;]","og_url":"https:\/\/psgfans.fr\/?p=390","og_site_name":"PSG FANS","article_published_time":"2014-11-29T13:24:00+00:00","og_image":[{"url":"https:\/\/blogger.googleusercontent.com\/img\/b\/R29vZ2xl\/AVvXsEiEUY8Rex-I8_HNnSDiovzn9n27-B_dOJLgM3IJ1OKVn0vlHLinJ9rJGj1BnVRf7CZwvKXUJrL7y5UzmWkDdM_RKVsrNyWRS5hHyTdhbEhiOG07qLEjj6wgHUdMn1aeMPq9TKrCa4PcyFg\/s1600\/&amp;&amp;&amp;bvbv.jpg","type":"","width":"","height":""}],"author":"psgfans","twitter_card":"summary_large_image","twitter_misc":{"\u00c9crit par":"psgfans","Dur\u00e9e de lecture estim\u00e9e":"1 minute"},"schema":{"@context":"https:\/\/schema.org","@graph":[{"@type":"Article","@id":"https:\/\/psgfans.fr\/?p=390#article","isPartOf":{"@id":"https:\/\/psgfans.fr\/?p=390"},"author":{"name":"psgfans","@id":"https:\/\/psgfans.fr\/#\/schema\/person\/be2237e7a0237af2f29cb344b3c55e6c"},"headline":"Zlatan Ibrahimovic d\u00e9cline l\u2019invitation de Fran\u00e7ois Hollande","datePublished":"2014-11-29T13:24:00+00:00","mainEntityOfPage":{"@id":"https:\/\/psgfans.fr\/?p=390"},"wordCount":129,"commentCount":0,"image":{"@id":"https:\/\/psgfans.fr\/?p=390#primaryimage"},"thumbnailUrl":"https:\/\/blogger.googleusercontent.com\/img\/b\/R29vZ2xl\/AVvXsEiEUY8Rex-I8_HNnSDiovzn9n27-B_dOJLgM3IJ1OKVn0vlHLinJ9rJGj1BnVRf7CZwvKXUJrL7y5UzmWkDdM_RKVsrNyWRS5hHyTdhbEhiOG07qLEjj6wgHUdMn1aeMPq9TKrCa4PcyFg\/s1600\/&amp;&amp;&amp;bvbv.jpg","articleSection":["News"],"inLanguage":"fr-FR","potentialAction":[{"@type":"CommentAction","name":"Comment","target":["https:\/\/psgfans.fr\/?p=390#respond"]}]},{"@type":"WebPage","@id":"https:\/\/psgfans.fr\/?p=390","url":"https:\/\/psgfans.fr\/?p=390","name":"Zlatan Ibrahimovic d\u00e9cline l\u2019invitation de Fran\u00e7ois Hollande - PSG FANS","isPartOf":{"@id":"https:\/\/psgfans.fr\/#website"},"primaryImageOfPage":{"@id":"https:\/\/psgfans.fr\/?p=390#primaryimage"},"image":{"@id":"https:\/\/psgfans.fr\/?p=390#primaryimage"},"thumbnailUrl":"https:\/\/blogger.googleusercontent.com\/img\/b\/R29vZ2xl\/AVvXsEiEUY8Rex-I8_HNnSDiovzn9n27-B_dOJLgM3IJ1OKVn0vlHLinJ9rJGj1BnVRf7CZwvKXUJrL7y5UzmWkDdM_RKVsrNyWRS5hHyTdhbEhiOG07qLEjj6wgHUdMn1aeMPq9TKrCa4PcyFg\/s1600\/&amp;&amp;&amp;bvbv.jpg","datePublished":"2014-11-29T13:24:00+00:00","author":{"@id":"https:\/\/psgfans.fr\/#\/schema\/person\/be2237e7a0237af2f29cb344b3c55e6c"},"breadcrumb":{"@id":"https:\/\/psgfans.fr\/?p=390#breadcrumb"},"inLanguage":"fr-FR","potentialAction":[{"@type":"ReadAction","target":["https:\/\/psgfans.fr\/?p=390"]}]},{"@type":"ImageObject","inLanguage":"fr-FR","@id":"https:\/\/psgfans.fr\/?p=390#primaryimage","url":"https:\/\/blogger.googleusercontent.com\/img\/b\/R29vZ2xl\/AVvXsEiEUY8Rex-I8_HNnSDiovzn9n27-B_dOJLgM3IJ1OKVn0vlHLinJ9rJGj1BnVRf7CZwvKXUJrL7y5UzmWkDdM_RKVsrNyWRS5hHyTdhbEhiOG07qLEjj6wgHUdMn1aeMPq9TKrCa4PcyFg\/s1600\/&amp;&amp;&amp;bvbv.jpg","contentUrl":"https:\/\/blogger.googleusercontent.com\/img\/b\/R29vZ2xl\/AVvXsEiEUY8Rex-I8_HNnSDiovzn9n27-B_dOJLgM3IJ1OKVn0vlHLinJ9rJGj1BnVRf7CZwvKXUJrL7y5UzmWkDdM_RKVsrNyWRS5hHyTdhbEhiOG07qLEjj6wgHUdMn1aeMPq9TKrCa4PcyFg\/s1600\/&amp;&amp;&amp;bvbv.jpg"},{"@type":"BreadcrumbList","@id":"https:\/\/psgfans.fr\/?p=390#breadcrumb","itemListElement":[{"@type":"ListItem","position":1,"name":"Accueil","item":"https:\/\/psgfans.fr\/"},{"@type":"ListItem","position":2,"name":"Zlatan Ibrahimovic d\u00e9cline l\u2019invitation de Fran\u00e7ois Hollande"}]},{"@type":"WebSite","@id":"https:\/\/psgfans.fr\/#website","url":"https:\/\/psgfans.fr\/","name":"PSG FANS","description":"Unit\u00e9, Passion, Victoire : Au C\u0153ur du Paris Saint-Germain!","potentialAction":[{"@type":"SearchAction","target":{"@type":"EntryPoint","urlTemplate":"https:\/\/psgfans.fr\/?s={search_term_string}"},"query-input":{"@type":"PropertyValueSpecification","valueRequired":true,"valueName":"search_term_string"}}],"inLanguage":"fr-FR"},{"@type":"Person","@id":"https:\/\/psgfans.fr\/#\/schema\/person\/be2237e7a0237af2f29cb344b3c55e6c","name":"psgfans","image":{"@type":"ImageObject","inLanguage":"fr-FR","@id":"https:\/\/secure.gravatar.com\/avatar\/?s=96&d=mm&r=g","url":"https:\/\/secure.gravatar.com\/avatar\/?s=96&d=mm&r=g","contentUrl":"https:\/\/secure.gravatar.com\/avatar\/?s=96&d=mm&r=g","caption":"psgfans"},"url":"https:\/\/psgfans.fr\/?author=2"}]}},"_links":{"self":[{"href":"https:\/\/psgfans.fr\/index.php?rest_route=\/wp\/v2\/posts\/390","targetHints":{"allow":["GET"]}}],"collection":[{"href":"https:\/\/psgfans.fr\/index.php?rest_route=\/wp\/v2\/posts"}],"about":[{"href":"https:\/\/psgfans.fr\/index.php?rest_route=\/wp\/v2\/types\/post"}],"author":[{"embeddable":true,"href":"https:\/\/psgfans.fr\/index.php?rest_route=\/wp\/v2\/users\/2"}],"replies":[{"embeddable":true,"href":"https:\/\/psgfans.fr\/index.php?rest_route=%2Fwp%2Fv2%2Fcomments&post=390"}],"version-history":[{"count":0,"href":"https:\/\/psgfans.fr\/index.php?rest_route=\/wp\/v2\/posts\/390\/revisions"}],"wp:attachment":[{"href":"https:\/\/psgfans.fr\/index.php?rest_route=%2Fwp%2Fv2%2Fmedia&parent=390"}],"wp:term":[{"taxonomy":"category","embeddable":true,"href":"https:\/\/psgfans.fr\/index.php?rest_route=%2Fwp%2Fv2%2Fcategories&post=390"},{"taxonomy":"post_tag","embeddable":true,"href":"https:\/\/psgfans.fr\/index.php?rest_route=%2Fwp%2Fv2%2Ftags&post=390"}],"curies":[{"name":"wp","href":"https:\/\/api.w.org\/{rel}","templated":true}]}}