{"id":389,"date":"2014-11-29T17:40:00","date_gmt":"2014-11-29T16:40:00","guid":{"rendered":"https:\/\/psgfans.fr\/?p=389"},"modified":"2014-11-29T17:40:00","modified_gmt":"2014-11-29T16:40:00","slug":"mercato-psg-une-piste-a-35me-pour-oublier-lavezzi","status":"publish","type":"post","link":"https:\/\/psgfans.fr\/?p=389","title":{"rendered":"Mercato &#8211; PSG : Une piste \u00e0 35M\u20ac pour oublier Lavezzi ?"},"content":{"rendered":"<div style=\"clear: both; text-align: center;\"><a href=\"https:\/\/blogger.googleusercontent.com\/img\/b\/R29vZ2xl\/AVvXsEipDcbNHTaKHEleGGvirShwbZLVxc4MS147TMYMtYh6wuESq3CG2AmhOWcEDsTYZIdjrbiR5PpXOWfe9P6RByqkYcBE5cS1N6IMhyphenhyphen44eaaOwz_JmYHMWx1VxcKaS-U4NvkmNCokZ-57nZ0\/s1600\/rNCLozRV8sM.jpg\" style=\"margin-left: 1em; margin-right: 1em;\"><img loading=\"lazy\" decoding=\"async\" border=\"0\" src=\"https:\/\/blogger.googleusercontent.com\/img\/b\/R29vZ2xl\/AVvXsEipDcbNHTaKHEleGGvirShwbZLVxc4MS147TMYMtYh6wuESq3CG2AmhOWcEDsTYZIdjrbiR5PpXOWfe9P6RByqkYcBE5cS1N6IMhyphenhyphen44eaaOwz_JmYHMWx1VxcKaS-U4NvkmNCokZ-57nZ0\/s1600\/rNCLozRV8sM.jpg\" height=\"320\" width=\"320\" \/><\/a><\/div>\n<p>Alors qu\u2019Ezequiel Lavezzi pourrait \u00eatre amen\u00e9 \u00e0 quitter le PSG dans un avenir proche, les dirigeants parisiens auraient une nouvelle piste \u00e0 cet effet. Il s\u2019agirait de Nicolas Gaitan, le meneur de jeu argentin du Benfica Lisbonne. <\/p>\n<p>Comme Le Parisien le r\u00e9v\u00e9lait ce jeudi matin, Ezequiel Lavezzzi pourrait \u00eatre amen\u00e9 \u00e0 quitter le PSG l\u2019\u00e9t\u00e9 prochain si le club de la capitale parvenait \u00e0 se montrer comp\u00e9titif sur le march\u00e9 des transferts. Et alors qu\u2019Angel Di Maria serait toujours pist\u00e9, tout comme Paul-Georges Ntep, un troisi\u00e8me profil taperait dans l\u2019\u0153il des dirigeants du PSG\u2026<\/p>\n<p>&nbsp; <br \/>GAITAN, L\u2019AUTRE OPTION ?<br \/>Il s\u2019agirait selon Le Parisien de Nicolas Gaitan, le meneur de jeu argentin du Benfica Lisbonne. Le clause lib\u00e9ratoire de l\u2019ancien joueur de Boca Junios s\u2019\u00e9l\u00e8verait d\u00e9sormais \u00e0 35M\u20ac, une somme qui semble abordable pour le PSG. \u00c0 noter que l\u2019AS Monaco, le Bayern Munich et l\u2019AS Rome seraient \u00e9galement tr\u00e8s motiv\u00e9s \u00e0 l\u2019id\u00e9e de faire signer Nicolas Gaitan dans un avenir proche.<\/p>\n<p>PASTORE NE BOUGERA PAS<br \/>Pour rappel, alors qu\u2019il r\u00e9alise un excellent d\u00e9but de saison, Javier Pastore devrait quant \u00e0 lui \u00eatre prolong\u00e9 au PSG comme l\u2019a pr\u00e9cise Nasser Al-Khela\u00effi : \u00ab On discute avec lui et on souhaite le prolonger. C&rsquo;est un joueur avec lequel j&rsquo;entretiens des liens forts. Je l&rsquo;ai beaucoup soutenu. Il est tr\u00e8s important, car il a \u00e9t\u00e9 le premier joueur du projet \u00e0 nous avoir rejoints. Il sera le dernier \u00e0 le quitter \u00bb.<\/p>\n<p>le10sport.com<\/p>\n","protected":false},"excerpt":{"rendered":"<p>Alors qu\u2019Ezequiel Lavezzi pourrait \u00eatre amen\u00e9 \u00e0 quitter le PSG dans un avenir proche, les dirigeants parisiens auraient une nouvelle piste \u00e0 cet effet. Il s\u2019agirait de Nicolas Gaitan, le meneur de jeu argentin du Benfica Lisbonne. Comme Le Parisien le r\u00e9v\u00e9lait ce jeudi matin, Ezequiel Lavezzzi pourrait \u00eatre amen\u00e9 \u00e0 quitter le PSG l\u2019\u00e9t\u00e9 [&hellip;]<\/p>\n","protected":false},"author":2,"featured_media":0,"comment_status":"open","ping_status":"open","sticky":false,"template":"","format":"standard","meta":{"footnotes":""},"categories":[3],"tags":[],"class_list":{"0":"post-389","1":"post","2":"type-post","3":"status-publish","4":"format-standard","6":"category-news"},"yoast_head":"<!-- This site is optimized with the Yoast SEO plugin v27.4 - https:\/\/yoast.com\/product\/yoast-seo-wordpress\/ -->\n<title>Mercato - PSG : Une piste \u00e0 35M\u20ac pour oublier Lavezzi ? - PSG FANS<\/title>\n<meta name=\"robots\" content=\"index, follow, max-snippet:-1, max-image-preview:large, max-video-preview:-1\" \/>\n<link rel=\"canonical\" href=\"https:\/\/psgfans.fr\/?p=389\" \/>\n<meta property=\"og:locale\" content=\"fr_FR\" \/>\n<meta property=\"og:type\" content=\"article\" \/>\n<meta property=\"og:title\" content=\"Mercato - PSG : Une piste \u00e0 35M\u20ac pour oublier Lavezzi ? - PSG FANS\" \/>\n<meta property=\"og:description\" content=\"Alors qu\u2019Ezequiel Lavezzi pourrait \u00eatre amen\u00e9 \u00e0 quitter le PSG dans un avenir proche, les dirigeants parisiens auraient une nouvelle piste \u00e0 cet effet. Il s\u2019agirait de Nicolas Gaitan, le meneur de jeu argentin du Benfica Lisbonne. Comme Le Parisien le r\u00e9v\u00e9lait ce jeudi matin, Ezequiel Lavezzzi pourrait \u00eatre amen\u00e9 \u00e0 quitter le PSG l\u2019\u00e9t\u00e9 [&hellip;]\" \/>\n<meta property=\"og:url\" content=\"https:\/\/psgfans.fr\/?p=389\" \/>\n<meta property=\"og:site_name\" content=\"PSG FANS\" \/>\n<meta property=\"article:published_time\" content=\"2014-11-29T16:40:00+00:00\" \/>\n<meta property=\"og:image\" content=\"https:\/\/blogger.googleusercontent.com\/img\/b\/R29vZ2xl\/AVvXsEipDcbNHTaKHEleGGvirShwbZLVxc4MS147TMYMtYh6wuESq3CG2AmhOWcEDsTYZIdjrbiR5PpXOWfe9P6RByqkYcBE5cS1N6IMhyphenhyphen44eaaOwz_JmYHMWx1VxcKaS-U4NvkmNCokZ-57nZ0\/s1600\/rNCLozRV8sM.jpg\" \/>\n<meta name=\"author\" content=\"psgfans\" \/>\n<meta name=\"twitter:card\" content=\"summary_large_image\" \/>\n<meta name=\"twitter:label1\" content=\"\u00c9crit par\" \/>\n\t<meta name=\"twitter:data1\" content=\"psgfans\" \/>\n\t<meta name=\"twitter:label2\" content=\"Dur\u00e9e de lecture estim\u00e9e\" \/>\n\t<meta name=\"twitter:data2\" content=\"1 minute\" \/>\n<script type=\"application\/ld+json\" class=\"yoast-schema-graph\">{\"@context\":\"https:\\\/\\\/schema.org\",\"@graph\":[{\"@type\":\"Article\",\"@id\":\"https:\\\/\\\/psgfans.fr\\\/?p=389#article\",\"isPartOf\":{\"@id\":\"https:\\\/\\\/psgfans.fr\\\/?p=389\"},\"author\":{\"name\":\"psgfans\",\"@id\":\"https:\\\/\\\/psgfans.fr\\\/#\\\/schema\\\/person\\\/be2237e7a0237af2f29cb344b3c55e6c\"},\"headline\":\"Mercato &#8211; PSG : Une piste \u00e0 35M\u20ac pour oublier Lavezzi ?\",\"datePublished\":\"2014-11-29T16:40:00+00:00\",\"mainEntityOfPage\":{\"@id\":\"https:\\\/\\\/psgfans.fr\\\/?p=389\"},\"wordCount\":269,\"commentCount\":0,\"image\":{\"@id\":\"https:\\\/\\\/psgfans.fr\\\/?p=389#primaryimage\"},\"thumbnailUrl\":\"https:\\\/\\\/blogger.googleusercontent.com\\\/img\\\/b\\\/R29vZ2xl\\\/AVvXsEipDcbNHTaKHEleGGvirShwbZLVxc4MS147TMYMtYh6wuESq3CG2AmhOWcEDsTYZIdjrbiR5PpXOWfe9P6RByqkYcBE5cS1N6IMhyphenhyphen44eaaOwz_JmYHMWx1VxcKaS-U4NvkmNCokZ-57nZ0\\\/s1600\\\/rNCLozRV8sM.jpg\",\"articleSection\":[\"News\"],\"inLanguage\":\"fr-FR\",\"potentialAction\":[{\"@type\":\"CommentAction\",\"name\":\"Comment\",\"target\":[\"https:\\\/\\\/psgfans.fr\\\/?p=389#respond\"]}]},{\"@type\":\"WebPage\",\"@id\":\"https:\\\/\\\/psgfans.fr\\\/?p=389\",\"url\":\"https:\\\/\\\/psgfans.fr\\\/?p=389\",\"name\":\"Mercato - PSG : Une piste \u00e0 35M\u20ac pour oublier Lavezzi ? - PSG FANS\",\"isPartOf\":{\"@id\":\"https:\\\/\\\/psgfans.fr\\\/#website\"},\"primaryImageOfPage\":{\"@id\":\"https:\\\/\\\/psgfans.fr\\\/?p=389#primaryimage\"},\"image\":{\"@id\":\"https:\\\/\\\/psgfans.fr\\\/?p=389#primaryimage\"},\"thumbnailUrl\":\"https:\\\/\\\/blogger.googleusercontent.com\\\/img\\\/b\\\/R29vZ2xl\\\/AVvXsEipDcbNHTaKHEleGGvirShwbZLVxc4MS147TMYMtYh6wuESq3CG2AmhOWcEDsTYZIdjrbiR5PpXOWfe9P6RByqkYcBE5cS1N6IMhyphenhyphen44eaaOwz_JmYHMWx1VxcKaS-U4NvkmNCokZ-57nZ0\\\/s1600\\\/rNCLozRV8sM.jpg\",\"datePublished\":\"2014-11-29T16:40:00+00:00\",\"author\":{\"@id\":\"https:\\\/\\\/psgfans.fr\\\/#\\\/schema\\\/person\\\/be2237e7a0237af2f29cb344b3c55e6c\"},\"breadcrumb\":{\"@id\":\"https:\\\/\\\/psgfans.fr\\\/?p=389#breadcrumb\"},\"inLanguage\":\"fr-FR\",\"potentialAction\":[{\"@type\":\"ReadAction\",\"target\":[\"https:\\\/\\\/psgfans.fr\\\/?p=389\"]}]},{\"@type\":\"ImageObject\",\"inLanguage\":\"fr-FR\",\"@id\":\"https:\\\/\\\/psgfans.fr\\\/?p=389#primaryimage\",\"url\":\"https:\\\/\\\/blogger.googleusercontent.com\\\/img\\\/b\\\/R29vZ2xl\\\/AVvXsEipDcbNHTaKHEleGGvirShwbZLVxc4MS147TMYMtYh6wuESq3CG2AmhOWcEDsTYZIdjrbiR5PpXOWfe9P6RByqkYcBE5cS1N6IMhyphenhyphen44eaaOwz_JmYHMWx1VxcKaS-U4NvkmNCokZ-57nZ0\\\/s1600\\\/rNCLozRV8sM.jpg\",\"contentUrl\":\"https:\\\/\\\/blogger.googleusercontent.com\\\/img\\\/b\\\/R29vZ2xl\\\/AVvXsEipDcbNHTaKHEleGGvirShwbZLVxc4MS147TMYMtYh6wuESq3CG2AmhOWcEDsTYZIdjrbiR5PpXOWfe9P6RByqkYcBE5cS1N6IMhyphenhyphen44eaaOwz_JmYHMWx1VxcKaS-U4NvkmNCokZ-57nZ0\\\/s1600\\\/rNCLozRV8sM.jpg\"},{\"@type\":\"BreadcrumbList\",\"@id\":\"https:\\\/\\\/psgfans.fr\\\/?p=389#breadcrumb\",\"itemListElement\":[{\"@type\":\"ListItem\",\"position\":1,\"name\":\"Accueil\",\"item\":\"https:\\\/\\\/psgfans.fr\\\/\"},{\"@type\":\"ListItem\",\"position\":2,\"name\":\"Mercato &#8211; PSG : Une piste \u00e0 35M\u20ac pour oublier Lavezzi ?\"}]},{\"@type\":\"WebSite\",\"@id\":\"https:\\\/\\\/psgfans.fr\\\/#website\",\"url\":\"https:\\\/\\\/psgfans.fr\\\/\",\"name\":\"PSG FANS\",\"description\":\"Unit\u00e9, Passion, Victoire : Au C\u0153ur du Paris Saint-Germain!\",\"potentialAction\":[{\"@type\":\"SearchAction\",\"target\":{\"@type\":\"EntryPoint\",\"urlTemplate\":\"https:\\\/\\\/psgfans.fr\\\/?s={search_term_string}\"},\"query-input\":{\"@type\":\"PropertyValueSpecification\",\"valueRequired\":true,\"valueName\":\"search_term_string\"}}],\"inLanguage\":\"fr-FR\"},{\"@type\":\"Person\",\"@id\":\"https:\\\/\\\/psgfans.fr\\\/#\\\/schema\\\/person\\\/be2237e7a0237af2f29cb344b3c55e6c\",\"name\":\"psgfans\",\"image\":{\"@type\":\"ImageObject\",\"inLanguage\":\"fr-FR\",\"@id\":\"https:\\\/\\\/secure.gravatar.com\\\/avatar\\\/?s=96&d=mm&r=g\",\"url\":\"https:\\\/\\\/secure.gravatar.com\\\/avatar\\\/?s=96&d=mm&r=g\",\"contentUrl\":\"https:\\\/\\\/secure.gravatar.com\\\/avatar\\\/?s=96&d=mm&r=g\",\"caption\":\"psgfans\"},\"url\":\"https:\\\/\\\/psgfans.fr\\\/?author=2\"}]}<\/script>\n<!-- \/ Yoast SEO plugin. -->","yoast_head_json":{"title":"Mercato - PSG : Une piste \u00e0 35M\u20ac pour oublier Lavezzi ? - PSG FANS","robots":{"index":"index","follow":"follow","max-snippet":"max-snippet:-1","max-image-preview":"max-image-preview:large","max-video-preview":"max-video-preview:-1"},"canonical":"https:\/\/psgfans.fr\/?p=389","og_locale":"fr_FR","og_type":"article","og_title":"Mercato - PSG : Une piste \u00e0 35M\u20ac pour oublier Lavezzi ? - PSG FANS","og_description":"Alors qu\u2019Ezequiel Lavezzi pourrait \u00eatre amen\u00e9 \u00e0 quitter le PSG dans un avenir proche, les dirigeants parisiens auraient une nouvelle piste \u00e0 cet effet. Il s\u2019agirait de Nicolas Gaitan, le meneur de jeu argentin du Benfica Lisbonne. Comme Le Parisien le r\u00e9v\u00e9lait ce jeudi matin, Ezequiel Lavezzzi pourrait \u00eatre amen\u00e9 \u00e0 quitter le PSG l\u2019\u00e9t\u00e9 [&hellip;]","og_url":"https:\/\/psgfans.fr\/?p=389","og_site_name":"PSG FANS","article_published_time":"2014-11-29T16:40:00+00:00","og_image":[{"url":"https:\/\/blogger.googleusercontent.com\/img\/b\/R29vZ2xl\/AVvXsEipDcbNHTaKHEleGGvirShwbZLVxc4MS147TMYMtYh6wuESq3CG2AmhOWcEDsTYZIdjrbiR5PpXOWfe9P6RByqkYcBE5cS1N6IMhyphenhyphen44eaaOwz_JmYHMWx1VxcKaS-U4NvkmNCokZ-57nZ0\/s1600\/rNCLozRV8sM.jpg","type":"","width":"","height":""}],"author":"psgfans","twitter_card":"summary_large_image","twitter_misc":{"\u00c9crit par":"psgfans","Dur\u00e9e de lecture estim\u00e9e":"1 minute"},"schema":{"@context":"https:\/\/schema.org","@graph":[{"@type":"Article","@id":"https:\/\/psgfans.fr\/?p=389#article","isPartOf":{"@id":"https:\/\/psgfans.fr\/?p=389"},"author":{"name":"psgfans","@id":"https:\/\/psgfans.fr\/#\/schema\/person\/be2237e7a0237af2f29cb344b3c55e6c"},"headline":"Mercato &#8211; PSG : Une piste \u00e0 35M\u20ac pour oublier Lavezzi ?","datePublished":"2014-11-29T16:40:00+00:00","mainEntityOfPage":{"@id":"https:\/\/psgfans.fr\/?p=389"},"wordCount":269,"commentCount":0,"image":{"@id":"https:\/\/psgfans.fr\/?p=389#primaryimage"},"thumbnailUrl":"https:\/\/blogger.googleusercontent.com\/img\/b\/R29vZ2xl\/AVvXsEipDcbNHTaKHEleGGvirShwbZLVxc4MS147TMYMtYh6wuESq3CG2AmhOWcEDsTYZIdjrbiR5PpXOWfe9P6RByqkYcBE5cS1N6IMhyphenhyphen44eaaOwz_JmYHMWx1VxcKaS-U4NvkmNCokZ-57nZ0\/s1600\/rNCLozRV8sM.jpg","articleSection":["News"],"inLanguage":"fr-FR","potentialAction":[{"@type":"CommentAction","name":"Comment","target":["https:\/\/psgfans.fr\/?p=389#respond"]}]},{"@type":"WebPage","@id":"https:\/\/psgfans.fr\/?p=389","url":"https:\/\/psgfans.fr\/?p=389","name":"Mercato - PSG : Une piste \u00e0 35M\u20ac pour oublier Lavezzi ? - PSG FANS","isPartOf":{"@id":"https:\/\/psgfans.fr\/#website"},"primaryImageOfPage":{"@id":"https:\/\/psgfans.fr\/?p=389#primaryimage"},"image":{"@id":"https:\/\/psgfans.fr\/?p=389#primaryimage"},"thumbnailUrl":"https:\/\/blogger.googleusercontent.com\/img\/b\/R29vZ2xl\/AVvXsEipDcbNHTaKHEleGGvirShwbZLVxc4MS147TMYMtYh6wuESq3CG2AmhOWcEDsTYZIdjrbiR5PpXOWfe9P6RByqkYcBE5cS1N6IMhyphenhyphen44eaaOwz_JmYHMWx1VxcKaS-U4NvkmNCokZ-57nZ0\/s1600\/rNCLozRV8sM.jpg","datePublished":"2014-11-29T16:40:00+00:00","author":{"@id":"https:\/\/psgfans.fr\/#\/schema\/person\/be2237e7a0237af2f29cb344b3c55e6c"},"breadcrumb":{"@id":"https:\/\/psgfans.fr\/?p=389#breadcrumb"},"inLanguage":"fr-FR","potentialAction":[{"@type":"ReadAction","target":["https:\/\/psgfans.fr\/?p=389"]}]},{"@type":"ImageObject","inLanguage":"fr-FR","@id":"https:\/\/psgfans.fr\/?p=389#primaryimage","url":"https:\/\/blogger.googleusercontent.com\/img\/b\/R29vZ2xl\/AVvXsEipDcbNHTaKHEleGGvirShwbZLVxc4MS147TMYMtYh6wuESq3CG2AmhOWcEDsTYZIdjrbiR5PpXOWfe9P6RByqkYcBE5cS1N6IMhyphenhyphen44eaaOwz_JmYHMWx1VxcKaS-U4NvkmNCokZ-57nZ0\/s1600\/rNCLozRV8sM.jpg","contentUrl":"https:\/\/blogger.googleusercontent.com\/img\/b\/R29vZ2xl\/AVvXsEipDcbNHTaKHEleGGvirShwbZLVxc4MS147TMYMtYh6wuESq3CG2AmhOWcEDsTYZIdjrbiR5PpXOWfe9P6RByqkYcBE5cS1N6IMhyphenhyphen44eaaOwz_JmYHMWx1VxcKaS-U4NvkmNCokZ-57nZ0\/s1600\/rNCLozRV8sM.jpg"},{"@type":"BreadcrumbList","@id":"https:\/\/psgfans.fr\/?p=389#breadcrumb","itemListElement":[{"@type":"ListItem","position":1,"name":"Accueil","item":"https:\/\/psgfans.fr\/"},{"@type":"ListItem","position":2,"name":"Mercato &#8211; PSG : Une piste \u00e0 35M\u20ac pour oublier Lavezzi ?"}]},{"@type":"WebSite","@id":"https:\/\/psgfans.fr\/#website","url":"https:\/\/psgfans.fr\/","name":"PSG FANS","description":"Unit\u00e9, Passion, Victoire : Au C\u0153ur du Paris Saint-Germain!","potentialAction":[{"@type":"SearchAction","target":{"@type":"EntryPoint","urlTemplate":"https:\/\/psgfans.fr\/?s={search_term_string}"},"query-input":{"@type":"PropertyValueSpecification","valueRequired":true,"valueName":"search_term_string"}}],"inLanguage":"fr-FR"},{"@type":"Person","@id":"https:\/\/psgfans.fr\/#\/schema\/person\/be2237e7a0237af2f29cb344b3c55e6c","name":"psgfans","image":{"@type":"ImageObject","inLanguage":"fr-FR","@id":"https:\/\/secure.gravatar.com\/avatar\/?s=96&d=mm&r=g","url":"https:\/\/secure.gravatar.com\/avatar\/?s=96&d=mm&r=g","contentUrl":"https:\/\/secure.gravatar.com\/avatar\/?s=96&d=mm&r=g","caption":"psgfans"},"url":"https:\/\/psgfans.fr\/?author=2"}]}},"_links":{"self":[{"href":"https:\/\/psgfans.fr\/index.php?rest_route=\/wp\/v2\/posts\/389","targetHints":{"allow":["GET"]}}],"collection":[{"href":"https:\/\/psgfans.fr\/index.php?rest_route=\/wp\/v2\/posts"}],"about":[{"href":"https:\/\/psgfans.fr\/index.php?rest_route=\/wp\/v2\/types\/post"}],"author":[{"embeddable":true,"href":"https:\/\/psgfans.fr\/index.php?rest_route=\/wp\/v2\/users\/2"}],"replies":[{"embeddable":true,"href":"https:\/\/psgfans.fr\/index.php?rest_route=%2Fwp%2Fv2%2Fcomments&post=389"}],"version-history":[{"count":0,"href":"https:\/\/psgfans.fr\/index.php?rest_route=\/wp\/v2\/posts\/389\/revisions"}],"wp:attachment":[{"href":"https:\/\/psgfans.fr\/index.php?rest_route=%2Fwp%2Fv2%2Fmedia&parent=389"}],"wp:term":[{"taxonomy":"category","embeddable":true,"href":"https:\/\/psgfans.fr\/index.php?rest_route=%2Fwp%2Fv2%2Fcategories&post=389"},{"taxonomy":"post_tag","embeddable":true,"href":"https:\/\/psgfans.fr\/index.php?rest_route=%2Fwp%2Fv2%2Ftags&post=389"}],"curies":[{"name":"wp","href":"https:\/\/api.w.org\/{rel}","templated":true}]}}