{"id":386,"date":"2014-12-06T15:34:00","date_gmt":"2014-12-06T14:34:00","guid":{"rendered":"https:\/\/psgfans.fr\/?p=386"},"modified":"2014-12-06T15:34:00","modified_gmt":"2014-12-06T14:34:00","slug":"psg-blanc-nantes-est-une-preparation-pour-barcelone","status":"publish","type":"post","link":"https:\/\/psgfans.fr\/?p=386","title":{"rendered":"PSG. Blanc : \u00abNantes est une pr\u00e9paration pour Barcelone\u00bb"},"content":{"rendered":"<div style=\"clear: both; text-align: center;\"><a href=\"https:\/\/blogger.googleusercontent.com\/img\/b\/R29vZ2xl\/AVvXsEg0T0MQJdc1_c3Nn6FPNcFf_PfLqAStW-I0PSiIIWvnGkLdjvVUwJk0Ozq8XKjQd-xySN0oMWDYCz0RgLxExwjD-9dbGtRJ5dPwRXLASQx-XX08BtTwtaMoxckcy9H3jNcGHYfEsx_dPGk\/s1600\/cX7trcc9do8.jpg\" style=\"margin-left: 1em; margin-right: 1em;\"><img loading=\"lazy\" decoding=\"async\" border=\"0\" src=\"https:\/\/blogger.googleusercontent.com\/img\/b\/R29vZ2xl\/AVvXsEg0T0MQJdc1_c3Nn6FPNcFf_PfLqAStW-I0PSiIIWvnGkLdjvVUwJk0Ozq8XKjQd-xySN0oMWDYCz0RgLxExwjD-9dbGtRJ5dPwRXLASQx-XX08BtTwtaMoxckcy9H3jNcGHYfEsx_dPGk\/s1600\/cX7trcc9do8.jpg\" height=\"265\" width=\"400\" \/><\/a><\/div>\n<p>Priv\u00e9 du seul Bahebeck (adducteurs), Laurent Blanc a pour une des premi\u00e8re fois de la saison la quasi-totalit\u00e9 de son effectif \u00e0 disposition pour affronter Nantes samedi (17 heures) au Parc des Princes. Mais l&rsquo;entra\u00eeneur souligne que la pr\u00e9paration du choc \u00e0 Barcelone mercredi devrait impacter sa composition d&rsquo;\u00e9quipe face aux Canaris.<\/p>\n<p><b>Comment va Zlatan Ibrahimovic ?<\/b><br \/>Laurent Blanc. Ibra a \u00e9t\u00e9 laiss\u00e9 au repos \u00e0 Lille pour le faire r\u00e9cup\u00e9rer \u00e0 la fois physiquement mais aussi par rapport \u00e0 sa blessure au talon qui n&rsquo;a pas compl\u00e8tement disparu. Mais il est d\u00e9sormais \u00e0 la disposition du groupe.<\/p>\n<p>Comment g\u00e9rez l&rsquo;obligation de r\u00e9sultat contre Nantes et la pr\u00e9paration de Barcelone ?<br \/>C&rsquo;est important de prendre trois points mais on n&rsquo;est pas certain que ce soit suffisant pour \u00eatre leader. On n&rsquo;a pas \u00e9t\u00e9 capable de le faire \u00e0 Lille et on est d\u00e9\u00e7u. A domicile, on a assez perdu de points cette saison donc on doit capitaliser sur ce qu&rsquo;on a fait de bien \u00e0 Lille. Apr\u00e8s entre les joueurs qui ont beaucoup encha\u00een\u00e9, ceux qui ont besoin de souffler et d&rsquo;autres qui ont besoin de jouer apr\u00e8s une blessure, le match de Nantes est tr\u00e8s important. On a un r\u00e9sultat \u00e0 faire \u00e0 Barcelone et Nantes va servir de pr\u00e9paration. Cela veut dire \u00eatre sur le terrain pour certain. Pour d&rsquo;autres non. Thiago Motta a besoin de souffler par exemple, je pense.<\/p>\n<p><b>\u00abThiago Motta a besoin de souffler\u00bb<\/b><\/p>\n<p>Thiago Motta a soulign\u00e9 apr\u00e8s Lille le fait que Paris jouait moins bien que la saison derni\u00e8re. \u00cates-vous d&rsquo;accord ?<br \/>Il a raison. Mais j&rsquo;ajouterais que l&rsquo;ann\u00e9e derni\u00e8re, les joueurs \u00e9taient meilleurs individuellement, notamment physiquement. Pour faire ce que que fait Marseille par exemple, il faut une qualit\u00e9 physique irr\u00e9prochable mais on va la r\u00e9cup\u00e9rer. C&rsquo;est pour cela que je dis que le meilleur est \u00e0 venir.<\/p>\n<p><b>C&rsquo;est particuli\u00e8rement le cas de votre milieu de terrain ?<\/b><br \/>Individuellement, il n&rsquo;y a pas que le milieu de terrain qui est moins bien. Par rapport \u00e0 la saison derni\u00e8re, ce n&rsquo;est pas le jour et la nuit mais c&rsquo;est vraiment moins bien. On le sait, les joueurs comme moi, malgr\u00e9 notre parcours en terme de r\u00e9sultats qui est bon. Il faut se remettre en question. On le r\u00e9glera si individuellement on est laiss\u00e9 un peu tranquille par les blessures. On peut aussi changer de syst\u00e8me. C&rsquo;est une r\u00e9flexion globale.<\/p>\n<p>Leparisien<\/p>\n","protected":false},"excerpt":{"rendered":"<p>Priv\u00e9 du seul Bahebeck (adducteurs), Laurent Blanc a pour une des premi\u00e8re fois de la saison la quasi-totalit\u00e9 de son effectif \u00e0 disposition pour affronter Nantes samedi (17 heures) au Parc des Princes. Mais l&rsquo;entra\u00eeneur souligne que la pr\u00e9paration du choc \u00e0 Barcelone mercredi devrait impacter sa composition d&rsquo;\u00e9quipe face aux Canaris. Comment va Zlatan [&hellip;]<\/p>\n","protected":false},"author":2,"featured_media":0,"comment_status":"open","ping_status":"open","sticky":false,"template":"","format":"standard","meta":{"footnotes":""},"categories":[3],"tags":[],"class_list":{"0":"post-386","1":"post","2":"type-post","3":"status-publish","4":"format-standard","6":"category-news"},"yoast_head":"<!-- This site is optimized with the Yoast SEO plugin v27.4 - https:\/\/yoast.com\/product\/yoast-seo-wordpress\/ -->\n<title>PSG. Blanc : \u00abNantes est une pr\u00e9paration pour Barcelone\u00bb - PSG FANS<\/title>\n<meta name=\"robots\" content=\"index, follow, max-snippet:-1, max-image-preview:large, max-video-preview:-1\" \/>\n<link rel=\"canonical\" href=\"https:\/\/psgfans.fr\/?p=386\" \/>\n<meta property=\"og:locale\" content=\"fr_FR\" \/>\n<meta property=\"og:type\" content=\"article\" \/>\n<meta property=\"og:title\" content=\"PSG. Blanc : \u00abNantes est une pr\u00e9paration pour Barcelone\u00bb - PSG FANS\" \/>\n<meta property=\"og:description\" content=\"Priv\u00e9 du seul Bahebeck (adducteurs), Laurent Blanc a pour une des premi\u00e8re fois de la saison la quasi-totalit\u00e9 de son effectif \u00e0 disposition pour affronter Nantes samedi (17 heures) au Parc des Princes. Mais l&rsquo;entra\u00eeneur souligne que la pr\u00e9paration du choc \u00e0 Barcelone mercredi devrait impacter sa composition d&rsquo;\u00e9quipe face aux Canaris. Comment va Zlatan [&hellip;]\" \/>\n<meta property=\"og:url\" content=\"https:\/\/psgfans.fr\/?p=386\" \/>\n<meta property=\"og:site_name\" content=\"PSG FANS\" \/>\n<meta property=\"article:published_time\" content=\"2014-12-06T14:34:00+00:00\" \/>\n<meta property=\"og:image\" content=\"https:\/\/blogger.googleusercontent.com\/img\/b\/R29vZ2xl\/AVvXsEg0T0MQJdc1_c3Nn6FPNcFf_PfLqAStW-I0PSiIIWvnGkLdjvVUwJk0Ozq8XKjQd-xySN0oMWDYCz0RgLxExwjD-9dbGtRJ5dPwRXLASQx-XX08BtTwtaMoxckcy9H3jNcGHYfEsx_dPGk\/s1600\/cX7trcc9do8.jpg\" \/>\n<meta name=\"author\" content=\"psgfans\" \/>\n<meta name=\"twitter:card\" content=\"summary_large_image\" \/>\n<meta name=\"twitter:label1\" content=\"\u00c9crit par\" \/>\n\t<meta name=\"twitter:data1\" content=\"psgfans\" \/>\n\t<meta name=\"twitter:label2\" content=\"Dur\u00e9e de lecture estim\u00e9e\" \/>\n\t<meta name=\"twitter:data2\" content=\"2 minutes\" \/>\n<script type=\"application\/ld+json\" class=\"yoast-schema-graph\">{\"@context\":\"https:\\\/\\\/schema.org\",\"@graph\":[{\"@type\":\"Article\",\"@id\":\"https:\\\/\\\/psgfans.fr\\\/?p=386#article\",\"isPartOf\":{\"@id\":\"https:\\\/\\\/psgfans.fr\\\/?p=386\"},\"author\":{\"name\":\"psgfans\",\"@id\":\"https:\\\/\\\/psgfans.fr\\\/#\\\/schema\\\/person\\\/be2237e7a0237af2f29cb344b3c55e6c\"},\"headline\":\"PSG. Blanc : \u00abNantes est une pr\u00e9paration pour Barcelone\u00bb\",\"datePublished\":\"2014-12-06T14:34:00+00:00\",\"mainEntityOfPage\":{\"@id\":\"https:\\\/\\\/psgfans.fr\\\/?p=386\"},\"wordCount\":438,\"commentCount\":0,\"image\":{\"@id\":\"https:\\\/\\\/psgfans.fr\\\/?p=386#primaryimage\"},\"thumbnailUrl\":\"https:\\\/\\\/blogger.googleusercontent.com\\\/img\\\/b\\\/R29vZ2xl\\\/AVvXsEg0T0MQJdc1_c3Nn6FPNcFf_PfLqAStW-I0PSiIIWvnGkLdjvVUwJk0Ozq8XKjQd-xySN0oMWDYCz0RgLxExwjD-9dbGtRJ5dPwRXLASQx-XX08BtTwtaMoxckcy9H3jNcGHYfEsx_dPGk\\\/s1600\\\/cX7trcc9do8.jpg\",\"articleSection\":[\"News\"],\"inLanguage\":\"fr-FR\",\"potentialAction\":[{\"@type\":\"CommentAction\",\"name\":\"Comment\",\"target\":[\"https:\\\/\\\/psgfans.fr\\\/?p=386#respond\"]}]},{\"@type\":\"WebPage\",\"@id\":\"https:\\\/\\\/psgfans.fr\\\/?p=386\",\"url\":\"https:\\\/\\\/psgfans.fr\\\/?p=386\",\"name\":\"PSG. Blanc : \u00abNantes est une pr\u00e9paration pour Barcelone\u00bb - PSG FANS\",\"isPartOf\":{\"@id\":\"https:\\\/\\\/psgfans.fr\\\/#website\"},\"primaryImageOfPage\":{\"@id\":\"https:\\\/\\\/psgfans.fr\\\/?p=386#primaryimage\"},\"image\":{\"@id\":\"https:\\\/\\\/psgfans.fr\\\/?p=386#primaryimage\"},\"thumbnailUrl\":\"https:\\\/\\\/blogger.googleusercontent.com\\\/img\\\/b\\\/R29vZ2xl\\\/AVvXsEg0T0MQJdc1_c3Nn6FPNcFf_PfLqAStW-I0PSiIIWvnGkLdjvVUwJk0Ozq8XKjQd-xySN0oMWDYCz0RgLxExwjD-9dbGtRJ5dPwRXLASQx-XX08BtTwtaMoxckcy9H3jNcGHYfEsx_dPGk\\\/s1600\\\/cX7trcc9do8.jpg\",\"datePublished\":\"2014-12-06T14:34:00+00:00\",\"author\":{\"@id\":\"https:\\\/\\\/psgfans.fr\\\/#\\\/schema\\\/person\\\/be2237e7a0237af2f29cb344b3c55e6c\"},\"breadcrumb\":{\"@id\":\"https:\\\/\\\/psgfans.fr\\\/?p=386#breadcrumb\"},\"inLanguage\":\"fr-FR\",\"potentialAction\":[{\"@type\":\"ReadAction\",\"target\":[\"https:\\\/\\\/psgfans.fr\\\/?p=386\"]}]},{\"@type\":\"ImageObject\",\"inLanguage\":\"fr-FR\",\"@id\":\"https:\\\/\\\/psgfans.fr\\\/?p=386#primaryimage\",\"url\":\"https:\\\/\\\/blogger.googleusercontent.com\\\/img\\\/b\\\/R29vZ2xl\\\/AVvXsEg0T0MQJdc1_c3Nn6FPNcFf_PfLqAStW-I0PSiIIWvnGkLdjvVUwJk0Ozq8XKjQd-xySN0oMWDYCz0RgLxExwjD-9dbGtRJ5dPwRXLASQx-XX08BtTwtaMoxckcy9H3jNcGHYfEsx_dPGk\\\/s1600\\\/cX7trcc9do8.jpg\",\"contentUrl\":\"https:\\\/\\\/blogger.googleusercontent.com\\\/img\\\/b\\\/R29vZ2xl\\\/AVvXsEg0T0MQJdc1_c3Nn6FPNcFf_PfLqAStW-I0PSiIIWvnGkLdjvVUwJk0Ozq8XKjQd-xySN0oMWDYCz0RgLxExwjD-9dbGtRJ5dPwRXLASQx-XX08BtTwtaMoxckcy9H3jNcGHYfEsx_dPGk\\\/s1600\\\/cX7trcc9do8.jpg\"},{\"@type\":\"BreadcrumbList\",\"@id\":\"https:\\\/\\\/psgfans.fr\\\/?p=386#breadcrumb\",\"itemListElement\":[{\"@type\":\"ListItem\",\"position\":1,\"name\":\"Accueil\",\"item\":\"https:\\\/\\\/psgfans.fr\\\/\"},{\"@type\":\"ListItem\",\"position\":2,\"name\":\"PSG. Blanc : \u00abNantes est une pr\u00e9paration pour Barcelone\u00bb\"}]},{\"@type\":\"WebSite\",\"@id\":\"https:\\\/\\\/psgfans.fr\\\/#website\",\"url\":\"https:\\\/\\\/psgfans.fr\\\/\",\"name\":\"PSG FANS\",\"description\":\"Unit\u00e9, Passion, Victoire : Au C\u0153ur du Paris Saint-Germain!\",\"potentialAction\":[{\"@type\":\"SearchAction\",\"target\":{\"@type\":\"EntryPoint\",\"urlTemplate\":\"https:\\\/\\\/psgfans.fr\\\/?s={search_term_string}\"},\"query-input\":{\"@type\":\"PropertyValueSpecification\",\"valueRequired\":true,\"valueName\":\"search_term_string\"}}],\"inLanguage\":\"fr-FR\"},{\"@type\":\"Person\",\"@id\":\"https:\\\/\\\/psgfans.fr\\\/#\\\/schema\\\/person\\\/be2237e7a0237af2f29cb344b3c55e6c\",\"name\":\"psgfans\",\"image\":{\"@type\":\"ImageObject\",\"inLanguage\":\"fr-FR\",\"@id\":\"https:\\\/\\\/secure.gravatar.com\\\/avatar\\\/?s=96&d=mm&r=g\",\"url\":\"https:\\\/\\\/secure.gravatar.com\\\/avatar\\\/?s=96&d=mm&r=g\",\"contentUrl\":\"https:\\\/\\\/secure.gravatar.com\\\/avatar\\\/?s=96&d=mm&r=g\",\"caption\":\"psgfans\"},\"url\":\"https:\\\/\\\/psgfans.fr\\\/?author=2\"}]}<\/script>\n<!-- \/ Yoast SEO plugin. -->","yoast_head_json":{"title":"PSG. Blanc : \u00abNantes est une pr\u00e9paration pour Barcelone\u00bb - PSG FANS","robots":{"index":"index","follow":"follow","max-snippet":"max-snippet:-1","max-image-preview":"max-image-preview:large","max-video-preview":"max-video-preview:-1"},"canonical":"https:\/\/psgfans.fr\/?p=386","og_locale":"fr_FR","og_type":"article","og_title":"PSG. Blanc : \u00abNantes est une pr\u00e9paration pour Barcelone\u00bb - PSG FANS","og_description":"Priv\u00e9 du seul Bahebeck (adducteurs), Laurent Blanc a pour une des premi\u00e8re fois de la saison la quasi-totalit\u00e9 de son effectif \u00e0 disposition pour affronter Nantes samedi (17 heures) au Parc des Princes. Mais l&rsquo;entra\u00eeneur souligne que la pr\u00e9paration du choc \u00e0 Barcelone mercredi devrait impacter sa composition d&rsquo;\u00e9quipe face aux Canaris. Comment va Zlatan [&hellip;]","og_url":"https:\/\/psgfans.fr\/?p=386","og_site_name":"PSG FANS","article_published_time":"2014-12-06T14:34:00+00:00","og_image":[{"url":"https:\/\/blogger.googleusercontent.com\/img\/b\/R29vZ2xl\/AVvXsEg0T0MQJdc1_c3Nn6FPNcFf_PfLqAStW-I0PSiIIWvnGkLdjvVUwJk0Ozq8XKjQd-xySN0oMWDYCz0RgLxExwjD-9dbGtRJ5dPwRXLASQx-XX08BtTwtaMoxckcy9H3jNcGHYfEsx_dPGk\/s1600\/cX7trcc9do8.jpg","type":"","width":"","height":""}],"author":"psgfans","twitter_card":"summary_large_image","twitter_misc":{"\u00c9crit par":"psgfans","Dur\u00e9e de lecture estim\u00e9e":"2 minutes"},"schema":{"@context":"https:\/\/schema.org","@graph":[{"@type":"Article","@id":"https:\/\/psgfans.fr\/?p=386#article","isPartOf":{"@id":"https:\/\/psgfans.fr\/?p=386"},"author":{"name":"psgfans","@id":"https:\/\/psgfans.fr\/#\/schema\/person\/be2237e7a0237af2f29cb344b3c55e6c"},"headline":"PSG. Blanc : \u00abNantes est une pr\u00e9paration pour Barcelone\u00bb","datePublished":"2014-12-06T14:34:00+00:00","mainEntityOfPage":{"@id":"https:\/\/psgfans.fr\/?p=386"},"wordCount":438,"commentCount":0,"image":{"@id":"https:\/\/psgfans.fr\/?p=386#primaryimage"},"thumbnailUrl":"https:\/\/blogger.googleusercontent.com\/img\/b\/R29vZ2xl\/AVvXsEg0T0MQJdc1_c3Nn6FPNcFf_PfLqAStW-I0PSiIIWvnGkLdjvVUwJk0Ozq8XKjQd-xySN0oMWDYCz0RgLxExwjD-9dbGtRJ5dPwRXLASQx-XX08BtTwtaMoxckcy9H3jNcGHYfEsx_dPGk\/s1600\/cX7trcc9do8.jpg","articleSection":["News"],"inLanguage":"fr-FR","potentialAction":[{"@type":"CommentAction","name":"Comment","target":["https:\/\/psgfans.fr\/?p=386#respond"]}]},{"@type":"WebPage","@id":"https:\/\/psgfans.fr\/?p=386","url":"https:\/\/psgfans.fr\/?p=386","name":"PSG. Blanc : \u00abNantes est une pr\u00e9paration pour Barcelone\u00bb - PSG FANS","isPartOf":{"@id":"https:\/\/psgfans.fr\/#website"},"primaryImageOfPage":{"@id":"https:\/\/psgfans.fr\/?p=386#primaryimage"},"image":{"@id":"https:\/\/psgfans.fr\/?p=386#primaryimage"},"thumbnailUrl":"https:\/\/blogger.googleusercontent.com\/img\/b\/R29vZ2xl\/AVvXsEg0T0MQJdc1_c3Nn6FPNcFf_PfLqAStW-I0PSiIIWvnGkLdjvVUwJk0Ozq8XKjQd-xySN0oMWDYCz0RgLxExwjD-9dbGtRJ5dPwRXLASQx-XX08BtTwtaMoxckcy9H3jNcGHYfEsx_dPGk\/s1600\/cX7trcc9do8.jpg","datePublished":"2014-12-06T14:34:00+00:00","author":{"@id":"https:\/\/psgfans.fr\/#\/schema\/person\/be2237e7a0237af2f29cb344b3c55e6c"},"breadcrumb":{"@id":"https:\/\/psgfans.fr\/?p=386#breadcrumb"},"inLanguage":"fr-FR","potentialAction":[{"@type":"ReadAction","target":["https:\/\/psgfans.fr\/?p=386"]}]},{"@type":"ImageObject","inLanguage":"fr-FR","@id":"https:\/\/psgfans.fr\/?p=386#primaryimage","url":"https:\/\/blogger.googleusercontent.com\/img\/b\/R29vZ2xl\/AVvXsEg0T0MQJdc1_c3Nn6FPNcFf_PfLqAStW-I0PSiIIWvnGkLdjvVUwJk0Ozq8XKjQd-xySN0oMWDYCz0RgLxExwjD-9dbGtRJ5dPwRXLASQx-XX08BtTwtaMoxckcy9H3jNcGHYfEsx_dPGk\/s1600\/cX7trcc9do8.jpg","contentUrl":"https:\/\/blogger.googleusercontent.com\/img\/b\/R29vZ2xl\/AVvXsEg0T0MQJdc1_c3Nn6FPNcFf_PfLqAStW-I0PSiIIWvnGkLdjvVUwJk0Ozq8XKjQd-xySN0oMWDYCz0RgLxExwjD-9dbGtRJ5dPwRXLASQx-XX08BtTwtaMoxckcy9H3jNcGHYfEsx_dPGk\/s1600\/cX7trcc9do8.jpg"},{"@type":"BreadcrumbList","@id":"https:\/\/psgfans.fr\/?p=386#breadcrumb","itemListElement":[{"@type":"ListItem","position":1,"name":"Accueil","item":"https:\/\/psgfans.fr\/"},{"@type":"ListItem","position":2,"name":"PSG. Blanc : \u00abNantes est une pr\u00e9paration pour Barcelone\u00bb"}]},{"@type":"WebSite","@id":"https:\/\/psgfans.fr\/#website","url":"https:\/\/psgfans.fr\/","name":"PSG FANS","description":"Unit\u00e9, Passion, Victoire : Au C\u0153ur du Paris Saint-Germain!","potentialAction":[{"@type":"SearchAction","target":{"@type":"EntryPoint","urlTemplate":"https:\/\/psgfans.fr\/?s={search_term_string}"},"query-input":{"@type":"PropertyValueSpecification","valueRequired":true,"valueName":"search_term_string"}}],"inLanguage":"fr-FR"},{"@type":"Person","@id":"https:\/\/psgfans.fr\/#\/schema\/person\/be2237e7a0237af2f29cb344b3c55e6c","name":"psgfans","image":{"@type":"ImageObject","inLanguage":"fr-FR","@id":"https:\/\/secure.gravatar.com\/avatar\/?s=96&d=mm&r=g","url":"https:\/\/secure.gravatar.com\/avatar\/?s=96&d=mm&r=g","contentUrl":"https:\/\/secure.gravatar.com\/avatar\/?s=96&d=mm&r=g","caption":"psgfans"},"url":"https:\/\/psgfans.fr\/?author=2"}]}},"_links":{"self":[{"href":"https:\/\/psgfans.fr\/index.php?rest_route=\/wp\/v2\/posts\/386","targetHints":{"allow":["GET"]}}],"collection":[{"href":"https:\/\/psgfans.fr\/index.php?rest_route=\/wp\/v2\/posts"}],"about":[{"href":"https:\/\/psgfans.fr\/index.php?rest_route=\/wp\/v2\/types\/post"}],"author":[{"embeddable":true,"href":"https:\/\/psgfans.fr\/index.php?rest_route=\/wp\/v2\/users\/2"}],"replies":[{"embeddable":true,"href":"https:\/\/psgfans.fr\/index.php?rest_route=%2Fwp%2Fv2%2Fcomments&post=386"}],"version-history":[{"count":0,"href":"https:\/\/psgfans.fr\/index.php?rest_route=\/wp\/v2\/posts\/386\/revisions"}],"wp:attachment":[{"href":"https:\/\/psgfans.fr\/index.php?rest_route=%2Fwp%2Fv2%2Fmedia&parent=386"}],"wp:term":[{"taxonomy":"category","embeddable":true,"href":"https:\/\/psgfans.fr\/index.php?rest_route=%2Fwp%2Fv2%2Fcategories&post=386"},{"taxonomy":"post_tag","embeddable":true,"href":"https:\/\/psgfans.fr\/index.php?rest_route=%2Fwp%2Fv2%2Ftags&post=386"}],"curies":[{"name":"wp","href":"https:\/\/api.w.org\/{rel}","templated":true}]}}