{"id":385,"date":"2014-12-06T15:39:00","date_gmt":"2014-12-06T14:39:00","guid":{"rendered":"https:\/\/psgfans.fr\/?p=385"},"modified":"2014-12-06T15:39:00","modified_gmt":"2014-12-06T14:39:00","slug":"les-compos-probables-de-psg-nantes","status":"publish","type":"post","link":"https:\/\/psgfans.fr\/?p=385","title":{"rendered":"Les compos probables de PSG-Nantes"},"content":{"rendered":"<div style=\"clear: both; text-align: center;\"><a href=\"https:\/\/blogger.googleusercontent.com\/img\/b\/R29vZ2xl\/AVvXsEh2WGXFVcMEahZZluFqzReHvvQko9MbGGhQ-S-WFWgDTTPsAKSpzUNiLbdsUrjcuk3xjUMT_96L8lUa31qMMos9uik62De07C0j5LjW-J4O-oFL1aGfF1EQ9WznyRzCJ0gI9lPvzJ9mBH4\/s1600\/dfds.png\" style=\"margin-left: 1em; margin-right: 1em;\"><img loading=\"lazy\" decoding=\"async\" border=\"0\" src=\"https:\/\/blogger.googleusercontent.com\/img\/b\/R29vZ2xl\/AVvXsEh2WGXFVcMEahZZluFqzReHvvQko9MbGGhQ-S-WFWgDTTPsAKSpzUNiLbdsUrjcuk3xjUMT_96L8lUa31qMMos9uik62De07C0j5LjW-J4O-oFL1aGfF1EQ9WznyRzCJ0gI9lPvzJ9mBH4\/s1600\/dfds.png\" height=\"298\" width=\"400\" \/><\/a><\/div>\n<p><b>Apr\u00e8s avoir manqu\u00e9 l&rsquo;occasion de prendre les commandes de la L1 \u00e0 Lille, le PSG re\u00e7oit le FC Nantes samedi. Les Parisiens restent sur six victoires cons\u00e9cutives \u00e0 domicile face aux Canaris.<\/b><\/p>\n<p><b>Parc des Princes (47 929 places)<\/b><\/p>\n<p>Paris est toujours en qu\u00eate de la premi\u00e8re place avant la r\u00e9ception de Nantes samedi au Parc. Apres un nul contre le LOSC, mercredi soir, les Parisiens ont l\u2019opportunit\u00e9 de mettre la pression sur l\u2019OM en cas de victoire face aux Canaris. Des Nantais toujours dans la premi\u00e8re partie de tableau, malgr\u00e9 leurs trois derniers matchs sans victoire en L1, dont deux d\u00e9faites. Le PSG, toujours invaincu cette saison, pourra compter sur son meilleur buteur \u00e0 domicile, Lucas, auteur de cinq r\u00e9alisations cette saison en championnat.<br \/>Du c\u00f4t\u00e9 des Canaris, leur meilleur buteur \u00e0 l\u2019ext\u00e9rieur est Jordan Veretout avec trois buts. Les hommes de Michel Der Zakarian ne partiront \u00e9videmment pas favoris face aux Franciliens. D\u2019autant que les co\u00e9quipiers David Luiz aimeraient pr\u00e9parer de la meilleure des fa\u00e7ons leur d\u00e9placement au Camp Nou contre le FC Barcelone mercredi soir en Ligue des Champions.<\/p>\n<p><b>&#8211; Les \u00e9quipes probables<\/b><\/p>\n<p><b>PSG : <\/b>Sirigu &#8211; Aurier, Marquinhos (ou Thiago Silva), David Luiz (ou Marquinhos), Digne &#8211; Rabiot, Verratti, Pastore &#8211; Lucas, Cavani, Ibrahimovic (cap)<\/p>\n<p><b>Nantes :<\/b> R\u00e9.Riou &#8211; I.Cissokho, Vizcarrondo, Djilobodji, Veigneau &#8211; K.Hansen, R.Gomis &#8211; Bedoya, Veretout, Nkoudou &#8211; Bammou<\/p>\n","protected":false},"excerpt":{"rendered":"<p>Apr\u00e8s avoir manqu\u00e9 l&rsquo;occasion de prendre les commandes de la L1 \u00e0 Lille, le PSG re\u00e7oit le FC Nantes samedi. Les Parisiens restent sur six victoires cons\u00e9cutives \u00e0 domicile face aux Canaris. Parc des Princes (47 929 places) Paris est toujours en qu\u00eate de la premi\u00e8re place avant la r\u00e9ception de Nantes samedi au Parc. [&hellip;]<\/p>\n","protected":false},"author":2,"featured_media":0,"comment_status":"open","ping_status":"open","sticky":false,"template":"","format":"standard","meta":{"footnotes":""},"categories":[3],"tags":[],"class_list":{"0":"post-385","1":"post","2":"type-post","3":"status-publish","4":"format-standard","6":"category-news"},"yoast_head":"<!-- This site is optimized with the Yoast SEO plugin v27.4 - https:\/\/yoast.com\/product\/yoast-seo-wordpress\/ -->\n<title>Les compos probables de PSG-Nantes - PSG FANS<\/title>\n<meta name=\"robots\" content=\"index, follow, max-snippet:-1, max-image-preview:large, max-video-preview:-1\" \/>\n<link rel=\"canonical\" href=\"https:\/\/psgfans.fr\/?p=385\" \/>\n<meta property=\"og:locale\" content=\"fr_FR\" \/>\n<meta property=\"og:type\" content=\"article\" \/>\n<meta property=\"og:title\" content=\"Les compos probables de PSG-Nantes - PSG FANS\" \/>\n<meta property=\"og:description\" content=\"Apr\u00e8s avoir manqu\u00e9 l&rsquo;occasion de prendre les commandes de la L1 \u00e0 Lille, le PSG re\u00e7oit le FC Nantes samedi. Les Parisiens restent sur six victoires cons\u00e9cutives \u00e0 domicile face aux Canaris. Parc des Princes (47 929 places) Paris est toujours en qu\u00eate de la premi\u00e8re place avant la r\u00e9ception de Nantes samedi au Parc. [&hellip;]\" \/>\n<meta property=\"og:url\" content=\"https:\/\/psgfans.fr\/?p=385\" \/>\n<meta property=\"og:site_name\" content=\"PSG FANS\" \/>\n<meta property=\"article:published_time\" content=\"2014-12-06T14:39:00+00:00\" \/>\n<meta property=\"og:image\" content=\"https:\/\/blogger.googleusercontent.com\/img\/b\/R29vZ2xl\/AVvXsEh2WGXFVcMEahZZluFqzReHvvQko9MbGGhQ-S-WFWgDTTPsAKSpzUNiLbdsUrjcuk3xjUMT_96L8lUa31qMMos9uik62De07C0j5LjW-J4O-oFL1aGfF1EQ9WznyRzCJ0gI9lPvzJ9mBH4\/s1600\/dfds.png\" \/>\n<meta name=\"author\" content=\"psgfans\" \/>\n<meta name=\"twitter:card\" content=\"summary_large_image\" \/>\n<meta name=\"twitter:label1\" content=\"\u00c9crit par\" \/>\n\t<meta name=\"twitter:data1\" content=\"psgfans\" \/>\n\t<meta name=\"twitter:label2\" content=\"Dur\u00e9e de lecture estim\u00e9e\" \/>\n\t<meta name=\"twitter:data2\" content=\"1 minute\" \/>\n<script type=\"application\/ld+json\" class=\"yoast-schema-graph\">{\"@context\":\"https:\\\/\\\/schema.org\",\"@graph\":[{\"@type\":\"Article\",\"@id\":\"https:\\\/\\\/psgfans.fr\\\/?p=385#article\",\"isPartOf\":{\"@id\":\"https:\\\/\\\/psgfans.fr\\\/?p=385\"},\"author\":{\"name\":\"psgfans\",\"@id\":\"https:\\\/\\\/psgfans.fr\\\/#\\\/schema\\\/person\\\/be2237e7a0237af2f29cb344b3c55e6c\"},\"headline\":\"Les compos probables de PSG-Nantes\",\"datePublished\":\"2014-12-06T14:39:00+00:00\",\"mainEntityOfPage\":{\"@id\":\"https:\\\/\\\/psgfans.fr\\\/?p=385\"},\"wordCount\":246,\"commentCount\":0,\"image\":{\"@id\":\"https:\\\/\\\/psgfans.fr\\\/?p=385#primaryimage\"},\"thumbnailUrl\":\"https:\\\/\\\/blogger.googleusercontent.com\\\/img\\\/b\\\/R29vZ2xl\\\/AVvXsEh2WGXFVcMEahZZluFqzReHvvQko9MbGGhQ-S-WFWgDTTPsAKSpzUNiLbdsUrjcuk3xjUMT_96L8lUa31qMMos9uik62De07C0j5LjW-J4O-oFL1aGfF1EQ9WznyRzCJ0gI9lPvzJ9mBH4\\\/s1600\\\/dfds.png\",\"articleSection\":[\"News\"],\"inLanguage\":\"fr-FR\",\"potentialAction\":[{\"@type\":\"CommentAction\",\"name\":\"Comment\",\"target\":[\"https:\\\/\\\/psgfans.fr\\\/?p=385#respond\"]}]},{\"@type\":\"WebPage\",\"@id\":\"https:\\\/\\\/psgfans.fr\\\/?p=385\",\"url\":\"https:\\\/\\\/psgfans.fr\\\/?p=385\",\"name\":\"Les compos probables de PSG-Nantes - PSG FANS\",\"isPartOf\":{\"@id\":\"https:\\\/\\\/psgfans.fr\\\/#website\"},\"primaryImageOfPage\":{\"@id\":\"https:\\\/\\\/psgfans.fr\\\/?p=385#primaryimage\"},\"image\":{\"@id\":\"https:\\\/\\\/psgfans.fr\\\/?p=385#primaryimage\"},\"thumbnailUrl\":\"https:\\\/\\\/blogger.googleusercontent.com\\\/img\\\/b\\\/R29vZ2xl\\\/AVvXsEh2WGXFVcMEahZZluFqzReHvvQko9MbGGhQ-S-WFWgDTTPsAKSpzUNiLbdsUrjcuk3xjUMT_96L8lUa31qMMos9uik62De07C0j5LjW-J4O-oFL1aGfF1EQ9WznyRzCJ0gI9lPvzJ9mBH4\\\/s1600\\\/dfds.png\",\"datePublished\":\"2014-12-06T14:39:00+00:00\",\"author\":{\"@id\":\"https:\\\/\\\/psgfans.fr\\\/#\\\/schema\\\/person\\\/be2237e7a0237af2f29cb344b3c55e6c\"},\"breadcrumb\":{\"@id\":\"https:\\\/\\\/psgfans.fr\\\/?p=385#breadcrumb\"},\"inLanguage\":\"fr-FR\",\"potentialAction\":[{\"@type\":\"ReadAction\",\"target\":[\"https:\\\/\\\/psgfans.fr\\\/?p=385\"]}]},{\"@type\":\"ImageObject\",\"inLanguage\":\"fr-FR\",\"@id\":\"https:\\\/\\\/psgfans.fr\\\/?p=385#primaryimage\",\"url\":\"https:\\\/\\\/blogger.googleusercontent.com\\\/img\\\/b\\\/R29vZ2xl\\\/AVvXsEh2WGXFVcMEahZZluFqzReHvvQko9MbGGhQ-S-WFWgDTTPsAKSpzUNiLbdsUrjcuk3xjUMT_96L8lUa31qMMos9uik62De07C0j5LjW-J4O-oFL1aGfF1EQ9WznyRzCJ0gI9lPvzJ9mBH4\\\/s1600\\\/dfds.png\",\"contentUrl\":\"https:\\\/\\\/blogger.googleusercontent.com\\\/img\\\/b\\\/R29vZ2xl\\\/AVvXsEh2WGXFVcMEahZZluFqzReHvvQko9MbGGhQ-S-WFWgDTTPsAKSpzUNiLbdsUrjcuk3xjUMT_96L8lUa31qMMos9uik62De07C0j5LjW-J4O-oFL1aGfF1EQ9WznyRzCJ0gI9lPvzJ9mBH4\\\/s1600\\\/dfds.png\"},{\"@type\":\"BreadcrumbList\",\"@id\":\"https:\\\/\\\/psgfans.fr\\\/?p=385#breadcrumb\",\"itemListElement\":[{\"@type\":\"ListItem\",\"position\":1,\"name\":\"Accueil\",\"item\":\"https:\\\/\\\/psgfans.fr\\\/\"},{\"@type\":\"ListItem\",\"position\":2,\"name\":\"Les compos probables de PSG-Nantes\"}]},{\"@type\":\"WebSite\",\"@id\":\"https:\\\/\\\/psgfans.fr\\\/#website\",\"url\":\"https:\\\/\\\/psgfans.fr\\\/\",\"name\":\"PSG FANS\",\"description\":\"Unit\u00e9, Passion, Victoire : Au C\u0153ur du Paris Saint-Germain!\",\"potentialAction\":[{\"@type\":\"SearchAction\",\"target\":{\"@type\":\"EntryPoint\",\"urlTemplate\":\"https:\\\/\\\/psgfans.fr\\\/?s={search_term_string}\"},\"query-input\":{\"@type\":\"PropertyValueSpecification\",\"valueRequired\":true,\"valueName\":\"search_term_string\"}}],\"inLanguage\":\"fr-FR\"},{\"@type\":\"Person\",\"@id\":\"https:\\\/\\\/psgfans.fr\\\/#\\\/schema\\\/person\\\/be2237e7a0237af2f29cb344b3c55e6c\",\"name\":\"psgfans\",\"image\":{\"@type\":\"ImageObject\",\"inLanguage\":\"fr-FR\",\"@id\":\"https:\\\/\\\/secure.gravatar.com\\\/avatar\\\/?s=96&d=mm&r=g\",\"url\":\"https:\\\/\\\/secure.gravatar.com\\\/avatar\\\/?s=96&d=mm&r=g\",\"contentUrl\":\"https:\\\/\\\/secure.gravatar.com\\\/avatar\\\/?s=96&d=mm&r=g\",\"caption\":\"psgfans\"},\"url\":\"https:\\\/\\\/psgfans.fr\\\/?author=2\"}]}<\/script>\n<!-- \/ Yoast SEO plugin. -->","yoast_head_json":{"title":"Les compos probables de PSG-Nantes - PSG FANS","robots":{"index":"index","follow":"follow","max-snippet":"max-snippet:-1","max-image-preview":"max-image-preview:large","max-video-preview":"max-video-preview:-1"},"canonical":"https:\/\/psgfans.fr\/?p=385","og_locale":"fr_FR","og_type":"article","og_title":"Les compos probables de PSG-Nantes - PSG FANS","og_description":"Apr\u00e8s avoir manqu\u00e9 l&rsquo;occasion de prendre les commandes de la L1 \u00e0 Lille, le PSG re\u00e7oit le FC Nantes samedi. Les Parisiens restent sur six victoires cons\u00e9cutives \u00e0 domicile face aux Canaris. Parc des Princes (47 929 places) Paris est toujours en qu\u00eate de la premi\u00e8re place avant la r\u00e9ception de Nantes samedi au Parc. [&hellip;]","og_url":"https:\/\/psgfans.fr\/?p=385","og_site_name":"PSG FANS","article_published_time":"2014-12-06T14:39:00+00:00","og_image":[{"url":"https:\/\/blogger.googleusercontent.com\/img\/b\/R29vZ2xl\/AVvXsEh2WGXFVcMEahZZluFqzReHvvQko9MbGGhQ-S-WFWgDTTPsAKSpzUNiLbdsUrjcuk3xjUMT_96L8lUa31qMMos9uik62De07C0j5LjW-J4O-oFL1aGfF1EQ9WznyRzCJ0gI9lPvzJ9mBH4\/s1600\/dfds.png","type":"","width":"","height":""}],"author":"psgfans","twitter_card":"summary_large_image","twitter_misc":{"\u00c9crit par":"psgfans","Dur\u00e9e de lecture estim\u00e9e":"1 minute"},"schema":{"@context":"https:\/\/schema.org","@graph":[{"@type":"Article","@id":"https:\/\/psgfans.fr\/?p=385#article","isPartOf":{"@id":"https:\/\/psgfans.fr\/?p=385"},"author":{"name":"psgfans","@id":"https:\/\/psgfans.fr\/#\/schema\/person\/be2237e7a0237af2f29cb344b3c55e6c"},"headline":"Les compos probables de PSG-Nantes","datePublished":"2014-12-06T14:39:00+00:00","mainEntityOfPage":{"@id":"https:\/\/psgfans.fr\/?p=385"},"wordCount":246,"commentCount":0,"image":{"@id":"https:\/\/psgfans.fr\/?p=385#primaryimage"},"thumbnailUrl":"https:\/\/blogger.googleusercontent.com\/img\/b\/R29vZ2xl\/AVvXsEh2WGXFVcMEahZZluFqzReHvvQko9MbGGhQ-S-WFWgDTTPsAKSpzUNiLbdsUrjcuk3xjUMT_96L8lUa31qMMos9uik62De07C0j5LjW-J4O-oFL1aGfF1EQ9WznyRzCJ0gI9lPvzJ9mBH4\/s1600\/dfds.png","articleSection":["News"],"inLanguage":"fr-FR","potentialAction":[{"@type":"CommentAction","name":"Comment","target":["https:\/\/psgfans.fr\/?p=385#respond"]}]},{"@type":"WebPage","@id":"https:\/\/psgfans.fr\/?p=385","url":"https:\/\/psgfans.fr\/?p=385","name":"Les compos probables de PSG-Nantes - PSG FANS","isPartOf":{"@id":"https:\/\/psgfans.fr\/#website"},"primaryImageOfPage":{"@id":"https:\/\/psgfans.fr\/?p=385#primaryimage"},"image":{"@id":"https:\/\/psgfans.fr\/?p=385#primaryimage"},"thumbnailUrl":"https:\/\/blogger.googleusercontent.com\/img\/b\/R29vZ2xl\/AVvXsEh2WGXFVcMEahZZluFqzReHvvQko9MbGGhQ-S-WFWgDTTPsAKSpzUNiLbdsUrjcuk3xjUMT_96L8lUa31qMMos9uik62De07C0j5LjW-J4O-oFL1aGfF1EQ9WznyRzCJ0gI9lPvzJ9mBH4\/s1600\/dfds.png","datePublished":"2014-12-06T14:39:00+00:00","author":{"@id":"https:\/\/psgfans.fr\/#\/schema\/person\/be2237e7a0237af2f29cb344b3c55e6c"},"breadcrumb":{"@id":"https:\/\/psgfans.fr\/?p=385#breadcrumb"},"inLanguage":"fr-FR","potentialAction":[{"@type":"ReadAction","target":["https:\/\/psgfans.fr\/?p=385"]}]},{"@type":"ImageObject","inLanguage":"fr-FR","@id":"https:\/\/psgfans.fr\/?p=385#primaryimage","url":"https:\/\/blogger.googleusercontent.com\/img\/b\/R29vZ2xl\/AVvXsEh2WGXFVcMEahZZluFqzReHvvQko9MbGGhQ-S-WFWgDTTPsAKSpzUNiLbdsUrjcuk3xjUMT_96L8lUa31qMMos9uik62De07C0j5LjW-J4O-oFL1aGfF1EQ9WznyRzCJ0gI9lPvzJ9mBH4\/s1600\/dfds.png","contentUrl":"https:\/\/blogger.googleusercontent.com\/img\/b\/R29vZ2xl\/AVvXsEh2WGXFVcMEahZZluFqzReHvvQko9MbGGhQ-S-WFWgDTTPsAKSpzUNiLbdsUrjcuk3xjUMT_96L8lUa31qMMos9uik62De07C0j5LjW-J4O-oFL1aGfF1EQ9WznyRzCJ0gI9lPvzJ9mBH4\/s1600\/dfds.png"},{"@type":"BreadcrumbList","@id":"https:\/\/psgfans.fr\/?p=385#breadcrumb","itemListElement":[{"@type":"ListItem","position":1,"name":"Accueil","item":"https:\/\/psgfans.fr\/"},{"@type":"ListItem","position":2,"name":"Les compos probables de PSG-Nantes"}]},{"@type":"WebSite","@id":"https:\/\/psgfans.fr\/#website","url":"https:\/\/psgfans.fr\/","name":"PSG FANS","description":"Unit\u00e9, Passion, Victoire : Au C\u0153ur du Paris Saint-Germain!","potentialAction":[{"@type":"SearchAction","target":{"@type":"EntryPoint","urlTemplate":"https:\/\/psgfans.fr\/?s={search_term_string}"},"query-input":{"@type":"PropertyValueSpecification","valueRequired":true,"valueName":"search_term_string"}}],"inLanguage":"fr-FR"},{"@type":"Person","@id":"https:\/\/psgfans.fr\/#\/schema\/person\/be2237e7a0237af2f29cb344b3c55e6c","name":"psgfans","image":{"@type":"ImageObject","inLanguage":"fr-FR","@id":"https:\/\/secure.gravatar.com\/avatar\/?s=96&d=mm&r=g","url":"https:\/\/secure.gravatar.com\/avatar\/?s=96&d=mm&r=g","contentUrl":"https:\/\/secure.gravatar.com\/avatar\/?s=96&d=mm&r=g","caption":"psgfans"},"url":"https:\/\/psgfans.fr\/?author=2"}]}},"_links":{"self":[{"href":"https:\/\/psgfans.fr\/index.php?rest_route=\/wp\/v2\/posts\/385","targetHints":{"allow":["GET"]}}],"collection":[{"href":"https:\/\/psgfans.fr\/index.php?rest_route=\/wp\/v2\/posts"}],"about":[{"href":"https:\/\/psgfans.fr\/index.php?rest_route=\/wp\/v2\/types\/post"}],"author":[{"embeddable":true,"href":"https:\/\/psgfans.fr\/index.php?rest_route=\/wp\/v2\/users\/2"}],"replies":[{"embeddable":true,"href":"https:\/\/psgfans.fr\/index.php?rest_route=%2Fwp%2Fv2%2Fcomments&post=385"}],"version-history":[{"count":0,"href":"https:\/\/psgfans.fr\/index.php?rest_route=\/wp\/v2\/posts\/385\/revisions"}],"wp:attachment":[{"href":"https:\/\/psgfans.fr\/index.php?rest_route=%2Fwp%2Fv2%2Fmedia&parent=385"}],"wp:term":[{"taxonomy":"category","embeddable":true,"href":"https:\/\/psgfans.fr\/index.php?rest_route=%2Fwp%2Fv2%2Fcategories&post=385"},{"taxonomy":"post_tag","embeddable":true,"href":"https:\/\/psgfans.fr\/index.php?rest_route=%2Fwp%2Fv2%2Ftags&post=385"}],"curies":[{"name":"wp","href":"https:\/\/api.w.org\/{rel}","templated":true}]}}