{"id":381,"date":"2015-04-13T19:57:00","date_gmt":"2015-04-13T18:57:00","guid":{"rendered":"https:\/\/psgfans.fr\/?p=381"},"modified":"2015-04-13T19:57:00","modified_gmt":"2015-04-13T18:57:00","slug":"ligue-1-les-5-questions-que-pose-le-boycott-de-canal-par-le-psg-et-lom","status":"publish","type":"post","link":"https:\/\/psgfans.fr\/?p=381","title":{"rendered":"Ligue 1 : Les 5 questions que pose le boycott de Canal+ par le PSG et l\u2019OM"},"content":{"rendered":"<div style=\"clear: both; text-align: center;\"><a href=\"https:\/\/blogger.googleusercontent.com\/img\/b\/R29vZ2xl\/AVvXsEgmsj2ks3CTxjhl_f4QCZYo81h7ofDfSIv-q0JIVPrH3SnfkUnGj-Kig_k2VboKU0W8O8AWLmpWYFLvy3B4153eNjK_VqQ1a8hAcJTk7ZEOy27ycOmdmJlHPOkmBBJjE_-bFIZzH4wsV7Q\/s1600\/1.jpg\" style=\"margin-left: 1em; margin-right: 1em;\"><img loading=\"lazy\" decoding=\"async\" border=\"0\" src=\"https:\/\/blogger.googleusercontent.com\/img\/b\/R29vZ2xl\/AVvXsEgmsj2ks3CTxjhl_f4QCZYo81h7ofDfSIv-q0JIVPrH3SnfkUnGj-Kig_k2VboKU0W8O8AWLmpWYFLvy3B4153eNjK_VqQ1a8hAcJTk7ZEOy27ycOmdmJlHPOkmBBJjE_-bFIZzH4wsV7Q\/s1600\/1.jpg\" height=\"225\" width=\"400\" \/><\/a><\/div>\n<p><b>Le PSG et l\u2019OM ont d\u00e9cid\u00e9, vendredi, de boycotter Canal+ apr\u00e8s que le co-diffuseur de la Ligue 1 a diffus\u00e9 les insultes qui ont men\u00e9 aux suspensions de Payet et Ibrahimovic. Mise en application d\u00e8s ce week-end, cette mesure prise par les deux clubs interroge \u00e0 bien des \u00e9gards.<\/b><\/p>\n<p><b>Pourquoi le PSG et l\u2019OM ne s\u2019insurgent-ils qu\u2019aujourd\u2019hui ?&nbsp;<\/b><\/p>\n<p>Parce que Payet et Ibrahimovic ont \u00e9t\u00e9 suspendus la semaine derni\u00e8re. Mais la pr\u00e9sence de cam\u00e9ras dans les coulisses des rencontres n\u2019est ni nouvelle ni secr\u00e8te. Ce qui est nouveau, c\u2019est probablement que de telles insultes, devant le quatri\u00e8me arbitre (pour Ibrahimovic) ou devant le vestiaire des officiels (pour Payet), soient diffus\u00e9es et\/ou reprises dans des programmes de t\u00e9l\u00e9vision b\u00e2tis autour des \u00e0-c\u00f4t\u00e9s. La diffusion de s\u00e9quences sortant du cadre simple du match de football est devenue normale. L\u2019\u00e9mission J+1, diffus\u00e9e sur Canal+ Sport, exploite tr\u00e8s largement le filon des images \u00ab\u00a0d\u00e9cal\u00e9es\u00a0\u00bb. Phrases lues sur les l\u00e8vres des joueurs, instantan\u00e9s capt\u00e9s dans le tunnel : le programme a construit sa r\u00e9putation sur cette diff\u00e9rence. Et ce depuis pr\u00e8s de deux ans. Rien de bien nouveau, donc, et rien qui ne soit inconnu aux joueurs. Pour preuve, Alaixys Romao, le milieu de l\u2019OM, \u00e9tait invit\u00e9 de l\u2019\u00e9mission il y a encore trois mois.<\/p>\n<p><b>Cela aurait-il pu se passer \u00e0 l\u2019\u00e9tranger ?<\/b><br \/><b><br \/><\/b>&nbsp;Pas vraiment. A titre d\u2019exemple, la Premier League a codifi\u00e9 depuis de nombreuses ann\u00e9es la place des cha\u00eenes de t\u00e9l\u00e9vision dans son spectacle. Avec succ\u00e8s : l\u2019Angleterre contr\u00f4le l\u2019image qu\u2019elle renvoie. Comme en NBA, tout est mis en sc\u00e8ne de mani\u00e8re \u00e0 valoriser le \u00ab\u00a0produit\u00a0\u00bb, diffus\u00e9 dans le monde entier. Tr\u00e8s rares sont les images sortant du cadre du terrain, si ce n\u2019est les interviews r\u00e9alis\u00e9es sur fond de panneaux publicitaires. Le mouvement est comparable en Liga, comme l\u2019explique Philippe Montanier, pass\u00e9 de la Real Sociedad \u00e0 Rennes en 2013, dans L\u2019Equipe ce lundi.<\/p>\n<p><b>Le boycott est-il l\u00e9gal ?&nbsp;<\/b><\/p>\n<p>Tout d\u00e9pend ce qu\u2019il contient. Les clubs ont le droit de choisir leurs questions en conf\u00e9rence de presse, comme le PSG l\u2019a fait samedi. La pratique est peu cordiale et quelque peu offensante pour la pluralit\u00e9 de la presse, mais elle est l\u00e9gale. En revanche, le contrat qui lie Canal+, la LFP et les clubs fran\u00e7ais interdit le boycott en zone mixte ou \u00e0 la fin des matches. C\u2019est ce qu\u2019explique Karim Nedjari, directeur des sports de la cha\u00eene, dans les colonnes de L\u2019Equipe.<\/p>\n<p><b>Est-il tenable ?&nbsp;<\/b><\/p>\n<p>Dans la dur\u00e9e, non. Canal+ a besoin du PSG et de l\u2019OM\u2026 et vice-versa. Rappelons que le groupe de t\u00e9l\u00e9vision paie 550 millions d\u2019euros par an pour diffuser la Ligue 1. Et qu\u2019\u00e0 cet \u00e9gard, il finance tr\u00e8s largement les deux clubs en question (45 millions d\u2019euros pour le PSG, 42 millions d\u2019euros pour l\u2019OM en 2013-2014). M\u00eame abreuv\u00e9 par un fonds milliardaire, le club de la capitale a un besoin vital de cette rentr\u00e9e d\u2019argent. Et pour cause : elle doit l\u2019aider \u00e0 rentrer dans les clous du fair-play financier. &nbsp; Ancien propri\u00e9taire du PSG et acteur important du d\u00e9veloppement du football fran\u00e7ais, Canal+ a une voix qui porte. Probablement suffisamment pour imposer \u00e0 la LFP et aux clubs de respecter leurs engagements contractuels. A l\u2019inverse, les deux clubs accordent une attention toute particuli\u00e8re \u00e0 leur communication. Il est difficile d\u2019imaginer qu\u2019ils entrent dans un conflit durable et ouvert avec une institution \u00e0 la force de frappe si importante. Quand bien m\u00eame le PSG est (aussi) le propri\u00e9taire de beIN Sports, grand concurrent de Canal+.<\/p>\n<p>eurosport<\/p>\n","protected":false},"excerpt":{"rendered":"<p>Le PSG et l\u2019OM ont d\u00e9cid\u00e9, vendredi, de boycotter Canal+ apr\u00e8s que le co-diffuseur de la Ligue 1 a diffus\u00e9 les insultes qui ont men\u00e9 aux suspensions de Payet et Ibrahimovic. Mise en application d\u00e8s ce week-end, cette mesure prise par les deux clubs interroge \u00e0 bien des \u00e9gards. Pourquoi le PSG et l\u2019OM ne [&hellip;]<\/p>\n","protected":false},"author":2,"featured_media":0,"comment_status":"open","ping_status":"open","sticky":false,"template":"","format":"standard","meta":{"footnotes":""},"categories":[3],"tags":[],"class_list":{"0":"post-381","1":"post","2":"type-post","3":"status-publish","4":"format-standard","6":"category-news"},"yoast_head":"<!-- This site is optimized with the Yoast SEO plugin v27.4 - https:\/\/yoast.com\/product\/yoast-seo-wordpress\/ -->\n<title>Ligue 1 : Les 5 questions que pose le boycott de Canal+ par le PSG et l\u2019OM - PSG FANS<\/title>\n<meta name=\"robots\" content=\"index, follow, max-snippet:-1, max-image-preview:large, max-video-preview:-1\" \/>\n<link rel=\"canonical\" href=\"https:\/\/psgfans.fr\/?p=381\" \/>\n<meta property=\"og:locale\" content=\"fr_FR\" \/>\n<meta property=\"og:type\" content=\"article\" \/>\n<meta property=\"og:title\" content=\"Ligue 1 : Les 5 questions que pose le boycott de Canal+ par le PSG et l\u2019OM - PSG FANS\" \/>\n<meta property=\"og:description\" content=\"Le PSG et l\u2019OM ont d\u00e9cid\u00e9, vendredi, de boycotter Canal+ apr\u00e8s que le co-diffuseur de la Ligue 1 a diffus\u00e9 les insultes qui ont men\u00e9 aux suspensions de Payet et Ibrahimovic. Mise en application d\u00e8s ce week-end, cette mesure prise par les deux clubs interroge \u00e0 bien des \u00e9gards. Pourquoi le PSG et l\u2019OM ne [&hellip;]\" \/>\n<meta property=\"og:url\" content=\"https:\/\/psgfans.fr\/?p=381\" \/>\n<meta property=\"og:site_name\" content=\"PSG FANS\" \/>\n<meta property=\"article:published_time\" content=\"2015-04-13T18:57:00+00:00\" \/>\n<meta property=\"og:image\" content=\"https:\/\/blogger.googleusercontent.com\/img\/b\/R29vZ2xl\/AVvXsEgmsj2ks3CTxjhl_f4QCZYo81h7ofDfSIv-q0JIVPrH3SnfkUnGj-Kig_k2VboKU0W8O8AWLmpWYFLvy3B4153eNjK_VqQ1a8hAcJTk7ZEOy27ycOmdmJlHPOkmBBJjE_-bFIZzH4wsV7Q\/s1600\/1.jpg\" \/>\n<meta name=\"author\" content=\"psgfans\" \/>\n<meta name=\"twitter:card\" content=\"summary_large_image\" \/>\n<meta name=\"twitter:label1\" content=\"\u00c9crit par\" \/>\n\t<meta name=\"twitter:data1\" content=\"psgfans\" \/>\n\t<meta name=\"twitter:label2\" content=\"Dur\u00e9e de lecture estim\u00e9e\" \/>\n\t<meta name=\"twitter:data2\" content=\"3 minutes\" \/>\n<script type=\"application\/ld+json\" class=\"yoast-schema-graph\">{\"@context\":\"https:\\\/\\\/schema.org\",\"@graph\":[{\"@type\":\"Article\",\"@id\":\"https:\\\/\\\/psgfans.fr\\\/?p=381#article\",\"isPartOf\":{\"@id\":\"https:\\\/\\\/psgfans.fr\\\/?p=381\"},\"author\":{\"name\":\"psgfans\",\"@id\":\"https:\\\/\\\/psgfans.fr\\\/#\\\/schema\\\/person\\\/be2237e7a0237af2f29cb344b3c55e6c\"},\"headline\":\"Ligue 1 : Les 5 questions que pose le boycott de Canal+ par le PSG et l\u2019OM\",\"datePublished\":\"2015-04-13T18:57:00+00:00\",\"mainEntityOfPage\":{\"@id\":\"https:\\\/\\\/psgfans.fr\\\/?p=381\"},\"wordCount\":666,\"commentCount\":0,\"image\":{\"@id\":\"https:\\\/\\\/psgfans.fr\\\/?p=381#primaryimage\"},\"thumbnailUrl\":\"https:\\\/\\\/blogger.googleusercontent.com\\\/img\\\/b\\\/R29vZ2xl\\\/AVvXsEgmsj2ks3CTxjhl_f4QCZYo81h7ofDfSIv-q0JIVPrH3SnfkUnGj-Kig_k2VboKU0W8O8AWLmpWYFLvy3B4153eNjK_VqQ1a8hAcJTk7ZEOy27ycOmdmJlHPOkmBBJjE_-bFIZzH4wsV7Q\\\/s1600\\\/1.jpg\",\"articleSection\":[\"News\"],\"inLanguage\":\"fr-FR\",\"potentialAction\":[{\"@type\":\"CommentAction\",\"name\":\"Comment\",\"target\":[\"https:\\\/\\\/psgfans.fr\\\/?p=381#respond\"]}]},{\"@type\":\"WebPage\",\"@id\":\"https:\\\/\\\/psgfans.fr\\\/?p=381\",\"url\":\"https:\\\/\\\/psgfans.fr\\\/?p=381\",\"name\":\"Ligue 1 : Les 5 questions que pose le boycott de Canal+ par le PSG et l\u2019OM - PSG FANS\",\"isPartOf\":{\"@id\":\"https:\\\/\\\/psgfans.fr\\\/#website\"},\"primaryImageOfPage\":{\"@id\":\"https:\\\/\\\/psgfans.fr\\\/?p=381#primaryimage\"},\"image\":{\"@id\":\"https:\\\/\\\/psgfans.fr\\\/?p=381#primaryimage\"},\"thumbnailUrl\":\"https:\\\/\\\/blogger.googleusercontent.com\\\/img\\\/b\\\/R29vZ2xl\\\/AVvXsEgmsj2ks3CTxjhl_f4QCZYo81h7ofDfSIv-q0JIVPrH3SnfkUnGj-Kig_k2VboKU0W8O8AWLmpWYFLvy3B4153eNjK_VqQ1a8hAcJTk7ZEOy27ycOmdmJlHPOkmBBJjE_-bFIZzH4wsV7Q\\\/s1600\\\/1.jpg\",\"datePublished\":\"2015-04-13T18:57:00+00:00\",\"author\":{\"@id\":\"https:\\\/\\\/psgfans.fr\\\/#\\\/schema\\\/person\\\/be2237e7a0237af2f29cb344b3c55e6c\"},\"breadcrumb\":{\"@id\":\"https:\\\/\\\/psgfans.fr\\\/?p=381#breadcrumb\"},\"inLanguage\":\"fr-FR\",\"potentialAction\":[{\"@type\":\"ReadAction\",\"target\":[\"https:\\\/\\\/psgfans.fr\\\/?p=381\"]}]},{\"@type\":\"ImageObject\",\"inLanguage\":\"fr-FR\",\"@id\":\"https:\\\/\\\/psgfans.fr\\\/?p=381#primaryimage\",\"url\":\"https:\\\/\\\/blogger.googleusercontent.com\\\/img\\\/b\\\/R29vZ2xl\\\/AVvXsEgmsj2ks3CTxjhl_f4QCZYo81h7ofDfSIv-q0JIVPrH3SnfkUnGj-Kig_k2VboKU0W8O8AWLmpWYFLvy3B4153eNjK_VqQ1a8hAcJTk7ZEOy27ycOmdmJlHPOkmBBJjE_-bFIZzH4wsV7Q\\\/s1600\\\/1.jpg\",\"contentUrl\":\"https:\\\/\\\/blogger.googleusercontent.com\\\/img\\\/b\\\/R29vZ2xl\\\/AVvXsEgmsj2ks3CTxjhl_f4QCZYo81h7ofDfSIv-q0JIVPrH3SnfkUnGj-Kig_k2VboKU0W8O8AWLmpWYFLvy3B4153eNjK_VqQ1a8hAcJTk7ZEOy27ycOmdmJlHPOkmBBJjE_-bFIZzH4wsV7Q\\\/s1600\\\/1.jpg\"},{\"@type\":\"BreadcrumbList\",\"@id\":\"https:\\\/\\\/psgfans.fr\\\/?p=381#breadcrumb\",\"itemListElement\":[{\"@type\":\"ListItem\",\"position\":1,\"name\":\"Accueil\",\"item\":\"https:\\\/\\\/psgfans.fr\\\/\"},{\"@type\":\"ListItem\",\"position\":2,\"name\":\"Ligue 1 : Les 5 questions que pose le boycott de Canal+ par le PSG et l\u2019OM\"}]},{\"@type\":\"WebSite\",\"@id\":\"https:\\\/\\\/psgfans.fr\\\/#website\",\"url\":\"https:\\\/\\\/psgfans.fr\\\/\",\"name\":\"PSG FANS\",\"description\":\"Unit\u00e9, Passion, Victoire : Au C\u0153ur du Paris Saint-Germain!\",\"potentialAction\":[{\"@type\":\"SearchAction\",\"target\":{\"@type\":\"EntryPoint\",\"urlTemplate\":\"https:\\\/\\\/psgfans.fr\\\/?s={search_term_string}\"},\"query-input\":{\"@type\":\"PropertyValueSpecification\",\"valueRequired\":true,\"valueName\":\"search_term_string\"}}],\"inLanguage\":\"fr-FR\"},{\"@type\":\"Person\",\"@id\":\"https:\\\/\\\/psgfans.fr\\\/#\\\/schema\\\/person\\\/be2237e7a0237af2f29cb344b3c55e6c\",\"name\":\"psgfans\",\"image\":{\"@type\":\"ImageObject\",\"inLanguage\":\"fr-FR\",\"@id\":\"https:\\\/\\\/secure.gravatar.com\\\/avatar\\\/?s=96&d=mm&r=g\",\"url\":\"https:\\\/\\\/secure.gravatar.com\\\/avatar\\\/?s=96&d=mm&r=g\",\"contentUrl\":\"https:\\\/\\\/secure.gravatar.com\\\/avatar\\\/?s=96&d=mm&r=g\",\"caption\":\"psgfans\"},\"url\":\"https:\\\/\\\/psgfans.fr\\\/?author=2\"}]}<\/script>\n<!-- \/ Yoast SEO plugin. -->","yoast_head_json":{"title":"Ligue 1 : Les 5 questions que pose le boycott de Canal+ par le PSG et l\u2019OM - PSG FANS","robots":{"index":"index","follow":"follow","max-snippet":"max-snippet:-1","max-image-preview":"max-image-preview:large","max-video-preview":"max-video-preview:-1"},"canonical":"https:\/\/psgfans.fr\/?p=381","og_locale":"fr_FR","og_type":"article","og_title":"Ligue 1 : Les 5 questions que pose le boycott de Canal+ par le PSG et l\u2019OM - PSG FANS","og_description":"Le PSG et l\u2019OM ont d\u00e9cid\u00e9, vendredi, de boycotter Canal+ apr\u00e8s que le co-diffuseur de la Ligue 1 a diffus\u00e9 les insultes qui ont men\u00e9 aux suspensions de Payet et Ibrahimovic. Mise en application d\u00e8s ce week-end, cette mesure prise par les deux clubs interroge \u00e0 bien des \u00e9gards. Pourquoi le PSG et l\u2019OM ne [&hellip;]","og_url":"https:\/\/psgfans.fr\/?p=381","og_site_name":"PSG FANS","article_published_time":"2015-04-13T18:57:00+00:00","og_image":[{"url":"https:\/\/blogger.googleusercontent.com\/img\/b\/R29vZ2xl\/AVvXsEgmsj2ks3CTxjhl_f4QCZYo81h7ofDfSIv-q0JIVPrH3SnfkUnGj-Kig_k2VboKU0W8O8AWLmpWYFLvy3B4153eNjK_VqQ1a8hAcJTk7ZEOy27ycOmdmJlHPOkmBBJjE_-bFIZzH4wsV7Q\/s1600\/1.jpg","type":"","width":"","height":""}],"author":"psgfans","twitter_card":"summary_large_image","twitter_misc":{"\u00c9crit par":"psgfans","Dur\u00e9e de lecture estim\u00e9e":"3 minutes"},"schema":{"@context":"https:\/\/schema.org","@graph":[{"@type":"Article","@id":"https:\/\/psgfans.fr\/?p=381#article","isPartOf":{"@id":"https:\/\/psgfans.fr\/?p=381"},"author":{"name":"psgfans","@id":"https:\/\/psgfans.fr\/#\/schema\/person\/be2237e7a0237af2f29cb344b3c55e6c"},"headline":"Ligue 1 : Les 5 questions que pose le boycott de Canal+ par le PSG et l\u2019OM","datePublished":"2015-04-13T18:57:00+00:00","mainEntityOfPage":{"@id":"https:\/\/psgfans.fr\/?p=381"},"wordCount":666,"commentCount":0,"image":{"@id":"https:\/\/psgfans.fr\/?p=381#primaryimage"},"thumbnailUrl":"https:\/\/blogger.googleusercontent.com\/img\/b\/R29vZ2xl\/AVvXsEgmsj2ks3CTxjhl_f4QCZYo81h7ofDfSIv-q0JIVPrH3SnfkUnGj-Kig_k2VboKU0W8O8AWLmpWYFLvy3B4153eNjK_VqQ1a8hAcJTk7ZEOy27ycOmdmJlHPOkmBBJjE_-bFIZzH4wsV7Q\/s1600\/1.jpg","articleSection":["News"],"inLanguage":"fr-FR","potentialAction":[{"@type":"CommentAction","name":"Comment","target":["https:\/\/psgfans.fr\/?p=381#respond"]}]},{"@type":"WebPage","@id":"https:\/\/psgfans.fr\/?p=381","url":"https:\/\/psgfans.fr\/?p=381","name":"Ligue 1 : Les 5 questions que pose le boycott de Canal+ par le PSG et l\u2019OM - PSG FANS","isPartOf":{"@id":"https:\/\/psgfans.fr\/#website"},"primaryImageOfPage":{"@id":"https:\/\/psgfans.fr\/?p=381#primaryimage"},"image":{"@id":"https:\/\/psgfans.fr\/?p=381#primaryimage"},"thumbnailUrl":"https:\/\/blogger.googleusercontent.com\/img\/b\/R29vZ2xl\/AVvXsEgmsj2ks3CTxjhl_f4QCZYo81h7ofDfSIv-q0JIVPrH3SnfkUnGj-Kig_k2VboKU0W8O8AWLmpWYFLvy3B4153eNjK_VqQ1a8hAcJTk7ZEOy27ycOmdmJlHPOkmBBJjE_-bFIZzH4wsV7Q\/s1600\/1.jpg","datePublished":"2015-04-13T18:57:00+00:00","author":{"@id":"https:\/\/psgfans.fr\/#\/schema\/person\/be2237e7a0237af2f29cb344b3c55e6c"},"breadcrumb":{"@id":"https:\/\/psgfans.fr\/?p=381#breadcrumb"},"inLanguage":"fr-FR","potentialAction":[{"@type":"ReadAction","target":["https:\/\/psgfans.fr\/?p=381"]}]},{"@type":"ImageObject","inLanguage":"fr-FR","@id":"https:\/\/psgfans.fr\/?p=381#primaryimage","url":"https:\/\/blogger.googleusercontent.com\/img\/b\/R29vZ2xl\/AVvXsEgmsj2ks3CTxjhl_f4QCZYo81h7ofDfSIv-q0JIVPrH3SnfkUnGj-Kig_k2VboKU0W8O8AWLmpWYFLvy3B4153eNjK_VqQ1a8hAcJTk7ZEOy27ycOmdmJlHPOkmBBJjE_-bFIZzH4wsV7Q\/s1600\/1.jpg","contentUrl":"https:\/\/blogger.googleusercontent.com\/img\/b\/R29vZ2xl\/AVvXsEgmsj2ks3CTxjhl_f4QCZYo81h7ofDfSIv-q0JIVPrH3SnfkUnGj-Kig_k2VboKU0W8O8AWLmpWYFLvy3B4153eNjK_VqQ1a8hAcJTk7ZEOy27ycOmdmJlHPOkmBBJjE_-bFIZzH4wsV7Q\/s1600\/1.jpg"},{"@type":"BreadcrumbList","@id":"https:\/\/psgfans.fr\/?p=381#breadcrumb","itemListElement":[{"@type":"ListItem","position":1,"name":"Accueil","item":"https:\/\/psgfans.fr\/"},{"@type":"ListItem","position":2,"name":"Ligue 1 : Les 5 questions que pose le boycott de Canal+ par le PSG et l\u2019OM"}]},{"@type":"WebSite","@id":"https:\/\/psgfans.fr\/#website","url":"https:\/\/psgfans.fr\/","name":"PSG FANS","description":"Unit\u00e9, Passion, Victoire : Au C\u0153ur du Paris Saint-Germain!","potentialAction":[{"@type":"SearchAction","target":{"@type":"EntryPoint","urlTemplate":"https:\/\/psgfans.fr\/?s={search_term_string}"},"query-input":{"@type":"PropertyValueSpecification","valueRequired":true,"valueName":"search_term_string"}}],"inLanguage":"fr-FR"},{"@type":"Person","@id":"https:\/\/psgfans.fr\/#\/schema\/person\/be2237e7a0237af2f29cb344b3c55e6c","name":"psgfans","image":{"@type":"ImageObject","inLanguage":"fr-FR","@id":"https:\/\/secure.gravatar.com\/avatar\/?s=96&d=mm&r=g","url":"https:\/\/secure.gravatar.com\/avatar\/?s=96&d=mm&r=g","contentUrl":"https:\/\/secure.gravatar.com\/avatar\/?s=96&d=mm&r=g","caption":"psgfans"},"url":"https:\/\/psgfans.fr\/?author=2"}]}},"_links":{"self":[{"href":"https:\/\/psgfans.fr\/index.php?rest_route=\/wp\/v2\/posts\/381","targetHints":{"allow":["GET"]}}],"collection":[{"href":"https:\/\/psgfans.fr\/index.php?rest_route=\/wp\/v2\/posts"}],"about":[{"href":"https:\/\/psgfans.fr\/index.php?rest_route=\/wp\/v2\/types\/post"}],"author":[{"embeddable":true,"href":"https:\/\/psgfans.fr\/index.php?rest_route=\/wp\/v2\/users\/2"}],"replies":[{"embeddable":true,"href":"https:\/\/psgfans.fr\/index.php?rest_route=%2Fwp%2Fv2%2Fcomments&post=381"}],"version-history":[{"count":0,"href":"https:\/\/psgfans.fr\/index.php?rest_route=\/wp\/v2\/posts\/381\/revisions"}],"wp:attachment":[{"href":"https:\/\/psgfans.fr\/index.php?rest_route=%2Fwp%2Fv2%2Fmedia&parent=381"}],"wp:term":[{"taxonomy":"category","embeddable":true,"href":"https:\/\/psgfans.fr\/index.php?rest_route=%2Fwp%2Fv2%2Fcategories&post=381"},{"taxonomy":"post_tag","embeddable":true,"href":"https:\/\/psgfans.fr\/index.php?rest_route=%2Fwp%2Fv2%2Ftags&post=381"}],"curies":[{"name":"wp","href":"https:\/\/api.w.org\/{rel}","templated":true}]}}