{"id":380,"date":"2015-04-13T20:11:00","date_gmt":"2015-04-13T19:11:00","guid":{"rendered":"https:\/\/psgfans.fr\/?p=380"},"modified":"2015-04-13T20:11:00","modified_gmt":"2015-04-13T19:11:00","slug":"mercato-psg-et-si-cavani-restait-indispensable-avec-ibrahimovic","status":"publish","type":"post","link":"https:\/\/psgfans.fr\/?p=380","title":{"rendered":"Mercato &#8211; PSG : Et si Cavani restait indispensable avec Ibrahimovic ?"},"content":{"rendered":"<div style=\"clear: both; text-align: center;\"><a href=\"https:\/\/blogger.googleusercontent.com\/img\/b\/R29vZ2xl\/AVvXsEjEGLUDJuZ4bYL9dwPJtMJ20-yVVQ45e38sRr2hPuzQAniytiSmZWClxEH76lCgUa5v9DKQMxccgyzvCSgjud_l2Yd4J2t8OFiJnoZXR0NrUYI_hK9HxPwZppo-5RG1zSrWii3Qyoorsxk\/s1600\/1.jpg\" style=\"margin-left: 1em; margin-right: 1em;\"><img loading=\"lazy\" decoding=\"async\" border=\"0\" src=\"https:\/\/blogger.googleusercontent.com\/img\/b\/R29vZ2xl\/AVvXsEjEGLUDJuZ4bYL9dwPJtMJ20-yVVQ45e38sRr2hPuzQAniytiSmZWClxEH76lCgUa5v9DKQMxccgyzvCSgjud_l2Yd4J2t8OFiJnoZXR0NrUYI_hK9HxPwZppo-5RG1zSrWii3Qyoorsxk\/s1600\/1.jpg\" height=\"198\" width=\"400\" \/><\/a><\/div>\n<p><b><br \/><\/b><b>Alors que le d\u00e9part d\u2019Edinson Cavani est de plus en plus \u00e9voqu\u00e9, son absence laisserait un sacr\u00e9 vide \u00e0 combler pour le Paris Saint-Germain.<\/b><\/p>\n<p>Edinson Cavani n\u2019est pas totalement convaincant depuis son arriv\u00e9e au PSG, mais reste indispensable en cas d\u2019absence de Zlatan Ibrahimovic, car il est le seul autre attaquant de pointe parisien. Par cons\u00e9quent, son d\u00e9part pourrait poser des probl\u00e8mes comme l\u2019explique Dominique S\u00e9verac dans un chat accord\u00e9 au Parisien.<\/p>\n<p><b>\u00ab LE PSG DOIT ABSOLUMENT CONSERVER CAVANI \u00bb<\/b><br \/>\u00ab Son but contre Chelsea \u00e0 l&rsquo;aller a quand m\u00eame tout chang\u00e9. Le PSG doit absolument conserver Cavani, c&rsquo;est un attaquant axial, le seul avec Ibra. Si Paris recrute enfin son joueur de c\u00f4t\u00e9 \u00e0 gauche, l&rsquo;attaque aura plus de gueule et de solutions \u00bb, a d\u00e9clar\u00e9 le journaliste au sujet d\u2019un \u00e9ventuel d\u00e9part de l\u2019Uruguayen.<\/p>\n<p><b>\u00ab ON NE SAIT JAMAIS \u00bb<\/b><br \/>D\u00e9but avril, le buteur uruguayen du PSG avait fait le point sur son avenir, n\u2019excluant aucune possibilit\u00e9 : \u00ab Si je pense \u00e0 quitter le PSG ? Pour l\u2019instant je pense \u00e0 bien finir l\u2019ann\u00e9e avec le PSG et \u00e0 respecter mon contrat. Pour le reste on continue de parler. De mon c\u00f4t\u00e9, je reste concentr\u00e9 sur ma pr\u00e9paration pour donner le meilleur pour le club qui me paye. Apr\u00e8s \u00e7a reste du football, on ne sait jamais \u00bb.<\/p>\n<p>le10sport<\/p>\n","protected":false},"excerpt":{"rendered":"<p>Alors que le d\u00e9part d\u2019Edinson Cavani est de plus en plus \u00e9voqu\u00e9, son absence laisserait un sacr\u00e9 vide \u00e0 combler pour le Paris Saint-Germain. Edinson Cavani n\u2019est pas totalement convaincant depuis son arriv\u00e9e au PSG, mais reste indispensable en cas d\u2019absence de Zlatan Ibrahimovic, car il est le seul autre attaquant de pointe parisien. Par [&hellip;]<\/p>\n","protected":false},"author":2,"featured_media":0,"comment_status":"open","ping_status":"open","sticky":false,"template":"","format":"standard","meta":{"footnotes":""},"categories":[3],"tags":[],"class_list":{"0":"post-380","1":"post","2":"type-post","3":"status-publish","4":"format-standard","6":"category-news"},"yoast_head":"<!-- This site is optimized with the Yoast SEO plugin v27.4 - https:\/\/yoast.com\/product\/yoast-seo-wordpress\/ -->\n<title>Mercato - PSG : Et si Cavani restait indispensable avec Ibrahimovic ? - PSG FANS<\/title>\n<meta name=\"robots\" content=\"index, follow, max-snippet:-1, max-image-preview:large, max-video-preview:-1\" \/>\n<link rel=\"canonical\" href=\"https:\/\/psgfans.fr\/?p=380\" \/>\n<meta property=\"og:locale\" content=\"fr_FR\" \/>\n<meta property=\"og:type\" content=\"article\" \/>\n<meta property=\"og:title\" content=\"Mercato - PSG : Et si Cavani restait indispensable avec Ibrahimovic ? - PSG FANS\" \/>\n<meta property=\"og:description\" content=\"Alors que le d\u00e9part d\u2019Edinson Cavani est de plus en plus \u00e9voqu\u00e9, son absence laisserait un sacr\u00e9 vide \u00e0 combler pour le Paris Saint-Germain. Edinson Cavani n\u2019est pas totalement convaincant depuis son arriv\u00e9e au PSG, mais reste indispensable en cas d\u2019absence de Zlatan Ibrahimovic, car il est le seul autre attaquant de pointe parisien. Par [&hellip;]\" \/>\n<meta property=\"og:url\" content=\"https:\/\/psgfans.fr\/?p=380\" \/>\n<meta property=\"og:site_name\" content=\"PSG FANS\" \/>\n<meta property=\"article:published_time\" content=\"2015-04-13T19:11:00+00:00\" \/>\n<meta property=\"og:image\" content=\"https:\/\/blogger.googleusercontent.com\/img\/b\/R29vZ2xl\/AVvXsEjEGLUDJuZ4bYL9dwPJtMJ20-yVVQ45e38sRr2hPuzQAniytiSmZWClxEH76lCgUa5v9DKQMxccgyzvCSgjud_l2Yd4J2t8OFiJnoZXR0NrUYI_hK9HxPwZppo-5RG1zSrWii3Qyoorsxk\/s1600\/1.jpg\" \/>\n<meta name=\"author\" content=\"psgfans\" \/>\n<meta name=\"twitter:card\" content=\"summary_large_image\" \/>\n<meta name=\"twitter:label1\" content=\"\u00c9crit par\" \/>\n\t<meta name=\"twitter:data1\" content=\"psgfans\" \/>\n\t<meta name=\"twitter:label2\" content=\"Dur\u00e9e de lecture estim\u00e9e\" \/>\n\t<meta name=\"twitter:data2\" content=\"1 minute\" \/>\n<script type=\"application\/ld+json\" class=\"yoast-schema-graph\">{\"@context\":\"https:\\\/\\\/schema.org\",\"@graph\":[{\"@type\":\"Article\",\"@id\":\"https:\\\/\\\/psgfans.fr\\\/?p=380#article\",\"isPartOf\":{\"@id\":\"https:\\\/\\\/psgfans.fr\\\/?p=380\"},\"author\":{\"name\":\"psgfans\",\"@id\":\"https:\\\/\\\/psgfans.fr\\\/#\\\/schema\\\/person\\\/be2237e7a0237af2f29cb344b3c55e6c\"},\"headline\":\"Mercato &#8211; PSG : Et si Cavani restait indispensable avec Ibrahimovic ?\",\"datePublished\":\"2015-04-13T19:11:00+00:00\",\"mainEntityOfPage\":{\"@id\":\"https:\\\/\\\/psgfans.fr\\\/?p=380\"},\"wordCount\":244,\"commentCount\":0,\"image\":{\"@id\":\"https:\\\/\\\/psgfans.fr\\\/?p=380#primaryimage\"},\"thumbnailUrl\":\"https:\\\/\\\/blogger.googleusercontent.com\\\/img\\\/b\\\/R29vZ2xl\\\/AVvXsEjEGLUDJuZ4bYL9dwPJtMJ20-yVVQ45e38sRr2hPuzQAniytiSmZWClxEH76lCgUa5v9DKQMxccgyzvCSgjud_l2Yd4J2t8OFiJnoZXR0NrUYI_hK9HxPwZppo-5RG1zSrWii3Qyoorsxk\\\/s1600\\\/1.jpg\",\"articleSection\":[\"News\"],\"inLanguage\":\"fr-FR\",\"potentialAction\":[{\"@type\":\"CommentAction\",\"name\":\"Comment\",\"target\":[\"https:\\\/\\\/psgfans.fr\\\/?p=380#respond\"]}]},{\"@type\":\"WebPage\",\"@id\":\"https:\\\/\\\/psgfans.fr\\\/?p=380\",\"url\":\"https:\\\/\\\/psgfans.fr\\\/?p=380\",\"name\":\"Mercato - PSG : Et si Cavani restait indispensable avec Ibrahimovic ? - PSG FANS\",\"isPartOf\":{\"@id\":\"https:\\\/\\\/psgfans.fr\\\/#website\"},\"primaryImageOfPage\":{\"@id\":\"https:\\\/\\\/psgfans.fr\\\/?p=380#primaryimage\"},\"image\":{\"@id\":\"https:\\\/\\\/psgfans.fr\\\/?p=380#primaryimage\"},\"thumbnailUrl\":\"https:\\\/\\\/blogger.googleusercontent.com\\\/img\\\/b\\\/R29vZ2xl\\\/AVvXsEjEGLUDJuZ4bYL9dwPJtMJ20-yVVQ45e38sRr2hPuzQAniytiSmZWClxEH76lCgUa5v9DKQMxccgyzvCSgjud_l2Yd4J2t8OFiJnoZXR0NrUYI_hK9HxPwZppo-5RG1zSrWii3Qyoorsxk\\\/s1600\\\/1.jpg\",\"datePublished\":\"2015-04-13T19:11:00+00:00\",\"author\":{\"@id\":\"https:\\\/\\\/psgfans.fr\\\/#\\\/schema\\\/person\\\/be2237e7a0237af2f29cb344b3c55e6c\"},\"breadcrumb\":{\"@id\":\"https:\\\/\\\/psgfans.fr\\\/?p=380#breadcrumb\"},\"inLanguage\":\"fr-FR\",\"potentialAction\":[{\"@type\":\"ReadAction\",\"target\":[\"https:\\\/\\\/psgfans.fr\\\/?p=380\"]}]},{\"@type\":\"ImageObject\",\"inLanguage\":\"fr-FR\",\"@id\":\"https:\\\/\\\/psgfans.fr\\\/?p=380#primaryimage\",\"url\":\"https:\\\/\\\/blogger.googleusercontent.com\\\/img\\\/b\\\/R29vZ2xl\\\/AVvXsEjEGLUDJuZ4bYL9dwPJtMJ20-yVVQ45e38sRr2hPuzQAniytiSmZWClxEH76lCgUa5v9DKQMxccgyzvCSgjud_l2Yd4J2t8OFiJnoZXR0NrUYI_hK9HxPwZppo-5RG1zSrWii3Qyoorsxk\\\/s1600\\\/1.jpg\",\"contentUrl\":\"https:\\\/\\\/blogger.googleusercontent.com\\\/img\\\/b\\\/R29vZ2xl\\\/AVvXsEjEGLUDJuZ4bYL9dwPJtMJ20-yVVQ45e38sRr2hPuzQAniytiSmZWClxEH76lCgUa5v9DKQMxccgyzvCSgjud_l2Yd4J2t8OFiJnoZXR0NrUYI_hK9HxPwZppo-5RG1zSrWii3Qyoorsxk\\\/s1600\\\/1.jpg\"},{\"@type\":\"BreadcrumbList\",\"@id\":\"https:\\\/\\\/psgfans.fr\\\/?p=380#breadcrumb\",\"itemListElement\":[{\"@type\":\"ListItem\",\"position\":1,\"name\":\"Accueil\",\"item\":\"https:\\\/\\\/psgfans.fr\\\/\"},{\"@type\":\"ListItem\",\"position\":2,\"name\":\"Mercato &#8211; PSG : Et si Cavani restait indispensable avec Ibrahimovic ?\"}]},{\"@type\":\"WebSite\",\"@id\":\"https:\\\/\\\/psgfans.fr\\\/#website\",\"url\":\"https:\\\/\\\/psgfans.fr\\\/\",\"name\":\"PSG FANS\",\"description\":\"Unit\u00e9, Passion, Victoire : Au C\u0153ur du Paris Saint-Germain!\",\"potentialAction\":[{\"@type\":\"SearchAction\",\"target\":{\"@type\":\"EntryPoint\",\"urlTemplate\":\"https:\\\/\\\/psgfans.fr\\\/?s={search_term_string}\"},\"query-input\":{\"@type\":\"PropertyValueSpecification\",\"valueRequired\":true,\"valueName\":\"search_term_string\"}}],\"inLanguage\":\"fr-FR\"},{\"@type\":\"Person\",\"@id\":\"https:\\\/\\\/psgfans.fr\\\/#\\\/schema\\\/person\\\/be2237e7a0237af2f29cb344b3c55e6c\",\"name\":\"psgfans\",\"image\":{\"@type\":\"ImageObject\",\"inLanguage\":\"fr-FR\",\"@id\":\"https:\\\/\\\/secure.gravatar.com\\\/avatar\\\/?s=96&d=mm&r=g\",\"url\":\"https:\\\/\\\/secure.gravatar.com\\\/avatar\\\/?s=96&d=mm&r=g\",\"contentUrl\":\"https:\\\/\\\/secure.gravatar.com\\\/avatar\\\/?s=96&d=mm&r=g\",\"caption\":\"psgfans\"},\"url\":\"https:\\\/\\\/psgfans.fr\\\/?author=2\"}]}<\/script>\n<!-- \/ Yoast SEO plugin. -->","yoast_head_json":{"title":"Mercato - PSG : Et si Cavani restait indispensable avec Ibrahimovic ? - PSG FANS","robots":{"index":"index","follow":"follow","max-snippet":"max-snippet:-1","max-image-preview":"max-image-preview:large","max-video-preview":"max-video-preview:-1"},"canonical":"https:\/\/psgfans.fr\/?p=380","og_locale":"fr_FR","og_type":"article","og_title":"Mercato - PSG : Et si Cavani restait indispensable avec Ibrahimovic ? - PSG FANS","og_description":"Alors que le d\u00e9part d\u2019Edinson Cavani est de plus en plus \u00e9voqu\u00e9, son absence laisserait un sacr\u00e9 vide \u00e0 combler pour le Paris Saint-Germain. Edinson Cavani n\u2019est pas totalement convaincant depuis son arriv\u00e9e au PSG, mais reste indispensable en cas d\u2019absence de Zlatan Ibrahimovic, car il est le seul autre attaquant de pointe parisien. Par [&hellip;]","og_url":"https:\/\/psgfans.fr\/?p=380","og_site_name":"PSG FANS","article_published_time":"2015-04-13T19:11:00+00:00","og_image":[{"url":"https:\/\/blogger.googleusercontent.com\/img\/b\/R29vZ2xl\/AVvXsEjEGLUDJuZ4bYL9dwPJtMJ20-yVVQ45e38sRr2hPuzQAniytiSmZWClxEH76lCgUa5v9DKQMxccgyzvCSgjud_l2Yd4J2t8OFiJnoZXR0NrUYI_hK9HxPwZppo-5RG1zSrWii3Qyoorsxk\/s1600\/1.jpg","type":"","width":"","height":""}],"author":"psgfans","twitter_card":"summary_large_image","twitter_misc":{"\u00c9crit par":"psgfans","Dur\u00e9e de lecture estim\u00e9e":"1 minute"},"schema":{"@context":"https:\/\/schema.org","@graph":[{"@type":"Article","@id":"https:\/\/psgfans.fr\/?p=380#article","isPartOf":{"@id":"https:\/\/psgfans.fr\/?p=380"},"author":{"name":"psgfans","@id":"https:\/\/psgfans.fr\/#\/schema\/person\/be2237e7a0237af2f29cb344b3c55e6c"},"headline":"Mercato &#8211; PSG : Et si Cavani restait indispensable avec Ibrahimovic ?","datePublished":"2015-04-13T19:11:00+00:00","mainEntityOfPage":{"@id":"https:\/\/psgfans.fr\/?p=380"},"wordCount":244,"commentCount":0,"image":{"@id":"https:\/\/psgfans.fr\/?p=380#primaryimage"},"thumbnailUrl":"https:\/\/blogger.googleusercontent.com\/img\/b\/R29vZ2xl\/AVvXsEjEGLUDJuZ4bYL9dwPJtMJ20-yVVQ45e38sRr2hPuzQAniytiSmZWClxEH76lCgUa5v9DKQMxccgyzvCSgjud_l2Yd4J2t8OFiJnoZXR0NrUYI_hK9HxPwZppo-5RG1zSrWii3Qyoorsxk\/s1600\/1.jpg","articleSection":["News"],"inLanguage":"fr-FR","potentialAction":[{"@type":"CommentAction","name":"Comment","target":["https:\/\/psgfans.fr\/?p=380#respond"]}]},{"@type":"WebPage","@id":"https:\/\/psgfans.fr\/?p=380","url":"https:\/\/psgfans.fr\/?p=380","name":"Mercato - PSG : Et si Cavani restait indispensable avec Ibrahimovic ? - PSG FANS","isPartOf":{"@id":"https:\/\/psgfans.fr\/#website"},"primaryImageOfPage":{"@id":"https:\/\/psgfans.fr\/?p=380#primaryimage"},"image":{"@id":"https:\/\/psgfans.fr\/?p=380#primaryimage"},"thumbnailUrl":"https:\/\/blogger.googleusercontent.com\/img\/b\/R29vZ2xl\/AVvXsEjEGLUDJuZ4bYL9dwPJtMJ20-yVVQ45e38sRr2hPuzQAniytiSmZWClxEH76lCgUa5v9DKQMxccgyzvCSgjud_l2Yd4J2t8OFiJnoZXR0NrUYI_hK9HxPwZppo-5RG1zSrWii3Qyoorsxk\/s1600\/1.jpg","datePublished":"2015-04-13T19:11:00+00:00","author":{"@id":"https:\/\/psgfans.fr\/#\/schema\/person\/be2237e7a0237af2f29cb344b3c55e6c"},"breadcrumb":{"@id":"https:\/\/psgfans.fr\/?p=380#breadcrumb"},"inLanguage":"fr-FR","potentialAction":[{"@type":"ReadAction","target":["https:\/\/psgfans.fr\/?p=380"]}]},{"@type":"ImageObject","inLanguage":"fr-FR","@id":"https:\/\/psgfans.fr\/?p=380#primaryimage","url":"https:\/\/blogger.googleusercontent.com\/img\/b\/R29vZ2xl\/AVvXsEjEGLUDJuZ4bYL9dwPJtMJ20-yVVQ45e38sRr2hPuzQAniytiSmZWClxEH76lCgUa5v9DKQMxccgyzvCSgjud_l2Yd4J2t8OFiJnoZXR0NrUYI_hK9HxPwZppo-5RG1zSrWii3Qyoorsxk\/s1600\/1.jpg","contentUrl":"https:\/\/blogger.googleusercontent.com\/img\/b\/R29vZ2xl\/AVvXsEjEGLUDJuZ4bYL9dwPJtMJ20-yVVQ45e38sRr2hPuzQAniytiSmZWClxEH76lCgUa5v9DKQMxccgyzvCSgjud_l2Yd4J2t8OFiJnoZXR0NrUYI_hK9HxPwZppo-5RG1zSrWii3Qyoorsxk\/s1600\/1.jpg"},{"@type":"BreadcrumbList","@id":"https:\/\/psgfans.fr\/?p=380#breadcrumb","itemListElement":[{"@type":"ListItem","position":1,"name":"Accueil","item":"https:\/\/psgfans.fr\/"},{"@type":"ListItem","position":2,"name":"Mercato &#8211; PSG : Et si Cavani restait indispensable avec Ibrahimovic ?"}]},{"@type":"WebSite","@id":"https:\/\/psgfans.fr\/#website","url":"https:\/\/psgfans.fr\/","name":"PSG FANS","description":"Unit\u00e9, Passion, Victoire : Au C\u0153ur du Paris Saint-Germain!","potentialAction":[{"@type":"SearchAction","target":{"@type":"EntryPoint","urlTemplate":"https:\/\/psgfans.fr\/?s={search_term_string}"},"query-input":{"@type":"PropertyValueSpecification","valueRequired":true,"valueName":"search_term_string"}}],"inLanguage":"fr-FR"},{"@type":"Person","@id":"https:\/\/psgfans.fr\/#\/schema\/person\/be2237e7a0237af2f29cb344b3c55e6c","name":"psgfans","image":{"@type":"ImageObject","inLanguage":"fr-FR","@id":"https:\/\/secure.gravatar.com\/avatar\/?s=96&d=mm&r=g","url":"https:\/\/secure.gravatar.com\/avatar\/?s=96&d=mm&r=g","contentUrl":"https:\/\/secure.gravatar.com\/avatar\/?s=96&d=mm&r=g","caption":"psgfans"},"url":"https:\/\/psgfans.fr\/?author=2"}]}},"_links":{"self":[{"href":"https:\/\/psgfans.fr\/index.php?rest_route=\/wp\/v2\/posts\/380","targetHints":{"allow":["GET"]}}],"collection":[{"href":"https:\/\/psgfans.fr\/index.php?rest_route=\/wp\/v2\/posts"}],"about":[{"href":"https:\/\/psgfans.fr\/index.php?rest_route=\/wp\/v2\/types\/post"}],"author":[{"embeddable":true,"href":"https:\/\/psgfans.fr\/index.php?rest_route=\/wp\/v2\/users\/2"}],"replies":[{"embeddable":true,"href":"https:\/\/psgfans.fr\/index.php?rest_route=%2Fwp%2Fv2%2Fcomments&post=380"}],"version-history":[{"count":0,"href":"https:\/\/psgfans.fr\/index.php?rest_route=\/wp\/v2\/posts\/380\/revisions"}],"wp:attachment":[{"href":"https:\/\/psgfans.fr\/index.php?rest_route=%2Fwp%2Fv2%2Fmedia&parent=380"}],"wp:term":[{"taxonomy":"category","embeddable":true,"href":"https:\/\/psgfans.fr\/index.php?rest_route=%2Fwp%2Fv2%2Fcategories&post=380"},{"taxonomy":"post_tag","embeddable":true,"href":"https:\/\/psgfans.fr\/index.php?rest_route=%2Fwp%2Fv2%2Ftags&post=380"}],"curies":[{"name":"wp","href":"https:\/\/api.w.org\/{rel}","templated":true}]}}