{"id":379,"date":"2015-04-13T20:13:00","date_gmt":"2015-04-13T19:13:00","guid":{"rendered":"https:\/\/psgfans.fr\/?p=379"},"modified":"2015-04-13T20:13:00","modified_gmt":"2015-04-13T19:13:00","slug":"mercato-psg-thiago-silva-cavani-pastore-quelle-star-du-psg-partira-cet-ete","status":"publish","type":"post","link":"https:\/\/psgfans.fr\/?p=379","title":{"rendered":"Mercato &#8211; PSG : Thiago Silva, Cavani, Pastore&#8230; Quelle star du PSG partira cet \u00e9t\u00e9 ?"},"content":{"rendered":"<div style=\"clear: both; text-align: center;\"><a href=\"https:\/\/blogger.googleusercontent.com\/img\/b\/R29vZ2xl\/AVvXsEgCYzjYbuShwXXP6e0Y0VtYdZ_TherflO1gPTX34y1riJdtToH1PdjiLSUj-tSIRdCITo_LGDQgqYgEl6aIevjnljLGPGUaLRsFG7GmyTTR5NJ4XdUh1pOH8A7y3O_TmvXr1GflE_vwjMk\/s1600\/1.jpg\" style=\"margin-left: 1em; margin-right: 1em;\"><img loading=\"lazy\" decoding=\"async\" border=\"0\" src=\"https:\/\/blogger.googleusercontent.com\/img\/b\/R29vZ2xl\/AVvXsEgCYzjYbuShwXXP6e0Y0VtYdZ_TherflO1gPTX34y1riJdtToH1PdjiLSUj-tSIRdCITo_LGDQgqYgEl6aIevjnljLGPGUaLRsFG7GmyTTR5NJ4XdUh1pOH8A7y3O_TmvXr1GflE_vwjMk\/s1600\/1.jpg\" height=\"198\" width=\"400\" \/><\/a><\/div>\n<p><b><br \/><\/b><b>Handicap\u00e9 par les sanctions du fair-play financier, le Paris Saint-Germain s\u2019appr\u00eate \u00e0 vivre un \u00e9t\u00e9 mouvement\u00e9. Pour acheter, il faudra vendre. Alors quelle star du PSG quittera le club cet \u00e9t\u00e9 ?<\/b><\/p>\n<p>Sanctionn\u00e9 par l\u2019UEFA dans le cadre fair-play financier, le PSG va vivre un \u00e9t\u00e9 tr\u00e8s d\u00e9licat en ce qui concerne son mercato. Pour acheter, Paris devra vendre et bien vendre, c\u2019est bien l\u00e0 le probl\u00e8me. Les dirigeants du club de la Capitale seront donc peut-\u00eatre dans l\u2019obligation de vendre l\u2019un de leur cadre. Mais lequel ?<\/p>\n<p><b>MANCHESTER UNITED, PREMIER ACHETEUR ?<\/b><br \/>Ce dimanche, le Daily Mirror a r\u00e9v\u00e9l\u00e9 que Manchester United aimerait passer \u00e0 l\u2019action pour Edinson Cavani mais \u00e9galement pour Thiago Silva. S\u2019il para\u00eet improbable que les deux quittent le club de la Capitale, El Matador semble le mieux plac\u00e9 pour partir. M\u00e9content de jouer sur le c\u00f4t\u00e9 droit, une place sur le front de l\u2019attaque des Red Devils pour le convaincre.<\/p>\n<p><b>LE REAL MADRID ADOUBE VERRATTI<\/b><br \/>Pour le reste, Marco Verratti fait r\u00e9guli\u00e8rement l\u2019objet d\u2019un int\u00e9r\u00eat du Real Madrid tant Carlo Ancelotti est fan du petit italien. Un autre milieu de terrain parisien serait surveill\u00e9 par les Madril\u00e8nes : Javier Pastore. L\u2019Argentin r\u00e9alise une excellente saison et suscite de nouveau l\u2019int\u00e9r\u00eat des plus grands clubs. Les noms de Marquinhos et Blaise Matuidi ont \u00e9galement \u00e9t\u00e9 cit\u00e9s du c\u00f4t\u00e9 de la Premier League. Reste \u00e0 savoir lequel aura un bon de sortie, si toutefois un bon de sortie est accord\u00e9.<\/p>\n<p>le10sport<\/p>\n","protected":false},"excerpt":{"rendered":"<p>Handicap\u00e9 par les sanctions du fair-play financier, le Paris Saint-Germain s\u2019appr\u00eate \u00e0 vivre un \u00e9t\u00e9 mouvement\u00e9. Pour acheter, il faudra vendre. Alors quelle star du PSG quittera le club cet \u00e9t\u00e9 ? Sanctionn\u00e9 par l\u2019UEFA dans le cadre fair-play financier, le PSG va vivre un \u00e9t\u00e9 tr\u00e8s d\u00e9licat en ce qui concerne son mercato. Pour [&hellip;]<\/p>\n","protected":false},"author":2,"featured_media":0,"comment_status":"open","ping_status":"open","sticky":false,"template":"","format":"standard","meta":{"footnotes":""},"categories":[3],"tags":[],"class_list":{"0":"post-379","1":"post","2":"type-post","3":"status-publish","4":"format-standard","6":"category-news"},"yoast_head":"<!-- This site is optimized with the Yoast SEO plugin v27.4 - https:\/\/yoast.com\/product\/yoast-seo-wordpress\/ -->\n<title>Mercato - PSG : Thiago Silva, Cavani, Pastore... Quelle star du PSG partira cet \u00e9t\u00e9 ? - PSG FANS<\/title>\n<meta name=\"robots\" content=\"index, follow, max-snippet:-1, max-image-preview:large, max-video-preview:-1\" \/>\n<link rel=\"canonical\" href=\"https:\/\/psgfans.fr\/?p=379\" \/>\n<meta property=\"og:locale\" content=\"fr_FR\" \/>\n<meta property=\"og:type\" content=\"article\" \/>\n<meta property=\"og:title\" content=\"Mercato - PSG : Thiago Silva, Cavani, Pastore... Quelle star du PSG partira cet \u00e9t\u00e9 ? - PSG FANS\" \/>\n<meta property=\"og:description\" content=\"Handicap\u00e9 par les sanctions du fair-play financier, le Paris Saint-Germain s\u2019appr\u00eate \u00e0 vivre un \u00e9t\u00e9 mouvement\u00e9. Pour acheter, il faudra vendre. Alors quelle star du PSG quittera le club cet \u00e9t\u00e9 ? Sanctionn\u00e9 par l\u2019UEFA dans le cadre fair-play financier, le PSG va vivre un \u00e9t\u00e9 tr\u00e8s d\u00e9licat en ce qui concerne son mercato. Pour [&hellip;]\" \/>\n<meta property=\"og:url\" content=\"https:\/\/psgfans.fr\/?p=379\" \/>\n<meta property=\"og:site_name\" content=\"PSG FANS\" \/>\n<meta property=\"article:published_time\" content=\"2015-04-13T19:13:00+00:00\" \/>\n<meta property=\"og:image\" content=\"https:\/\/blogger.googleusercontent.com\/img\/b\/R29vZ2xl\/AVvXsEgCYzjYbuShwXXP6e0Y0VtYdZ_TherflO1gPTX34y1riJdtToH1PdjiLSUj-tSIRdCITo_LGDQgqYgEl6aIevjnljLGPGUaLRsFG7GmyTTR5NJ4XdUh1pOH8A7y3O_TmvXr1GflE_vwjMk\/s1600\/1.jpg\" \/>\n<meta name=\"author\" content=\"psgfans\" \/>\n<meta name=\"twitter:card\" content=\"summary_large_image\" \/>\n<meta name=\"twitter:label1\" content=\"\u00c9crit par\" \/>\n\t<meta name=\"twitter:data1\" content=\"psgfans\" \/>\n\t<meta name=\"twitter:label2\" content=\"Dur\u00e9e de lecture estim\u00e9e\" \/>\n\t<meta name=\"twitter:data2\" content=\"1 minute\" \/>\n<script type=\"application\/ld+json\" class=\"yoast-schema-graph\">{\"@context\":\"https:\\\/\\\/schema.org\",\"@graph\":[{\"@type\":\"Article\",\"@id\":\"https:\\\/\\\/psgfans.fr\\\/?p=379#article\",\"isPartOf\":{\"@id\":\"https:\\\/\\\/psgfans.fr\\\/?p=379\"},\"author\":{\"name\":\"psgfans\",\"@id\":\"https:\\\/\\\/psgfans.fr\\\/#\\\/schema\\\/person\\\/be2237e7a0237af2f29cb344b3c55e6c\"},\"headline\":\"Mercato &#8211; PSG : Thiago Silva, Cavani, Pastore&#8230; Quelle star du PSG partira cet \u00e9t\u00e9 ?\",\"datePublished\":\"2015-04-13T19:13:00+00:00\",\"mainEntityOfPage\":{\"@id\":\"https:\\\/\\\/psgfans.fr\\\/?p=379\"},\"wordCount\":284,\"commentCount\":0,\"image\":{\"@id\":\"https:\\\/\\\/psgfans.fr\\\/?p=379#primaryimage\"},\"thumbnailUrl\":\"https:\\\/\\\/blogger.googleusercontent.com\\\/img\\\/b\\\/R29vZ2xl\\\/AVvXsEgCYzjYbuShwXXP6e0Y0VtYdZ_TherflO1gPTX34y1riJdtToH1PdjiLSUj-tSIRdCITo_LGDQgqYgEl6aIevjnljLGPGUaLRsFG7GmyTTR5NJ4XdUh1pOH8A7y3O_TmvXr1GflE_vwjMk\\\/s1600\\\/1.jpg\",\"articleSection\":[\"News\"],\"inLanguage\":\"fr-FR\",\"potentialAction\":[{\"@type\":\"CommentAction\",\"name\":\"Comment\",\"target\":[\"https:\\\/\\\/psgfans.fr\\\/?p=379#respond\"]}]},{\"@type\":\"WebPage\",\"@id\":\"https:\\\/\\\/psgfans.fr\\\/?p=379\",\"url\":\"https:\\\/\\\/psgfans.fr\\\/?p=379\",\"name\":\"Mercato - PSG : Thiago Silva, Cavani, Pastore... Quelle star du PSG partira cet \u00e9t\u00e9 ? - PSG FANS\",\"isPartOf\":{\"@id\":\"https:\\\/\\\/psgfans.fr\\\/#website\"},\"primaryImageOfPage\":{\"@id\":\"https:\\\/\\\/psgfans.fr\\\/?p=379#primaryimage\"},\"image\":{\"@id\":\"https:\\\/\\\/psgfans.fr\\\/?p=379#primaryimage\"},\"thumbnailUrl\":\"https:\\\/\\\/blogger.googleusercontent.com\\\/img\\\/b\\\/R29vZ2xl\\\/AVvXsEgCYzjYbuShwXXP6e0Y0VtYdZ_TherflO1gPTX34y1riJdtToH1PdjiLSUj-tSIRdCITo_LGDQgqYgEl6aIevjnljLGPGUaLRsFG7GmyTTR5NJ4XdUh1pOH8A7y3O_TmvXr1GflE_vwjMk\\\/s1600\\\/1.jpg\",\"datePublished\":\"2015-04-13T19:13:00+00:00\",\"author\":{\"@id\":\"https:\\\/\\\/psgfans.fr\\\/#\\\/schema\\\/person\\\/be2237e7a0237af2f29cb344b3c55e6c\"},\"breadcrumb\":{\"@id\":\"https:\\\/\\\/psgfans.fr\\\/?p=379#breadcrumb\"},\"inLanguage\":\"fr-FR\",\"potentialAction\":[{\"@type\":\"ReadAction\",\"target\":[\"https:\\\/\\\/psgfans.fr\\\/?p=379\"]}]},{\"@type\":\"ImageObject\",\"inLanguage\":\"fr-FR\",\"@id\":\"https:\\\/\\\/psgfans.fr\\\/?p=379#primaryimage\",\"url\":\"https:\\\/\\\/blogger.googleusercontent.com\\\/img\\\/b\\\/R29vZ2xl\\\/AVvXsEgCYzjYbuShwXXP6e0Y0VtYdZ_TherflO1gPTX34y1riJdtToH1PdjiLSUj-tSIRdCITo_LGDQgqYgEl6aIevjnljLGPGUaLRsFG7GmyTTR5NJ4XdUh1pOH8A7y3O_TmvXr1GflE_vwjMk\\\/s1600\\\/1.jpg\",\"contentUrl\":\"https:\\\/\\\/blogger.googleusercontent.com\\\/img\\\/b\\\/R29vZ2xl\\\/AVvXsEgCYzjYbuShwXXP6e0Y0VtYdZ_TherflO1gPTX34y1riJdtToH1PdjiLSUj-tSIRdCITo_LGDQgqYgEl6aIevjnljLGPGUaLRsFG7GmyTTR5NJ4XdUh1pOH8A7y3O_TmvXr1GflE_vwjMk\\\/s1600\\\/1.jpg\"},{\"@type\":\"BreadcrumbList\",\"@id\":\"https:\\\/\\\/psgfans.fr\\\/?p=379#breadcrumb\",\"itemListElement\":[{\"@type\":\"ListItem\",\"position\":1,\"name\":\"Accueil\",\"item\":\"https:\\\/\\\/psgfans.fr\\\/\"},{\"@type\":\"ListItem\",\"position\":2,\"name\":\"Mercato &#8211; PSG : Thiago Silva, Cavani, Pastore&#8230; Quelle star du PSG partira cet \u00e9t\u00e9 ?\"}]},{\"@type\":\"WebSite\",\"@id\":\"https:\\\/\\\/psgfans.fr\\\/#website\",\"url\":\"https:\\\/\\\/psgfans.fr\\\/\",\"name\":\"PSG FANS\",\"description\":\"Unit\u00e9, Passion, Victoire : Au C\u0153ur du Paris Saint-Germain!\",\"potentialAction\":[{\"@type\":\"SearchAction\",\"target\":{\"@type\":\"EntryPoint\",\"urlTemplate\":\"https:\\\/\\\/psgfans.fr\\\/?s={search_term_string}\"},\"query-input\":{\"@type\":\"PropertyValueSpecification\",\"valueRequired\":true,\"valueName\":\"search_term_string\"}}],\"inLanguage\":\"fr-FR\"},{\"@type\":\"Person\",\"@id\":\"https:\\\/\\\/psgfans.fr\\\/#\\\/schema\\\/person\\\/be2237e7a0237af2f29cb344b3c55e6c\",\"name\":\"psgfans\",\"image\":{\"@type\":\"ImageObject\",\"inLanguage\":\"fr-FR\",\"@id\":\"https:\\\/\\\/secure.gravatar.com\\\/avatar\\\/?s=96&d=mm&r=g\",\"url\":\"https:\\\/\\\/secure.gravatar.com\\\/avatar\\\/?s=96&d=mm&r=g\",\"contentUrl\":\"https:\\\/\\\/secure.gravatar.com\\\/avatar\\\/?s=96&d=mm&r=g\",\"caption\":\"psgfans\"},\"url\":\"https:\\\/\\\/psgfans.fr\\\/?author=2\"}]}<\/script>\n<!-- \/ Yoast SEO plugin. -->","yoast_head_json":{"title":"Mercato - PSG : Thiago Silva, Cavani, Pastore... Quelle star du PSG partira cet \u00e9t\u00e9 ? - PSG FANS","robots":{"index":"index","follow":"follow","max-snippet":"max-snippet:-1","max-image-preview":"max-image-preview:large","max-video-preview":"max-video-preview:-1"},"canonical":"https:\/\/psgfans.fr\/?p=379","og_locale":"fr_FR","og_type":"article","og_title":"Mercato - PSG : Thiago Silva, Cavani, Pastore... Quelle star du PSG partira cet \u00e9t\u00e9 ? - PSG FANS","og_description":"Handicap\u00e9 par les sanctions du fair-play financier, le Paris Saint-Germain s\u2019appr\u00eate \u00e0 vivre un \u00e9t\u00e9 mouvement\u00e9. Pour acheter, il faudra vendre. Alors quelle star du PSG quittera le club cet \u00e9t\u00e9 ? Sanctionn\u00e9 par l\u2019UEFA dans le cadre fair-play financier, le PSG va vivre un \u00e9t\u00e9 tr\u00e8s d\u00e9licat en ce qui concerne son mercato. Pour [&hellip;]","og_url":"https:\/\/psgfans.fr\/?p=379","og_site_name":"PSG FANS","article_published_time":"2015-04-13T19:13:00+00:00","og_image":[{"url":"https:\/\/blogger.googleusercontent.com\/img\/b\/R29vZ2xl\/AVvXsEgCYzjYbuShwXXP6e0Y0VtYdZ_TherflO1gPTX34y1riJdtToH1PdjiLSUj-tSIRdCITo_LGDQgqYgEl6aIevjnljLGPGUaLRsFG7GmyTTR5NJ4XdUh1pOH8A7y3O_TmvXr1GflE_vwjMk\/s1600\/1.jpg","type":"","width":"","height":""}],"author":"psgfans","twitter_card":"summary_large_image","twitter_misc":{"\u00c9crit par":"psgfans","Dur\u00e9e de lecture estim\u00e9e":"1 minute"},"schema":{"@context":"https:\/\/schema.org","@graph":[{"@type":"Article","@id":"https:\/\/psgfans.fr\/?p=379#article","isPartOf":{"@id":"https:\/\/psgfans.fr\/?p=379"},"author":{"name":"psgfans","@id":"https:\/\/psgfans.fr\/#\/schema\/person\/be2237e7a0237af2f29cb344b3c55e6c"},"headline":"Mercato &#8211; PSG : Thiago Silva, Cavani, Pastore&#8230; Quelle star du PSG partira cet \u00e9t\u00e9 ?","datePublished":"2015-04-13T19:13:00+00:00","mainEntityOfPage":{"@id":"https:\/\/psgfans.fr\/?p=379"},"wordCount":284,"commentCount":0,"image":{"@id":"https:\/\/psgfans.fr\/?p=379#primaryimage"},"thumbnailUrl":"https:\/\/blogger.googleusercontent.com\/img\/b\/R29vZ2xl\/AVvXsEgCYzjYbuShwXXP6e0Y0VtYdZ_TherflO1gPTX34y1riJdtToH1PdjiLSUj-tSIRdCITo_LGDQgqYgEl6aIevjnljLGPGUaLRsFG7GmyTTR5NJ4XdUh1pOH8A7y3O_TmvXr1GflE_vwjMk\/s1600\/1.jpg","articleSection":["News"],"inLanguage":"fr-FR","potentialAction":[{"@type":"CommentAction","name":"Comment","target":["https:\/\/psgfans.fr\/?p=379#respond"]}]},{"@type":"WebPage","@id":"https:\/\/psgfans.fr\/?p=379","url":"https:\/\/psgfans.fr\/?p=379","name":"Mercato - PSG : Thiago Silva, Cavani, Pastore... Quelle star du PSG partira cet \u00e9t\u00e9 ? - PSG FANS","isPartOf":{"@id":"https:\/\/psgfans.fr\/#website"},"primaryImageOfPage":{"@id":"https:\/\/psgfans.fr\/?p=379#primaryimage"},"image":{"@id":"https:\/\/psgfans.fr\/?p=379#primaryimage"},"thumbnailUrl":"https:\/\/blogger.googleusercontent.com\/img\/b\/R29vZ2xl\/AVvXsEgCYzjYbuShwXXP6e0Y0VtYdZ_TherflO1gPTX34y1riJdtToH1PdjiLSUj-tSIRdCITo_LGDQgqYgEl6aIevjnljLGPGUaLRsFG7GmyTTR5NJ4XdUh1pOH8A7y3O_TmvXr1GflE_vwjMk\/s1600\/1.jpg","datePublished":"2015-04-13T19:13:00+00:00","author":{"@id":"https:\/\/psgfans.fr\/#\/schema\/person\/be2237e7a0237af2f29cb344b3c55e6c"},"breadcrumb":{"@id":"https:\/\/psgfans.fr\/?p=379#breadcrumb"},"inLanguage":"fr-FR","potentialAction":[{"@type":"ReadAction","target":["https:\/\/psgfans.fr\/?p=379"]}]},{"@type":"ImageObject","inLanguage":"fr-FR","@id":"https:\/\/psgfans.fr\/?p=379#primaryimage","url":"https:\/\/blogger.googleusercontent.com\/img\/b\/R29vZ2xl\/AVvXsEgCYzjYbuShwXXP6e0Y0VtYdZ_TherflO1gPTX34y1riJdtToH1PdjiLSUj-tSIRdCITo_LGDQgqYgEl6aIevjnljLGPGUaLRsFG7GmyTTR5NJ4XdUh1pOH8A7y3O_TmvXr1GflE_vwjMk\/s1600\/1.jpg","contentUrl":"https:\/\/blogger.googleusercontent.com\/img\/b\/R29vZ2xl\/AVvXsEgCYzjYbuShwXXP6e0Y0VtYdZ_TherflO1gPTX34y1riJdtToH1PdjiLSUj-tSIRdCITo_LGDQgqYgEl6aIevjnljLGPGUaLRsFG7GmyTTR5NJ4XdUh1pOH8A7y3O_TmvXr1GflE_vwjMk\/s1600\/1.jpg"},{"@type":"BreadcrumbList","@id":"https:\/\/psgfans.fr\/?p=379#breadcrumb","itemListElement":[{"@type":"ListItem","position":1,"name":"Accueil","item":"https:\/\/psgfans.fr\/"},{"@type":"ListItem","position":2,"name":"Mercato &#8211; PSG : Thiago Silva, Cavani, Pastore&#8230; Quelle star du PSG partira cet \u00e9t\u00e9 ?"}]},{"@type":"WebSite","@id":"https:\/\/psgfans.fr\/#website","url":"https:\/\/psgfans.fr\/","name":"PSG FANS","description":"Unit\u00e9, Passion, Victoire : Au C\u0153ur du Paris Saint-Germain!","potentialAction":[{"@type":"SearchAction","target":{"@type":"EntryPoint","urlTemplate":"https:\/\/psgfans.fr\/?s={search_term_string}"},"query-input":{"@type":"PropertyValueSpecification","valueRequired":true,"valueName":"search_term_string"}}],"inLanguage":"fr-FR"},{"@type":"Person","@id":"https:\/\/psgfans.fr\/#\/schema\/person\/be2237e7a0237af2f29cb344b3c55e6c","name":"psgfans","image":{"@type":"ImageObject","inLanguage":"fr-FR","@id":"https:\/\/secure.gravatar.com\/avatar\/?s=96&d=mm&r=g","url":"https:\/\/secure.gravatar.com\/avatar\/?s=96&d=mm&r=g","contentUrl":"https:\/\/secure.gravatar.com\/avatar\/?s=96&d=mm&r=g","caption":"psgfans"},"url":"https:\/\/psgfans.fr\/?author=2"}]}},"_links":{"self":[{"href":"https:\/\/psgfans.fr\/index.php?rest_route=\/wp\/v2\/posts\/379","targetHints":{"allow":["GET"]}}],"collection":[{"href":"https:\/\/psgfans.fr\/index.php?rest_route=\/wp\/v2\/posts"}],"about":[{"href":"https:\/\/psgfans.fr\/index.php?rest_route=\/wp\/v2\/types\/post"}],"author":[{"embeddable":true,"href":"https:\/\/psgfans.fr\/index.php?rest_route=\/wp\/v2\/users\/2"}],"replies":[{"embeddable":true,"href":"https:\/\/psgfans.fr\/index.php?rest_route=%2Fwp%2Fv2%2Fcomments&post=379"}],"version-history":[{"count":0,"href":"https:\/\/psgfans.fr\/index.php?rest_route=\/wp\/v2\/posts\/379\/revisions"}],"wp:attachment":[{"href":"https:\/\/psgfans.fr\/index.php?rest_route=%2Fwp%2Fv2%2Fmedia&parent=379"}],"wp:term":[{"taxonomy":"category","embeddable":true,"href":"https:\/\/psgfans.fr\/index.php?rest_route=%2Fwp%2Fv2%2Fcategories&post=379"},{"taxonomy":"post_tag","embeddable":true,"href":"https:\/\/psgfans.fr\/index.php?rest_route=%2Fwp%2Fv2%2Ftags&post=379"}],"curies":[{"name":"wp","href":"https:\/\/api.w.org\/{rel}","templated":true}]}}