{"id":378,"date":"2015-04-13T20:21:00","date_gmt":"2015-04-13T19:21:00","guid":{"rendered":"https:\/\/psgfans.fr\/?p=378"},"modified":"2015-04-13T20:21:00","modified_gmt":"2015-04-13T19:21:00","slug":"mercato-psg-lavezzi-un-dossier-estime-a-10me","status":"publish","type":"post","link":"https:\/\/psgfans.fr\/?p=378","title":{"rendered":"Mercato &#8211; PSG : Lavezzi, un dossier estim\u00e9 \u00e0 10M\u20ac ?"},"content":{"rendered":"<div style=\"clear: both; text-align: center;\"><a href=\"https:\/\/blogger.googleusercontent.com\/img\/b\/R29vZ2xl\/AVvXsEg2RE5gUdRUCksqz0PR140NLpiQyIeKmBPW0r6gmdKWDcFzSuzSEmzFuwIuR8M_tkIeC7Ek7YbsUaPtrhdc3LTgZxd8eDHmx2coF2Ps6nwG-nfquv8c62Xh16pldjx3wbkIEICdPmpG3DU\/s1600\/1.jpg\" style=\"margin-left: 1em; margin-right: 1em;\"><img loading=\"lazy\" decoding=\"async\" border=\"0\" src=\"https:\/\/blogger.googleusercontent.com\/img\/b\/R29vZ2xl\/AVvXsEg2RE5gUdRUCksqz0PR140NLpiQyIeKmBPW0r6gmdKWDcFzSuzSEmzFuwIuR8M_tkIeC7Ek7YbsUaPtrhdc3LTgZxd8eDHmx2coF2Ps6nwG-nfquv8c62Xh16pldjx3wbkIEICdPmpG3DU\/s1600\/1.jpg\" height=\"198\" width=\"400\" \/><\/a><\/div>\n<p><b><br \/><\/b><b>Alors qu\u2019il peine \u00e0 donner satisfaction depuis plusieurs mois, Ezequiel Lavezzi devrait quitter le PSG l\u2019\u00e9t\u00e9 prochain. Toutefois, le club francilien ne devrait pas r\u00e9cup\u00e9rer une somme \u00e0 la hauteur de son investissement dans ce dossier\u2026 loin de l\u00e0.<\/b><br \/>Depuis son absence lors du stage hivernal de Marrakech, Ezequiel Lavezzi ne semble plus en odeur de saintet\u00e9 au sein du PSG, et ses performances sont d\u2019ailleurs tr\u00e8s critiqu\u00e9es depuis plusieurs mois. Recrut\u00e9 pour 30M\u20ac \u00e0 Naples en 2012, l\u2019attaquant argentin devrait logiquement plier bagage lors du prochain mercato estival\u2026 mais pour combien ? Dominique S\u00e9verac, journaliste du Parisien, a donn\u00e9 une estimation dans ce dossier.<br \/>&nbsp;<\/p>\n<p><b>ENTRE 10 ET 15M\u20ac ?<\/b><br \/>\u00ab 15 millions, ce serait inesp\u00e9r\u00e9. 10 paraissent plus raisonnables \u00bb, explique le journaliste du Parisien, qui estime donc qu\u2019Ezequiel Lavezzi ne devrait pas rapporter grand-chose au PSG compar\u00e9 \u00e0 l\u2019investissement dont il avait fait l\u2019objet il y a trois ans. Reste d\u00e9sormais \u00e0 savoir qui sera en mesure de mettre ces 10M\u20ac sur la table, tandis que l\u2019Inter Milan \u00e9tait proche de boucler le dossier en janvier.<\/p>\n<p><b>\u00ab IL NE SOUHAITE PAS RETOURNER EN ITALIE \u00bb<\/b><br \/>La m\u00e8re d\u2019Ezequiel Lavezzi a r\u00e9cemment fait le point sur son avenir au PSG : \u00ab Il aime beaucoup l&rsquo;Italie, il y \u00e9tait ador\u00e9. Et il parle tr\u00e8s bien l&rsquo;italien. Je pense que son arriv\u00e9e \u00e0 Paris a \u00e9t\u00e9 un peu dure, mais j&rsquo;ai l&rsquo;impression qu&rsquo;il s&rsquo;est bien adapt\u00e9. Il aime la mode, les v\u00eatements, se promener. Lorsqu&rsquo;il \u00e9tait \u00e0 Naples, il fallait fermer les centres commerciaux ou les restaurants quand il sortait. Du coup sa vie en Italie \u00e9tait plus \u00ab tranquille \u00bb. J&rsquo;ai surpris une conversation o\u00f9 il semblait dire qu&rsquo;il ne souhaitait pas y retourner. Il veut avancer dans le football, continuer \u00e0 progresser \u00bb.<\/p>\n<p>le10sport<\/p>\n","protected":false},"excerpt":{"rendered":"<p>Alors qu\u2019il peine \u00e0 donner satisfaction depuis plusieurs mois, Ezequiel Lavezzi devrait quitter le PSG l\u2019\u00e9t\u00e9 prochain. Toutefois, le club francilien ne devrait pas r\u00e9cup\u00e9rer une somme \u00e0 la hauteur de son investissement dans ce dossier\u2026 loin de l\u00e0.Depuis son absence lors du stage hivernal de Marrakech, Ezequiel Lavezzi ne semble plus en odeur de [&hellip;]<\/p>\n","protected":false},"author":2,"featured_media":0,"comment_status":"open","ping_status":"open","sticky":false,"template":"","format":"standard","meta":{"footnotes":""},"categories":[3],"tags":[],"class_list":{"0":"post-378","1":"post","2":"type-post","3":"status-publish","4":"format-standard","6":"category-news"},"yoast_head":"<!-- This site is optimized with the Yoast SEO plugin v27.4 - https:\/\/yoast.com\/product\/yoast-seo-wordpress\/ -->\n<title>Mercato - PSG : Lavezzi, un dossier estim\u00e9 \u00e0 10M\u20ac ? - PSG FANS<\/title>\n<meta name=\"robots\" content=\"index, follow, max-snippet:-1, max-image-preview:large, max-video-preview:-1\" \/>\n<link rel=\"canonical\" href=\"https:\/\/psgfans.fr\/?p=378\" \/>\n<meta property=\"og:locale\" content=\"fr_FR\" \/>\n<meta property=\"og:type\" content=\"article\" \/>\n<meta property=\"og:title\" content=\"Mercato - PSG : Lavezzi, un dossier estim\u00e9 \u00e0 10M\u20ac ? - PSG FANS\" \/>\n<meta property=\"og:description\" content=\"Alors qu\u2019il peine \u00e0 donner satisfaction depuis plusieurs mois, Ezequiel Lavezzi devrait quitter le PSG l\u2019\u00e9t\u00e9 prochain. Toutefois, le club francilien ne devrait pas r\u00e9cup\u00e9rer une somme \u00e0 la hauteur de son investissement dans ce dossier\u2026 loin de l\u00e0.Depuis son absence lors du stage hivernal de Marrakech, Ezequiel Lavezzi ne semble plus en odeur de [&hellip;]\" \/>\n<meta property=\"og:url\" content=\"https:\/\/psgfans.fr\/?p=378\" \/>\n<meta property=\"og:site_name\" content=\"PSG FANS\" \/>\n<meta property=\"article:published_time\" content=\"2015-04-13T19:21:00+00:00\" \/>\n<meta property=\"og:image\" content=\"https:\/\/blogger.googleusercontent.com\/img\/b\/R29vZ2xl\/AVvXsEg2RE5gUdRUCksqz0PR140NLpiQyIeKmBPW0r6gmdKWDcFzSuzSEmzFuwIuR8M_tkIeC7Ek7YbsUaPtrhdc3LTgZxd8eDHmx2coF2Ps6nwG-nfquv8c62Xh16pldjx3wbkIEICdPmpG3DU\/s1600\/1.jpg\" \/>\n<meta name=\"author\" content=\"psgfans\" \/>\n<meta name=\"twitter:card\" content=\"summary_large_image\" \/>\n<meta name=\"twitter:label1\" content=\"\u00c9crit par\" \/>\n\t<meta name=\"twitter:data1\" content=\"psgfans\" \/>\n\t<meta name=\"twitter:label2\" content=\"Dur\u00e9e de lecture estim\u00e9e\" \/>\n\t<meta name=\"twitter:data2\" content=\"1 minute\" \/>\n<script type=\"application\/ld+json\" class=\"yoast-schema-graph\">{\"@context\":\"https:\\\/\\\/schema.org\",\"@graph\":[{\"@type\":\"Article\",\"@id\":\"https:\\\/\\\/psgfans.fr\\\/?p=378#article\",\"isPartOf\":{\"@id\":\"https:\\\/\\\/psgfans.fr\\\/?p=378\"},\"author\":{\"name\":\"psgfans\",\"@id\":\"https:\\\/\\\/psgfans.fr\\\/#\\\/schema\\\/person\\\/be2237e7a0237af2f29cb344b3c55e6c\"},\"headline\":\"Mercato &#8211; PSG : Lavezzi, un dossier estim\u00e9 \u00e0 10M\u20ac ?\",\"datePublished\":\"2015-04-13T19:21:00+00:00\",\"mainEntityOfPage\":{\"@id\":\"https:\\\/\\\/psgfans.fr\\\/?p=378\"},\"wordCount\":313,\"commentCount\":0,\"image\":{\"@id\":\"https:\\\/\\\/psgfans.fr\\\/?p=378#primaryimage\"},\"thumbnailUrl\":\"https:\\\/\\\/blogger.googleusercontent.com\\\/img\\\/b\\\/R29vZ2xl\\\/AVvXsEg2RE5gUdRUCksqz0PR140NLpiQyIeKmBPW0r6gmdKWDcFzSuzSEmzFuwIuR8M_tkIeC7Ek7YbsUaPtrhdc3LTgZxd8eDHmx2coF2Ps6nwG-nfquv8c62Xh16pldjx3wbkIEICdPmpG3DU\\\/s1600\\\/1.jpg\",\"articleSection\":[\"News\"],\"inLanguage\":\"fr-FR\",\"potentialAction\":[{\"@type\":\"CommentAction\",\"name\":\"Comment\",\"target\":[\"https:\\\/\\\/psgfans.fr\\\/?p=378#respond\"]}]},{\"@type\":\"WebPage\",\"@id\":\"https:\\\/\\\/psgfans.fr\\\/?p=378\",\"url\":\"https:\\\/\\\/psgfans.fr\\\/?p=378\",\"name\":\"Mercato - PSG : Lavezzi, un dossier estim\u00e9 \u00e0 10M\u20ac ? - PSG FANS\",\"isPartOf\":{\"@id\":\"https:\\\/\\\/psgfans.fr\\\/#website\"},\"primaryImageOfPage\":{\"@id\":\"https:\\\/\\\/psgfans.fr\\\/?p=378#primaryimage\"},\"image\":{\"@id\":\"https:\\\/\\\/psgfans.fr\\\/?p=378#primaryimage\"},\"thumbnailUrl\":\"https:\\\/\\\/blogger.googleusercontent.com\\\/img\\\/b\\\/R29vZ2xl\\\/AVvXsEg2RE5gUdRUCksqz0PR140NLpiQyIeKmBPW0r6gmdKWDcFzSuzSEmzFuwIuR8M_tkIeC7Ek7YbsUaPtrhdc3LTgZxd8eDHmx2coF2Ps6nwG-nfquv8c62Xh16pldjx3wbkIEICdPmpG3DU\\\/s1600\\\/1.jpg\",\"datePublished\":\"2015-04-13T19:21:00+00:00\",\"author\":{\"@id\":\"https:\\\/\\\/psgfans.fr\\\/#\\\/schema\\\/person\\\/be2237e7a0237af2f29cb344b3c55e6c\"},\"breadcrumb\":{\"@id\":\"https:\\\/\\\/psgfans.fr\\\/?p=378#breadcrumb\"},\"inLanguage\":\"fr-FR\",\"potentialAction\":[{\"@type\":\"ReadAction\",\"target\":[\"https:\\\/\\\/psgfans.fr\\\/?p=378\"]}]},{\"@type\":\"ImageObject\",\"inLanguage\":\"fr-FR\",\"@id\":\"https:\\\/\\\/psgfans.fr\\\/?p=378#primaryimage\",\"url\":\"https:\\\/\\\/blogger.googleusercontent.com\\\/img\\\/b\\\/R29vZ2xl\\\/AVvXsEg2RE5gUdRUCksqz0PR140NLpiQyIeKmBPW0r6gmdKWDcFzSuzSEmzFuwIuR8M_tkIeC7Ek7YbsUaPtrhdc3LTgZxd8eDHmx2coF2Ps6nwG-nfquv8c62Xh16pldjx3wbkIEICdPmpG3DU\\\/s1600\\\/1.jpg\",\"contentUrl\":\"https:\\\/\\\/blogger.googleusercontent.com\\\/img\\\/b\\\/R29vZ2xl\\\/AVvXsEg2RE5gUdRUCksqz0PR140NLpiQyIeKmBPW0r6gmdKWDcFzSuzSEmzFuwIuR8M_tkIeC7Ek7YbsUaPtrhdc3LTgZxd8eDHmx2coF2Ps6nwG-nfquv8c62Xh16pldjx3wbkIEICdPmpG3DU\\\/s1600\\\/1.jpg\"},{\"@type\":\"BreadcrumbList\",\"@id\":\"https:\\\/\\\/psgfans.fr\\\/?p=378#breadcrumb\",\"itemListElement\":[{\"@type\":\"ListItem\",\"position\":1,\"name\":\"Accueil\",\"item\":\"https:\\\/\\\/psgfans.fr\\\/\"},{\"@type\":\"ListItem\",\"position\":2,\"name\":\"Mercato &#8211; PSG : Lavezzi, un dossier estim\u00e9 \u00e0 10M\u20ac ?\"}]},{\"@type\":\"WebSite\",\"@id\":\"https:\\\/\\\/psgfans.fr\\\/#website\",\"url\":\"https:\\\/\\\/psgfans.fr\\\/\",\"name\":\"PSG FANS\",\"description\":\"Unit\u00e9, Passion, Victoire : Au C\u0153ur du Paris Saint-Germain!\",\"potentialAction\":[{\"@type\":\"SearchAction\",\"target\":{\"@type\":\"EntryPoint\",\"urlTemplate\":\"https:\\\/\\\/psgfans.fr\\\/?s={search_term_string}\"},\"query-input\":{\"@type\":\"PropertyValueSpecification\",\"valueRequired\":true,\"valueName\":\"search_term_string\"}}],\"inLanguage\":\"fr-FR\"},{\"@type\":\"Person\",\"@id\":\"https:\\\/\\\/psgfans.fr\\\/#\\\/schema\\\/person\\\/be2237e7a0237af2f29cb344b3c55e6c\",\"name\":\"psgfans\",\"image\":{\"@type\":\"ImageObject\",\"inLanguage\":\"fr-FR\",\"@id\":\"https:\\\/\\\/secure.gravatar.com\\\/avatar\\\/?s=96&d=mm&r=g\",\"url\":\"https:\\\/\\\/secure.gravatar.com\\\/avatar\\\/?s=96&d=mm&r=g\",\"contentUrl\":\"https:\\\/\\\/secure.gravatar.com\\\/avatar\\\/?s=96&d=mm&r=g\",\"caption\":\"psgfans\"},\"url\":\"https:\\\/\\\/psgfans.fr\\\/?author=2\"}]}<\/script>\n<!-- \/ Yoast SEO plugin. -->","yoast_head_json":{"title":"Mercato - PSG : Lavezzi, un dossier estim\u00e9 \u00e0 10M\u20ac ? - PSG FANS","robots":{"index":"index","follow":"follow","max-snippet":"max-snippet:-1","max-image-preview":"max-image-preview:large","max-video-preview":"max-video-preview:-1"},"canonical":"https:\/\/psgfans.fr\/?p=378","og_locale":"fr_FR","og_type":"article","og_title":"Mercato - PSG : Lavezzi, un dossier estim\u00e9 \u00e0 10M\u20ac ? - PSG FANS","og_description":"Alors qu\u2019il peine \u00e0 donner satisfaction depuis plusieurs mois, Ezequiel Lavezzi devrait quitter le PSG l\u2019\u00e9t\u00e9 prochain. Toutefois, le club francilien ne devrait pas r\u00e9cup\u00e9rer une somme \u00e0 la hauteur de son investissement dans ce dossier\u2026 loin de l\u00e0.Depuis son absence lors du stage hivernal de Marrakech, Ezequiel Lavezzi ne semble plus en odeur de [&hellip;]","og_url":"https:\/\/psgfans.fr\/?p=378","og_site_name":"PSG FANS","article_published_time":"2015-04-13T19:21:00+00:00","og_image":[{"url":"https:\/\/blogger.googleusercontent.com\/img\/b\/R29vZ2xl\/AVvXsEg2RE5gUdRUCksqz0PR140NLpiQyIeKmBPW0r6gmdKWDcFzSuzSEmzFuwIuR8M_tkIeC7Ek7YbsUaPtrhdc3LTgZxd8eDHmx2coF2Ps6nwG-nfquv8c62Xh16pldjx3wbkIEICdPmpG3DU\/s1600\/1.jpg","type":"","width":"","height":""}],"author":"psgfans","twitter_card":"summary_large_image","twitter_misc":{"\u00c9crit par":"psgfans","Dur\u00e9e de lecture estim\u00e9e":"1 minute"},"schema":{"@context":"https:\/\/schema.org","@graph":[{"@type":"Article","@id":"https:\/\/psgfans.fr\/?p=378#article","isPartOf":{"@id":"https:\/\/psgfans.fr\/?p=378"},"author":{"name":"psgfans","@id":"https:\/\/psgfans.fr\/#\/schema\/person\/be2237e7a0237af2f29cb344b3c55e6c"},"headline":"Mercato &#8211; PSG : Lavezzi, un dossier estim\u00e9 \u00e0 10M\u20ac ?","datePublished":"2015-04-13T19:21:00+00:00","mainEntityOfPage":{"@id":"https:\/\/psgfans.fr\/?p=378"},"wordCount":313,"commentCount":0,"image":{"@id":"https:\/\/psgfans.fr\/?p=378#primaryimage"},"thumbnailUrl":"https:\/\/blogger.googleusercontent.com\/img\/b\/R29vZ2xl\/AVvXsEg2RE5gUdRUCksqz0PR140NLpiQyIeKmBPW0r6gmdKWDcFzSuzSEmzFuwIuR8M_tkIeC7Ek7YbsUaPtrhdc3LTgZxd8eDHmx2coF2Ps6nwG-nfquv8c62Xh16pldjx3wbkIEICdPmpG3DU\/s1600\/1.jpg","articleSection":["News"],"inLanguage":"fr-FR","potentialAction":[{"@type":"CommentAction","name":"Comment","target":["https:\/\/psgfans.fr\/?p=378#respond"]}]},{"@type":"WebPage","@id":"https:\/\/psgfans.fr\/?p=378","url":"https:\/\/psgfans.fr\/?p=378","name":"Mercato - PSG : Lavezzi, un dossier estim\u00e9 \u00e0 10M\u20ac ? - PSG FANS","isPartOf":{"@id":"https:\/\/psgfans.fr\/#website"},"primaryImageOfPage":{"@id":"https:\/\/psgfans.fr\/?p=378#primaryimage"},"image":{"@id":"https:\/\/psgfans.fr\/?p=378#primaryimage"},"thumbnailUrl":"https:\/\/blogger.googleusercontent.com\/img\/b\/R29vZ2xl\/AVvXsEg2RE5gUdRUCksqz0PR140NLpiQyIeKmBPW0r6gmdKWDcFzSuzSEmzFuwIuR8M_tkIeC7Ek7YbsUaPtrhdc3LTgZxd8eDHmx2coF2Ps6nwG-nfquv8c62Xh16pldjx3wbkIEICdPmpG3DU\/s1600\/1.jpg","datePublished":"2015-04-13T19:21:00+00:00","author":{"@id":"https:\/\/psgfans.fr\/#\/schema\/person\/be2237e7a0237af2f29cb344b3c55e6c"},"breadcrumb":{"@id":"https:\/\/psgfans.fr\/?p=378#breadcrumb"},"inLanguage":"fr-FR","potentialAction":[{"@type":"ReadAction","target":["https:\/\/psgfans.fr\/?p=378"]}]},{"@type":"ImageObject","inLanguage":"fr-FR","@id":"https:\/\/psgfans.fr\/?p=378#primaryimage","url":"https:\/\/blogger.googleusercontent.com\/img\/b\/R29vZ2xl\/AVvXsEg2RE5gUdRUCksqz0PR140NLpiQyIeKmBPW0r6gmdKWDcFzSuzSEmzFuwIuR8M_tkIeC7Ek7YbsUaPtrhdc3LTgZxd8eDHmx2coF2Ps6nwG-nfquv8c62Xh16pldjx3wbkIEICdPmpG3DU\/s1600\/1.jpg","contentUrl":"https:\/\/blogger.googleusercontent.com\/img\/b\/R29vZ2xl\/AVvXsEg2RE5gUdRUCksqz0PR140NLpiQyIeKmBPW0r6gmdKWDcFzSuzSEmzFuwIuR8M_tkIeC7Ek7YbsUaPtrhdc3LTgZxd8eDHmx2coF2Ps6nwG-nfquv8c62Xh16pldjx3wbkIEICdPmpG3DU\/s1600\/1.jpg"},{"@type":"BreadcrumbList","@id":"https:\/\/psgfans.fr\/?p=378#breadcrumb","itemListElement":[{"@type":"ListItem","position":1,"name":"Accueil","item":"https:\/\/psgfans.fr\/"},{"@type":"ListItem","position":2,"name":"Mercato &#8211; PSG : Lavezzi, un dossier estim\u00e9 \u00e0 10M\u20ac ?"}]},{"@type":"WebSite","@id":"https:\/\/psgfans.fr\/#website","url":"https:\/\/psgfans.fr\/","name":"PSG FANS","description":"Unit\u00e9, Passion, Victoire : Au C\u0153ur du Paris Saint-Germain!","potentialAction":[{"@type":"SearchAction","target":{"@type":"EntryPoint","urlTemplate":"https:\/\/psgfans.fr\/?s={search_term_string}"},"query-input":{"@type":"PropertyValueSpecification","valueRequired":true,"valueName":"search_term_string"}}],"inLanguage":"fr-FR"},{"@type":"Person","@id":"https:\/\/psgfans.fr\/#\/schema\/person\/be2237e7a0237af2f29cb344b3c55e6c","name":"psgfans","image":{"@type":"ImageObject","inLanguage":"fr-FR","@id":"https:\/\/secure.gravatar.com\/avatar\/?s=96&d=mm&r=g","url":"https:\/\/secure.gravatar.com\/avatar\/?s=96&d=mm&r=g","contentUrl":"https:\/\/secure.gravatar.com\/avatar\/?s=96&d=mm&r=g","caption":"psgfans"},"url":"https:\/\/psgfans.fr\/?author=2"}]}},"_links":{"self":[{"href":"https:\/\/psgfans.fr\/index.php?rest_route=\/wp\/v2\/posts\/378","targetHints":{"allow":["GET"]}}],"collection":[{"href":"https:\/\/psgfans.fr\/index.php?rest_route=\/wp\/v2\/posts"}],"about":[{"href":"https:\/\/psgfans.fr\/index.php?rest_route=\/wp\/v2\/types\/post"}],"author":[{"embeddable":true,"href":"https:\/\/psgfans.fr\/index.php?rest_route=\/wp\/v2\/users\/2"}],"replies":[{"embeddable":true,"href":"https:\/\/psgfans.fr\/index.php?rest_route=%2Fwp%2Fv2%2Fcomments&post=378"}],"version-history":[{"count":0,"href":"https:\/\/psgfans.fr\/index.php?rest_route=\/wp\/v2\/posts\/378\/revisions"}],"wp:attachment":[{"href":"https:\/\/psgfans.fr\/index.php?rest_route=%2Fwp%2Fv2%2Fmedia&parent=378"}],"wp:term":[{"taxonomy":"category","embeddable":true,"href":"https:\/\/psgfans.fr\/index.php?rest_route=%2Fwp%2Fv2%2Fcategories&post=378"},{"taxonomy":"post_tag","embeddable":true,"href":"https:\/\/psgfans.fr\/index.php?rest_route=%2Fwp%2Fv2%2Ftags&post=378"}],"curies":[{"name":"wp","href":"https:\/\/api.w.org\/{rel}","templated":true}]}}