{"id":377,"date":"2015-04-13T20:27:00","date_gmt":"2015-04-13T19:27:00","guid":{"rendered":"https:\/\/psgfans.fr\/?p=377"},"modified":"2015-04-13T20:27:00","modified_gmt":"2015-04-13T19:27:00","slug":"mercato-psg-pourquoi-la-piste-falcao-serait-credible","status":"publish","type":"post","link":"https:\/\/psgfans.fr\/?p=377","title":{"rendered":"Mercato &#8211; PSG : Pourquoi la piste Falcao serait cr\u00e9dible\u2026"},"content":{"rendered":"<div style=\"clear: both; text-align: center;\"><a href=\"https:\/\/blogger.googleusercontent.com\/img\/b\/R29vZ2xl\/AVvXsEhfjMAfZnmhvXQtusfydCEBbGoUfvmd7496YiD6aeE5Q0dBKoEaeDiVksE603CSEAGfHc-VAXX0UKqHz9HnWK1Z65XPoPmlKxepKz9LTFpnJ6d33eFRjrPTjU1U61YhBPnsKpl_rME7l00\/s1600\/1.jpg\" style=\"margin-left: 1em; margin-right: 1em;\"><img loading=\"lazy\" decoding=\"async\" border=\"0\" src=\"https:\/\/blogger.googleusercontent.com\/img\/b\/R29vZ2xl\/AVvXsEhfjMAfZnmhvXQtusfydCEBbGoUfvmd7496YiD6aeE5Q0dBKoEaeDiVksE603CSEAGfHc-VAXX0UKqHz9HnWK1Z65XPoPmlKxepKz9LTFpnJ6d33eFRjrPTjU1U61YhBPnsKpl_rME7l00\/s1600\/1.jpg\" height=\"198\" width=\"400\" \/><\/a><\/div>\n<p><b><br \/><\/b><b>Alors qu\u2019il ne sera vraisemblablement pas conserv\u00e9 \u00e0 l\u2019issue de son pr\u00eat \u00e0 Manchester United, Radamel Falcao serait l\u2019une des pistes offensives du PSG. Et un journaliste du Parisien explique pourquoi ce renfort pourrait \u00eatre plausible pour le club francilien.<\/b><\/p>\n<p>Comme Le 10 Sport vous l\u2019avait r\u00e9v\u00e9l\u00e9 en exclusivit\u00e9, Radamel Falcao ne retournera pas \u00e0 l\u2019AS Monaco la saison prochaine et sera de nouveau pr\u00eat\u00e9 par le club de la Principaut\u00e9. Mais alors que sa saison \u00e0 Manchester United n\u2019a vraisemblablement pas apport\u00e9 satisfaction, o\u00f9 rebondira le buteur colombien ? \u00c0 l\u2019occasion d\u2019un chat organis\u00e9 par Le Parisien, le journaliste Dominique S\u00e9verac fait le point sur cette piste.<br \/>&nbsp;<\/p>\n<p><b>\u00ab FORT POSSIBLE QU\u2019IL AIT \u00c9T\u00c9 PROPOS\u00c9 \u00bb<\/b><br \/>\u00ab Si Jorge Mendes (ndlr : Agent de Radamel Falcao) a vraiment propos\u00e9 Falcao au PSG ? Mendes ne me parle pas personnellement, mais c&rsquo;est fort possible puisqu&rsquo;il a une technique: proposer Falcao \u00e0 tous ceux qui peuvent payer son salaire. Donc le PSG en fait partie \u00bb. Reste d\u00e9sormais \u00e0 savoir si le PSG aura r\u00e9ellement l\u2019opportunit\u00e9 de faire signer Radamel Falcao lors du prochain mercato estival.<\/p>\n<p><b>FALCAO NE L\u00c2CHE RIEN<\/b><br \/>R\u00e9cemment interrog\u00e9 sur son avenir et sur l\u2019int\u00e9r\u00eat annonc\u00e9 de la Juventus Turin Radamel Falcao n\u2019a l\u00e2ch\u00e9 aucune indication quant \u00e0 son avenir : \u00ab La Juventus me suit ? Il y a beaucoup de choses qui se disent, mais je suis \u00e0 100% concentr\u00e9 sur Manchester United. Il reste huit matches tr\u00e8s importants et j\u2019esp\u00e8re que la situation va changer, je ne pense qu\u2019\u00e0 cela \u00bb.<\/p>\n<p>le10sport<\/p>\n","protected":false},"excerpt":{"rendered":"<p>Alors qu\u2019il ne sera vraisemblablement pas conserv\u00e9 \u00e0 l\u2019issue de son pr\u00eat \u00e0 Manchester United, Radamel Falcao serait l\u2019une des pistes offensives du PSG. Et un journaliste du Parisien explique pourquoi ce renfort pourrait \u00eatre plausible pour le club francilien. Comme Le 10 Sport vous l\u2019avait r\u00e9v\u00e9l\u00e9 en exclusivit\u00e9, Radamel Falcao ne retournera pas \u00e0 [&hellip;]<\/p>\n","protected":false},"author":2,"featured_media":0,"comment_status":"open","ping_status":"open","sticky":false,"template":"","format":"standard","meta":{"footnotes":""},"categories":[3],"tags":[],"class_list":{"0":"post-377","1":"post","2":"type-post","3":"status-publish","4":"format-standard","6":"category-news"},"yoast_head":"<!-- This site is optimized with the Yoast SEO plugin v27.4 - https:\/\/yoast.com\/product\/yoast-seo-wordpress\/ -->\n<title>Mercato - PSG : Pourquoi la piste Falcao serait cr\u00e9dible\u2026 - PSG FANS<\/title>\n<meta name=\"robots\" content=\"index, follow, max-snippet:-1, max-image-preview:large, max-video-preview:-1\" \/>\n<link rel=\"canonical\" href=\"https:\/\/psgfans.fr\/?p=377\" \/>\n<meta property=\"og:locale\" content=\"fr_FR\" \/>\n<meta property=\"og:type\" content=\"article\" \/>\n<meta property=\"og:title\" content=\"Mercato - PSG : Pourquoi la piste Falcao serait cr\u00e9dible\u2026 - PSG FANS\" \/>\n<meta property=\"og:description\" content=\"Alors qu\u2019il ne sera vraisemblablement pas conserv\u00e9 \u00e0 l\u2019issue de son pr\u00eat \u00e0 Manchester United, Radamel Falcao serait l\u2019une des pistes offensives du PSG. Et un journaliste du Parisien explique pourquoi ce renfort pourrait \u00eatre plausible pour le club francilien. Comme Le 10 Sport vous l\u2019avait r\u00e9v\u00e9l\u00e9 en exclusivit\u00e9, Radamel Falcao ne retournera pas \u00e0 [&hellip;]\" \/>\n<meta property=\"og:url\" content=\"https:\/\/psgfans.fr\/?p=377\" \/>\n<meta property=\"og:site_name\" content=\"PSG FANS\" \/>\n<meta property=\"article:published_time\" content=\"2015-04-13T19:27:00+00:00\" \/>\n<meta property=\"og:image\" content=\"https:\/\/blogger.googleusercontent.com\/img\/b\/R29vZ2xl\/AVvXsEhfjMAfZnmhvXQtusfydCEBbGoUfvmd7496YiD6aeE5Q0dBKoEaeDiVksE603CSEAGfHc-VAXX0UKqHz9HnWK1Z65XPoPmlKxepKz9LTFpnJ6d33eFRjrPTjU1U61YhBPnsKpl_rME7l00\/s1600\/1.jpg\" \/>\n<meta name=\"author\" content=\"psgfans\" \/>\n<meta name=\"twitter:card\" content=\"summary_large_image\" \/>\n<meta name=\"twitter:label1\" content=\"\u00c9crit par\" \/>\n\t<meta name=\"twitter:data1\" content=\"psgfans\" \/>\n\t<meta name=\"twitter:label2\" content=\"Dur\u00e9e de lecture estim\u00e9e\" \/>\n\t<meta name=\"twitter:data2\" content=\"1 minute\" \/>\n<script type=\"application\/ld+json\" class=\"yoast-schema-graph\">{\"@context\":\"https:\\\/\\\/schema.org\",\"@graph\":[{\"@type\":\"Article\",\"@id\":\"https:\\\/\\\/psgfans.fr\\\/?p=377#article\",\"isPartOf\":{\"@id\":\"https:\\\/\\\/psgfans.fr\\\/?p=377\"},\"author\":{\"name\":\"psgfans\",\"@id\":\"https:\\\/\\\/psgfans.fr\\\/#\\\/schema\\\/person\\\/be2237e7a0237af2f29cb344b3c55e6c\"},\"headline\":\"Mercato &#8211; PSG : Pourquoi la piste Falcao serait cr\u00e9dible\u2026\",\"datePublished\":\"2015-04-13T19:27:00+00:00\",\"mainEntityOfPage\":{\"@id\":\"https:\\\/\\\/psgfans.fr\\\/?p=377\"},\"wordCount\":275,\"commentCount\":0,\"image\":{\"@id\":\"https:\\\/\\\/psgfans.fr\\\/?p=377#primaryimage\"},\"thumbnailUrl\":\"https:\\\/\\\/blogger.googleusercontent.com\\\/img\\\/b\\\/R29vZ2xl\\\/AVvXsEhfjMAfZnmhvXQtusfydCEBbGoUfvmd7496YiD6aeE5Q0dBKoEaeDiVksE603CSEAGfHc-VAXX0UKqHz9HnWK1Z65XPoPmlKxepKz9LTFpnJ6d33eFRjrPTjU1U61YhBPnsKpl_rME7l00\\\/s1600\\\/1.jpg\",\"articleSection\":[\"News\"],\"inLanguage\":\"fr-FR\",\"potentialAction\":[{\"@type\":\"CommentAction\",\"name\":\"Comment\",\"target\":[\"https:\\\/\\\/psgfans.fr\\\/?p=377#respond\"]}]},{\"@type\":\"WebPage\",\"@id\":\"https:\\\/\\\/psgfans.fr\\\/?p=377\",\"url\":\"https:\\\/\\\/psgfans.fr\\\/?p=377\",\"name\":\"Mercato - PSG : Pourquoi la piste Falcao serait cr\u00e9dible\u2026 - PSG FANS\",\"isPartOf\":{\"@id\":\"https:\\\/\\\/psgfans.fr\\\/#website\"},\"primaryImageOfPage\":{\"@id\":\"https:\\\/\\\/psgfans.fr\\\/?p=377#primaryimage\"},\"image\":{\"@id\":\"https:\\\/\\\/psgfans.fr\\\/?p=377#primaryimage\"},\"thumbnailUrl\":\"https:\\\/\\\/blogger.googleusercontent.com\\\/img\\\/b\\\/R29vZ2xl\\\/AVvXsEhfjMAfZnmhvXQtusfydCEBbGoUfvmd7496YiD6aeE5Q0dBKoEaeDiVksE603CSEAGfHc-VAXX0UKqHz9HnWK1Z65XPoPmlKxepKz9LTFpnJ6d33eFRjrPTjU1U61YhBPnsKpl_rME7l00\\\/s1600\\\/1.jpg\",\"datePublished\":\"2015-04-13T19:27:00+00:00\",\"author\":{\"@id\":\"https:\\\/\\\/psgfans.fr\\\/#\\\/schema\\\/person\\\/be2237e7a0237af2f29cb344b3c55e6c\"},\"breadcrumb\":{\"@id\":\"https:\\\/\\\/psgfans.fr\\\/?p=377#breadcrumb\"},\"inLanguage\":\"fr-FR\",\"potentialAction\":[{\"@type\":\"ReadAction\",\"target\":[\"https:\\\/\\\/psgfans.fr\\\/?p=377\"]}]},{\"@type\":\"ImageObject\",\"inLanguage\":\"fr-FR\",\"@id\":\"https:\\\/\\\/psgfans.fr\\\/?p=377#primaryimage\",\"url\":\"https:\\\/\\\/blogger.googleusercontent.com\\\/img\\\/b\\\/R29vZ2xl\\\/AVvXsEhfjMAfZnmhvXQtusfydCEBbGoUfvmd7496YiD6aeE5Q0dBKoEaeDiVksE603CSEAGfHc-VAXX0UKqHz9HnWK1Z65XPoPmlKxepKz9LTFpnJ6d33eFRjrPTjU1U61YhBPnsKpl_rME7l00\\\/s1600\\\/1.jpg\",\"contentUrl\":\"https:\\\/\\\/blogger.googleusercontent.com\\\/img\\\/b\\\/R29vZ2xl\\\/AVvXsEhfjMAfZnmhvXQtusfydCEBbGoUfvmd7496YiD6aeE5Q0dBKoEaeDiVksE603CSEAGfHc-VAXX0UKqHz9HnWK1Z65XPoPmlKxepKz9LTFpnJ6d33eFRjrPTjU1U61YhBPnsKpl_rME7l00\\\/s1600\\\/1.jpg\"},{\"@type\":\"BreadcrumbList\",\"@id\":\"https:\\\/\\\/psgfans.fr\\\/?p=377#breadcrumb\",\"itemListElement\":[{\"@type\":\"ListItem\",\"position\":1,\"name\":\"Accueil\",\"item\":\"https:\\\/\\\/psgfans.fr\\\/\"},{\"@type\":\"ListItem\",\"position\":2,\"name\":\"Mercato &#8211; PSG : Pourquoi la piste Falcao serait cr\u00e9dible\u2026\"}]},{\"@type\":\"WebSite\",\"@id\":\"https:\\\/\\\/psgfans.fr\\\/#website\",\"url\":\"https:\\\/\\\/psgfans.fr\\\/\",\"name\":\"PSG FANS\",\"description\":\"Unit\u00e9, Passion, Victoire : Au C\u0153ur du Paris Saint-Germain!\",\"potentialAction\":[{\"@type\":\"SearchAction\",\"target\":{\"@type\":\"EntryPoint\",\"urlTemplate\":\"https:\\\/\\\/psgfans.fr\\\/?s={search_term_string}\"},\"query-input\":{\"@type\":\"PropertyValueSpecification\",\"valueRequired\":true,\"valueName\":\"search_term_string\"}}],\"inLanguage\":\"fr-FR\"},{\"@type\":\"Person\",\"@id\":\"https:\\\/\\\/psgfans.fr\\\/#\\\/schema\\\/person\\\/be2237e7a0237af2f29cb344b3c55e6c\",\"name\":\"psgfans\",\"image\":{\"@type\":\"ImageObject\",\"inLanguage\":\"fr-FR\",\"@id\":\"https:\\\/\\\/secure.gravatar.com\\\/avatar\\\/?s=96&d=mm&r=g\",\"url\":\"https:\\\/\\\/secure.gravatar.com\\\/avatar\\\/?s=96&d=mm&r=g\",\"contentUrl\":\"https:\\\/\\\/secure.gravatar.com\\\/avatar\\\/?s=96&d=mm&r=g\",\"caption\":\"psgfans\"},\"url\":\"https:\\\/\\\/psgfans.fr\\\/?author=2\"}]}<\/script>\n<!-- \/ Yoast SEO plugin. -->","yoast_head_json":{"title":"Mercato - PSG : Pourquoi la piste Falcao serait cr\u00e9dible\u2026 - PSG FANS","robots":{"index":"index","follow":"follow","max-snippet":"max-snippet:-1","max-image-preview":"max-image-preview:large","max-video-preview":"max-video-preview:-1"},"canonical":"https:\/\/psgfans.fr\/?p=377","og_locale":"fr_FR","og_type":"article","og_title":"Mercato - PSG : Pourquoi la piste Falcao serait cr\u00e9dible\u2026 - PSG FANS","og_description":"Alors qu\u2019il ne sera vraisemblablement pas conserv\u00e9 \u00e0 l\u2019issue de son pr\u00eat \u00e0 Manchester United, Radamel Falcao serait l\u2019une des pistes offensives du PSG. Et un journaliste du Parisien explique pourquoi ce renfort pourrait \u00eatre plausible pour le club francilien. Comme Le 10 Sport vous l\u2019avait r\u00e9v\u00e9l\u00e9 en exclusivit\u00e9, Radamel Falcao ne retournera pas \u00e0 [&hellip;]","og_url":"https:\/\/psgfans.fr\/?p=377","og_site_name":"PSG FANS","article_published_time":"2015-04-13T19:27:00+00:00","og_image":[{"url":"https:\/\/blogger.googleusercontent.com\/img\/b\/R29vZ2xl\/AVvXsEhfjMAfZnmhvXQtusfydCEBbGoUfvmd7496YiD6aeE5Q0dBKoEaeDiVksE603CSEAGfHc-VAXX0UKqHz9HnWK1Z65XPoPmlKxepKz9LTFpnJ6d33eFRjrPTjU1U61YhBPnsKpl_rME7l00\/s1600\/1.jpg","type":"","width":"","height":""}],"author":"psgfans","twitter_card":"summary_large_image","twitter_misc":{"\u00c9crit par":"psgfans","Dur\u00e9e de lecture estim\u00e9e":"1 minute"},"schema":{"@context":"https:\/\/schema.org","@graph":[{"@type":"Article","@id":"https:\/\/psgfans.fr\/?p=377#article","isPartOf":{"@id":"https:\/\/psgfans.fr\/?p=377"},"author":{"name":"psgfans","@id":"https:\/\/psgfans.fr\/#\/schema\/person\/be2237e7a0237af2f29cb344b3c55e6c"},"headline":"Mercato &#8211; PSG : Pourquoi la piste Falcao serait cr\u00e9dible\u2026","datePublished":"2015-04-13T19:27:00+00:00","mainEntityOfPage":{"@id":"https:\/\/psgfans.fr\/?p=377"},"wordCount":275,"commentCount":0,"image":{"@id":"https:\/\/psgfans.fr\/?p=377#primaryimage"},"thumbnailUrl":"https:\/\/blogger.googleusercontent.com\/img\/b\/R29vZ2xl\/AVvXsEhfjMAfZnmhvXQtusfydCEBbGoUfvmd7496YiD6aeE5Q0dBKoEaeDiVksE603CSEAGfHc-VAXX0UKqHz9HnWK1Z65XPoPmlKxepKz9LTFpnJ6d33eFRjrPTjU1U61YhBPnsKpl_rME7l00\/s1600\/1.jpg","articleSection":["News"],"inLanguage":"fr-FR","potentialAction":[{"@type":"CommentAction","name":"Comment","target":["https:\/\/psgfans.fr\/?p=377#respond"]}]},{"@type":"WebPage","@id":"https:\/\/psgfans.fr\/?p=377","url":"https:\/\/psgfans.fr\/?p=377","name":"Mercato - PSG : Pourquoi la piste Falcao serait cr\u00e9dible\u2026 - PSG FANS","isPartOf":{"@id":"https:\/\/psgfans.fr\/#website"},"primaryImageOfPage":{"@id":"https:\/\/psgfans.fr\/?p=377#primaryimage"},"image":{"@id":"https:\/\/psgfans.fr\/?p=377#primaryimage"},"thumbnailUrl":"https:\/\/blogger.googleusercontent.com\/img\/b\/R29vZ2xl\/AVvXsEhfjMAfZnmhvXQtusfydCEBbGoUfvmd7496YiD6aeE5Q0dBKoEaeDiVksE603CSEAGfHc-VAXX0UKqHz9HnWK1Z65XPoPmlKxepKz9LTFpnJ6d33eFRjrPTjU1U61YhBPnsKpl_rME7l00\/s1600\/1.jpg","datePublished":"2015-04-13T19:27:00+00:00","author":{"@id":"https:\/\/psgfans.fr\/#\/schema\/person\/be2237e7a0237af2f29cb344b3c55e6c"},"breadcrumb":{"@id":"https:\/\/psgfans.fr\/?p=377#breadcrumb"},"inLanguage":"fr-FR","potentialAction":[{"@type":"ReadAction","target":["https:\/\/psgfans.fr\/?p=377"]}]},{"@type":"ImageObject","inLanguage":"fr-FR","@id":"https:\/\/psgfans.fr\/?p=377#primaryimage","url":"https:\/\/blogger.googleusercontent.com\/img\/b\/R29vZ2xl\/AVvXsEhfjMAfZnmhvXQtusfydCEBbGoUfvmd7496YiD6aeE5Q0dBKoEaeDiVksE603CSEAGfHc-VAXX0UKqHz9HnWK1Z65XPoPmlKxepKz9LTFpnJ6d33eFRjrPTjU1U61YhBPnsKpl_rME7l00\/s1600\/1.jpg","contentUrl":"https:\/\/blogger.googleusercontent.com\/img\/b\/R29vZ2xl\/AVvXsEhfjMAfZnmhvXQtusfydCEBbGoUfvmd7496YiD6aeE5Q0dBKoEaeDiVksE603CSEAGfHc-VAXX0UKqHz9HnWK1Z65XPoPmlKxepKz9LTFpnJ6d33eFRjrPTjU1U61YhBPnsKpl_rME7l00\/s1600\/1.jpg"},{"@type":"BreadcrumbList","@id":"https:\/\/psgfans.fr\/?p=377#breadcrumb","itemListElement":[{"@type":"ListItem","position":1,"name":"Accueil","item":"https:\/\/psgfans.fr\/"},{"@type":"ListItem","position":2,"name":"Mercato &#8211; PSG : Pourquoi la piste Falcao serait cr\u00e9dible\u2026"}]},{"@type":"WebSite","@id":"https:\/\/psgfans.fr\/#website","url":"https:\/\/psgfans.fr\/","name":"PSG FANS","description":"Unit\u00e9, Passion, Victoire : Au C\u0153ur du Paris Saint-Germain!","potentialAction":[{"@type":"SearchAction","target":{"@type":"EntryPoint","urlTemplate":"https:\/\/psgfans.fr\/?s={search_term_string}"},"query-input":{"@type":"PropertyValueSpecification","valueRequired":true,"valueName":"search_term_string"}}],"inLanguage":"fr-FR"},{"@type":"Person","@id":"https:\/\/psgfans.fr\/#\/schema\/person\/be2237e7a0237af2f29cb344b3c55e6c","name":"psgfans","image":{"@type":"ImageObject","inLanguage":"fr-FR","@id":"https:\/\/secure.gravatar.com\/avatar\/?s=96&d=mm&r=g","url":"https:\/\/secure.gravatar.com\/avatar\/?s=96&d=mm&r=g","contentUrl":"https:\/\/secure.gravatar.com\/avatar\/?s=96&d=mm&r=g","caption":"psgfans"},"url":"https:\/\/psgfans.fr\/?author=2"}]}},"_links":{"self":[{"href":"https:\/\/psgfans.fr\/index.php?rest_route=\/wp\/v2\/posts\/377","targetHints":{"allow":["GET"]}}],"collection":[{"href":"https:\/\/psgfans.fr\/index.php?rest_route=\/wp\/v2\/posts"}],"about":[{"href":"https:\/\/psgfans.fr\/index.php?rest_route=\/wp\/v2\/types\/post"}],"author":[{"embeddable":true,"href":"https:\/\/psgfans.fr\/index.php?rest_route=\/wp\/v2\/users\/2"}],"replies":[{"embeddable":true,"href":"https:\/\/psgfans.fr\/index.php?rest_route=%2Fwp%2Fv2%2Fcomments&post=377"}],"version-history":[{"count":0,"href":"https:\/\/psgfans.fr\/index.php?rest_route=\/wp\/v2\/posts\/377\/revisions"}],"wp:attachment":[{"href":"https:\/\/psgfans.fr\/index.php?rest_route=%2Fwp%2Fv2%2Fmedia&parent=377"}],"wp:term":[{"taxonomy":"category","embeddable":true,"href":"https:\/\/psgfans.fr\/index.php?rest_route=%2Fwp%2Fv2%2Fcategories&post=377"},{"taxonomy":"post_tag","embeddable":true,"href":"https:\/\/psgfans.fr\/index.php?rest_route=%2Fwp%2Fv2%2Ftags&post=377"}],"curies":[{"name":"wp","href":"https:\/\/api.w.org\/{rel}","templated":true}]}}