{"id":376,"date":"2015-04-14T10:02:00","date_gmt":"2015-04-14T09:02:00","guid":{"rendered":"https:\/\/psgfans.fr\/?p=376"},"modified":"2015-04-14T10:02:00","modified_gmt":"2015-04-14T09:02:00","slug":"ligue-des-champions-les-conseils-de-varane-au-psg","status":"publish","type":"post","link":"https:\/\/psgfans.fr\/?p=376","title":{"rendered":"Ligue des Champions : les conseils de Varane au PSG"},"content":{"rendered":"<div style=\"clear: both; text-align: center;\"><a href=\"https:\/\/blogger.googleusercontent.com\/img\/b\/R29vZ2xl\/AVvXsEha_MUCdvxlF17-jiQqd0tfNx6uHUMtf0bNdQQNWIU8Qs55hqlg6YPU45kora0Openrs07prDkdLzaDb-yvEfLlZ1iUcKtSht73gZTC0WwwMVGZYaDEHgt8aT01I8Jo_ftXcuvs59UxxPU\/s1600\/1.jpg\" style=\"margin-left: 1em; margin-right: 1em;\"><img loading=\"lazy\" decoding=\"async\" border=\"0\" src=\"https:\/\/blogger.googleusercontent.com\/img\/b\/R29vZ2xl\/AVvXsEha_MUCdvxlF17-jiQqd0tfNx6uHUMtf0bNdQQNWIU8Qs55hqlg6YPU45kora0Openrs07prDkdLzaDb-yvEfLlZ1iUcKtSht73gZTC0WwwMVGZYaDEHgt8aT01I8Jo_ftXcuvs59UxxPU\/s1600\/1.jpg\" height=\"223\" width=\"400\" \/><\/a><\/div>\n<p><b><br \/><\/b><b><br \/><\/b><b>Habitu\u00e9 \u00e0 affronter le Bar\u00e7a sur la sc\u00e8ne domestique et europ\u00e9enne, le d\u00e9fenseur fran\u00e7ais du Real Madrid Rapha\u00ebl Varane a livr\u00e9 les cl\u00e9s pour bien d\u00e9fendre face au trio Messi-Suarez-Neymar.<\/b><\/p>\n<p>\u00c0 force de jouer contre le FC Barcelone en Ligue des Champions, le PSG de l\u2019\u00e8re QSI doit commencer \u00e0 conna\u00eetre le club catalan par c\u0153ur. Toutefois, on peut supposer que certains prendront note des conseils distill\u00e9s par Rapha\u00ebl Varane dans les colonnes du Parisien. Le d\u00e9fenseur central du Real Madrid a de nombreux rep\u00e8res face aux Blaugrana et il sait mieux que beaucoup comment g\u00e9rer le fameux trident Messi-Suarez-Neymar.<br \/>\u00ab Il faut d\u00e9fendre avec des lignes serr\u00e9es, des partenaires proches les uns des autres et mettre beaucoup d\u2019intensit\u00e9 dans les duels afin de les emp\u00eacher de prendre de la vitesse. Ensuite, il y a toujours des situations dans un match o\u00f9 ils parviennent \u00e0 cr\u00e9er du danger d\u2019un c\u00f4t\u00e9 et, souvent, ils finissent leur action c\u00f4t\u00e9 oppos\u00e9. Il ne faut jamais perdre cela de vue \u00bb, explique-t-il. Le PSG l\u2019a d\u00e9j\u00e0 appris \u00e0 ses d\u00e9pens cette saison. Lors des deux matches de poule, le club francilien a encaiss\u00e9 5 buts : 2 de Messi, 2 de Neymar, et 1 de Suarez. Comment emp\u00eacher les trois attaquants de se retrouver en position de marquer ?<br \/>\u00ab Il faut le prendre collectivement. Il ne faut jamais le laisser prendre de la vitesse \u00bb, assure Varane au sujet de Messi. \u00ab Il faut \u00eatre attentif, car Suarez court beaucoup et ses appels sont tr\u00e8s bons, notamment ses contre-appels. Neymar, ses qualit\u00e9s sont plus dans le jeu balle au pied.(\u2026) Comme avec Messi, il faut \u00eatre pr\u00e8s de lui pour qu\u2019il ne prenne pas de vitesse et il faut le prendre \u00e0 deux d\u00e8s que possible \u00bb, poursuit-il. Bien d\u00e9fendre face \u00e0 ces trois cadors est \u00e9videmment la cl\u00e9. Derri\u00e8re, le PSG sait qu\u2019il pourra trouver des espaces. \u00ab Il ne faut pas avoir peur de conserver le ballon et de leur faire mal \u00bb, conclut Varane. \u00c7a, le PSG doit savoir le faire !<\/p>\n<p>footmercato<\/p>\n","protected":false},"excerpt":{"rendered":"<p>Habitu\u00e9 \u00e0 affronter le Bar\u00e7a sur la sc\u00e8ne domestique et europ\u00e9enne, le d\u00e9fenseur fran\u00e7ais du Real Madrid Rapha\u00ebl Varane a livr\u00e9 les cl\u00e9s pour bien d\u00e9fendre face au trio Messi-Suarez-Neymar. \u00c0 force de jouer contre le FC Barcelone en Ligue des Champions, le PSG de l\u2019\u00e8re QSI doit commencer \u00e0 conna\u00eetre le club catalan par [&hellip;]<\/p>\n","protected":false},"author":2,"featured_media":0,"comment_status":"open","ping_status":"open","sticky":false,"template":"","format":"standard","meta":{"footnotes":""},"categories":[3],"tags":[],"class_list":{"0":"post-376","1":"post","2":"type-post","3":"status-publish","4":"format-standard","6":"category-news"},"yoast_head":"<!-- This site is optimized with the Yoast SEO plugin v27.4 - https:\/\/yoast.com\/product\/yoast-seo-wordpress\/ -->\n<title>Ligue des Champions : les conseils de Varane au PSG - PSG FANS<\/title>\n<meta name=\"robots\" content=\"index, follow, max-snippet:-1, max-image-preview:large, max-video-preview:-1\" \/>\n<link rel=\"canonical\" href=\"https:\/\/psgfans.fr\/?p=376\" \/>\n<meta property=\"og:locale\" content=\"fr_FR\" \/>\n<meta property=\"og:type\" content=\"article\" \/>\n<meta property=\"og:title\" content=\"Ligue des Champions : les conseils de Varane au PSG - PSG FANS\" \/>\n<meta property=\"og:description\" content=\"Habitu\u00e9 \u00e0 affronter le Bar\u00e7a sur la sc\u00e8ne domestique et europ\u00e9enne, le d\u00e9fenseur fran\u00e7ais du Real Madrid Rapha\u00ebl Varane a livr\u00e9 les cl\u00e9s pour bien d\u00e9fendre face au trio Messi-Suarez-Neymar. \u00c0 force de jouer contre le FC Barcelone en Ligue des Champions, le PSG de l\u2019\u00e8re QSI doit commencer \u00e0 conna\u00eetre le club catalan par [&hellip;]\" \/>\n<meta property=\"og:url\" content=\"https:\/\/psgfans.fr\/?p=376\" \/>\n<meta property=\"og:site_name\" content=\"PSG FANS\" \/>\n<meta property=\"article:published_time\" content=\"2015-04-14T09:02:00+00:00\" \/>\n<meta property=\"og:image\" content=\"https:\/\/blogger.googleusercontent.com\/img\/b\/R29vZ2xl\/AVvXsEha_MUCdvxlF17-jiQqd0tfNx6uHUMtf0bNdQQNWIU8Qs55hqlg6YPU45kora0Openrs07prDkdLzaDb-yvEfLlZ1iUcKtSht73gZTC0WwwMVGZYaDEHgt8aT01I8Jo_ftXcuvs59UxxPU\/s1600\/1.jpg\" \/>\n<meta name=\"author\" content=\"psgfans\" \/>\n<meta name=\"twitter:card\" content=\"summary_large_image\" \/>\n<meta name=\"twitter:label1\" content=\"\u00c9crit par\" \/>\n\t<meta name=\"twitter:data1\" content=\"psgfans\" \/>\n\t<meta name=\"twitter:label2\" content=\"Dur\u00e9e de lecture estim\u00e9e\" \/>\n\t<meta name=\"twitter:data2\" content=\"2 minutes\" \/>\n<script type=\"application\/ld+json\" class=\"yoast-schema-graph\">{\"@context\":\"https:\\\/\\\/schema.org\",\"@graph\":[{\"@type\":\"Article\",\"@id\":\"https:\\\/\\\/psgfans.fr\\\/?p=376#article\",\"isPartOf\":{\"@id\":\"https:\\\/\\\/psgfans.fr\\\/?p=376\"},\"author\":{\"name\":\"psgfans\",\"@id\":\"https:\\\/\\\/psgfans.fr\\\/#\\\/schema\\\/person\\\/be2237e7a0237af2f29cb344b3c55e6c\"},\"headline\":\"Ligue des Champions : les conseils de Varane au PSG\",\"datePublished\":\"2015-04-14T09:02:00+00:00\",\"mainEntityOfPage\":{\"@id\":\"https:\\\/\\\/psgfans.fr\\\/?p=376\"},\"wordCount\":366,\"commentCount\":0,\"image\":{\"@id\":\"https:\\\/\\\/psgfans.fr\\\/?p=376#primaryimage\"},\"thumbnailUrl\":\"https:\\\/\\\/blogger.googleusercontent.com\\\/img\\\/b\\\/R29vZ2xl\\\/AVvXsEha_MUCdvxlF17-jiQqd0tfNx6uHUMtf0bNdQQNWIU8Qs55hqlg6YPU45kora0Openrs07prDkdLzaDb-yvEfLlZ1iUcKtSht73gZTC0WwwMVGZYaDEHgt8aT01I8Jo_ftXcuvs59UxxPU\\\/s1600\\\/1.jpg\",\"articleSection\":[\"News\"],\"inLanguage\":\"fr-FR\",\"potentialAction\":[{\"@type\":\"CommentAction\",\"name\":\"Comment\",\"target\":[\"https:\\\/\\\/psgfans.fr\\\/?p=376#respond\"]}]},{\"@type\":\"WebPage\",\"@id\":\"https:\\\/\\\/psgfans.fr\\\/?p=376\",\"url\":\"https:\\\/\\\/psgfans.fr\\\/?p=376\",\"name\":\"Ligue des Champions : les conseils de Varane au PSG - PSG FANS\",\"isPartOf\":{\"@id\":\"https:\\\/\\\/psgfans.fr\\\/#website\"},\"primaryImageOfPage\":{\"@id\":\"https:\\\/\\\/psgfans.fr\\\/?p=376#primaryimage\"},\"image\":{\"@id\":\"https:\\\/\\\/psgfans.fr\\\/?p=376#primaryimage\"},\"thumbnailUrl\":\"https:\\\/\\\/blogger.googleusercontent.com\\\/img\\\/b\\\/R29vZ2xl\\\/AVvXsEha_MUCdvxlF17-jiQqd0tfNx6uHUMtf0bNdQQNWIU8Qs55hqlg6YPU45kora0Openrs07prDkdLzaDb-yvEfLlZ1iUcKtSht73gZTC0WwwMVGZYaDEHgt8aT01I8Jo_ftXcuvs59UxxPU\\\/s1600\\\/1.jpg\",\"datePublished\":\"2015-04-14T09:02:00+00:00\",\"author\":{\"@id\":\"https:\\\/\\\/psgfans.fr\\\/#\\\/schema\\\/person\\\/be2237e7a0237af2f29cb344b3c55e6c\"},\"breadcrumb\":{\"@id\":\"https:\\\/\\\/psgfans.fr\\\/?p=376#breadcrumb\"},\"inLanguage\":\"fr-FR\",\"potentialAction\":[{\"@type\":\"ReadAction\",\"target\":[\"https:\\\/\\\/psgfans.fr\\\/?p=376\"]}]},{\"@type\":\"ImageObject\",\"inLanguage\":\"fr-FR\",\"@id\":\"https:\\\/\\\/psgfans.fr\\\/?p=376#primaryimage\",\"url\":\"https:\\\/\\\/blogger.googleusercontent.com\\\/img\\\/b\\\/R29vZ2xl\\\/AVvXsEha_MUCdvxlF17-jiQqd0tfNx6uHUMtf0bNdQQNWIU8Qs55hqlg6YPU45kora0Openrs07prDkdLzaDb-yvEfLlZ1iUcKtSht73gZTC0WwwMVGZYaDEHgt8aT01I8Jo_ftXcuvs59UxxPU\\\/s1600\\\/1.jpg\",\"contentUrl\":\"https:\\\/\\\/blogger.googleusercontent.com\\\/img\\\/b\\\/R29vZ2xl\\\/AVvXsEha_MUCdvxlF17-jiQqd0tfNx6uHUMtf0bNdQQNWIU8Qs55hqlg6YPU45kora0Openrs07prDkdLzaDb-yvEfLlZ1iUcKtSht73gZTC0WwwMVGZYaDEHgt8aT01I8Jo_ftXcuvs59UxxPU\\\/s1600\\\/1.jpg\"},{\"@type\":\"BreadcrumbList\",\"@id\":\"https:\\\/\\\/psgfans.fr\\\/?p=376#breadcrumb\",\"itemListElement\":[{\"@type\":\"ListItem\",\"position\":1,\"name\":\"Accueil\",\"item\":\"https:\\\/\\\/psgfans.fr\\\/\"},{\"@type\":\"ListItem\",\"position\":2,\"name\":\"Ligue des Champions : les conseils de Varane au PSG\"}]},{\"@type\":\"WebSite\",\"@id\":\"https:\\\/\\\/psgfans.fr\\\/#website\",\"url\":\"https:\\\/\\\/psgfans.fr\\\/\",\"name\":\"PSG FANS\",\"description\":\"Unit\u00e9, Passion, Victoire : Au C\u0153ur du Paris Saint-Germain!\",\"potentialAction\":[{\"@type\":\"SearchAction\",\"target\":{\"@type\":\"EntryPoint\",\"urlTemplate\":\"https:\\\/\\\/psgfans.fr\\\/?s={search_term_string}\"},\"query-input\":{\"@type\":\"PropertyValueSpecification\",\"valueRequired\":true,\"valueName\":\"search_term_string\"}}],\"inLanguage\":\"fr-FR\"},{\"@type\":\"Person\",\"@id\":\"https:\\\/\\\/psgfans.fr\\\/#\\\/schema\\\/person\\\/be2237e7a0237af2f29cb344b3c55e6c\",\"name\":\"psgfans\",\"image\":{\"@type\":\"ImageObject\",\"inLanguage\":\"fr-FR\",\"@id\":\"https:\\\/\\\/secure.gravatar.com\\\/avatar\\\/?s=96&d=mm&r=g\",\"url\":\"https:\\\/\\\/secure.gravatar.com\\\/avatar\\\/?s=96&d=mm&r=g\",\"contentUrl\":\"https:\\\/\\\/secure.gravatar.com\\\/avatar\\\/?s=96&d=mm&r=g\",\"caption\":\"psgfans\"},\"url\":\"https:\\\/\\\/psgfans.fr\\\/?author=2\"}]}<\/script>\n<!-- \/ Yoast SEO plugin. -->","yoast_head_json":{"title":"Ligue des Champions : les conseils de Varane au PSG - PSG FANS","robots":{"index":"index","follow":"follow","max-snippet":"max-snippet:-1","max-image-preview":"max-image-preview:large","max-video-preview":"max-video-preview:-1"},"canonical":"https:\/\/psgfans.fr\/?p=376","og_locale":"fr_FR","og_type":"article","og_title":"Ligue des Champions : les conseils de Varane au PSG - PSG FANS","og_description":"Habitu\u00e9 \u00e0 affronter le Bar\u00e7a sur la sc\u00e8ne domestique et europ\u00e9enne, le d\u00e9fenseur fran\u00e7ais du Real Madrid Rapha\u00ebl Varane a livr\u00e9 les cl\u00e9s pour bien d\u00e9fendre face au trio Messi-Suarez-Neymar. \u00c0 force de jouer contre le FC Barcelone en Ligue des Champions, le PSG de l\u2019\u00e8re QSI doit commencer \u00e0 conna\u00eetre le club catalan par [&hellip;]","og_url":"https:\/\/psgfans.fr\/?p=376","og_site_name":"PSG FANS","article_published_time":"2015-04-14T09:02:00+00:00","og_image":[{"url":"https:\/\/blogger.googleusercontent.com\/img\/b\/R29vZ2xl\/AVvXsEha_MUCdvxlF17-jiQqd0tfNx6uHUMtf0bNdQQNWIU8Qs55hqlg6YPU45kora0Openrs07prDkdLzaDb-yvEfLlZ1iUcKtSht73gZTC0WwwMVGZYaDEHgt8aT01I8Jo_ftXcuvs59UxxPU\/s1600\/1.jpg","type":"","width":"","height":""}],"author":"psgfans","twitter_card":"summary_large_image","twitter_misc":{"\u00c9crit par":"psgfans","Dur\u00e9e de lecture estim\u00e9e":"2 minutes"},"schema":{"@context":"https:\/\/schema.org","@graph":[{"@type":"Article","@id":"https:\/\/psgfans.fr\/?p=376#article","isPartOf":{"@id":"https:\/\/psgfans.fr\/?p=376"},"author":{"name":"psgfans","@id":"https:\/\/psgfans.fr\/#\/schema\/person\/be2237e7a0237af2f29cb344b3c55e6c"},"headline":"Ligue des Champions : les conseils de Varane au PSG","datePublished":"2015-04-14T09:02:00+00:00","mainEntityOfPage":{"@id":"https:\/\/psgfans.fr\/?p=376"},"wordCount":366,"commentCount":0,"image":{"@id":"https:\/\/psgfans.fr\/?p=376#primaryimage"},"thumbnailUrl":"https:\/\/blogger.googleusercontent.com\/img\/b\/R29vZ2xl\/AVvXsEha_MUCdvxlF17-jiQqd0tfNx6uHUMtf0bNdQQNWIU8Qs55hqlg6YPU45kora0Openrs07prDkdLzaDb-yvEfLlZ1iUcKtSht73gZTC0WwwMVGZYaDEHgt8aT01I8Jo_ftXcuvs59UxxPU\/s1600\/1.jpg","articleSection":["News"],"inLanguage":"fr-FR","potentialAction":[{"@type":"CommentAction","name":"Comment","target":["https:\/\/psgfans.fr\/?p=376#respond"]}]},{"@type":"WebPage","@id":"https:\/\/psgfans.fr\/?p=376","url":"https:\/\/psgfans.fr\/?p=376","name":"Ligue des Champions : les conseils de Varane au PSG - PSG FANS","isPartOf":{"@id":"https:\/\/psgfans.fr\/#website"},"primaryImageOfPage":{"@id":"https:\/\/psgfans.fr\/?p=376#primaryimage"},"image":{"@id":"https:\/\/psgfans.fr\/?p=376#primaryimage"},"thumbnailUrl":"https:\/\/blogger.googleusercontent.com\/img\/b\/R29vZ2xl\/AVvXsEha_MUCdvxlF17-jiQqd0tfNx6uHUMtf0bNdQQNWIU8Qs55hqlg6YPU45kora0Openrs07prDkdLzaDb-yvEfLlZ1iUcKtSht73gZTC0WwwMVGZYaDEHgt8aT01I8Jo_ftXcuvs59UxxPU\/s1600\/1.jpg","datePublished":"2015-04-14T09:02:00+00:00","author":{"@id":"https:\/\/psgfans.fr\/#\/schema\/person\/be2237e7a0237af2f29cb344b3c55e6c"},"breadcrumb":{"@id":"https:\/\/psgfans.fr\/?p=376#breadcrumb"},"inLanguage":"fr-FR","potentialAction":[{"@type":"ReadAction","target":["https:\/\/psgfans.fr\/?p=376"]}]},{"@type":"ImageObject","inLanguage":"fr-FR","@id":"https:\/\/psgfans.fr\/?p=376#primaryimage","url":"https:\/\/blogger.googleusercontent.com\/img\/b\/R29vZ2xl\/AVvXsEha_MUCdvxlF17-jiQqd0tfNx6uHUMtf0bNdQQNWIU8Qs55hqlg6YPU45kora0Openrs07prDkdLzaDb-yvEfLlZ1iUcKtSht73gZTC0WwwMVGZYaDEHgt8aT01I8Jo_ftXcuvs59UxxPU\/s1600\/1.jpg","contentUrl":"https:\/\/blogger.googleusercontent.com\/img\/b\/R29vZ2xl\/AVvXsEha_MUCdvxlF17-jiQqd0tfNx6uHUMtf0bNdQQNWIU8Qs55hqlg6YPU45kora0Openrs07prDkdLzaDb-yvEfLlZ1iUcKtSht73gZTC0WwwMVGZYaDEHgt8aT01I8Jo_ftXcuvs59UxxPU\/s1600\/1.jpg"},{"@type":"BreadcrumbList","@id":"https:\/\/psgfans.fr\/?p=376#breadcrumb","itemListElement":[{"@type":"ListItem","position":1,"name":"Accueil","item":"https:\/\/psgfans.fr\/"},{"@type":"ListItem","position":2,"name":"Ligue des Champions : les conseils de Varane au PSG"}]},{"@type":"WebSite","@id":"https:\/\/psgfans.fr\/#website","url":"https:\/\/psgfans.fr\/","name":"PSG FANS","description":"Unit\u00e9, Passion, Victoire : Au C\u0153ur du Paris Saint-Germain!","potentialAction":[{"@type":"SearchAction","target":{"@type":"EntryPoint","urlTemplate":"https:\/\/psgfans.fr\/?s={search_term_string}"},"query-input":{"@type":"PropertyValueSpecification","valueRequired":true,"valueName":"search_term_string"}}],"inLanguage":"fr-FR"},{"@type":"Person","@id":"https:\/\/psgfans.fr\/#\/schema\/person\/be2237e7a0237af2f29cb344b3c55e6c","name":"psgfans","image":{"@type":"ImageObject","inLanguage":"fr-FR","@id":"https:\/\/secure.gravatar.com\/avatar\/?s=96&d=mm&r=g","url":"https:\/\/secure.gravatar.com\/avatar\/?s=96&d=mm&r=g","contentUrl":"https:\/\/secure.gravatar.com\/avatar\/?s=96&d=mm&r=g","caption":"psgfans"},"url":"https:\/\/psgfans.fr\/?author=2"}]}},"_links":{"self":[{"href":"https:\/\/psgfans.fr\/index.php?rest_route=\/wp\/v2\/posts\/376","targetHints":{"allow":["GET"]}}],"collection":[{"href":"https:\/\/psgfans.fr\/index.php?rest_route=\/wp\/v2\/posts"}],"about":[{"href":"https:\/\/psgfans.fr\/index.php?rest_route=\/wp\/v2\/types\/post"}],"author":[{"embeddable":true,"href":"https:\/\/psgfans.fr\/index.php?rest_route=\/wp\/v2\/users\/2"}],"replies":[{"embeddable":true,"href":"https:\/\/psgfans.fr\/index.php?rest_route=%2Fwp%2Fv2%2Fcomments&post=376"}],"version-history":[{"count":0,"href":"https:\/\/psgfans.fr\/index.php?rest_route=\/wp\/v2\/posts\/376\/revisions"}],"wp:attachment":[{"href":"https:\/\/psgfans.fr\/index.php?rest_route=%2Fwp%2Fv2%2Fmedia&parent=376"}],"wp:term":[{"taxonomy":"category","embeddable":true,"href":"https:\/\/psgfans.fr\/index.php?rest_route=%2Fwp%2Fv2%2Fcategories&post=376"},{"taxonomy":"post_tag","embeddable":true,"href":"https:\/\/psgfans.fr\/index.php?rest_route=%2Fwp%2Fv2%2Ftags&post=376"}],"curies":[{"name":"wp","href":"https:\/\/api.w.org\/{rel}","templated":true}]}}