{"id":375,"date":"2015-04-14T10:05:00","date_gmt":"2015-04-14T09:05:00","guid":{"rendered":"https:\/\/psgfans.fr\/?p=375"},"modified":"2015-04-14T10:05:00","modified_gmt":"2015-04-14T09:05:00","slug":"psg-bernard-tapie-dezingue-zlatan-ibrahimovic-et-les-dirigeants-parisiens","status":"publish","type":"post","link":"https:\/\/psgfans.fr\/?p=375","title":{"rendered":"PSG : Bernard Tapie d\u00e9zingue Zlatan Ibrahimovic et les dirigeants parisiens !"},"content":{"rendered":"<div style=\"clear: both; text-align: center;\"><a href=\"https:\/\/blogger.googleusercontent.com\/img\/b\/R29vZ2xl\/AVvXsEhmE1xaGuqdbDrsdZUT9cEoPEmWFufAea6BU-v1eX41BPcWO9xRlaWtMFv4jLkHK7y1QyIK5TSON7rEIABQqnJ4QyeMjnc5ccGSoWNAlgWFdHxRMIh97MBnZ71saAlVBpgLA3ZyOvGniBg\/s1600\/2.jpg\" style=\"margin-left: 1em; margin-right: 1em;\"><img loading=\"lazy\" decoding=\"async\" border=\"0\" src=\"https:\/\/blogger.googleusercontent.com\/img\/b\/R29vZ2xl\/AVvXsEhmE1xaGuqdbDrsdZUT9cEoPEmWFufAea6BU-v1eX41BPcWO9xRlaWtMFv4jLkHK7y1QyIK5TSON7rEIABQqnJ4QyeMjnc5ccGSoWNAlgWFdHxRMIh97MBnZ71saAlVBpgLA3ZyOvGniBg\/s1600\/2.jpg\" height=\"266\" width=\"400\" \/><\/a><\/div>\n<p><b><br \/><\/b><b>Ancien pr\u00e9sident de l\u2019OM, Bernard Tapie s\u2019est exprim\u00e9 sur la pol\u00e9mique qui secoue le PSG apr\u00e8s la suspension de Zlatan Ibrahimovic.<\/b><\/p>\n<p>La suspension de Zlatan Ibrahimovic par la commission de discipline de la Ligue a vite fait r\u00e9agir l\u2019int\u00e9ress\u00e9 et les dirigeants du PSG. Laurent Blanc ne pourra pas compter sur son attaquant lors des quatre prochains matchs de Ligue 1 et dans les colonnes de L\u2019\u00c9quipe ce mardi, Bernard Tapie, ancien pr\u00e9sident de l\u2019OM, s\u2019est tout simplement pay\u00e9 le g\u00e9ant su\u00e9dois.<\/p>\n<p><b>\u00ab LES DIRIGEANTS AURAIENT D\u00db LE SANCTIONNER \u00bb<\/b><br \/>\u00ab Ses propos ? Les dirigeants auraient d\u00fb le sanctionner. Il parle quand m\u00eame d&rsquo;un \u00ab\u00a0pays de merde\u00a0\u00bb. Avec moi, Cantona a fait moins grave en jetant son maillot (en 1989) et il n&rsquo;a plus remis les pieds \u00e0 l&rsquo;OM. Zlatan, il pourrait le jeter et m\u00eame le manger en public, il ne lui arriverait rien. Non seulement ils ne le pourrissent pas, mais ils le soutiennent. C&rsquo;est d&rsquo;une nullit\u00e9 totale. Il est plus important que le club, que le pr\u00e9sident : ils lui l\u00e8chent les doigts de pied \u00e0 longueur de journ\u00e9e. C&rsquo;est insupportable. Vous avez vu comment il regarde un joueur quand on fait une faute sur lui ? \u00bb, avoue Bernard Tapie.<\/p>\n<p><b>\u00ab IBRAHIMOVIC ? IL SE PREND POUR QUI CE MEC-L\u00c0 ? \u00bb<\/b><br \/>\u00ab M\u00eame si c&rsquo;est un tr\u00e8s tr\u00e8s grand joueur, il se prend pour qui, ce mec-l\u00e0 ? D&rsquo;habitude, plus les joueurs sont grands, plus ils sont simples, accessibles. Lui est plus pr\u00e9sident que le pr\u00e9sident. Qu&rsquo;est-ce que Blanc a \u00e0 craindre de Zlatan ? Pour l&rsquo;instant, des deux, il n&rsquo;y en a qu&rsquo;un qui a gagn\u00e9 la Coupe du monde, non ? J&rsquo;ai une question : pourquoi Barcelone ou l\u2019Inter ne l&rsquo;ont pas gard\u00e9 ? Moi, quand Berlusconi ne voulait pas d&rsquo;un joueur, je le lui laissais \u00bb, insiste-t-il.<\/p>\n<p>le10sport<\/p>\n","protected":false},"excerpt":{"rendered":"<p>Ancien pr\u00e9sident de l\u2019OM, Bernard Tapie s\u2019est exprim\u00e9 sur la pol\u00e9mique qui secoue le PSG apr\u00e8s la suspension de Zlatan Ibrahimovic. La suspension de Zlatan Ibrahimovic par la commission de discipline de la Ligue a vite fait r\u00e9agir l\u2019int\u00e9ress\u00e9 et les dirigeants du PSG. Laurent Blanc ne pourra pas compter sur son attaquant lors des [&hellip;]<\/p>\n","protected":false},"author":2,"featured_media":0,"comment_status":"open","ping_status":"open","sticky":false,"template":"","format":"standard","meta":{"footnotes":""},"categories":[3],"tags":[],"class_list":{"0":"post-375","1":"post","2":"type-post","3":"status-publish","4":"format-standard","6":"category-news"},"yoast_head":"<!-- This site is optimized with the Yoast SEO plugin v27.4 - https:\/\/yoast.com\/product\/yoast-seo-wordpress\/ -->\n<title>PSG : Bernard Tapie d\u00e9zingue Zlatan Ibrahimovic et les dirigeants parisiens ! - PSG FANS<\/title>\n<meta name=\"robots\" content=\"index, follow, max-snippet:-1, max-image-preview:large, max-video-preview:-1\" \/>\n<link rel=\"canonical\" href=\"https:\/\/psgfans.fr\/?p=375\" \/>\n<meta property=\"og:locale\" content=\"fr_FR\" \/>\n<meta property=\"og:type\" content=\"article\" \/>\n<meta property=\"og:title\" content=\"PSG : Bernard Tapie d\u00e9zingue Zlatan Ibrahimovic et les dirigeants parisiens ! - PSG FANS\" \/>\n<meta property=\"og:description\" content=\"Ancien pr\u00e9sident de l\u2019OM, Bernard Tapie s\u2019est exprim\u00e9 sur la pol\u00e9mique qui secoue le PSG apr\u00e8s la suspension de Zlatan Ibrahimovic. La suspension de Zlatan Ibrahimovic par la commission de discipline de la Ligue a vite fait r\u00e9agir l\u2019int\u00e9ress\u00e9 et les dirigeants du PSG. Laurent Blanc ne pourra pas compter sur son attaquant lors des [&hellip;]\" \/>\n<meta property=\"og:url\" content=\"https:\/\/psgfans.fr\/?p=375\" \/>\n<meta property=\"og:site_name\" content=\"PSG FANS\" \/>\n<meta property=\"article:published_time\" content=\"2015-04-14T09:05:00+00:00\" \/>\n<meta property=\"og:image\" content=\"https:\/\/blogger.googleusercontent.com\/img\/b\/R29vZ2xl\/AVvXsEhmE1xaGuqdbDrsdZUT9cEoPEmWFufAea6BU-v1eX41BPcWO9xRlaWtMFv4jLkHK7y1QyIK5TSON7rEIABQqnJ4QyeMjnc5ccGSoWNAlgWFdHxRMIh97MBnZ71saAlVBpgLA3ZyOvGniBg\/s1600\/2.jpg\" \/>\n<meta name=\"author\" content=\"psgfans\" \/>\n<meta name=\"twitter:card\" content=\"summary_large_image\" \/>\n<meta name=\"twitter:label1\" content=\"\u00c9crit par\" \/>\n\t<meta name=\"twitter:data1\" content=\"psgfans\" \/>\n\t<meta name=\"twitter:label2\" content=\"Dur\u00e9e de lecture estim\u00e9e\" \/>\n\t<meta name=\"twitter:data2\" content=\"2 minutes\" \/>\n<script type=\"application\/ld+json\" class=\"yoast-schema-graph\">{\"@context\":\"https:\\\/\\\/schema.org\",\"@graph\":[{\"@type\":\"Article\",\"@id\":\"https:\\\/\\\/psgfans.fr\\\/?p=375#article\",\"isPartOf\":{\"@id\":\"https:\\\/\\\/psgfans.fr\\\/?p=375\"},\"author\":{\"name\":\"psgfans\",\"@id\":\"https:\\\/\\\/psgfans.fr\\\/#\\\/schema\\\/person\\\/be2237e7a0237af2f29cb344b3c55e6c\"},\"headline\":\"PSG : Bernard Tapie d\u00e9zingue Zlatan Ibrahimovic et les dirigeants parisiens !\",\"datePublished\":\"2015-04-14T09:05:00+00:00\",\"mainEntityOfPage\":{\"@id\":\"https:\\\/\\\/psgfans.fr\\\/?p=375\"},\"wordCount\":336,\"commentCount\":0,\"image\":{\"@id\":\"https:\\\/\\\/psgfans.fr\\\/?p=375#primaryimage\"},\"thumbnailUrl\":\"https:\\\/\\\/blogger.googleusercontent.com\\\/img\\\/b\\\/R29vZ2xl\\\/AVvXsEhmE1xaGuqdbDrsdZUT9cEoPEmWFufAea6BU-v1eX41BPcWO9xRlaWtMFv4jLkHK7y1QyIK5TSON7rEIABQqnJ4QyeMjnc5ccGSoWNAlgWFdHxRMIh97MBnZ71saAlVBpgLA3ZyOvGniBg\\\/s1600\\\/2.jpg\",\"articleSection\":[\"News\"],\"inLanguage\":\"fr-FR\",\"potentialAction\":[{\"@type\":\"CommentAction\",\"name\":\"Comment\",\"target\":[\"https:\\\/\\\/psgfans.fr\\\/?p=375#respond\"]}]},{\"@type\":\"WebPage\",\"@id\":\"https:\\\/\\\/psgfans.fr\\\/?p=375\",\"url\":\"https:\\\/\\\/psgfans.fr\\\/?p=375\",\"name\":\"PSG : Bernard Tapie d\u00e9zingue Zlatan Ibrahimovic et les dirigeants parisiens ! - PSG FANS\",\"isPartOf\":{\"@id\":\"https:\\\/\\\/psgfans.fr\\\/#website\"},\"primaryImageOfPage\":{\"@id\":\"https:\\\/\\\/psgfans.fr\\\/?p=375#primaryimage\"},\"image\":{\"@id\":\"https:\\\/\\\/psgfans.fr\\\/?p=375#primaryimage\"},\"thumbnailUrl\":\"https:\\\/\\\/blogger.googleusercontent.com\\\/img\\\/b\\\/R29vZ2xl\\\/AVvXsEhmE1xaGuqdbDrsdZUT9cEoPEmWFufAea6BU-v1eX41BPcWO9xRlaWtMFv4jLkHK7y1QyIK5TSON7rEIABQqnJ4QyeMjnc5ccGSoWNAlgWFdHxRMIh97MBnZ71saAlVBpgLA3ZyOvGniBg\\\/s1600\\\/2.jpg\",\"datePublished\":\"2015-04-14T09:05:00+00:00\",\"author\":{\"@id\":\"https:\\\/\\\/psgfans.fr\\\/#\\\/schema\\\/person\\\/be2237e7a0237af2f29cb344b3c55e6c\"},\"breadcrumb\":{\"@id\":\"https:\\\/\\\/psgfans.fr\\\/?p=375#breadcrumb\"},\"inLanguage\":\"fr-FR\",\"potentialAction\":[{\"@type\":\"ReadAction\",\"target\":[\"https:\\\/\\\/psgfans.fr\\\/?p=375\"]}]},{\"@type\":\"ImageObject\",\"inLanguage\":\"fr-FR\",\"@id\":\"https:\\\/\\\/psgfans.fr\\\/?p=375#primaryimage\",\"url\":\"https:\\\/\\\/blogger.googleusercontent.com\\\/img\\\/b\\\/R29vZ2xl\\\/AVvXsEhmE1xaGuqdbDrsdZUT9cEoPEmWFufAea6BU-v1eX41BPcWO9xRlaWtMFv4jLkHK7y1QyIK5TSON7rEIABQqnJ4QyeMjnc5ccGSoWNAlgWFdHxRMIh97MBnZ71saAlVBpgLA3ZyOvGniBg\\\/s1600\\\/2.jpg\",\"contentUrl\":\"https:\\\/\\\/blogger.googleusercontent.com\\\/img\\\/b\\\/R29vZ2xl\\\/AVvXsEhmE1xaGuqdbDrsdZUT9cEoPEmWFufAea6BU-v1eX41BPcWO9xRlaWtMFv4jLkHK7y1QyIK5TSON7rEIABQqnJ4QyeMjnc5ccGSoWNAlgWFdHxRMIh97MBnZ71saAlVBpgLA3ZyOvGniBg\\\/s1600\\\/2.jpg\"},{\"@type\":\"BreadcrumbList\",\"@id\":\"https:\\\/\\\/psgfans.fr\\\/?p=375#breadcrumb\",\"itemListElement\":[{\"@type\":\"ListItem\",\"position\":1,\"name\":\"Accueil\",\"item\":\"https:\\\/\\\/psgfans.fr\\\/\"},{\"@type\":\"ListItem\",\"position\":2,\"name\":\"PSG : Bernard Tapie d\u00e9zingue Zlatan Ibrahimovic et les dirigeants parisiens !\"}]},{\"@type\":\"WebSite\",\"@id\":\"https:\\\/\\\/psgfans.fr\\\/#website\",\"url\":\"https:\\\/\\\/psgfans.fr\\\/\",\"name\":\"PSG FANS\",\"description\":\"Unit\u00e9, Passion, Victoire : Au C\u0153ur du Paris Saint-Germain!\",\"potentialAction\":[{\"@type\":\"SearchAction\",\"target\":{\"@type\":\"EntryPoint\",\"urlTemplate\":\"https:\\\/\\\/psgfans.fr\\\/?s={search_term_string}\"},\"query-input\":{\"@type\":\"PropertyValueSpecification\",\"valueRequired\":true,\"valueName\":\"search_term_string\"}}],\"inLanguage\":\"fr-FR\"},{\"@type\":\"Person\",\"@id\":\"https:\\\/\\\/psgfans.fr\\\/#\\\/schema\\\/person\\\/be2237e7a0237af2f29cb344b3c55e6c\",\"name\":\"psgfans\",\"image\":{\"@type\":\"ImageObject\",\"inLanguage\":\"fr-FR\",\"@id\":\"https:\\\/\\\/secure.gravatar.com\\\/avatar\\\/?s=96&d=mm&r=g\",\"url\":\"https:\\\/\\\/secure.gravatar.com\\\/avatar\\\/?s=96&d=mm&r=g\",\"contentUrl\":\"https:\\\/\\\/secure.gravatar.com\\\/avatar\\\/?s=96&d=mm&r=g\",\"caption\":\"psgfans\"},\"url\":\"https:\\\/\\\/psgfans.fr\\\/?author=2\"}]}<\/script>\n<!-- \/ Yoast SEO plugin. -->","yoast_head_json":{"title":"PSG : Bernard Tapie d\u00e9zingue Zlatan Ibrahimovic et les dirigeants parisiens ! - PSG FANS","robots":{"index":"index","follow":"follow","max-snippet":"max-snippet:-1","max-image-preview":"max-image-preview:large","max-video-preview":"max-video-preview:-1"},"canonical":"https:\/\/psgfans.fr\/?p=375","og_locale":"fr_FR","og_type":"article","og_title":"PSG : Bernard Tapie d\u00e9zingue Zlatan Ibrahimovic et les dirigeants parisiens ! - PSG FANS","og_description":"Ancien pr\u00e9sident de l\u2019OM, Bernard Tapie s\u2019est exprim\u00e9 sur la pol\u00e9mique qui secoue le PSG apr\u00e8s la suspension de Zlatan Ibrahimovic. La suspension de Zlatan Ibrahimovic par la commission de discipline de la Ligue a vite fait r\u00e9agir l\u2019int\u00e9ress\u00e9 et les dirigeants du PSG. Laurent Blanc ne pourra pas compter sur son attaquant lors des [&hellip;]","og_url":"https:\/\/psgfans.fr\/?p=375","og_site_name":"PSG FANS","article_published_time":"2015-04-14T09:05:00+00:00","og_image":[{"url":"https:\/\/blogger.googleusercontent.com\/img\/b\/R29vZ2xl\/AVvXsEhmE1xaGuqdbDrsdZUT9cEoPEmWFufAea6BU-v1eX41BPcWO9xRlaWtMFv4jLkHK7y1QyIK5TSON7rEIABQqnJ4QyeMjnc5ccGSoWNAlgWFdHxRMIh97MBnZ71saAlVBpgLA3ZyOvGniBg\/s1600\/2.jpg","type":"","width":"","height":""}],"author":"psgfans","twitter_card":"summary_large_image","twitter_misc":{"\u00c9crit par":"psgfans","Dur\u00e9e de lecture estim\u00e9e":"2 minutes"},"schema":{"@context":"https:\/\/schema.org","@graph":[{"@type":"Article","@id":"https:\/\/psgfans.fr\/?p=375#article","isPartOf":{"@id":"https:\/\/psgfans.fr\/?p=375"},"author":{"name":"psgfans","@id":"https:\/\/psgfans.fr\/#\/schema\/person\/be2237e7a0237af2f29cb344b3c55e6c"},"headline":"PSG : Bernard Tapie d\u00e9zingue Zlatan Ibrahimovic et les dirigeants parisiens !","datePublished":"2015-04-14T09:05:00+00:00","mainEntityOfPage":{"@id":"https:\/\/psgfans.fr\/?p=375"},"wordCount":336,"commentCount":0,"image":{"@id":"https:\/\/psgfans.fr\/?p=375#primaryimage"},"thumbnailUrl":"https:\/\/blogger.googleusercontent.com\/img\/b\/R29vZ2xl\/AVvXsEhmE1xaGuqdbDrsdZUT9cEoPEmWFufAea6BU-v1eX41BPcWO9xRlaWtMFv4jLkHK7y1QyIK5TSON7rEIABQqnJ4QyeMjnc5ccGSoWNAlgWFdHxRMIh97MBnZ71saAlVBpgLA3ZyOvGniBg\/s1600\/2.jpg","articleSection":["News"],"inLanguage":"fr-FR","potentialAction":[{"@type":"CommentAction","name":"Comment","target":["https:\/\/psgfans.fr\/?p=375#respond"]}]},{"@type":"WebPage","@id":"https:\/\/psgfans.fr\/?p=375","url":"https:\/\/psgfans.fr\/?p=375","name":"PSG : Bernard Tapie d\u00e9zingue Zlatan Ibrahimovic et les dirigeants parisiens ! - PSG FANS","isPartOf":{"@id":"https:\/\/psgfans.fr\/#website"},"primaryImageOfPage":{"@id":"https:\/\/psgfans.fr\/?p=375#primaryimage"},"image":{"@id":"https:\/\/psgfans.fr\/?p=375#primaryimage"},"thumbnailUrl":"https:\/\/blogger.googleusercontent.com\/img\/b\/R29vZ2xl\/AVvXsEhmE1xaGuqdbDrsdZUT9cEoPEmWFufAea6BU-v1eX41BPcWO9xRlaWtMFv4jLkHK7y1QyIK5TSON7rEIABQqnJ4QyeMjnc5ccGSoWNAlgWFdHxRMIh97MBnZ71saAlVBpgLA3ZyOvGniBg\/s1600\/2.jpg","datePublished":"2015-04-14T09:05:00+00:00","author":{"@id":"https:\/\/psgfans.fr\/#\/schema\/person\/be2237e7a0237af2f29cb344b3c55e6c"},"breadcrumb":{"@id":"https:\/\/psgfans.fr\/?p=375#breadcrumb"},"inLanguage":"fr-FR","potentialAction":[{"@type":"ReadAction","target":["https:\/\/psgfans.fr\/?p=375"]}]},{"@type":"ImageObject","inLanguage":"fr-FR","@id":"https:\/\/psgfans.fr\/?p=375#primaryimage","url":"https:\/\/blogger.googleusercontent.com\/img\/b\/R29vZ2xl\/AVvXsEhmE1xaGuqdbDrsdZUT9cEoPEmWFufAea6BU-v1eX41BPcWO9xRlaWtMFv4jLkHK7y1QyIK5TSON7rEIABQqnJ4QyeMjnc5ccGSoWNAlgWFdHxRMIh97MBnZ71saAlVBpgLA3ZyOvGniBg\/s1600\/2.jpg","contentUrl":"https:\/\/blogger.googleusercontent.com\/img\/b\/R29vZ2xl\/AVvXsEhmE1xaGuqdbDrsdZUT9cEoPEmWFufAea6BU-v1eX41BPcWO9xRlaWtMFv4jLkHK7y1QyIK5TSON7rEIABQqnJ4QyeMjnc5ccGSoWNAlgWFdHxRMIh97MBnZ71saAlVBpgLA3ZyOvGniBg\/s1600\/2.jpg"},{"@type":"BreadcrumbList","@id":"https:\/\/psgfans.fr\/?p=375#breadcrumb","itemListElement":[{"@type":"ListItem","position":1,"name":"Accueil","item":"https:\/\/psgfans.fr\/"},{"@type":"ListItem","position":2,"name":"PSG : Bernard Tapie d\u00e9zingue Zlatan Ibrahimovic et les dirigeants parisiens !"}]},{"@type":"WebSite","@id":"https:\/\/psgfans.fr\/#website","url":"https:\/\/psgfans.fr\/","name":"PSG FANS","description":"Unit\u00e9, Passion, Victoire : Au C\u0153ur du Paris Saint-Germain!","potentialAction":[{"@type":"SearchAction","target":{"@type":"EntryPoint","urlTemplate":"https:\/\/psgfans.fr\/?s={search_term_string}"},"query-input":{"@type":"PropertyValueSpecification","valueRequired":true,"valueName":"search_term_string"}}],"inLanguage":"fr-FR"},{"@type":"Person","@id":"https:\/\/psgfans.fr\/#\/schema\/person\/be2237e7a0237af2f29cb344b3c55e6c","name":"psgfans","image":{"@type":"ImageObject","inLanguage":"fr-FR","@id":"https:\/\/secure.gravatar.com\/avatar\/?s=96&d=mm&r=g","url":"https:\/\/secure.gravatar.com\/avatar\/?s=96&d=mm&r=g","contentUrl":"https:\/\/secure.gravatar.com\/avatar\/?s=96&d=mm&r=g","caption":"psgfans"},"url":"https:\/\/psgfans.fr\/?author=2"}]}},"_links":{"self":[{"href":"https:\/\/psgfans.fr\/index.php?rest_route=\/wp\/v2\/posts\/375","targetHints":{"allow":["GET"]}}],"collection":[{"href":"https:\/\/psgfans.fr\/index.php?rest_route=\/wp\/v2\/posts"}],"about":[{"href":"https:\/\/psgfans.fr\/index.php?rest_route=\/wp\/v2\/types\/post"}],"author":[{"embeddable":true,"href":"https:\/\/psgfans.fr\/index.php?rest_route=\/wp\/v2\/users\/2"}],"replies":[{"embeddable":true,"href":"https:\/\/psgfans.fr\/index.php?rest_route=%2Fwp%2Fv2%2Fcomments&post=375"}],"version-history":[{"count":0,"href":"https:\/\/psgfans.fr\/index.php?rest_route=\/wp\/v2\/posts\/375\/revisions"}],"wp:attachment":[{"href":"https:\/\/psgfans.fr\/index.php?rest_route=%2Fwp%2Fv2%2Fmedia&parent=375"}],"wp:term":[{"taxonomy":"category","embeddable":true,"href":"https:\/\/psgfans.fr\/index.php?rest_route=%2Fwp%2Fv2%2Fcategories&post=375"},{"taxonomy":"post_tag","embeddable":true,"href":"https:\/\/psgfans.fr\/index.php?rest_route=%2Fwp%2Fv2%2Ftags&post=375"}],"curies":[{"name":"wp","href":"https:\/\/api.w.org\/{rel}","templated":true}]}}