{"id":374,"date":"2015-04-14T10:09:00","date_gmt":"2015-04-14T09:09:00","guid":{"rendered":"https:\/\/psgfans.fr\/?p=374"},"modified":"2015-04-14T10:09:00","modified_gmt":"2015-04-14T09:09:00","slug":"bernard-tapie-le-psg-leche-les-doigts-de-pieds-dibrahimovic","status":"publish","type":"post","link":"https:\/\/psgfans.fr\/?p=374","title":{"rendered":"Bernard Tapie : \u00abLe PSG l\u00e8che les doigts de pieds d&#39;Ibrahimovic\u00bb"},"content":{"rendered":"<div style=\"clear: both; text-align: center;\"><a href=\"https:\/\/blogger.googleusercontent.com\/img\/b\/R29vZ2xl\/AVvXsEgOCX7pa19jBDlz_i8-BoN0M1WUh8PIXRy_xbtTp7CwJ0A6AVcVlHZLf93wpg_HUxk70Jmx4H2-tsTRyvs16-e36zHTERzEXpyv-027lbjvoGyzdkZEQluAw5nalGe015MNXTz6V-957w0\/s1600\/1.jpg\" style=\"margin-left: 1em; margin-right: 1em;\"><img loading=\"lazy\" decoding=\"async\" border=\"0\" src=\"https:\/\/blogger.googleusercontent.com\/img\/b\/R29vZ2xl\/AVvXsEgOCX7pa19jBDlz_i8-BoN0M1WUh8PIXRy_xbtTp7CwJ0A6AVcVlHZLf93wpg_HUxk70Jmx4H2-tsTRyvs16-e36zHTERzEXpyv-027lbjvoGyzdkZEQluAw5nalGe015MNXTz6V-957w0\/s1600\/1.jpg\" height=\"225\" width=\"400\" \/><\/a><\/div>\n<p><b><br \/><\/b><b>L&rsquo;ancien pr\u00e9sident de l&rsquo;Olympique de Marseille n&rsquo;appr\u00e9cie pas l&rsquo;attitude de l&rsquo;attaquant su\u00e9dois sur les terrains de Ligue 1 et pense que son club ne devrait pas le d\u00e9fendre sans cesse.<\/b><\/p>\n<p>Bernard Tapie doit se r\u00e9jouir de la suspension de Zlatan Ibrahimovic. Interrog\u00e9 par L&rsquo;Equipe, l&rsquo;ancien pr\u00e9sident de l&rsquo;Olympique de Marseille a fait part de son agacement vis-\u00e0-vis du comportement de l&rsquo;attaquant su\u00e9dois du Paris Saint-Germain. L&rsquo;homme d&rsquo;affaires critique \u00e9galement le club parisien coupable, selon lui, de trop couver son joueur vedette.<br \/>\u00abIl est plus important que le club, que le pr\u00e9sident: ils lui l\u00e8chent les doigts de pied \u00e0 longueur de journ\u00e9e. C&rsquo;est insupportable, a d\u00e9clar\u00e9 l&rsquo;ancien dirigeant olympien dans les colonnes du quotidien sportif mardi. Vous avez vu comment il regarde un joueur quand on fait une faute sur lui?<b> M\u00eame si c&rsquo;est un tr\u00e8s grand joueur, il se prend pour qui ce mec-l\u00e0?\u00bb<\/b><\/p>\n<div style=\"clear: both; text-align: center;\"><a href=\"https:\/\/blogger.googleusercontent.com\/img\/b\/R29vZ2xl\/AVvXsEhg6GvRBIMvA6FNpNDS7giZL64A_A6EXnZRxd481sWbdd9vUFlYWZV2Z87xrKg8qZZuawD_BBxjoMWdtPuCkINyzg6pnypO8wFZTy9s01rA9ikX-QzOoOf3Ix_W3v_bH1WsTC2uSNSMHAg\/s1600\/1.jpg\" style=\"margin-left: 1em; margin-right: 1em;\"><img loading=\"lazy\" decoding=\"async\" border=\"0\" src=\"https:\/\/blogger.googleusercontent.com\/img\/b\/R29vZ2xl\/AVvXsEhg6GvRBIMvA6FNpNDS7giZL64A_A6EXnZRxd481sWbdd9vUFlYWZV2Z87xrKg8qZZuawD_BBxjoMWdtPuCkINyzg6pnypO8wFZTy9s01rA9ikX-QzOoOf3Ix_W3v_bH1WsTC2uSNSMHAg\/s1600\/1.jpg\" height=\"159\" width=\"320\" \/><\/a><\/div>\n<p>Jeudi dernier, la commission de discipline de la LFP avait pris la d\u00e9cision de suspendre Zlatan Ibrahimovic pour une dur\u00e9e de quatre matches en r\u00e9ponse aux propos prof\u00e9r\u00e9s par le su\u00e9dois le 15 mars lors du d\u00e9placement de son \u00e9quipe \u00e0 Bordeaux &#8211; le d\u00e9sormais fameux \u00e9pisode du \u00abpays de merde\u00bb. En r\u00e9ponse \u00e0 cette sanction, le Paris Saint-Germain avait d\u00e9cid\u00e9 de protester ce weekend en boycottant les cam\u00e9ras de Canal +, diffuseur des images qui ont men\u00e9 \u00e0 la suspension d&rsquo;Ibrahimovic.<br \/>Or, pour Bernard Tapie, le Paris Saint-Germain n&rsquo;aurait pas d\u00fb prendre la d\u00e9fense de l&rsquo;ancien joueur du Milan AC. \u00abLes dirigeants auraient d\u00fb le sanctionner, estime le patron de presse. Avec moi, Cantona a fait moins grave en jetant son maillot et il n&rsquo;a plus remis les pieds \u00e0 l&rsquo;OM. Zlatan, il pourrait le jeter et m\u00eame le manger en public, il ne lui arriverait rien. Non seulement ils ne le pourrissent pas mais ils le soutiennent. C&rsquo;est d&rsquo;une nullit\u00e9 totale\u00bb.<\/p>\n<p>sport24.lefigaro<\/p>\n","protected":false},"excerpt":{"rendered":"<p>L&rsquo;ancien pr\u00e9sident de l&rsquo;Olympique de Marseille n&rsquo;appr\u00e9cie pas l&rsquo;attitude de l&rsquo;attaquant su\u00e9dois sur les terrains de Ligue 1 et pense que son club ne devrait pas le d\u00e9fendre sans cesse. Bernard Tapie doit se r\u00e9jouir de la suspension de Zlatan Ibrahimovic. Interrog\u00e9 par L&rsquo;Equipe, l&rsquo;ancien pr\u00e9sident de l&rsquo;Olympique de Marseille a fait part de son [&hellip;]<\/p>\n","protected":false},"author":2,"featured_media":0,"comment_status":"open","ping_status":"open","sticky":false,"template":"","format":"standard","meta":{"footnotes":""},"categories":[3],"tags":[],"class_list":{"0":"post-374","1":"post","2":"type-post","3":"status-publish","4":"format-standard","6":"category-news"},"yoast_head":"<!-- This site is optimized with the Yoast SEO plugin v27.4 - https:\/\/yoast.com\/product\/yoast-seo-wordpress\/ -->\n<title>Bernard Tapie : \u00abLe PSG l\u00e8che les doigts de pieds d&#039;Ibrahimovic\u00bb - PSG FANS<\/title>\n<meta name=\"robots\" content=\"index, follow, max-snippet:-1, max-image-preview:large, max-video-preview:-1\" \/>\n<link rel=\"canonical\" href=\"https:\/\/psgfans.fr\/?p=374\" \/>\n<meta property=\"og:locale\" content=\"fr_FR\" \/>\n<meta property=\"og:type\" content=\"article\" \/>\n<meta property=\"og:title\" content=\"Bernard Tapie : \u00abLe PSG l\u00e8che les doigts de pieds d&#039;Ibrahimovic\u00bb - PSG FANS\" \/>\n<meta property=\"og:description\" content=\"L&rsquo;ancien pr\u00e9sident de l&rsquo;Olympique de Marseille n&rsquo;appr\u00e9cie pas l&rsquo;attitude de l&rsquo;attaquant su\u00e9dois sur les terrains de Ligue 1 et pense que son club ne devrait pas le d\u00e9fendre sans cesse. Bernard Tapie doit se r\u00e9jouir de la suspension de Zlatan Ibrahimovic. Interrog\u00e9 par L&rsquo;Equipe, l&rsquo;ancien pr\u00e9sident de l&rsquo;Olympique de Marseille a fait part de son [&hellip;]\" \/>\n<meta property=\"og:url\" content=\"https:\/\/psgfans.fr\/?p=374\" \/>\n<meta property=\"og:site_name\" content=\"PSG FANS\" \/>\n<meta property=\"article:published_time\" content=\"2015-04-14T09:09:00+00:00\" \/>\n<meta property=\"og:image\" content=\"https:\/\/blogger.googleusercontent.com\/img\/b\/R29vZ2xl\/AVvXsEgOCX7pa19jBDlz_i8-BoN0M1WUh8PIXRy_xbtTp7CwJ0A6AVcVlHZLf93wpg_HUxk70Jmx4H2-tsTRyvs16-e36zHTERzEXpyv-027lbjvoGyzdkZEQluAw5nalGe015MNXTz6V-957w0\/s1600\/1.jpg\" \/>\n<meta name=\"author\" content=\"psgfans\" \/>\n<meta name=\"twitter:card\" content=\"summary_large_image\" \/>\n<meta name=\"twitter:label1\" content=\"\u00c9crit par\" \/>\n\t<meta name=\"twitter:data1\" content=\"psgfans\" \/>\n\t<meta name=\"twitter:label2\" content=\"Dur\u00e9e de lecture estim\u00e9e\" \/>\n\t<meta name=\"twitter:data2\" content=\"2 minutes\" \/>\n<script type=\"application\/ld+json\" class=\"yoast-schema-graph\">{\"@context\":\"https:\\\/\\\/schema.org\",\"@graph\":[{\"@type\":\"Article\",\"@id\":\"https:\\\/\\\/psgfans.fr\\\/?p=374#article\",\"isPartOf\":{\"@id\":\"https:\\\/\\\/psgfans.fr\\\/?p=374\"},\"author\":{\"name\":\"psgfans\",\"@id\":\"https:\\\/\\\/psgfans.fr\\\/#\\\/schema\\\/person\\\/be2237e7a0237af2f29cb344b3c55e6c\"},\"headline\":\"Bernard Tapie : \u00abLe PSG l\u00e8che les doigts de pieds d&#39;Ibrahimovic\u00bb\",\"datePublished\":\"2015-04-14T09:09:00+00:00\",\"mainEntityOfPage\":{\"@id\":\"https:\\\/\\\/psgfans.fr\\\/?p=374\"},\"wordCount\":362,\"commentCount\":0,\"image\":{\"@id\":\"https:\\\/\\\/psgfans.fr\\\/?p=374#primaryimage\"},\"thumbnailUrl\":\"https:\\\/\\\/blogger.googleusercontent.com\\\/img\\\/b\\\/R29vZ2xl\\\/AVvXsEgOCX7pa19jBDlz_i8-BoN0M1WUh8PIXRy_xbtTp7CwJ0A6AVcVlHZLf93wpg_HUxk70Jmx4H2-tsTRyvs16-e36zHTERzEXpyv-027lbjvoGyzdkZEQluAw5nalGe015MNXTz6V-957w0\\\/s1600\\\/1.jpg\",\"articleSection\":[\"News\"],\"inLanguage\":\"fr-FR\",\"potentialAction\":[{\"@type\":\"CommentAction\",\"name\":\"Comment\",\"target\":[\"https:\\\/\\\/psgfans.fr\\\/?p=374#respond\"]}]},{\"@type\":\"WebPage\",\"@id\":\"https:\\\/\\\/psgfans.fr\\\/?p=374\",\"url\":\"https:\\\/\\\/psgfans.fr\\\/?p=374\",\"name\":\"Bernard Tapie : \u00abLe PSG l\u00e8che les doigts de pieds d&#39;Ibrahimovic\u00bb - PSG FANS\",\"isPartOf\":{\"@id\":\"https:\\\/\\\/psgfans.fr\\\/#website\"},\"primaryImageOfPage\":{\"@id\":\"https:\\\/\\\/psgfans.fr\\\/?p=374#primaryimage\"},\"image\":{\"@id\":\"https:\\\/\\\/psgfans.fr\\\/?p=374#primaryimage\"},\"thumbnailUrl\":\"https:\\\/\\\/blogger.googleusercontent.com\\\/img\\\/b\\\/R29vZ2xl\\\/AVvXsEgOCX7pa19jBDlz_i8-BoN0M1WUh8PIXRy_xbtTp7CwJ0A6AVcVlHZLf93wpg_HUxk70Jmx4H2-tsTRyvs16-e36zHTERzEXpyv-027lbjvoGyzdkZEQluAw5nalGe015MNXTz6V-957w0\\\/s1600\\\/1.jpg\",\"datePublished\":\"2015-04-14T09:09:00+00:00\",\"author\":{\"@id\":\"https:\\\/\\\/psgfans.fr\\\/#\\\/schema\\\/person\\\/be2237e7a0237af2f29cb344b3c55e6c\"},\"breadcrumb\":{\"@id\":\"https:\\\/\\\/psgfans.fr\\\/?p=374#breadcrumb\"},\"inLanguage\":\"fr-FR\",\"potentialAction\":[{\"@type\":\"ReadAction\",\"target\":[\"https:\\\/\\\/psgfans.fr\\\/?p=374\"]}]},{\"@type\":\"ImageObject\",\"inLanguage\":\"fr-FR\",\"@id\":\"https:\\\/\\\/psgfans.fr\\\/?p=374#primaryimage\",\"url\":\"https:\\\/\\\/blogger.googleusercontent.com\\\/img\\\/b\\\/R29vZ2xl\\\/AVvXsEgOCX7pa19jBDlz_i8-BoN0M1WUh8PIXRy_xbtTp7CwJ0A6AVcVlHZLf93wpg_HUxk70Jmx4H2-tsTRyvs16-e36zHTERzEXpyv-027lbjvoGyzdkZEQluAw5nalGe015MNXTz6V-957w0\\\/s1600\\\/1.jpg\",\"contentUrl\":\"https:\\\/\\\/blogger.googleusercontent.com\\\/img\\\/b\\\/R29vZ2xl\\\/AVvXsEgOCX7pa19jBDlz_i8-BoN0M1WUh8PIXRy_xbtTp7CwJ0A6AVcVlHZLf93wpg_HUxk70Jmx4H2-tsTRyvs16-e36zHTERzEXpyv-027lbjvoGyzdkZEQluAw5nalGe015MNXTz6V-957w0\\\/s1600\\\/1.jpg\"},{\"@type\":\"BreadcrumbList\",\"@id\":\"https:\\\/\\\/psgfans.fr\\\/?p=374#breadcrumb\",\"itemListElement\":[{\"@type\":\"ListItem\",\"position\":1,\"name\":\"Accueil\",\"item\":\"https:\\\/\\\/psgfans.fr\\\/\"},{\"@type\":\"ListItem\",\"position\":2,\"name\":\"Bernard Tapie : \u00abLe PSG l\u00e8che les doigts de pieds d&#39;Ibrahimovic\u00bb\"}]},{\"@type\":\"WebSite\",\"@id\":\"https:\\\/\\\/psgfans.fr\\\/#website\",\"url\":\"https:\\\/\\\/psgfans.fr\\\/\",\"name\":\"PSG FANS\",\"description\":\"Unit\u00e9, Passion, Victoire : Au C\u0153ur du Paris Saint-Germain!\",\"potentialAction\":[{\"@type\":\"SearchAction\",\"target\":{\"@type\":\"EntryPoint\",\"urlTemplate\":\"https:\\\/\\\/psgfans.fr\\\/?s={search_term_string}\"},\"query-input\":{\"@type\":\"PropertyValueSpecification\",\"valueRequired\":true,\"valueName\":\"search_term_string\"}}],\"inLanguage\":\"fr-FR\"},{\"@type\":\"Person\",\"@id\":\"https:\\\/\\\/psgfans.fr\\\/#\\\/schema\\\/person\\\/be2237e7a0237af2f29cb344b3c55e6c\",\"name\":\"psgfans\",\"image\":{\"@type\":\"ImageObject\",\"inLanguage\":\"fr-FR\",\"@id\":\"https:\\\/\\\/secure.gravatar.com\\\/avatar\\\/?s=96&d=mm&r=g\",\"url\":\"https:\\\/\\\/secure.gravatar.com\\\/avatar\\\/?s=96&d=mm&r=g\",\"contentUrl\":\"https:\\\/\\\/secure.gravatar.com\\\/avatar\\\/?s=96&d=mm&r=g\",\"caption\":\"psgfans\"},\"url\":\"https:\\\/\\\/psgfans.fr\\\/?author=2\"}]}<\/script>\n<!-- \/ Yoast SEO plugin. -->","yoast_head_json":{"title":"Bernard Tapie : \u00abLe PSG l\u00e8che les doigts de pieds d&#39;Ibrahimovic\u00bb - PSG FANS","robots":{"index":"index","follow":"follow","max-snippet":"max-snippet:-1","max-image-preview":"max-image-preview:large","max-video-preview":"max-video-preview:-1"},"canonical":"https:\/\/psgfans.fr\/?p=374","og_locale":"fr_FR","og_type":"article","og_title":"Bernard Tapie : \u00abLe PSG l\u00e8che les doigts de pieds d&#39;Ibrahimovic\u00bb - PSG FANS","og_description":"L&rsquo;ancien pr\u00e9sident de l&rsquo;Olympique de Marseille n&rsquo;appr\u00e9cie pas l&rsquo;attitude de l&rsquo;attaquant su\u00e9dois sur les terrains de Ligue 1 et pense que son club ne devrait pas le d\u00e9fendre sans cesse. Bernard Tapie doit se r\u00e9jouir de la suspension de Zlatan Ibrahimovic. Interrog\u00e9 par L&rsquo;Equipe, l&rsquo;ancien pr\u00e9sident de l&rsquo;Olympique de Marseille a fait part de son [&hellip;]","og_url":"https:\/\/psgfans.fr\/?p=374","og_site_name":"PSG FANS","article_published_time":"2015-04-14T09:09:00+00:00","og_image":[{"url":"https:\/\/blogger.googleusercontent.com\/img\/b\/R29vZ2xl\/AVvXsEgOCX7pa19jBDlz_i8-BoN0M1WUh8PIXRy_xbtTp7CwJ0A6AVcVlHZLf93wpg_HUxk70Jmx4H2-tsTRyvs16-e36zHTERzEXpyv-027lbjvoGyzdkZEQluAw5nalGe015MNXTz6V-957w0\/s1600\/1.jpg","type":"","width":"","height":""}],"author":"psgfans","twitter_card":"summary_large_image","twitter_misc":{"\u00c9crit par":"psgfans","Dur\u00e9e de lecture estim\u00e9e":"2 minutes"},"schema":{"@context":"https:\/\/schema.org","@graph":[{"@type":"Article","@id":"https:\/\/psgfans.fr\/?p=374#article","isPartOf":{"@id":"https:\/\/psgfans.fr\/?p=374"},"author":{"name":"psgfans","@id":"https:\/\/psgfans.fr\/#\/schema\/person\/be2237e7a0237af2f29cb344b3c55e6c"},"headline":"Bernard Tapie : \u00abLe PSG l\u00e8che les doigts de pieds d&#39;Ibrahimovic\u00bb","datePublished":"2015-04-14T09:09:00+00:00","mainEntityOfPage":{"@id":"https:\/\/psgfans.fr\/?p=374"},"wordCount":362,"commentCount":0,"image":{"@id":"https:\/\/psgfans.fr\/?p=374#primaryimage"},"thumbnailUrl":"https:\/\/blogger.googleusercontent.com\/img\/b\/R29vZ2xl\/AVvXsEgOCX7pa19jBDlz_i8-BoN0M1WUh8PIXRy_xbtTp7CwJ0A6AVcVlHZLf93wpg_HUxk70Jmx4H2-tsTRyvs16-e36zHTERzEXpyv-027lbjvoGyzdkZEQluAw5nalGe015MNXTz6V-957w0\/s1600\/1.jpg","articleSection":["News"],"inLanguage":"fr-FR","potentialAction":[{"@type":"CommentAction","name":"Comment","target":["https:\/\/psgfans.fr\/?p=374#respond"]}]},{"@type":"WebPage","@id":"https:\/\/psgfans.fr\/?p=374","url":"https:\/\/psgfans.fr\/?p=374","name":"Bernard Tapie : \u00abLe PSG l\u00e8che les doigts de pieds d&#39;Ibrahimovic\u00bb - PSG FANS","isPartOf":{"@id":"https:\/\/psgfans.fr\/#website"},"primaryImageOfPage":{"@id":"https:\/\/psgfans.fr\/?p=374#primaryimage"},"image":{"@id":"https:\/\/psgfans.fr\/?p=374#primaryimage"},"thumbnailUrl":"https:\/\/blogger.googleusercontent.com\/img\/b\/R29vZ2xl\/AVvXsEgOCX7pa19jBDlz_i8-BoN0M1WUh8PIXRy_xbtTp7CwJ0A6AVcVlHZLf93wpg_HUxk70Jmx4H2-tsTRyvs16-e36zHTERzEXpyv-027lbjvoGyzdkZEQluAw5nalGe015MNXTz6V-957w0\/s1600\/1.jpg","datePublished":"2015-04-14T09:09:00+00:00","author":{"@id":"https:\/\/psgfans.fr\/#\/schema\/person\/be2237e7a0237af2f29cb344b3c55e6c"},"breadcrumb":{"@id":"https:\/\/psgfans.fr\/?p=374#breadcrumb"},"inLanguage":"fr-FR","potentialAction":[{"@type":"ReadAction","target":["https:\/\/psgfans.fr\/?p=374"]}]},{"@type":"ImageObject","inLanguage":"fr-FR","@id":"https:\/\/psgfans.fr\/?p=374#primaryimage","url":"https:\/\/blogger.googleusercontent.com\/img\/b\/R29vZ2xl\/AVvXsEgOCX7pa19jBDlz_i8-BoN0M1WUh8PIXRy_xbtTp7CwJ0A6AVcVlHZLf93wpg_HUxk70Jmx4H2-tsTRyvs16-e36zHTERzEXpyv-027lbjvoGyzdkZEQluAw5nalGe015MNXTz6V-957w0\/s1600\/1.jpg","contentUrl":"https:\/\/blogger.googleusercontent.com\/img\/b\/R29vZ2xl\/AVvXsEgOCX7pa19jBDlz_i8-BoN0M1WUh8PIXRy_xbtTp7CwJ0A6AVcVlHZLf93wpg_HUxk70Jmx4H2-tsTRyvs16-e36zHTERzEXpyv-027lbjvoGyzdkZEQluAw5nalGe015MNXTz6V-957w0\/s1600\/1.jpg"},{"@type":"BreadcrumbList","@id":"https:\/\/psgfans.fr\/?p=374#breadcrumb","itemListElement":[{"@type":"ListItem","position":1,"name":"Accueil","item":"https:\/\/psgfans.fr\/"},{"@type":"ListItem","position":2,"name":"Bernard Tapie : \u00abLe PSG l\u00e8che les doigts de pieds d&#39;Ibrahimovic\u00bb"}]},{"@type":"WebSite","@id":"https:\/\/psgfans.fr\/#website","url":"https:\/\/psgfans.fr\/","name":"PSG FANS","description":"Unit\u00e9, Passion, Victoire : Au C\u0153ur du Paris Saint-Germain!","potentialAction":[{"@type":"SearchAction","target":{"@type":"EntryPoint","urlTemplate":"https:\/\/psgfans.fr\/?s={search_term_string}"},"query-input":{"@type":"PropertyValueSpecification","valueRequired":true,"valueName":"search_term_string"}}],"inLanguage":"fr-FR"},{"@type":"Person","@id":"https:\/\/psgfans.fr\/#\/schema\/person\/be2237e7a0237af2f29cb344b3c55e6c","name":"psgfans","image":{"@type":"ImageObject","inLanguage":"fr-FR","@id":"https:\/\/secure.gravatar.com\/avatar\/?s=96&d=mm&r=g","url":"https:\/\/secure.gravatar.com\/avatar\/?s=96&d=mm&r=g","contentUrl":"https:\/\/secure.gravatar.com\/avatar\/?s=96&d=mm&r=g","caption":"psgfans"},"url":"https:\/\/psgfans.fr\/?author=2"}]}},"_links":{"self":[{"href":"https:\/\/psgfans.fr\/index.php?rest_route=\/wp\/v2\/posts\/374","targetHints":{"allow":["GET"]}}],"collection":[{"href":"https:\/\/psgfans.fr\/index.php?rest_route=\/wp\/v2\/posts"}],"about":[{"href":"https:\/\/psgfans.fr\/index.php?rest_route=\/wp\/v2\/types\/post"}],"author":[{"embeddable":true,"href":"https:\/\/psgfans.fr\/index.php?rest_route=\/wp\/v2\/users\/2"}],"replies":[{"embeddable":true,"href":"https:\/\/psgfans.fr\/index.php?rest_route=%2Fwp%2Fv2%2Fcomments&post=374"}],"version-history":[{"count":0,"href":"https:\/\/psgfans.fr\/index.php?rest_route=\/wp\/v2\/posts\/374\/revisions"}],"wp:attachment":[{"href":"https:\/\/psgfans.fr\/index.php?rest_route=%2Fwp%2Fv2%2Fmedia&parent=374"}],"wp:term":[{"taxonomy":"category","embeddable":true,"href":"https:\/\/psgfans.fr\/index.php?rest_route=%2Fwp%2Fv2%2Fcategories&post=374"},{"taxonomy":"post_tag","embeddable":true,"href":"https:\/\/psgfans.fr\/index.php?rest_route=%2Fwp%2Fv2%2Ftags&post=374"}],"curies":[{"name":"wp","href":"https:\/\/api.w.org\/{rel}","templated":true}]}}