{"id":371,"date":"2015-04-15T10:53:00","date_gmt":"2015-04-15T09:53:00","guid":{"rendered":"https:\/\/psgfans.fr\/?p=371"},"modified":"2015-04-15T10:53:00","modified_gmt":"2015-04-15T09:53:00","slug":"photo-lucas-moura-presente-sa-petite-amie","status":"publish","type":"post","link":"https:\/\/psgfans.fr\/?p=371","title":{"rendered":"PHOTO  : Lucas Moura pr\u00e9sente sa petite amie"},"content":{"rendered":"<p><b>Lucas Moura, l&rsquo;attaquant du PSG, s&rsquo;affiche sur Instagram avec sa nouvelle copine. D\u00e9j\u00e0 \u00ab\u00a0un mois de bonheur\u00a0\u00bb, pour le joueur br\u00e9silien.<\/b><\/p>\n<p>Lucas Moura nage dans le bonheur. Non seulement l&rsquo;attaquant du PSG, qui vient de retrouver les terrains apr\u00e8s deux mois de blessure, postule pour une place de titulaire pour le match face au Bar\u00e7a mercredi, mais il semble filer le parfait amour avec une jeune fille brune dont il n&rsquo;a pas encore d\u00e9voil\u00e9 le pr\u00e9nom. Sur son compte Instagram, il s&rsquo;affiche tendrement enlac\u00e9 dans les bras de sa ch\u00e8re et tendre. Le joueur, tr\u00e8s croyant, accompagne la photo d&rsquo;une citation de la Bible et de \u00ab\u00a0hashtags\u00a0\u00bb \u00e9vocateurs : \u00ab\u00a0un mois\u00a0\u00bb et \u00ab\u00a0le mois le plus heureux de ma vie\u00a0\u00bb. En octobre 2014, il confiait au journal Le Parisien : \u00ab\u00a0Il y a des pr\u00e9tendantes, mais rien de s\u00e9rieux. Je suis convaincu que Dieu mettra sur ma route la personne qu\u2019il me faut\u00a0\u00bb. Voil\u00e0 qui est (peut-\u00eatre) fait.<\/p>\n<div style=\"clear: both; text-align: center;\"><a href=\"https:\/\/blogger.googleusercontent.com\/img\/b\/R29vZ2xl\/AVvXsEgFnvUXD6iYEf48kXHZZ6WVb1pgAxXmaQRN4x47djXP4xewNnpbpLrjA3AKXlpef5a16lgWDi19Hszf6SeOjo_0dVsvxwLDPwAfpn1hphDTSsyOWcWzK-0q2FPJ3le7CPZw6sqUj59QI4Y\/s1600\/&amp;.png\" style=\"margin-left: 1em; margin-right: 1em;\"><img loading=\"lazy\" decoding=\"async\" border=\"0\" src=\"https:\/\/blogger.googleusercontent.com\/img\/b\/R29vZ2xl\/AVvXsEgFnvUXD6iYEf48kXHZZ6WVb1pgAxXmaQRN4x47djXP4xewNnpbpLrjA3AKXlpef5a16lgWDi19Hszf6SeOjo_0dVsvxwLDPwAfpn1hphDTSsyOWcWzK-0q2FPJ3le7CPZw6sqUj59QI4Y\/s1600\/&amp;.png\" height=\"640\" width=\"488\" \/><\/a><\/div>\n<p><\/p>\n","protected":false},"excerpt":{"rendered":"<p>Lucas Moura, l&rsquo;attaquant du PSG, s&rsquo;affiche sur Instagram avec sa nouvelle copine. D\u00e9j\u00e0 \u00ab\u00a0un mois de bonheur\u00a0\u00bb, pour le joueur br\u00e9silien. Lucas Moura nage dans le bonheur. Non seulement l&rsquo;attaquant du PSG, qui vient de retrouver les terrains apr\u00e8s deux mois de blessure, postule pour une place de titulaire pour le match face au Bar\u00e7a [&hellip;]<\/p>\n","protected":false},"author":2,"featured_media":0,"comment_status":"open","ping_status":"open","sticky":false,"template":"","format":"standard","meta":{"footnotes":""},"categories":[3,4],"tags":[],"class_list":{"0":"post-371","1":"post","2":"type-post","3":"status-publish","4":"format-standard","6":"category-news","7":"category-photos"},"yoast_head":"<!-- This site is optimized with the Yoast SEO plugin v27.4 - https:\/\/yoast.com\/product\/yoast-seo-wordpress\/ -->\n<title>PHOTO : Lucas Moura pr\u00e9sente sa petite amie - PSG FANS<\/title>\n<meta name=\"robots\" content=\"index, follow, max-snippet:-1, max-image-preview:large, max-video-preview:-1\" \/>\n<link rel=\"canonical\" href=\"https:\/\/psgfans.fr\/?p=371\" \/>\n<meta property=\"og:locale\" content=\"fr_FR\" \/>\n<meta property=\"og:type\" content=\"article\" \/>\n<meta property=\"og:title\" content=\"PHOTO : Lucas Moura pr\u00e9sente sa petite amie - PSG FANS\" \/>\n<meta property=\"og:description\" content=\"Lucas Moura, l&rsquo;attaquant du PSG, s&rsquo;affiche sur Instagram avec sa nouvelle copine. D\u00e9j\u00e0 \u00ab\u00a0un mois de bonheur\u00a0\u00bb, pour le joueur br\u00e9silien. Lucas Moura nage dans le bonheur. Non seulement l&rsquo;attaquant du PSG, qui vient de retrouver les terrains apr\u00e8s deux mois de blessure, postule pour une place de titulaire pour le match face au Bar\u00e7a [&hellip;]\" \/>\n<meta property=\"og:url\" content=\"https:\/\/psgfans.fr\/?p=371\" \/>\n<meta property=\"og:site_name\" content=\"PSG FANS\" \/>\n<meta property=\"article:published_time\" content=\"2015-04-15T09:53:00+00:00\" \/>\n<meta property=\"og:image\" content=\"https:\/\/blogger.googleusercontent.com\/img\/b\/R29vZ2xl\/AVvXsEgFnvUXD6iYEf48kXHZZ6WVb1pgAxXmaQRN4x47djXP4xewNnpbpLrjA3AKXlpef5a16lgWDi19Hszf6SeOjo_0dVsvxwLDPwAfpn1hphDTSsyOWcWzK-0q2FPJ3le7CPZw6sqUj59QI4Y\/s1600\/&amp;.png\" \/>\n<meta name=\"author\" content=\"psgfans\" \/>\n<meta name=\"twitter:card\" content=\"summary_large_image\" \/>\n<meta name=\"twitter:label1\" content=\"\u00c9crit par\" \/>\n\t<meta name=\"twitter:data1\" content=\"psgfans\" \/>\n\t<meta name=\"twitter:label2\" content=\"Dur\u00e9e de lecture estim\u00e9e\" \/>\n\t<meta name=\"twitter:data2\" content=\"1 minute\" \/>\n<script type=\"application\/ld+json\" class=\"yoast-schema-graph\">{\"@context\":\"https:\\\/\\\/schema.org\",\"@graph\":[{\"@type\":\"Article\",\"@id\":\"https:\\\/\\\/psgfans.fr\\\/?p=371#article\",\"isPartOf\":{\"@id\":\"https:\\\/\\\/psgfans.fr\\\/?p=371\"},\"author\":{\"name\":\"psgfans\",\"@id\":\"https:\\\/\\\/psgfans.fr\\\/#\\\/schema\\\/person\\\/be2237e7a0237af2f29cb344b3c55e6c\"},\"headline\":\"PHOTO : Lucas Moura pr\u00e9sente sa petite amie\",\"datePublished\":\"2015-04-15T09:53:00+00:00\",\"mainEntityOfPage\":{\"@id\":\"https:\\\/\\\/psgfans.fr\\\/?p=371\"},\"wordCount\":181,\"commentCount\":0,\"image\":{\"@id\":\"https:\\\/\\\/psgfans.fr\\\/?p=371#primaryimage\"},\"thumbnailUrl\":\"https:\\\/\\\/blogger.googleusercontent.com\\\/img\\\/b\\\/R29vZ2xl\\\/AVvXsEgFnvUXD6iYEf48kXHZZ6WVb1pgAxXmaQRN4x47djXP4xewNnpbpLrjA3AKXlpef5a16lgWDi19Hszf6SeOjo_0dVsvxwLDPwAfpn1hphDTSsyOWcWzK-0q2FPJ3le7CPZw6sqUj59QI4Y\\\/s1600\\\/&amp;.png\",\"articleSection\":[\"News\",\"Photos\"],\"inLanguage\":\"fr-FR\",\"potentialAction\":[{\"@type\":\"CommentAction\",\"name\":\"Comment\",\"target\":[\"https:\\\/\\\/psgfans.fr\\\/?p=371#respond\"]}]},{\"@type\":\"WebPage\",\"@id\":\"https:\\\/\\\/psgfans.fr\\\/?p=371\",\"url\":\"https:\\\/\\\/psgfans.fr\\\/?p=371\",\"name\":\"PHOTO : Lucas Moura pr\u00e9sente sa petite amie - PSG FANS\",\"isPartOf\":{\"@id\":\"https:\\\/\\\/psgfans.fr\\\/#website\"},\"primaryImageOfPage\":{\"@id\":\"https:\\\/\\\/psgfans.fr\\\/?p=371#primaryimage\"},\"image\":{\"@id\":\"https:\\\/\\\/psgfans.fr\\\/?p=371#primaryimage\"},\"thumbnailUrl\":\"https:\\\/\\\/blogger.googleusercontent.com\\\/img\\\/b\\\/R29vZ2xl\\\/AVvXsEgFnvUXD6iYEf48kXHZZ6WVb1pgAxXmaQRN4x47djXP4xewNnpbpLrjA3AKXlpef5a16lgWDi19Hszf6SeOjo_0dVsvxwLDPwAfpn1hphDTSsyOWcWzK-0q2FPJ3le7CPZw6sqUj59QI4Y\\\/s1600\\\/&amp;.png\",\"datePublished\":\"2015-04-15T09:53:00+00:00\",\"author\":{\"@id\":\"https:\\\/\\\/psgfans.fr\\\/#\\\/schema\\\/person\\\/be2237e7a0237af2f29cb344b3c55e6c\"},\"breadcrumb\":{\"@id\":\"https:\\\/\\\/psgfans.fr\\\/?p=371#breadcrumb\"},\"inLanguage\":\"fr-FR\",\"potentialAction\":[{\"@type\":\"ReadAction\",\"target\":[\"https:\\\/\\\/psgfans.fr\\\/?p=371\"]}]},{\"@type\":\"ImageObject\",\"inLanguage\":\"fr-FR\",\"@id\":\"https:\\\/\\\/psgfans.fr\\\/?p=371#primaryimage\",\"url\":\"https:\\\/\\\/blogger.googleusercontent.com\\\/img\\\/b\\\/R29vZ2xl\\\/AVvXsEgFnvUXD6iYEf48kXHZZ6WVb1pgAxXmaQRN4x47djXP4xewNnpbpLrjA3AKXlpef5a16lgWDi19Hszf6SeOjo_0dVsvxwLDPwAfpn1hphDTSsyOWcWzK-0q2FPJ3le7CPZw6sqUj59QI4Y\\\/s1600\\\/&amp;.png\",\"contentUrl\":\"https:\\\/\\\/blogger.googleusercontent.com\\\/img\\\/b\\\/R29vZ2xl\\\/AVvXsEgFnvUXD6iYEf48kXHZZ6WVb1pgAxXmaQRN4x47djXP4xewNnpbpLrjA3AKXlpef5a16lgWDi19Hszf6SeOjo_0dVsvxwLDPwAfpn1hphDTSsyOWcWzK-0q2FPJ3le7CPZw6sqUj59QI4Y\\\/s1600\\\/&amp;.png\"},{\"@type\":\"BreadcrumbList\",\"@id\":\"https:\\\/\\\/psgfans.fr\\\/?p=371#breadcrumb\",\"itemListElement\":[{\"@type\":\"ListItem\",\"position\":1,\"name\":\"Accueil\",\"item\":\"https:\\\/\\\/psgfans.fr\\\/\"},{\"@type\":\"ListItem\",\"position\":2,\"name\":\"PHOTO : Lucas Moura pr\u00e9sente sa petite amie\"}]},{\"@type\":\"WebSite\",\"@id\":\"https:\\\/\\\/psgfans.fr\\\/#website\",\"url\":\"https:\\\/\\\/psgfans.fr\\\/\",\"name\":\"PSG FANS\",\"description\":\"Unit\u00e9, Passion, Victoire : Au C\u0153ur du Paris Saint-Germain!\",\"potentialAction\":[{\"@type\":\"SearchAction\",\"target\":{\"@type\":\"EntryPoint\",\"urlTemplate\":\"https:\\\/\\\/psgfans.fr\\\/?s={search_term_string}\"},\"query-input\":{\"@type\":\"PropertyValueSpecification\",\"valueRequired\":true,\"valueName\":\"search_term_string\"}}],\"inLanguage\":\"fr-FR\"},{\"@type\":\"Person\",\"@id\":\"https:\\\/\\\/psgfans.fr\\\/#\\\/schema\\\/person\\\/be2237e7a0237af2f29cb344b3c55e6c\",\"name\":\"psgfans\",\"image\":{\"@type\":\"ImageObject\",\"inLanguage\":\"fr-FR\",\"@id\":\"https:\\\/\\\/secure.gravatar.com\\\/avatar\\\/?s=96&d=mm&r=g\",\"url\":\"https:\\\/\\\/secure.gravatar.com\\\/avatar\\\/?s=96&d=mm&r=g\",\"contentUrl\":\"https:\\\/\\\/secure.gravatar.com\\\/avatar\\\/?s=96&d=mm&r=g\",\"caption\":\"psgfans\"},\"url\":\"https:\\\/\\\/psgfans.fr\\\/?author=2\"}]}<\/script>\n<!-- \/ Yoast SEO plugin. -->","yoast_head_json":{"title":"PHOTO : Lucas Moura pr\u00e9sente sa petite amie - PSG FANS","robots":{"index":"index","follow":"follow","max-snippet":"max-snippet:-1","max-image-preview":"max-image-preview:large","max-video-preview":"max-video-preview:-1"},"canonical":"https:\/\/psgfans.fr\/?p=371","og_locale":"fr_FR","og_type":"article","og_title":"PHOTO : Lucas Moura pr\u00e9sente sa petite amie - PSG FANS","og_description":"Lucas Moura, l&rsquo;attaquant du PSG, s&rsquo;affiche sur Instagram avec sa nouvelle copine. D\u00e9j\u00e0 \u00ab\u00a0un mois de bonheur\u00a0\u00bb, pour le joueur br\u00e9silien. Lucas Moura nage dans le bonheur. Non seulement l&rsquo;attaquant du PSG, qui vient de retrouver les terrains apr\u00e8s deux mois de blessure, postule pour une place de titulaire pour le match face au Bar\u00e7a [&hellip;]","og_url":"https:\/\/psgfans.fr\/?p=371","og_site_name":"PSG FANS","article_published_time":"2015-04-15T09:53:00+00:00","og_image":[{"url":"https:\/\/blogger.googleusercontent.com\/img\/b\/R29vZ2xl\/AVvXsEgFnvUXD6iYEf48kXHZZ6WVb1pgAxXmaQRN4x47djXP4xewNnpbpLrjA3AKXlpef5a16lgWDi19Hszf6SeOjo_0dVsvxwLDPwAfpn1hphDTSsyOWcWzK-0q2FPJ3le7CPZw6sqUj59QI4Y\/s1600\/&amp;.png","type":"","width":"","height":""}],"author":"psgfans","twitter_card":"summary_large_image","twitter_misc":{"\u00c9crit par":"psgfans","Dur\u00e9e de lecture estim\u00e9e":"1 minute"},"schema":{"@context":"https:\/\/schema.org","@graph":[{"@type":"Article","@id":"https:\/\/psgfans.fr\/?p=371#article","isPartOf":{"@id":"https:\/\/psgfans.fr\/?p=371"},"author":{"name":"psgfans","@id":"https:\/\/psgfans.fr\/#\/schema\/person\/be2237e7a0237af2f29cb344b3c55e6c"},"headline":"PHOTO : Lucas Moura pr\u00e9sente sa petite amie","datePublished":"2015-04-15T09:53:00+00:00","mainEntityOfPage":{"@id":"https:\/\/psgfans.fr\/?p=371"},"wordCount":181,"commentCount":0,"image":{"@id":"https:\/\/psgfans.fr\/?p=371#primaryimage"},"thumbnailUrl":"https:\/\/blogger.googleusercontent.com\/img\/b\/R29vZ2xl\/AVvXsEgFnvUXD6iYEf48kXHZZ6WVb1pgAxXmaQRN4x47djXP4xewNnpbpLrjA3AKXlpef5a16lgWDi19Hszf6SeOjo_0dVsvxwLDPwAfpn1hphDTSsyOWcWzK-0q2FPJ3le7CPZw6sqUj59QI4Y\/s1600\/&amp;.png","articleSection":["News","Photos"],"inLanguage":"fr-FR","potentialAction":[{"@type":"CommentAction","name":"Comment","target":["https:\/\/psgfans.fr\/?p=371#respond"]}]},{"@type":"WebPage","@id":"https:\/\/psgfans.fr\/?p=371","url":"https:\/\/psgfans.fr\/?p=371","name":"PHOTO : Lucas Moura pr\u00e9sente sa petite amie - PSG FANS","isPartOf":{"@id":"https:\/\/psgfans.fr\/#website"},"primaryImageOfPage":{"@id":"https:\/\/psgfans.fr\/?p=371#primaryimage"},"image":{"@id":"https:\/\/psgfans.fr\/?p=371#primaryimage"},"thumbnailUrl":"https:\/\/blogger.googleusercontent.com\/img\/b\/R29vZ2xl\/AVvXsEgFnvUXD6iYEf48kXHZZ6WVb1pgAxXmaQRN4x47djXP4xewNnpbpLrjA3AKXlpef5a16lgWDi19Hszf6SeOjo_0dVsvxwLDPwAfpn1hphDTSsyOWcWzK-0q2FPJ3le7CPZw6sqUj59QI4Y\/s1600\/&amp;.png","datePublished":"2015-04-15T09:53:00+00:00","author":{"@id":"https:\/\/psgfans.fr\/#\/schema\/person\/be2237e7a0237af2f29cb344b3c55e6c"},"breadcrumb":{"@id":"https:\/\/psgfans.fr\/?p=371#breadcrumb"},"inLanguage":"fr-FR","potentialAction":[{"@type":"ReadAction","target":["https:\/\/psgfans.fr\/?p=371"]}]},{"@type":"ImageObject","inLanguage":"fr-FR","@id":"https:\/\/psgfans.fr\/?p=371#primaryimage","url":"https:\/\/blogger.googleusercontent.com\/img\/b\/R29vZ2xl\/AVvXsEgFnvUXD6iYEf48kXHZZ6WVb1pgAxXmaQRN4x47djXP4xewNnpbpLrjA3AKXlpef5a16lgWDi19Hszf6SeOjo_0dVsvxwLDPwAfpn1hphDTSsyOWcWzK-0q2FPJ3le7CPZw6sqUj59QI4Y\/s1600\/&amp;.png","contentUrl":"https:\/\/blogger.googleusercontent.com\/img\/b\/R29vZ2xl\/AVvXsEgFnvUXD6iYEf48kXHZZ6WVb1pgAxXmaQRN4x47djXP4xewNnpbpLrjA3AKXlpef5a16lgWDi19Hszf6SeOjo_0dVsvxwLDPwAfpn1hphDTSsyOWcWzK-0q2FPJ3le7CPZw6sqUj59QI4Y\/s1600\/&amp;.png"},{"@type":"BreadcrumbList","@id":"https:\/\/psgfans.fr\/?p=371#breadcrumb","itemListElement":[{"@type":"ListItem","position":1,"name":"Accueil","item":"https:\/\/psgfans.fr\/"},{"@type":"ListItem","position":2,"name":"PHOTO : Lucas Moura pr\u00e9sente sa petite amie"}]},{"@type":"WebSite","@id":"https:\/\/psgfans.fr\/#website","url":"https:\/\/psgfans.fr\/","name":"PSG FANS","description":"Unit\u00e9, Passion, Victoire : Au C\u0153ur du Paris Saint-Germain!","potentialAction":[{"@type":"SearchAction","target":{"@type":"EntryPoint","urlTemplate":"https:\/\/psgfans.fr\/?s={search_term_string}"},"query-input":{"@type":"PropertyValueSpecification","valueRequired":true,"valueName":"search_term_string"}}],"inLanguage":"fr-FR"},{"@type":"Person","@id":"https:\/\/psgfans.fr\/#\/schema\/person\/be2237e7a0237af2f29cb344b3c55e6c","name":"psgfans","image":{"@type":"ImageObject","inLanguage":"fr-FR","@id":"https:\/\/secure.gravatar.com\/avatar\/?s=96&d=mm&r=g","url":"https:\/\/secure.gravatar.com\/avatar\/?s=96&d=mm&r=g","contentUrl":"https:\/\/secure.gravatar.com\/avatar\/?s=96&d=mm&r=g","caption":"psgfans"},"url":"https:\/\/psgfans.fr\/?author=2"}]}},"_links":{"self":[{"href":"https:\/\/psgfans.fr\/index.php?rest_route=\/wp\/v2\/posts\/371","targetHints":{"allow":["GET"]}}],"collection":[{"href":"https:\/\/psgfans.fr\/index.php?rest_route=\/wp\/v2\/posts"}],"about":[{"href":"https:\/\/psgfans.fr\/index.php?rest_route=\/wp\/v2\/types\/post"}],"author":[{"embeddable":true,"href":"https:\/\/psgfans.fr\/index.php?rest_route=\/wp\/v2\/users\/2"}],"replies":[{"embeddable":true,"href":"https:\/\/psgfans.fr\/index.php?rest_route=%2Fwp%2Fv2%2Fcomments&post=371"}],"version-history":[{"count":0,"href":"https:\/\/psgfans.fr\/index.php?rest_route=\/wp\/v2\/posts\/371\/revisions"}],"wp:attachment":[{"href":"https:\/\/psgfans.fr\/index.php?rest_route=%2Fwp%2Fv2%2Fmedia&parent=371"}],"wp:term":[{"taxonomy":"category","embeddable":true,"href":"https:\/\/psgfans.fr\/index.php?rest_route=%2Fwp%2Fv2%2Fcategories&post=371"},{"taxonomy":"post_tag","embeddable":true,"href":"https:\/\/psgfans.fr\/index.php?rest_route=%2Fwp%2Fv2%2Ftags&post=371"}],"curies":[{"name":"wp","href":"https:\/\/api.w.org\/{rel}","templated":true}]}}