{"id":369,"date":"2015-04-15T11:38:00","date_gmt":"2015-04-15T10:38:00","guid":{"rendered":"https:\/\/psgfans.fr\/?p=369"},"modified":"2015-04-15T11:38:00","modified_gmt":"2015-04-15T10:38:00","slug":"ligue-des-champions-ce-soir-boycottons-le-psg","status":"publish","type":"post","link":"https:\/\/psgfans.fr\/?p=369","title":{"rendered":"Ligue des champions : \u00ab Ce soir, boycottons le PSG ! \u00bb"},"content":{"rendered":"<div style=\"clear: both; text-align: center;\"><a href=\"https:\/\/blogger.googleusercontent.com\/img\/b\/R29vZ2xl\/AVvXsEijPo-Oy-sdgkci52n8GF1uFqRvQ6i1O_8E4f1GHOGKrYdwWvEaM3ZdrJDGxZx8eHtNwxxNhK9VgSFFlp5Hx7DoTrEuq1otgfcj3xsL71kj4nvNqpe43rBT896FHDOFR1yU4-8bp15cY9M\/s1600\/1.jpg\" style=\"margin-left: 1em; margin-right: 1em;\"><img loading=\"lazy\" decoding=\"async\" border=\"0\" src=\"https:\/\/blogger.googleusercontent.com\/img\/b\/R29vZ2xl\/AVvXsEijPo-Oy-sdgkci52n8GF1uFqRvQ6i1O_8E4f1GHOGKrYdwWvEaM3ZdrJDGxZx8eHtNwxxNhK9VgSFFlp5Hx7DoTrEuq1otgfcj3xsL71kj4nvNqpe43rBT896FHDOFR1yU4-8bp15cY9M\/s1600\/1.jpg\" height=\"200\" width=\"400\" \/><\/a><\/div>\n<p><b>Fran\u00e7ois Manardo a \u00e9t\u00e9 le chef de presse de la F\u00e9d\u00e9ration fran\u00e7aise de football et de l\u2019\u00e9quipe de France entre 2007 et 2013. Dans une tribune au Monde, il d\u00e9nonce le boycottage de Canal+ par le PSG et l\u2019OM.<\/b><br \/>New York, f\u00e9vrier 2014. J\u2019assiste au Superbowl, la finale du championnat de football am\u00e9ricain. En termes d\u2019organisation, cet \u00e9v\u00e9nement n\u2019a d\u2019\u00e9gal que la finale de la Coupe du monde de football. En tant qu\u2019observateur, je me suis hasard\u00e9 \u00e0 la fin du match \u00e0 une question \u00e0 la media manager de la NFL, la Ligue nord-am\u00e9ricaine de football. Apr\u00e8s plus de dix-sept ans dans le foot pro en tant que journaliste (un peu) et attach\u00e9 de presse (beaucoup), cette interrogation tombait sous le sens : \u00ab Que pr\u00e9voyez-vous si un joueur refuse de s\u2019exprimer devant les m\u00e9dias ? \u00bb La jeune femme m\u2019a fait r\u00e9p\u00e9ter la question, comme si elle ne la comprenait pas. Puis elle m\u2019a l\u00e2ch\u00e9 : \u00ab \u00c7a ne pourrait pas se produire avec nous. Ici, tout le monde fait le job. Joueurs, dirigeants et m\u00e9dias. Les t\u00e9l\u00e9s payent beaucoup d\u2019argent pour les droits de diffusion. Si un joueur refuse de s\u2019exprimer \u00e0 la presse, ce serait directement au pr\u00e9sident [commissionner] de la NFL de d\u00e9terminer la sanction. \u00bb<br \/>Un peu comme si Michel Platini, lui-m\u00eame, le pr\u00e9sident de l\u2019Union des associations europ\u00e9ennes de football (UEFA), fixait la nature de la sanction dont devrait s\u2019acquitter le Paris-Saint-Germain s\u2019il s\u2019obstinait, mercredi soir face au Bar\u00e7a, \u00e0 ne pas r\u00e9pondre aux micros de Canal+, le diffuseur de la rencontre des quarts de finale de la Ligue des champions.<\/p>\n<p>lemonde<\/p>\n","protected":false},"excerpt":{"rendered":"<p>Fran\u00e7ois Manardo a \u00e9t\u00e9 le chef de presse de la F\u00e9d\u00e9ration fran\u00e7aise de football et de l\u2019\u00e9quipe de France entre 2007 et 2013. Dans une tribune au Monde, il d\u00e9nonce le boycottage de Canal+ par le PSG et l\u2019OM.New York, f\u00e9vrier 2014. J\u2019assiste au Superbowl, la finale du championnat de football am\u00e9ricain. En termes d\u2019organisation, [&hellip;]<\/p>\n","protected":false},"author":2,"featured_media":0,"comment_status":"open","ping_status":"open","sticky":false,"template":"","format":"standard","meta":{"footnotes":""},"categories":[3],"tags":[],"class_list":{"0":"post-369","1":"post","2":"type-post","3":"status-publish","4":"format-standard","6":"category-news"},"yoast_head":"<!-- This site is optimized with the Yoast SEO plugin v27.4 - https:\/\/yoast.com\/product\/yoast-seo-wordpress\/ -->\n<title>Ligue des champions : \u00ab Ce soir, boycottons le PSG ! \u00bb - PSG FANS<\/title>\n<meta name=\"robots\" content=\"index, follow, max-snippet:-1, max-image-preview:large, max-video-preview:-1\" \/>\n<link rel=\"canonical\" href=\"https:\/\/psgfans.fr\/?p=369\" \/>\n<meta property=\"og:locale\" content=\"fr_FR\" \/>\n<meta property=\"og:type\" content=\"article\" \/>\n<meta property=\"og:title\" content=\"Ligue des champions : \u00ab Ce soir, boycottons le PSG ! \u00bb - PSG FANS\" \/>\n<meta property=\"og:description\" content=\"Fran\u00e7ois Manardo a \u00e9t\u00e9 le chef de presse de la F\u00e9d\u00e9ration fran\u00e7aise de football et de l\u2019\u00e9quipe de France entre 2007 et 2013. Dans une tribune au Monde, il d\u00e9nonce le boycottage de Canal+ par le PSG et l\u2019OM.New York, f\u00e9vrier 2014. J\u2019assiste au Superbowl, la finale du championnat de football am\u00e9ricain. En termes d\u2019organisation, [&hellip;]\" \/>\n<meta property=\"og:url\" content=\"https:\/\/psgfans.fr\/?p=369\" \/>\n<meta property=\"og:site_name\" content=\"PSG FANS\" \/>\n<meta property=\"article:published_time\" content=\"2015-04-15T10:38:00+00:00\" \/>\n<meta property=\"og:image\" content=\"https:\/\/blogger.googleusercontent.com\/img\/b\/R29vZ2xl\/AVvXsEijPo-Oy-sdgkci52n8GF1uFqRvQ6i1O_8E4f1GHOGKrYdwWvEaM3ZdrJDGxZx8eHtNwxxNhK9VgSFFlp5Hx7DoTrEuq1otgfcj3xsL71kj4nvNqpe43rBT896FHDOFR1yU4-8bp15cY9M\/s1600\/1.jpg\" \/>\n<meta name=\"author\" content=\"psgfans\" \/>\n<meta name=\"twitter:card\" content=\"summary_large_image\" \/>\n<meta name=\"twitter:label1\" content=\"\u00c9crit par\" \/>\n\t<meta name=\"twitter:data1\" content=\"psgfans\" \/>\n\t<meta name=\"twitter:label2\" content=\"Dur\u00e9e de lecture estim\u00e9e\" \/>\n\t<meta name=\"twitter:data2\" content=\"1 minute\" \/>\n<script type=\"application\/ld+json\" class=\"yoast-schema-graph\">{\"@context\":\"https:\\\/\\\/schema.org\",\"@graph\":[{\"@type\":\"Article\",\"@id\":\"https:\\\/\\\/psgfans.fr\\\/?p=369#article\",\"isPartOf\":{\"@id\":\"https:\\\/\\\/psgfans.fr\\\/?p=369\"},\"author\":{\"name\":\"psgfans\",\"@id\":\"https:\\\/\\\/psgfans.fr\\\/#\\\/schema\\\/person\\\/be2237e7a0237af2f29cb344b3c55e6c\"},\"headline\":\"Ligue des champions : \u00ab Ce soir, boycottons le PSG ! \u00bb\",\"datePublished\":\"2015-04-15T10:38:00+00:00\",\"mainEntityOfPage\":{\"@id\":\"https:\\\/\\\/psgfans.fr\\\/?p=369\"},\"wordCount\":303,\"commentCount\":0,\"image\":{\"@id\":\"https:\\\/\\\/psgfans.fr\\\/?p=369#primaryimage\"},\"thumbnailUrl\":\"https:\\\/\\\/blogger.googleusercontent.com\\\/img\\\/b\\\/R29vZ2xl\\\/AVvXsEijPo-Oy-sdgkci52n8GF1uFqRvQ6i1O_8E4f1GHOGKrYdwWvEaM3ZdrJDGxZx8eHtNwxxNhK9VgSFFlp5Hx7DoTrEuq1otgfcj3xsL71kj4nvNqpe43rBT896FHDOFR1yU4-8bp15cY9M\\\/s1600\\\/1.jpg\",\"articleSection\":[\"News\"],\"inLanguage\":\"fr-FR\",\"potentialAction\":[{\"@type\":\"CommentAction\",\"name\":\"Comment\",\"target\":[\"https:\\\/\\\/psgfans.fr\\\/?p=369#respond\"]}]},{\"@type\":\"WebPage\",\"@id\":\"https:\\\/\\\/psgfans.fr\\\/?p=369\",\"url\":\"https:\\\/\\\/psgfans.fr\\\/?p=369\",\"name\":\"Ligue des champions : \u00ab Ce soir, boycottons le PSG ! \u00bb - PSG FANS\",\"isPartOf\":{\"@id\":\"https:\\\/\\\/psgfans.fr\\\/#website\"},\"primaryImageOfPage\":{\"@id\":\"https:\\\/\\\/psgfans.fr\\\/?p=369#primaryimage\"},\"image\":{\"@id\":\"https:\\\/\\\/psgfans.fr\\\/?p=369#primaryimage\"},\"thumbnailUrl\":\"https:\\\/\\\/blogger.googleusercontent.com\\\/img\\\/b\\\/R29vZ2xl\\\/AVvXsEijPo-Oy-sdgkci52n8GF1uFqRvQ6i1O_8E4f1GHOGKrYdwWvEaM3ZdrJDGxZx8eHtNwxxNhK9VgSFFlp5Hx7DoTrEuq1otgfcj3xsL71kj4nvNqpe43rBT896FHDOFR1yU4-8bp15cY9M\\\/s1600\\\/1.jpg\",\"datePublished\":\"2015-04-15T10:38:00+00:00\",\"author\":{\"@id\":\"https:\\\/\\\/psgfans.fr\\\/#\\\/schema\\\/person\\\/be2237e7a0237af2f29cb344b3c55e6c\"},\"breadcrumb\":{\"@id\":\"https:\\\/\\\/psgfans.fr\\\/?p=369#breadcrumb\"},\"inLanguage\":\"fr-FR\",\"potentialAction\":[{\"@type\":\"ReadAction\",\"target\":[\"https:\\\/\\\/psgfans.fr\\\/?p=369\"]}]},{\"@type\":\"ImageObject\",\"inLanguage\":\"fr-FR\",\"@id\":\"https:\\\/\\\/psgfans.fr\\\/?p=369#primaryimage\",\"url\":\"https:\\\/\\\/blogger.googleusercontent.com\\\/img\\\/b\\\/R29vZ2xl\\\/AVvXsEijPo-Oy-sdgkci52n8GF1uFqRvQ6i1O_8E4f1GHOGKrYdwWvEaM3ZdrJDGxZx8eHtNwxxNhK9VgSFFlp5Hx7DoTrEuq1otgfcj3xsL71kj4nvNqpe43rBT896FHDOFR1yU4-8bp15cY9M\\\/s1600\\\/1.jpg\",\"contentUrl\":\"https:\\\/\\\/blogger.googleusercontent.com\\\/img\\\/b\\\/R29vZ2xl\\\/AVvXsEijPo-Oy-sdgkci52n8GF1uFqRvQ6i1O_8E4f1GHOGKrYdwWvEaM3ZdrJDGxZx8eHtNwxxNhK9VgSFFlp5Hx7DoTrEuq1otgfcj3xsL71kj4nvNqpe43rBT896FHDOFR1yU4-8bp15cY9M\\\/s1600\\\/1.jpg\"},{\"@type\":\"BreadcrumbList\",\"@id\":\"https:\\\/\\\/psgfans.fr\\\/?p=369#breadcrumb\",\"itemListElement\":[{\"@type\":\"ListItem\",\"position\":1,\"name\":\"Accueil\",\"item\":\"https:\\\/\\\/psgfans.fr\\\/\"},{\"@type\":\"ListItem\",\"position\":2,\"name\":\"Ligue des champions : \u00ab Ce soir, boycottons le PSG ! \u00bb\"}]},{\"@type\":\"WebSite\",\"@id\":\"https:\\\/\\\/psgfans.fr\\\/#website\",\"url\":\"https:\\\/\\\/psgfans.fr\\\/\",\"name\":\"PSG FANS\",\"description\":\"Unit\u00e9, Passion, Victoire : Au C\u0153ur du Paris Saint-Germain!\",\"potentialAction\":[{\"@type\":\"SearchAction\",\"target\":{\"@type\":\"EntryPoint\",\"urlTemplate\":\"https:\\\/\\\/psgfans.fr\\\/?s={search_term_string}\"},\"query-input\":{\"@type\":\"PropertyValueSpecification\",\"valueRequired\":true,\"valueName\":\"search_term_string\"}}],\"inLanguage\":\"fr-FR\"},{\"@type\":\"Person\",\"@id\":\"https:\\\/\\\/psgfans.fr\\\/#\\\/schema\\\/person\\\/be2237e7a0237af2f29cb344b3c55e6c\",\"name\":\"psgfans\",\"image\":{\"@type\":\"ImageObject\",\"inLanguage\":\"fr-FR\",\"@id\":\"https:\\\/\\\/secure.gravatar.com\\\/avatar\\\/?s=96&d=mm&r=g\",\"url\":\"https:\\\/\\\/secure.gravatar.com\\\/avatar\\\/?s=96&d=mm&r=g\",\"contentUrl\":\"https:\\\/\\\/secure.gravatar.com\\\/avatar\\\/?s=96&d=mm&r=g\",\"caption\":\"psgfans\"},\"url\":\"https:\\\/\\\/psgfans.fr\\\/?author=2\"}]}<\/script>\n<!-- \/ Yoast SEO plugin. -->","yoast_head_json":{"title":"Ligue des champions : \u00ab Ce soir, boycottons le PSG ! \u00bb - PSG FANS","robots":{"index":"index","follow":"follow","max-snippet":"max-snippet:-1","max-image-preview":"max-image-preview:large","max-video-preview":"max-video-preview:-1"},"canonical":"https:\/\/psgfans.fr\/?p=369","og_locale":"fr_FR","og_type":"article","og_title":"Ligue des champions : \u00ab Ce soir, boycottons le PSG ! \u00bb - PSG FANS","og_description":"Fran\u00e7ois Manardo a \u00e9t\u00e9 le chef de presse de la F\u00e9d\u00e9ration fran\u00e7aise de football et de l\u2019\u00e9quipe de France entre 2007 et 2013. Dans une tribune au Monde, il d\u00e9nonce le boycottage de Canal+ par le PSG et l\u2019OM.New York, f\u00e9vrier 2014. J\u2019assiste au Superbowl, la finale du championnat de football am\u00e9ricain. En termes d\u2019organisation, [&hellip;]","og_url":"https:\/\/psgfans.fr\/?p=369","og_site_name":"PSG FANS","article_published_time":"2015-04-15T10:38:00+00:00","og_image":[{"url":"https:\/\/blogger.googleusercontent.com\/img\/b\/R29vZ2xl\/AVvXsEijPo-Oy-sdgkci52n8GF1uFqRvQ6i1O_8E4f1GHOGKrYdwWvEaM3ZdrJDGxZx8eHtNwxxNhK9VgSFFlp5Hx7DoTrEuq1otgfcj3xsL71kj4nvNqpe43rBT896FHDOFR1yU4-8bp15cY9M\/s1600\/1.jpg","type":"","width":"","height":""}],"author":"psgfans","twitter_card":"summary_large_image","twitter_misc":{"\u00c9crit par":"psgfans","Dur\u00e9e de lecture estim\u00e9e":"1 minute"},"schema":{"@context":"https:\/\/schema.org","@graph":[{"@type":"Article","@id":"https:\/\/psgfans.fr\/?p=369#article","isPartOf":{"@id":"https:\/\/psgfans.fr\/?p=369"},"author":{"name":"psgfans","@id":"https:\/\/psgfans.fr\/#\/schema\/person\/be2237e7a0237af2f29cb344b3c55e6c"},"headline":"Ligue des champions : \u00ab Ce soir, boycottons le PSG ! \u00bb","datePublished":"2015-04-15T10:38:00+00:00","mainEntityOfPage":{"@id":"https:\/\/psgfans.fr\/?p=369"},"wordCount":303,"commentCount":0,"image":{"@id":"https:\/\/psgfans.fr\/?p=369#primaryimage"},"thumbnailUrl":"https:\/\/blogger.googleusercontent.com\/img\/b\/R29vZ2xl\/AVvXsEijPo-Oy-sdgkci52n8GF1uFqRvQ6i1O_8E4f1GHOGKrYdwWvEaM3ZdrJDGxZx8eHtNwxxNhK9VgSFFlp5Hx7DoTrEuq1otgfcj3xsL71kj4nvNqpe43rBT896FHDOFR1yU4-8bp15cY9M\/s1600\/1.jpg","articleSection":["News"],"inLanguage":"fr-FR","potentialAction":[{"@type":"CommentAction","name":"Comment","target":["https:\/\/psgfans.fr\/?p=369#respond"]}]},{"@type":"WebPage","@id":"https:\/\/psgfans.fr\/?p=369","url":"https:\/\/psgfans.fr\/?p=369","name":"Ligue des champions : \u00ab Ce soir, boycottons le PSG ! \u00bb - PSG FANS","isPartOf":{"@id":"https:\/\/psgfans.fr\/#website"},"primaryImageOfPage":{"@id":"https:\/\/psgfans.fr\/?p=369#primaryimage"},"image":{"@id":"https:\/\/psgfans.fr\/?p=369#primaryimage"},"thumbnailUrl":"https:\/\/blogger.googleusercontent.com\/img\/b\/R29vZ2xl\/AVvXsEijPo-Oy-sdgkci52n8GF1uFqRvQ6i1O_8E4f1GHOGKrYdwWvEaM3ZdrJDGxZx8eHtNwxxNhK9VgSFFlp5Hx7DoTrEuq1otgfcj3xsL71kj4nvNqpe43rBT896FHDOFR1yU4-8bp15cY9M\/s1600\/1.jpg","datePublished":"2015-04-15T10:38:00+00:00","author":{"@id":"https:\/\/psgfans.fr\/#\/schema\/person\/be2237e7a0237af2f29cb344b3c55e6c"},"breadcrumb":{"@id":"https:\/\/psgfans.fr\/?p=369#breadcrumb"},"inLanguage":"fr-FR","potentialAction":[{"@type":"ReadAction","target":["https:\/\/psgfans.fr\/?p=369"]}]},{"@type":"ImageObject","inLanguage":"fr-FR","@id":"https:\/\/psgfans.fr\/?p=369#primaryimage","url":"https:\/\/blogger.googleusercontent.com\/img\/b\/R29vZ2xl\/AVvXsEijPo-Oy-sdgkci52n8GF1uFqRvQ6i1O_8E4f1GHOGKrYdwWvEaM3ZdrJDGxZx8eHtNwxxNhK9VgSFFlp5Hx7DoTrEuq1otgfcj3xsL71kj4nvNqpe43rBT896FHDOFR1yU4-8bp15cY9M\/s1600\/1.jpg","contentUrl":"https:\/\/blogger.googleusercontent.com\/img\/b\/R29vZ2xl\/AVvXsEijPo-Oy-sdgkci52n8GF1uFqRvQ6i1O_8E4f1GHOGKrYdwWvEaM3ZdrJDGxZx8eHtNwxxNhK9VgSFFlp5Hx7DoTrEuq1otgfcj3xsL71kj4nvNqpe43rBT896FHDOFR1yU4-8bp15cY9M\/s1600\/1.jpg"},{"@type":"BreadcrumbList","@id":"https:\/\/psgfans.fr\/?p=369#breadcrumb","itemListElement":[{"@type":"ListItem","position":1,"name":"Accueil","item":"https:\/\/psgfans.fr\/"},{"@type":"ListItem","position":2,"name":"Ligue des champions : \u00ab Ce soir, boycottons le PSG ! \u00bb"}]},{"@type":"WebSite","@id":"https:\/\/psgfans.fr\/#website","url":"https:\/\/psgfans.fr\/","name":"PSG FANS","description":"Unit\u00e9, Passion, Victoire : Au C\u0153ur du Paris Saint-Germain!","potentialAction":[{"@type":"SearchAction","target":{"@type":"EntryPoint","urlTemplate":"https:\/\/psgfans.fr\/?s={search_term_string}"},"query-input":{"@type":"PropertyValueSpecification","valueRequired":true,"valueName":"search_term_string"}}],"inLanguage":"fr-FR"},{"@type":"Person","@id":"https:\/\/psgfans.fr\/#\/schema\/person\/be2237e7a0237af2f29cb344b3c55e6c","name":"psgfans","image":{"@type":"ImageObject","inLanguage":"fr-FR","@id":"https:\/\/secure.gravatar.com\/avatar\/?s=96&d=mm&r=g","url":"https:\/\/secure.gravatar.com\/avatar\/?s=96&d=mm&r=g","contentUrl":"https:\/\/secure.gravatar.com\/avatar\/?s=96&d=mm&r=g","caption":"psgfans"},"url":"https:\/\/psgfans.fr\/?author=2"}]}},"_links":{"self":[{"href":"https:\/\/psgfans.fr\/index.php?rest_route=\/wp\/v2\/posts\/369","targetHints":{"allow":["GET"]}}],"collection":[{"href":"https:\/\/psgfans.fr\/index.php?rest_route=\/wp\/v2\/posts"}],"about":[{"href":"https:\/\/psgfans.fr\/index.php?rest_route=\/wp\/v2\/types\/post"}],"author":[{"embeddable":true,"href":"https:\/\/psgfans.fr\/index.php?rest_route=\/wp\/v2\/users\/2"}],"replies":[{"embeddable":true,"href":"https:\/\/psgfans.fr\/index.php?rest_route=%2Fwp%2Fv2%2Fcomments&post=369"}],"version-history":[{"count":0,"href":"https:\/\/psgfans.fr\/index.php?rest_route=\/wp\/v2\/posts\/369\/revisions"}],"wp:attachment":[{"href":"https:\/\/psgfans.fr\/index.php?rest_route=%2Fwp%2Fv2%2Fmedia&parent=369"}],"wp:term":[{"taxonomy":"category","embeddable":true,"href":"https:\/\/psgfans.fr\/index.php?rest_route=%2Fwp%2Fv2%2Fcategories&post=369"},{"taxonomy":"post_tag","embeddable":true,"href":"https:\/\/psgfans.fr\/index.php?rest_route=%2Fwp%2Fv2%2Ftags&post=369"}],"curies":[{"name":"wp","href":"https:\/\/api.w.org\/{rel}","templated":true}]}}