{"id":368,"date":"2015-04-15T11:42:00","date_gmt":"2015-04-15T10:42:00","guid":{"rendered":"https:\/\/psgfans.fr\/?p=368"},"modified":"2015-04-15T11:42:00","modified_gmt":"2015-04-15T10:42:00","slug":"la-compo-probable-du-psg-face-au-barca","status":"publish","type":"post","link":"https:\/\/psgfans.fr\/?p=368","title":{"rendered":"La compo probable du PSG face au Bar\u00e7a"},"content":{"rendered":"<div style=\"clear: both; text-align: center;\"><a href=\"https:\/\/blogger.googleusercontent.com\/img\/b\/R29vZ2xl\/AVvXsEhHxvKK3WQlIald6-uf1yhlEi_chiLSFoe519LGLhSHnKeNkua3AoJeXKUVRxTRNNvKQWyztWzBm3TMlyz2ezjKIBLtuUDaDj6hqBLyqlNX-0ppNci961mhsYMQZnYlS5-iQ7jb4MpxdnU\/s1600\/r43OeBb1OmA.jpg\" style=\"margin-left: 1em; margin-right: 1em;\"><img loading=\"lazy\" decoding=\"async\" border=\"0\" src=\"https:\/\/blogger.googleusercontent.com\/img\/b\/R29vZ2xl\/AVvXsEhHxvKK3WQlIald6-uf1yhlEi_chiLSFoe519LGLhSHnKeNkua3AoJeXKUVRxTRNNvKQWyztWzBm3TMlyz2ezjKIBLtuUDaDj6hqBLyqlNX-0ppNci961mhsYMQZnYlS5-iQ7jb4MpxdnU\/s1600\/r43OeBb1OmA.jpg\" height=\"266\" width=\"400\" \/><\/a><\/div>\n<p>Le PSG retrouve le Bar\u00e7a ce soir au Parc des Princes, \u00e0 l\u2019occasion de son quart de finale aller de Ligue des champions. En l\u2019absence de Thiago Motta, bless\u00e9, et Marco Verratti, suspendu, Adrien Rabiot devrait \u00eatre titulaire aux c\u00f4t\u00e9s de Yohan Cabaye et Blaise Matuidi. Sans Zlatan Ibrahimovic, \u00e9galement suspendu, l\u2019attaque parisienne sera emmen\u00e9e par Pastore, Lavezzi et Cavani. Si David Luiz est pr\u00e9sent dans le groupe, \u00e0 la surprise g\u00e9n\u00e9rale, il ne devrait pas d\u00e9buter cette rencontre.<\/p>\n<p><b>Compo probable du PSG :<\/b><\/p>\n<p> Sirigu &#8211; Van Der Wiel, Thiago Silva, Marquinhos, Maxwell &#8211; Cabaye, Rabiot, Matuidi \u2013 Pastore, Lavezzi, Cavani<\/p>\n","protected":false},"excerpt":{"rendered":"<p>Le PSG retrouve le Bar\u00e7a ce soir au Parc des Princes, \u00e0 l\u2019occasion de son quart de finale aller de Ligue des champions. En l\u2019absence de Thiago Motta, bless\u00e9, et Marco Verratti, suspendu, Adrien Rabiot devrait \u00eatre titulaire aux c\u00f4t\u00e9s de Yohan Cabaye et Blaise Matuidi. Sans Zlatan Ibrahimovic, \u00e9galement suspendu, l\u2019attaque parisienne sera emmen\u00e9e [&hellip;]<\/p>\n","protected":false},"author":2,"featured_media":0,"comment_status":"open","ping_status":"open","sticky":false,"template":"","format":"standard","meta":{"footnotes":""},"categories":[3],"tags":[],"class_list":{"0":"post-368","1":"post","2":"type-post","3":"status-publish","4":"format-standard","6":"category-news"},"yoast_head":"<!-- This site is optimized with the Yoast SEO plugin v27.4 - https:\/\/yoast.com\/product\/yoast-seo-wordpress\/ -->\n<title>La compo probable du PSG face au Bar\u00e7a - PSG FANS<\/title>\n<meta name=\"robots\" content=\"index, follow, max-snippet:-1, max-image-preview:large, max-video-preview:-1\" \/>\n<link rel=\"canonical\" href=\"https:\/\/psgfans.fr\/?p=368\" \/>\n<meta property=\"og:locale\" content=\"fr_FR\" \/>\n<meta property=\"og:type\" content=\"article\" \/>\n<meta property=\"og:title\" content=\"La compo probable du PSG face au Bar\u00e7a - PSG FANS\" \/>\n<meta property=\"og:description\" content=\"Le PSG retrouve le Bar\u00e7a ce soir au Parc des Princes, \u00e0 l\u2019occasion de son quart de finale aller de Ligue des champions. En l\u2019absence de Thiago Motta, bless\u00e9, et Marco Verratti, suspendu, Adrien Rabiot devrait \u00eatre titulaire aux c\u00f4t\u00e9s de Yohan Cabaye et Blaise Matuidi. Sans Zlatan Ibrahimovic, \u00e9galement suspendu, l\u2019attaque parisienne sera emmen\u00e9e [&hellip;]\" \/>\n<meta property=\"og:url\" content=\"https:\/\/psgfans.fr\/?p=368\" \/>\n<meta property=\"og:site_name\" content=\"PSG FANS\" \/>\n<meta property=\"article:published_time\" content=\"2015-04-15T10:42:00+00:00\" \/>\n<meta property=\"og:image\" content=\"https:\/\/blogger.googleusercontent.com\/img\/b\/R29vZ2xl\/AVvXsEhHxvKK3WQlIald6-uf1yhlEi_chiLSFoe519LGLhSHnKeNkua3AoJeXKUVRxTRNNvKQWyztWzBm3TMlyz2ezjKIBLtuUDaDj6hqBLyqlNX-0ppNci961mhsYMQZnYlS5-iQ7jb4MpxdnU\/s1600\/r43OeBb1OmA.jpg\" \/>\n<meta name=\"author\" content=\"psgfans\" \/>\n<meta name=\"twitter:card\" content=\"summary_large_image\" \/>\n<meta name=\"twitter:label1\" content=\"\u00c9crit par\" \/>\n\t<meta name=\"twitter:data1\" content=\"psgfans\" \/>\n\t<meta name=\"twitter:label2\" content=\"Dur\u00e9e de lecture estim\u00e9e\" \/>\n\t<meta name=\"twitter:data2\" content=\"1 minute\" \/>\n<script type=\"application\/ld+json\" class=\"yoast-schema-graph\">{\"@context\":\"https:\\\/\\\/schema.org\",\"@graph\":[{\"@type\":\"Article\",\"@id\":\"https:\\\/\\\/psgfans.fr\\\/?p=368#article\",\"isPartOf\":{\"@id\":\"https:\\\/\\\/psgfans.fr\\\/?p=368\"},\"author\":{\"name\":\"psgfans\",\"@id\":\"https:\\\/\\\/psgfans.fr\\\/#\\\/schema\\\/person\\\/be2237e7a0237af2f29cb344b3c55e6c\"},\"headline\":\"La compo probable du PSG face au Bar\u00e7a\",\"datePublished\":\"2015-04-15T10:42:00+00:00\",\"mainEntityOfPage\":{\"@id\":\"https:\\\/\\\/psgfans.fr\\\/?p=368\"},\"wordCount\":117,\"commentCount\":0,\"image\":{\"@id\":\"https:\\\/\\\/psgfans.fr\\\/?p=368#primaryimage\"},\"thumbnailUrl\":\"https:\\\/\\\/blogger.googleusercontent.com\\\/img\\\/b\\\/R29vZ2xl\\\/AVvXsEhHxvKK3WQlIald6-uf1yhlEi_chiLSFoe519LGLhSHnKeNkua3AoJeXKUVRxTRNNvKQWyztWzBm3TMlyz2ezjKIBLtuUDaDj6hqBLyqlNX-0ppNci961mhsYMQZnYlS5-iQ7jb4MpxdnU\\\/s1600\\\/r43OeBb1OmA.jpg\",\"articleSection\":[\"News\"],\"inLanguage\":\"fr-FR\",\"potentialAction\":[{\"@type\":\"CommentAction\",\"name\":\"Comment\",\"target\":[\"https:\\\/\\\/psgfans.fr\\\/?p=368#respond\"]}]},{\"@type\":\"WebPage\",\"@id\":\"https:\\\/\\\/psgfans.fr\\\/?p=368\",\"url\":\"https:\\\/\\\/psgfans.fr\\\/?p=368\",\"name\":\"La compo probable du PSG face au Bar\u00e7a - PSG FANS\",\"isPartOf\":{\"@id\":\"https:\\\/\\\/psgfans.fr\\\/#website\"},\"primaryImageOfPage\":{\"@id\":\"https:\\\/\\\/psgfans.fr\\\/?p=368#primaryimage\"},\"image\":{\"@id\":\"https:\\\/\\\/psgfans.fr\\\/?p=368#primaryimage\"},\"thumbnailUrl\":\"https:\\\/\\\/blogger.googleusercontent.com\\\/img\\\/b\\\/R29vZ2xl\\\/AVvXsEhHxvKK3WQlIald6-uf1yhlEi_chiLSFoe519LGLhSHnKeNkua3AoJeXKUVRxTRNNvKQWyztWzBm3TMlyz2ezjKIBLtuUDaDj6hqBLyqlNX-0ppNci961mhsYMQZnYlS5-iQ7jb4MpxdnU\\\/s1600\\\/r43OeBb1OmA.jpg\",\"datePublished\":\"2015-04-15T10:42:00+00:00\",\"author\":{\"@id\":\"https:\\\/\\\/psgfans.fr\\\/#\\\/schema\\\/person\\\/be2237e7a0237af2f29cb344b3c55e6c\"},\"breadcrumb\":{\"@id\":\"https:\\\/\\\/psgfans.fr\\\/?p=368#breadcrumb\"},\"inLanguage\":\"fr-FR\",\"potentialAction\":[{\"@type\":\"ReadAction\",\"target\":[\"https:\\\/\\\/psgfans.fr\\\/?p=368\"]}]},{\"@type\":\"ImageObject\",\"inLanguage\":\"fr-FR\",\"@id\":\"https:\\\/\\\/psgfans.fr\\\/?p=368#primaryimage\",\"url\":\"https:\\\/\\\/blogger.googleusercontent.com\\\/img\\\/b\\\/R29vZ2xl\\\/AVvXsEhHxvKK3WQlIald6-uf1yhlEi_chiLSFoe519LGLhSHnKeNkua3AoJeXKUVRxTRNNvKQWyztWzBm3TMlyz2ezjKIBLtuUDaDj6hqBLyqlNX-0ppNci961mhsYMQZnYlS5-iQ7jb4MpxdnU\\\/s1600\\\/r43OeBb1OmA.jpg\",\"contentUrl\":\"https:\\\/\\\/blogger.googleusercontent.com\\\/img\\\/b\\\/R29vZ2xl\\\/AVvXsEhHxvKK3WQlIald6-uf1yhlEi_chiLSFoe519LGLhSHnKeNkua3AoJeXKUVRxTRNNvKQWyztWzBm3TMlyz2ezjKIBLtuUDaDj6hqBLyqlNX-0ppNci961mhsYMQZnYlS5-iQ7jb4MpxdnU\\\/s1600\\\/r43OeBb1OmA.jpg\"},{\"@type\":\"BreadcrumbList\",\"@id\":\"https:\\\/\\\/psgfans.fr\\\/?p=368#breadcrumb\",\"itemListElement\":[{\"@type\":\"ListItem\",\"position\":1,\"name\":\"Accueil\",\"item\":\"https:\\\/\\\/psgfans.fr\\\/\"},{\"@type\":\"ListItem\",\"position\":2,\"name\":\"La compo probable du PSG face au Bar\u00e7a\"}]},{\"@type\":\"WebSite\",\"@id\":\"https:\\\/\\\/psgfans.fr\\\/#website\",\"url\":\"https:\\\/\\\/psgfans.fr\\\/\",\"name\":\"PSG FANS\",\"description\":\"Unit\u00e9, Passion, Victoire : Au C\u0153ur du Paris Saint-Germain!\",\"potentialAction\":[{\"@type\":\"SearchAction\",\"target\":{\"@type\":\"EntryPoint\",\"urlTemplate\":\"https:\\\/\\\/psgfans.fr\\\/?s={search_term_string}\"},\"query-input\":{\"@type\":\"PropertyValueSpecification\",\"valueRequired\":true,\"valueName\":\"search_term_string\"}}],\"inLanguage\":\"fr-FR\"},{\"@type\":\"Person\",\"@id\":\"https:\\\/\\\/psgfans.fr\\\/#\\\/schema\\\/person\\\/be2237e7a0237af2f29cb344b3c55e6c\",\"name\":\"psgfans\",\"image\":{\"@type\":\"ImageObject\",\"inLanguage\":\"fr-FR\",\"@id\":\"https:\\\/\\\/secure.gravatar.com\\\/avatar\\\/?s=96&d=mm&r=g\",\"url\":\"https:\\\/\\\/secure.gravatar.com\\\/avatar\\\/?s=96&d=mm&r=g\",\"contentUrl\":\"https:\\\/\\\/secure.gravatar.com\\\/avatar\\\/?s=96&d=mm&r=g\",\"caption\":\"psgfans\"},\"url\":\"https:\\\/\\\/psgfans.fr\\\/?author=2\"}]}<\/script>\n<!-- \/ Yoast SEO plugin. -->","yoast_head_json":{"title":"La compo probable du PSG face au Bar\u00e7a - PSG FANS","robots":{"index":"index","follow":"follow","max-snippet":"max-snippet:-1","max-image-preview":"max-image-preview:large","max-video-preview":"max-video-preview:-1"},"canonical":"https:\/\/psgfans.fr\/?p=368","og_locale":"fr_FR","og_type":"article","og_title":"La compo probable du PSG face au Bar\u00e7a - PSG FANS","og_description":"Le PSG retrouve le Bar\u00e7a ce soir au Parc des Princes, \u00e0 l\u2019occasion de son quart de finale aller de Ligue des champions. En l\u2019absence de Thiago Motta, bless\u00e9, et Marco Verratti, suspendu, Adrien Rabiot devrait \u00eatre titulaire aux c\u00f4t\u00e9s de Yohan Cabaye et Blaise Matuidi. Sans Zlatan Ibrahimovic, \u00e9galement suspendu, l\u2019attaque parisienne sera emmen\u00e9e [&hellip;]","og_url":"https:\/\/psgfans.fr\/?p=368","og_site_name":"PSG FANS","article_published_time":"2015-04-15T10:42:00+00:00","og_image":[{"url":"https:\/\/blogger.googleusercontent.com\/img\/b\/R29vZ2xl\/AVvXsEhHxvKK3WQlIald6-uf1yhlEi_chiLSFoe519LGLhSHnKeNkua3AoJeXKUVRxTRNNvKQWyztWzBm3TMlyz2ezjKIBLtuUDaDj6hqBLyqlNX-0ppNci961mhsYMQZnYlS5-iQ7jb4MpxdnU\/s1600\/r43OeBb1OmA.jpg","type":"","width":"","height":""}],"author":"psgfans","twitter_card":"summary_large_image","twitter_misc":{"\u00c9crit par":"psgfans","Dur\u00e9e de lecture estim\u00e9e":"1 minute"},"schema":{"@context":"https:\/\/schema.org","@graph":[{"@type":"Article","@id":"https:\/\/psgfans.fr\/?p=368#article","isPartOf":{"@id":"https:\/\/psgfans.fr\/?p=368"},"author":{"name":"psgfans","@id":"https:\/\/psgfans.fr\/#\/schema\/person\/be2237e7a0237af2f29cb344b3c55e6c"},"headline":"La compo probable du PSG face au Bar\u00e7a","datePublished":"2015-04-15T10:42:00+00:00","mainEntityOfPage":{"@id":"https:\/\/psgfans.fr\/?p=368"},"wordCount":117,"commentCount":0,"image":{"@id":"https:\/\/psgfans.fr\/?p=368#primaryimage"},"thumbnailUrl":"https:\/\/blogger.googleusercontent.com\/img\/b\/R29vZ2xl\/AVvXsEhHxvKK3WQlIald6-uf1yhlEi_chiLSFoe519LGLhSHnKeNkua3AoJeXKUVRxTRNNvKQWyztWzBm3TMlyz2ezjKIBLtuUDaDj6hqBLyqlNX-0ppNci961mhsYMQZnYlS5-iQ7jb4MpxdnU\/s1600\/r43OeBb1OmA.jpg","articleSection":["News"],"inLanguage":"fr-FR","potentialAction":[{"@type":"CommentAction","name":"Comment","target":["https:\/\/psgfans.fr\/?p=368#respond"]}]},{"@type":"WebPage","@id":"https:\/\/psgfans.fr\/?p=368","url":"https:\/\/psgfans.fr\/?p=368","name":"La compo probable du PSG face au Bar\u00e7a - PSG FANS","isPartOf":{"@id":"https:\/\/psgfans.fr\/#website"},"primaryImageOfPage":{"@id":"https:\/\/psgfans.fr\/?p=368#primaryimage"},"image":{"@id":"https:\/\/psgfans.fr\/?p=368#primaryimage"},"thumbnailUrl":"https:\/\/blogger.googleusercontent.com\/img\/b\/R29vZ2xl\/AVvXsEhHxvKK3WQlIald6-uf1yhlEi_chiLSFoe519LGLhSHnKeNkua3AoJeXKUVRxTRNNvKQWyztWzBm3TMlyz2ezjKIBLtuUDaDj6hqBLyqlNX-0ppNci961mhsYMQZnYlS5-iQ7jb4MpxdnU\/s1600\/r43OeBb1OmA.jpg","datePublished":"2015-04-15T10:42:00+00:00","author":{"@id":"https:\/\/psgfans.fr\/#\/schema\/person\/be2237e7a0237af2f29cb344b3c55e6c"},"breadcrumb":{"@id":"https:\/\/psgfans.fr\/?p=368#breadcrumb"},"inLanguage":"fr-FR","potentialAction":[{"@type":"ReadAction","target":["https:\/\/psgfans.fr\/?p=368"]}]},{"@type":"ImageObject","inLanguage":"fr-FR","@id":"https:\/\/psgfans.fr\/?p=368#primaryimage","url":"https:\/\/blogger.googleusercontent.com\/img\/b\/R29vZ2xl\/AVvXsEhHxvKK3WQlIald6-uf1yhlEi_chiLSFoe519LGLhSHnKeNkua3AoJeXKUVRxTRNNvKQWyztWzBm3TMlyz2ezjKIBLtuUDaDj6hqBLyqlNX-0ppNci961mhsYMQZnYlS5-iQ7jb4MpxdnU\/s1600\/r43OeBb1OmA.jpg","contentUrl":"https:\/\/blogger.googleusercontent.com\/img\/b\/R29vZ2xl\/AVvXsEhHxvKK3WQlIald6-uf1yhlEi_chiLSFoe519LGLhSHnKeNkua3AoJeXKUVRxTRNNvKQWyztWzBm3TMlyz2ezjKIBLtuUDaDj6hqBLyqlNX-0ppNci961mhsYMQZnYlS5-iQ7jb4MpxdnU\/s1600\/r43OeBb1OmA.jpg"},{"@type":"BreadcrumbList","@id":"https:\/\/psgfans.fr\/?p=368#breadcrumb","itemListElement":[{"@type":"ListItem","position":1,"name":"Accueil","item":"https:\/\/psgfans.fr\/"},{"@type":"ListItem","position":2,"name":"La compo probable du PSG face au Bar\u00e7a"}]},{"@type":"WebSite","@id":"https:\/\/psgfans.fr\/#website","url":"https:\/\/psgfans.fr\/","name":"PSG FANS","description":"Unit\u00e9, Passion, Victoire : Au C\u0153ur du Paris Saint-Germain!","potentialAction":[{"@type":"SearchAction","target":{"@type":"EntryPoint","urlTemplate":"https:\/\/psgfans.fr\/?s={search_term_string}"},"query-input":{"@type":"PropertyValueSpecification","valueRequired":true,"valueName":"search_term_string"}}],"inLanguage":"fr-FR"},{"@type":"Person","@id":"https:\/\/psgfans.fr\/#\/schema\/person\/be2237e7a0237af2f29cb344b3c55e6c","name":"psgfans","image":{"@type":"ImageObject","inLanguage":"fr-FR","@id":"https:\/\/secure.gravatar.com\/avatar\/?s=96&d=mm&r=g","url":"https:\/\/secure.gravatar.com\/avatar\/?s=96&d=mm&r=g","contentUrl":"https:\/\/secure.gravatar.com\/avatar\/?s=96&d=mm&r=g","caption":"psgfans"},"url":"https:\/\/psgfans.fr\/?author=2"}]}},"_links":{"self":[{"href":"https:\/\/psgfans.fr\/index.php?rest_route=\/wp\/v2\/posts\/368","targetHints":{"allow":["GET"]}}],"collection":[{"href":"https:\/\/psgfans.fr\/index.php?rest_route=\/wp\/v2\/posts"}],"about":[{"href":"https:\/\/psgfans.fr\/index.php?rest_route=\/wp\/v2\/types\/post"}],"author":[{"embeddable":true,"href":"https:\/\/psgfans.fr\/index.php?rest_route=\/wp\/v2\/users\/2"}],"replies":[{"embeddable":true,"href":"https:\/\/psgfans.fr\/index.php?rest_route=%2Fwp%2Fv2%2Fcomments&post=368"}],"version-history":[{"count":0,"href":"https:\/\/psgfans.fr\/index.php?rest_route=\/wp\/v2\/posts\/368\/revisions"}],"wp:attachment":[{"href":"https:\/\/psgfans.fr\/index.php?rest_route=%2Fwp%2Fv2%2Fmedia&parent=368"}],"wp:term":[{"taxonomy":"category","embeddable":true,"href":"https:\/\/psgfans.fr\/index.php?rest_route=%2Fwp%2Fv2%2Fcategories&post=368"},{"taxonomy":"post_tag","embeddable":true,"href":"https:\/\/psgfans.fr\/index.php?rest_route=%2Fwp%2Fv2%2Ftags&post=368"}],"curies":[{"name":"wp","href":"https:\/\/api.w.org\/{rel}","templated":true}]}}