{"id":367,"date":"2015-04-15T17:41:00","date_gmt":"2015-04-15T16:41:00","guid":{"rendered":"https:\/\/psgfans.fr\/?p=367"},"modified":"2015-04-15T17:41:00","modified_gmt":"2015-04-15T16:41:00","slug":"le-parc-des-princes-forteresse-imprenable-du-psg","status":"publish","type":"post","link":"https:\/\/psgfans.fr\/?p=367","title":{"rendered":"Le Parc des Princes, forteresse imprenable du PSG"},"content":{"rendered":"<div style=\"clear: both; text-align: center;\"><a href=\"https:\/\/blogger.googleusercontent.com\/img\/b\/R29vZ2xl\/AVvXsEh1T6GlVD_QJuOep2DOWwQEcmUy9z-wrlY4mVWv9oeb-98m6O4KGuaslx11x_tFWxxF5ErTegwz3bCs62Rx-0okCxykdWQ7t-733ucL47FoS5OqVJFSQoSHw4a4nbssLYVynhSIMCfc6Ok\/s1600\/1.jpg\" style=\"margin-left: 1em; margin-right: 1em;\"><img loading=\"lazy\" decoding=\"async\" border=\"0\" src=\"https:\/\/blogger.googleusercontent.com\/img\/b\/R29vZ2xl\/AVvXsEh1T6GlVD_QJuOep2DOWwQEcmUy9z-wrlY4mVWv9oeb-98m6O4KGuaslx11x_tFWxxF5ErTegwz3bCs62Rx-0okCxykdWQ7t-733ucL47FoS5OqVJFSQoSHw4a4nbssLYVynhSIMCfc6Ok\/s1600\/1.jpg\" height=\"266\" width=\"400\" \/><\/a><\/div>\n<p><b><br \/><\/b><b>C\u2019est une statistique flatteuse que le Paris-Saint-Germain s\u2019est empress\u00e9 de mettre en valeur sur son site internet \u00e0 quelques heures de la r\u00e9ception du FC Barcelone, mercredi 15 avril, lors des quarts de finale aller de la Ligue des champions. Toutes comp\u00e9titions europ\u00e9ennes confondues, le club de la capitale est invaincu au Parc des Princes depuis 33 matchs (pour 22 victoires et 11 nuls, 66 buts inscrits contre 22 encaiss\u00e9s).<\/b><br \/><b><br \/><\/b>Cette affolante s\u00e9rie a \u00e9t\u00e9 amorc\u00e9e apr\u00e8s la derni\u00e8re d\u00e9faite en date du PSG sur la sc\u00e8ne continentale. Soit un revers (4-2) contre les Isra\u00e9liens de l\u2019Hapo\u00ebl Tel-Aviv, le 24 novembre 2006, en phase de poules de la d\u00e9funte Coupe de l\u2019UEFA. Un match qui reste aussi un terrible souvenir pour une autre raison : c\u2019est \u00e0 l\u2019issue de cette rencontre que le supporteur Julien Quemener fut tu\u00e9 par un policier lors d\u2019\u00e9chauffour\u00e9es.<br \/>A l\u2019\u00e9poque, l\u2019entra\u00eeneur parisien s\u2019appelait Guy Lacombe. Depuis, quatre coachs (Paul Le Guen, Antoine Kombouar\u00e9, Carlo Ancelotti et Laurent Blanc) ont succ\u00e9d\u00e9 au technicien moustachu sur le banc de la formation de la capitale.<\/p>\n<p><b>ENCORE LOIN DU RECORD DE MANCHESTER UNITED<\/b><br \/>Alors que le Parc des Princes appara\u00eet comme une forteresse inexpugnable, le PSG affiche la meilleure s\u00e9rie d\u2019invincibilit\u00e9 en cours \u00e0 domicile parmi les huit formations en lice en quarts de finale de Ligue des champions. Le record de Manchester United, invaincu durant 56 rencontres europ\u00e9ennes \u00e0 Old Trafford, entre 1956 et 1997, para\u00eet toutefois hors de port\u00e9e pour les Parisiens.<br \/>Depuis sa derni\u00e8re d\u00e9faite sur la sc\u00e8ne continentale, le PSG s\u2019est offert le scalp de plusieurs formations de renom. Si les troph\u00e9es de chasse ont \u00e9t\u00e9 plus rares (victoire notamment contre le FC S\u00e9ville en 2010 en Ligue Europa) durant les derni\u00e8res ann\u00e9es de l\u2019\u00e8re Colony Capital (2006-2011), le onze parisien a souvent dompt\u00e9 les \u00e9curies europ\u00e9ennes qui se pr\u00e9sentaient dans son ar\u00e8ne depuis son rachat par le fonds Qatar Sports Investments (pour 10 victoires, 4 nuls, 32 buts inscrits contre 13 encaiss\u00e9s).<\/p>\n<p>&nbsp;lemonde.fr<\/p>\n","protected":false},"excerpt":{"rendered":"<p>C\u2019est une statistique flatteuse que le Paris-Saint-Germain s\u2019est empress\u00e9 de mettre en valeur sur son site internet \u00e0 quelques heures de la r\u00e9ception du FC Barcelone, mercredi 15 avril, lors des quarts de finale aller de la Ligue des champions. Toutes comp\u00e9titions europ\u00e9ennes confondues, le club de la capitale est invaincu au Parc des Princes [&hellip;]<\/p>\n","protected":false},"author":2,"featured_media":0,"comment_status":"open","ping_status":"open","sticky":false,"template":"","format":"standard","meta":{"footnotes":""},"categories":[3],"tags":[],"class_list":{"0":"post-367","1":"post","2":"type-post","3":"status-publish","4":"format-standard","6":"category-news"},"yoast_head":"<!-- This site is optimized with the Yoast SEO plugin v27.4 - https:\/\/yoast.com\/product\/yoast-seo-wordpress\/ -->\n<title>Le Parc des Princes, forteresse imprenable du PSG - PSG FANS<\/title>\n<meta name=\"robots\" content=\"index, follow, max-snippet:-1, max-image-preview:large, max-video-preview:-1\" \/>\n<link rel=\"canonical\" href=\"https:\/\/psgfans.fr\/?p=367\" \/>\n<meta property=\"og:locale\" content=\"fr_FR\" \/>\n<meta property=\"og:type\" content=\"article\" \/>\n<meta property=\"og:title\" content=\"Le Parc des Princes, forteresse imprenable du PSG - PSG FANS\" \/>\n<meta property=\"og:description\" content=\"C\u2019est une statistique flatteuse que le Paris-Saint-Germain s\u2019est empress\u00e9 de mettre en valeur sur son site internet \u00e0 quelques heures de la r\u00e9ception du FC Barcelone, mercredi 15 avril, lors des quarts de finale aller de la Ligue des champions. Toutes comp\u00e9titions europ\u00e9ennes confondues, le club de la capitale est invaincu au Parc des Princes [&hellip;]\" \/>\n<meta property=\"og:url\" content=\"https:\/\/psgfans.fr\/?p=367\" \/>\n<meta property=\"og:site_name\" content=\"PSG FANS\" \/>\n<meta property=\"article:published_time\" content=\"2015-04-15T16:41:00+00:00\" \/>\n<meta property=\"og:image\" content=\"https:\/\/blogger.googleusercontent.com\/img\/b\/R29vZ2xl\/AVvXsEh1T6GlVD_QJuOep2DOWwQEcmUy9z-wrlY4mVWv9oeb-98m6O4KGuaslx11x_tFWxxF5ErTegwz3bCs62Rx-0okCxykdWQ7t-733ucL47FoS5OqVJFSQoSHw4a4nbssLYVynhSIMCfc6Ok\/s1600\/1.jpg\" \/>\n<meta name=\"author\" content=\"psgfans\" \/>\n<meta name=\"twitter:card\" content=\"summary_large_image\" \/>\n<meta name=\"twitter:label1\" content=\"\u00c9crit par\" \/>\n\t<meta name=\"twitter:data1\" content=\"psgfans\" \/>\n\t<meta name=\"twitter:label2\" content=\"Dur\u00e9e de lecture estim\u00e9e\" \/>\n\t<meta name=\"twitter:data2\" content=\"2 minutes\" \/>\n<script type=\"application\/ld+json\" class=\"yoast-schema-graph\">{\"@context\":\"https:\\\/\\\/schema.org\",\"@graph\":[{\"@type\":\"Article\",\"@id\":\"https:\\\/\\\/psgfans.fr\\\/?p=367#article\",\"isPartOf\":{\"@id\":\"https:\\\/\\\/psgfans.fr\\\/?p=367\"},\"author\":{\"name\":\"psgfans\",\"@id\":\"https:\\\/\\\/psgfans.fr\\\/#\\\/schema\\\/person\\\/be2237e7a0237af2f29cb344b3c55e6c\"},\"headline\":\"Le Parc des Princes, forteresse imprenable du PSG\",\"datePublished\":\"2015-04-15T16:41:00+00:00\",\"mainEntityOfPage\":{\"@id\":\"https:\\\/\\\/psgfans.fr\\\/?p=367\"},\"wordCount\":363,\"commentCount\":0,\"image\":{\"@id\":\"https:\\\/\\\/psgfans.fr\\\/?p=367#primaryimage\"},\"thumbnailUrl\":\"https:\\\/\\\/blogger.googleusercontent.com\\\/img\\\/b\\\/R29vZ2xl\\\/AVvXsEh1T6GlVD_QJuOep2DOWwQEcmUy9z-wrlY4mVWv9oeb-98m6O4KGuaslx11x_tFWxxF5ErTegwz3bCs62Rx-0okCxykdWQ7t-733ucL47FoS5OqVJFSQoSHw4a4nbssLYVynhSIMCfc6Ok\\\/s1600\\\/1.jpg\",\"articleSection\":[\"News\"],\"inLanguage\":\"fr-FR\",\"potentialAction\":[{\"@type\":\"CommentAction\",\"name\":\"Comment\",\"target\":[\"https:\\\/\\\/psgfans.fr\\\/?p=367#respond\"]}]},{\"@type\":\"WebPage\",\"@id\":\"https:\\\/\\\/psgfans.fr\\\/?p=367\",\"url\":\"https:\\\/\\\/psgfans.fr\\\/?p=367\",\"name\":\"Le Parc des Princes, forteresse imprenable du PSG - PSG FANS\",\"isPartOf\":{\"@id\":\"https:\\\/\\\/psgfans.fr\\\/#website\"},\"primaryImageOfPage\":{\"@id\":\"https:\\\/\\\/psgfans.fr\\\/?p=367#primaryimage\"},\"image\":{\"@id\":\"https:\\\/\\\/psgfans.fr\\\/?p=367#primaryimage\"},\"thumbnailUrl\":\"https:\\\/\\\/blogger.googleusercontent.com\\\/img\\\/b\\\/R29vZ2xl\\\/AVvXsEh1T6GlVD_QJuOep2DOWwQEcmUy9z-wrlY4mVWv9oeb-98m6O4KGuaslx11x_tFWxxF5ErTegwz3bCs62Rx-0okCxykdWQ7t-733ucL47FoS5OqVJFSQoSHw4a4nbssLYVynhSIMCfc6Ok\\\/s1600\\\/1.jpg\",\"datePublished\":\"2015-04-15T16:41:00+00:00\",\"author\":{\"@id\":\"https:\\\/\\\/psgfans.fr\\\/#\\\/schema\\\/person\\\/be2237e7a0237af2f29cb344b3c55e6c\"},\"breadcrumb\":{\"@id\":\"https:\\\/\\\/psgfans.fr\\\/?p=367#breadcrumb\"},\"inLanguage\":\"fr-FR\",\"potentialAction\":[{\"@type\":\"ReadAction\",\"target\":[\"https:\\\/\\\/psgfans.fr\\\/?p=367\"]}]},{\"@type\":\"ImageObject\",\"inLanguage\":\"fr-FR\",\"@id\":\"https:\\\/\\\/psgfans.fr\\\/?p=367#primaryimage\",\"url\":\"https:\\\/\\\/blogger.googleusercontent.com\\\/img\\\/b\\\/R29vZ2xl\\\/AVvXsEh1T6GlVD_QJuOep2DOWwQEcmUy9z-wrlY4mVWv9oeb-98m6O4KGuaslx11x_tFWxxF5ErTegwz3bCs62Rx-0okCxykdWQ7t-733ucL47FoS5OqVJFSQoSHw4a4nbssLYVynhSIMCfc6Ok\\\/s1600\\\/1.jpg\",\"contentUrl\":\"https:\\\/\\\/blogger.googleusercontent.com\\\/img\\\/b\\\/R29vZ2xl\\\/AVvXsEh1T6GlVD_QJuOep2DOWwQEcmUy9z-wrlY4mVWv9oeb-98m6O4KGuaslx11x_tFWxxF5ErTegwz3bCs62Rx-0okCxykdWQ7t-733ucL47FoS5OqVJFSQoSHw4a4nbssLYVynhSIMCfc6Ok\\\/s1600\\\/1.jpg\"},{\"@type\":\"BreadcrumbList\",\"@id\":\"https:\\\/\\\/psgfans.fr\\\/?p=367#breadcrumb\",\"itemListElement\":[{\"@type\":\"ListItem\",\"position\":1,\"name\":\"Accueil\",\"item\":\"https:\\\/\\\/psgfans.fr\\\/\"},{\"@type\":\"ListItem\",\"position\":2,\"name\":\"Le Parc des Princes, forteresse imprenable du PSG\"}]},{\"@type\":\"WebSite\",\"@id\":\"https:\\\/\\\/psgfans.fr\\\/#website\",\"url\":\"https:\\\/\\\/psgfans.fr\\\/\",\"name\":\"PSG FANS\",\"description\":\"Unit\u00e9, Passion, Victoire : Au C\u0153ur du Paris Saint-Germain!\",\"potentialAction\":[{\"@type\":\"SearchAction\",\"target\":{\"@type\":\"EntryPoint\",\"urlTemplate\":\"https:\\\/\\\/psgfans.fr\\\/?s={search_term_string}\"},\"query-input\":{\"@type\":\"PropertyValueSpecification\",\"valueRequired\":true,\"valueName\":\"search_term_string\"}}],\"inLanguage\":\"fr-FR\"},{\"@type\":\"Person\",\"@id\":\"https:\\\/\\\/psgfans.fr\\\/#\\\/schema\\\/person\\\/be2237e7a0237af2f29cb344b3c55e6c\",\"name\":\"psgfans\",\"image\":{\"@type\":\"ImageObject\",\"inLanguage\":\"fr-FR\",\"@id\":\"https:\\\/\\\/secure.gravatar.com\\\/avatar\\\/?s=96&d=mm&r=g\",\"url\":\"https:\\\/\\\/secure.gravatar.com\\\/avatar\\\/?s=96&d=mm&r=g\",\"contentUrl\":\"https:\\\/\\\/secure.gravatar.com\\\/avatar\\\/?s=96&d=mm&r=g\",\"caption\":\"psgfans\"},\"url\":\"https:\\\/\\\/psgfans.fr\\\/?author=2\"}]}<\/script>\n<!-- \/ Yoast SEO plugin. -->","yoast_head_json":{"title":"Le Parc des Princes, forteresse imprenable du PSG - PSG FANS","robots":{"index":"index","follow":"follow","max-snippet":"max-snippet:-1","max-image-preview":"max-image-preview:large","max-video-preview":"max-video-preview:-1"},"canonical":"https:\/\/psgfans.fr\/?p=367","og_locale":"fr_FR","og_type":"article","og_title":"Le Parc des Princes, forteresse imprenable du PSG - PSG FANS","og_description":"C\u2019est une statistique flatteuse que le Paris-Saint-Germain s\u2019est empress\u00e9 de mettre en valeur sur son site internet \u00e0 quelques heures de la r\u00e9ception du FC Barcelone, mercredi 15 avril, lors des quarts de finale aller de la Ligue des champions. Toutes comp\u00e9titions europ\u00e9ennes confondues, le club de la capitale est invaincu au Parc des Princes [&hellip;]","og_url":"https:\/\/psgfans.fr\/?p=367","og_site_name":"PSG FANS","article_published_time":"2015-04-15T16:41:00+00:00","og_image":[{"url":"https:\/\/blogger.googleusercontent.com\/img\/b\/R29vZ2xl\/AVvXsEh1T6GlVD_QJuOep2DOWwQEcmUy9z-wrlY4mVWv9oeb-98m6O4KGuaslx11x_tFWxxF5ErTegwz3bCs62Rx-0okCxykdWQ7t-733ucL47FoS5OqVJFSQoSHw4a4nbssLYVynhSIMCfc6Ok\/s1600\/1.jpg","type":"","width":"","height":""}],"author":"psgfans","twitter_card":"summary_large_image","twitter_misc":{"\u00c9crit par":"psgfans","Dur\u00e9e de lecture estim\u00e9e":"2 minutes"},"schema":{"@context":"https:\/\/schema.org","@graph":[{"@type":"Article","@id":"https:\/\/psgfans.fr\/?p=367#article","isPartOf":{"@id":"https:\/\/psgfans.fr\/?p=367"},"author":{"name":"psgfans","@id":"https:\/\/psgfans.fr\/#\/schema\/person\/be2237e7a0237af2f29cb344b3c55e6c"},"headline":"Le Parc des Princes, forteresse imprenable du PSG","datePublished":"2015-04-15T16:41:00+00:00","mainEntityOfPage":{"@id":"https:\/\/psgfans.fr\/?p=367"},"wordCount":363,"commentCount":0,"image":{"@id":"https:\/\/psgfans.fr\/?p=367#primaryimage"},"thumbnailUrl":"https:\/\/blogger.googleusercontent.com\/img\/b\/R29vZ2xl\/AVvXsEh1T6GlVD_QJuOep2DOWwQEcmUy9z-wrlY4mVWv9oeb-98m6O4KGuaslx11x_tFWxxF5ErTegwz3bCs62Rx-0okCxykdWQ7t-733ucL47FoS5OqVJFSQoSHw4a4nbssLYVynhSIMCfc6Ok\/s1600\/1.jpg","articleSection":["News"],"inLanguage":"fr-FR","potentialAction":[{"@type":"CommentAction","name":"Comment","target":["https:\/\/psgfans.fr\/?p=367#respond"]}]},{"@type":"WebPage","@id":"https:\/\/psgfans.fr\/?p=367","url":"https:\/\/psgfans.fr\/?p=367","name":"Le Parc des Princes, forteresse imprenable du PSG - PSG FANS","isPartOf":{"@id":"https:\/\/psgfans.fr\/#website"},"primaryImageOfPage":{"@id":"https:\/\/psgfans.fr\/?p=367#primaryimage"},"image":{"@id":"https:\/\/psgfans.fr\/?p=367#primaryimage"},"thumbnailUrl":"https:\/\/blogger.googleusercontent.com\/img\/b\/R29vZ2xl\/AVvXsEh1T6GlVD_QJuOep2DOWwQEcmUy9z-wrlY4mVWv9oeb-98m6O4KGuaslx11x_tFWxxF5ErTegwz3bCs62Rx-0okCxykdWQ7t-733ucL47FoS5OqVJFSQoSHw4a4nbssLYVynhSIMCfc6Ok\/s1600\/1.jpg","datePublished":"2015-04-15T16:41:00+00:00","author":{"@id":"https:\/\/psgfans.fr\/#\/schema\/person\/be2237e7a0237af2f29cb344b3c55e6c"},"breadcrumb":{"@id":"https:\/\/psgfans.fr\/?p=367#breadcrumb"},"inLanguage":"fr-FR","potentialAction":[{"@type":"ReadAction","target":["https:\/\/psgfans.fr\/?p=367"]}]},{"@type":"ImageObject","inLanguage":"fr-FR","@id":"https:\/\/psgfans.fr\/?p=367#primaryimage","url":"https:\/\/blogger.googleusercontent.com\/img\/b\/R29vZ2xl\/AVvXsEh1T6GlVD_QJuOep2DOWwQEcmUy9z-wrlY4mVWv9oeb-98m6O4KGuaslx11x_tFWxxF5ErTegwz3bCs62Rx-0okCxykdWQ7t-733ucL47FoS5OqVJFSQoSHw4a4nbssLYVynhSIMCfc6Ok\/s1600\/1.jpg","contentUrl":"https:\/\/blogger.googleusercontent.com\/img\/b\/R29vZ2xl\/AVvXsEh1T6GlVD_QJuOep2DOWwQEcmUy9z-wrlY4mVWv9oeb-98m6O4KGuaslx11x_tFWxxF5ErTegwz3bCs62Rx-0okCxykdWQ7t-733ucL47FoS5OqVJFSQoSHw4a4nbssLYVynhSIMCfc6Ok\/s1600\/1.jpg"},{"@type":"BreadcrumbList","@id":"https:\/\/psgfans.fr\/?p=367#breadcrumb","itemListElement":[{"@type":"ListItem","position":1,"name":"Accueil","item":"https:\/\/psgfans.fr\/"},{"@type":"ListItem","position":2,"name":"Le Parc des Princes, forteresse imprenable du PSG"}]},{"@type":"WebSite","@id":"https:\/\/psgfans.fr\/#website","url":"https:\/\/psgfans.fr\/","name":"PSG FANS","description":"Unit\u00e9, Passion, Victoire : Au C\u0153ur du Paris Saint-Germain!","potentialAction":[{"@type":"SearchAction","target":{"@type":"EntryPoint","urlTemplate":"https:\/\/psgfans.fr\/?s={search_term_string}"},"query-input":{"@type":"PropertyValueSpecification","valueRequired":true,"valueName":"search_term_string"}}],"inLanguage":"fr-FR"},{"@type":"Person","@id":"https:\/\/psgfans.fr\/#\/schema\/person\/be2237e7a0237af2f29cb344b3c55e6c","name":"psgfans","image":{"@type":"ImageObject","inLanguage":"fr-FR","@id":"https:\/\/secure.gravatar.com\/avatar\/?s=96&d=mm&r=g","url":"https:\/\/secure.gravatar.com\/avatar\/?s=96&d=mm&r=g","contentUrl":"https:\/\/secure.gravatar.com\/avatar\/?s=96&d=mm&r=g","caption":"psgfans"},"url":"https:\/\/psgfans.fr\/?author=2"}]}},"_links":{"self":[{"href":"https:\/\/psgfans.fr\/index.php?rest_route=\/wp\/v2\/posts\/367","targetHints":{"allow":["GET"]}}],"collection":[{"href":"https:\/\/psgfans.fr\/index.php?rest_route=\/wp\/v2\/posts"}],"about":[{"href":"https:\/\/psgfans.fr\/index.php?rest_route=\/wp\/v2\/types\/post"}],"author":[{"embeddable":true,"href":"https:\/\/psgfans.fr\/index.php?rest_route=\/wp\/v2\/users\/2"}],"replies":[{"embeddable":true,"href":"https:\/\/psgfans.fr\/index.php?rest_route=%2Fwp%2Fv2%2Fcomments&post=367"}],"version-history":[{"count":0,"href":"https:\/\/psgfans.fr\/index.php?rest_route=\/wp\/v2\/posts\/367\/revisions"}],"wp:attachment":[{"href":"https:\/\/psgfans.fr\/index.php?rest_route=%2Fwp%2Fv2%2Fmedia&parent=367"}],"wp:term":[{"taxonomy":"category","embeddable":true,"href":"https:\/\/psgfans.fr\/index.php?rest_route=%2Fwp%2Fv2%2Fcategories&post=367"},{"taxonomy":"post_tag","embeddable":true,"href":"https:\/\/psgfans.fr\/index.php?rest_route=%2Fwp%2Fv2%2Ftags&post=367"}],"curies":[{"name":"wp","href":"https:\/\/api.w.org\/{rel}","templated":true}]}}