{"id":365,"date":"2015-06-10T18:33:00","date_gmt":"2015-06-10T17:33:00","guid":{"rendered":"https:\/\/psgfans.fr\/?p=365"},"modified":"2015-06-10T18:33:00","modified_gmt":"2015-06-10T17:33:00","slug":"psg-zlatan-pret-a-accueillir-ronaldo-au-psg","status":"publish","type":"post","link":"https:\/\/psgfans.fr\/?p=365","title":{"rendered":"PSG : Zlatan pr\u00eat \u00e0 accueillir Ronaldo au PSG"},"content":{"rendered":"<div style=\"clear: both; text-align: center;\"><a href=\"https:\/\/blogger.googleusercontent.com\/img\/b\/R29vZ2xl\/AVvXsEgCNF1VQBwsQdGXL3PPT7SQT71oKbN2SaRfTxYnjSardOweNNCxsXecc2qUY8y_NpQYMsZ4bnaxZQ_MkHZ-_4MdKwhMkD8G0-j_QhjdYmFIg2rvaTa75CJjNqkGnSzWiv7-PmtFwbv2C8Y\/s1600\/%2526.jpg\" style=\"margin-left: 1em; margin-right: 1em;\"><img loading=\"lazy\" decoding=\"async\" border=\"0\" height=\"225\" src=\"https:\/\/blogger.googleusercontent.com\/img\/b\/R29vZ2xl\/AVvXsEgCNF1VQBwsQdGXL3PPT7SQT71oKbN2SaRfTxYnjSardOweNNCxsXecc2qUY8y_NpQYMsZ4bnaxZQ_MkHZ-_4MdKwhMkD8G0-j_QhjdYmFIg2rvaTa75CJjNqkGnSzWiv7-PmtFwbv2C8Y\/s400\/%2526.jpg\" width=\"400\" \/><\/a><\/div>\n<p>Zlatan Ibrahimovic a comment\u00e9 sur son application mobile la rumeur envoyant Cristiano Ronaldo au PSG cet \u00e9t\u00e9. Et le Su\u00e9dois ne verrait pas d\u2019un mauvais \u0153il un tel renfort.<\/p>\n<p>La rumeur d\u2019une possible arriv\u00e9e de Cristiano Ronaldo au PSG cet \u00e9t\u00e9 (comme \u00e0 chaque mercato ou presque) \u00e9tant ressortie des cartons, Zlatan Ibrahimovic himself a \u00e9t\u00e9 \u00ab oblig\u00e9 \u00bb de la commenter. Sur son application \u00ab Zlatan Unplugged \u00bb, le Su\u00e9dois a ouvert la porte \u00e0 une arriv\u00e9e du Portugais.<\/p>\n<p>\u00ab Tous les joueurs de classe mondiale sont les bienvenus au PSG \u00bb<\/p>\n<p>\u00ab Si je pouvais imaginer de jouer avec Cristiano Ronaldo au PSG ? C\u2019est difficile \u00e0 imaginer tant que ce n\u2019est pas r\u00e9el, mais tous les joueurs de classe mondiale sont les bienvenus au PSG \u00bb, a indiqu\u00e9 Zlatan. Une d\u00e9claration un brin langue de bois, comme le Su\u00e9dois sait aussi en faire.<\/p>\n<p>rmcsport.bfmtv.<\/p>\n","protected":false},"excerpt":{"rendered":"<p>Zlatan Ibrahimovic a comment\u00e9 sur son application mobile la rumeur envoyant Cristiano Ronaldo au PSG cet \u00e9t\u00e9. Et le Su\u00e9dois ne verrait pas d\u2019un mauvais \u0153il un tel renfort. La rumeur d\u2019une possible arriv\u00e9e de Cristiano Ronaldo au PSG cet \u00e9t\u00e9 (comme \u00e0 chaque mercato ou presque) \u00e9tant ressortie des cartons, Zlatan Ibrahimovic himself a [&hellip;]<\/p>\n","protected":false},"author":2,"featured_media":0,"comment_status":"open","ping_status":"open","sticky":false,"template":"","format":"standard","meta":{"footnotes":""},"categories":[3],"tags":[],"class_list":{"0":"post-365","1":"post","2":"type-post","3":"status-publish","4":"format-standard","6":"category-news"},"yoast_head":"<!-- This site is optimized with the Yoast SEO plugin v27.4 - https:\/\/yoast.com\/product\/yoast-seo-wordpress\/ -->\n<title>PSG : Zlatan pr\u00eat \u00e0 accueillir Ronaldo au PSG - PSG FANS<\/title>\n<meta name=\"robots\" content=\"index, follow, max-snippet:-1, max-image-preview:large, max-video-preview:-1\" \/>\n<link rel=\"canonical\" href=\"https:\/\/psgfans.fr\/?p=365\" \/>\n<meta property=\"og:locale\" content=\"fr_FR\" \/>\n<meta property=\"og:type\" content=\"article\" \/>\n<meta property=\"og:title\" content=\"PSG : Zlatan pr\u00eat \u00e0 accueillir Ronaldo au PSG - PSG FANS\" \/>\n<meta property=\"og:description\" content=\"Zlatan Ibrahimovic a comment\u00e9 sur son application mobile la rumeur envoyant Cristiano Ronaldo au PSG cet \u00e9t\u00e9. Et le Su\u00e9dois ne verrait pas d\u2019un mauvais \u0153il un tel renfort. La rumeur d\u2019une possible arriv\u00e9e de Cristiano Ronaldo au PSG cet \u00e9t\u00e9 (comme \u00e0 chaque mercato ou presque) \u00e9tant ressortie des cartons, Zlatan Ibrahimovic himself a [&hellip;]\" \/>\n<meta property=\"og:url\" content=\"https:\/\/psgfans.fr\/?p=365\" \/>\n<meta property=\"og:site_name\" content=\"PSG FANS\" \/>\n<meta property=\"article:published_time\" content=\"2015-06-10T17:33:00+00:00\" \/>\n<meta property=\"og:image\" content=\"https:\/\/blogger.googleusercontent.com\/img\/b\/R29vZ2xl\/AVvXsEgCNF1VQBwsQdGXL3PPT7SQT71oKbN2SaRfTxYnjSardOweNNCxsXecc2qUY8y_NpQYMsZ4bnaxZQ_MkHZ-_4MdKwhMkD8G0-j_QhjdYmFIg2rvaTa75CJjNqkGnSzWiv7-PmtFwbv2C8Y\/s400\/%2526.jpg\" \/>\n<meta name=\"author\" content=\"psgfans\" \/>\n<meta name=\"twitter:card\" content=\"summary_large_image\" \/>\n<meta name=\"twitter:label1\" content=\"\u00c9crit par\" \/>\n\t<meta name=\"twitter:data1\" content=\"psgfans\" \/>\n\t<meta name=\"twitter:label2\" content=\"Dur\u00e9e de lecture estim\u00e9e\" \/>\n\t<meta name=\"twitter:data2\" content=\"1 minute\" \/>\n<script type=\"application\/ld+json\" class=\"yoast-schema-graph\">{\"@context\":\"https:\\\/\\\/schema.org\",\"@graph\":[{\"@type\":\"Article\",\"@id\":\"https:\\\/\\\/psgfans.fr\\\/?p=365#article\",\"isPartOf\":{\"@id\":\"https:\\\/\\\/psgfans.fr\\\/?p=365\"},\"author\":{\"name\":\"psgfans\",\"@id\":\"https:\\\/\\\/psgfans.fr\\\/#\\\/schema\\\/person\\\/be2237e7a0237af2f29cb344b3c55e6c\"},\"headline\":\"PSG : Zlatan pr\u00eat \u00e0 accueillir Ronaldo au PSG\",\"datePublished\":\"2015-06-10T17:33:00+00:00\",\"mainEntityOfPage\":{\"@id\":\"https:\\\/\\\/psgfans.fr\\\/?p=365\"},\"wordCount\":155,\"commentCount\":0,\"image\":{\"@id\":\"https:\\\/\\\/psgfans.fr\\\/?p=365#primaryimage\"},\"thumbnailUrl\":\"https:\\\/\\\/blogger.googleusercontent.com\\\/img\\\/b\\\/R29vZ2xl\\\/AVvXsEgCNF1VQBwsQdGXL3PPT7SQT71oKbN2SaRfTxYnjSardOweNNCxsXecc2qUY8y_NpQYMsZ4bnaxZQ_MkHZ-_4MdKwhMkD8G0-j_QhjdYmFIg2rvaTa75CJjNqkGnSzWiv7-PmtFwbv2C8Y\\\/s400\\\/%2526.jpg\",\"articleSection\":[\"News\"],\"inLanguage\":\"fr-FR\",\"potentialAction\":[{\"@type\":\"CommentAction\",\"name\":\"Comment\",\"target\":[\"https:\\\/\\\/psgfans.fr\\\/?p=365#respond\"]}]},{\"@type\":\"WebPage\",\"@id\":\"https:\\\/\\\/psgfans.fr\\\/?p=365\",\"url\":\"https:\\\/\\\/psgfans.fr\\\/?p=365\",\"name\":\"PSG : Zlatan pr\u00eat \u00e0 accueillir Ronaldo au PSG - PSG FANS\",\"isPartOf\":{\"@id\":\"https:\\\/\\\/psgfans.fr\\\/#website\"},\"primaryImageOfPage\":{\"@id\":\"https:\\\/\\\/psgfans.fr\\\/?p=365#primaryimage\"},\"image\":{\"@id\":\"https:\\\/\\\/psgfans.fr\\\/?p=365#primaryimage\"},\"thumbnailUrl\":\"https:\\\/\\\/blogger.googleusercontent.com\\\/img\\\/b\\\/R29vZ2xl\\\/AVvXsEgCNF1VQBwsQdGXL3PPT7SQT71oKbN2SaRfTxYnjSardOweNNCxsXecc2qUY8y_NpQYMsZ4bnaxZQ_MkHZ-_4MdKwhMkD8G0-j_QhjdYmFIg2rvaTa75CJjNqkGnSzWiv7-PmtFwbv2C8Y\\\/s400\\\/%2526.jpg\",\"datePublished\":\"2015-06-10T17:33:00+00:00\",\"author\":{\"@id\":\"https:\\\/\\\/psgfans.fr\\\/#\\\/schema\\\/person\\\/be2237e7a0237af2f29cb344b3c55e6c\"},\"breadcrumb\":{\"@id\":\"https:\\\/\\\/psgfans.fr\\\/?p=365#breadcrumb\"},\"inLanguage\":\"fr-FR\",\"potentialAction\":[{\"@type\":\"ReadAction\",\"target\":[\"https:\\\/\\\/psgfans.fr\\\/?p=365\"]}]},{\"@type\":\"ImageObject\",\"inLanguage\":\"fr-FR\",\"@id\":\"https:\\\/\\\/psgfans.fr\\\/?p=365#primaryimage\",\"url\":\"https:\\\/\\\/blogger.googleusercontent.com\\\/img\\\/b\\\/R29vZ2xl\\\/AVvXsEgCNF1VQBwsQdGXL3PPT7SQT71oKbN2SaRfTxYnjSardOweNNCxsXecc2qUY8y_NpQYMsZ4bnaxZQ_MkHZ-_4MdKwhMkD8G0-j_QhjdYmFIg2rvaTa75CJjNqkGnSzWiv7-PmtFwbv2C8Y\\\/s400\\\/%2526.jpg\",\"contentUrl\":\"https:\\\/\\\/blogger.googleusercontent.com\\\/img\\\/b\\\/R29vZ2xl\\\/AVvXsEgCNF1VQBwsQdGXL3PPT7SQT71oKbN2SaRfTxYnjSardOweNNCxsXecc2qUY8y_NpQYMsZ4bnaxZQ_MkHZ-_4MdKwhMkD8G0-j_QhjdYmFIg2rvaTa75CJjNqkGnSzWiv7-PmtFwbv2C8Y\\\/s400\\\/%2526.jpg\"},{\"@type\":\"BreadcrumbList\",\"@id\":\"https:\\\/\\\/psgfans.fr\\\/?p=365#breadcrumb\",\"itemListElement\":[{\"@type\":\"ListItem\",\"position\":1,\"name\":\"Accueil\",\"item\":\"https:\\\/\\\/psgfans.fr\\\/\"},{\"@type\":\"ListItem\",\"position\":2,\"name\":\"PSG : Zlatan pr\u00eat \u00e0 accueillir Ronaldo au PSG\"}]},{\"@type\":\"WebSite\",\"@id\":\"https:\\\/\\\/psgfans.fr\\\/#website\",\"url\":\"https:\\\/\\\/psgfans.fr\\\/\",\"name\":\"PSG FANS\",\"description\":\"Unit\u00e9, Passion, Victoire : Au C\u0153ur du Paris Saint-Germain!\",\"potentialAction\":[{\"@type\":\"SearchAction\",\"target\":{\"@type\":\"EntryPoint\",\"urlTemplate\":\"https:\\\/\\\/psgfans.fr\\\/?s={search_term_string}\"},\"query-input\":{\"@type\":\"PropertyValueSpecification\",\"valueRequired\":true,\"valueName\":\"search_term_string\"}}],\"inLanguage\":\"fr-FR\"},{\"@type\":\"Person\",\"@id\":\"https:\\\/\\\/psgfans.fr\\\/#\\\/schema\\\/person\\\/be2237e7a0237af2f29cb344b3c55e6c\",\"name\":\"psgfans\",\"image\":{\"@type\":\"ImageObject\",\"inLanguage\":\"fr-FR\",\"@id\":\"https:\\\/\\\/secure.gravatar.com\\\/avatar\\\/?s=96&d=mm&r=g\",\"url\":\"https:\\\/\\\/secure.gravatar.com\\\/avatar\\\/?s=96&d=mm&r=g\",\"contentUrl\":\"https:\\\/\\\/secure.gravatar.com\\\/avatar\\\/?s=96&d=mm&r=g\",\"caption\":\"psgfans\"},\"url\":\"https:\\\/\\\/psgfans.fr\\\/?author=2\"}]}<\/script>\n<!-- \/ Yoast SEO plugin. -->","yoast_head_json":{"title":"PSG : Zlatan pr\u00eat \u00e0 accueillir Ronaldo au PSG - PSG FANS","robots":{"index":"index","follow":"follow","max-snippet":"max-snippet:-1","max-image-preview":"max-image-preview:large","max-video-preview":"max-video-preview:-1"},"canonical":"https:\/\/psgfans.fr\/?p=365","og_locale":"fr_FR","og_type":"article","og_title":"PSG : Zlatan pr\u00eat \u00e0 accueillir Ronaldo au PSG - PSG FANS","og_description":"Zlatan Ibrahimovic a comment\u00e9 sur son application mobile la rumeur envoyant Cristiano Ronaldo au PSG cet \u00e9t\u00e9. Et le Su\u00e9dois ne verrait pas d\u2019un mauvais \u0153il un tel renfort. La rumeur d\u2019une possible arriv\u00e9e de Cristiano Ronaldo au PSG cet \u00e9t\u00e9 (comme \u00e0 chaque mercato ou presque) \u00e9tant ressortie des cartons, Zlatan Ibrahimovic himself a [&hellip;]","og_url":"https:\/\/psgfans.fr\/?p=365","og_site_name":"PSG FANS","article_published_time":"2015-06-10T17:33:00+00:00","og_image":[{"url":"https:\/\/blogger.googleusercontent.com\/img\/b\/R29vZ2xl\/AVvXsEgCNF1VQBwsQdGXL3PPT7SQT71oKbN2SaRfTxYnjSardOweNNCxsXecc2qUY8y_NpQYMsZ4bnaxZQ_MkHZ-_4MdKwhMkD8G0-j_QhjdYmFIg2rvaTa75CJjNqkGnSzWiv7-PmtFwbv2C8Y\/s400\/%2526.jpg","type":"","width":"","height":""}],"author":"psgfans","twitter_card":"summary_large_image","twitter_misc":{"\u00c9crit par":"psgfans","Dur\u00e9e de lecture estim\u00e9e":"1 minute"},"schema":{"@context":"https:\/\/schema.org","@graph":[{"@type":"Article","@id":"https:\/\/psgfans.fr\/?p=365#article","isPartOf":{"@id":"https:\/\/psgfans.fr\/?p=365"},"author":{"name":"psgfans","@id":"https:\/\/psgfans.fr\/#\/schema\/person\/be2237e7a0237af2f29cb344b3c55e6c"},"headline":"PSG : Zlatan pr\u00eat \u00e0 accueillir Ronaldo au PSG","datePublished":"2015-06-10T17:33:00+00:00","mainEntityOfPage":{"@id":"https:\/\/psgfans.fr\/?p=365"},"wordCount":155,"commentCount":0,"image":{"@id":"https:\/\/psgfans.fr\/?p=365#primaryimage"},"thumbnailUrl":"https:\/\/blogger.googleusercontent.com\/img\/b\/R29vZ2xl\/AVvXsEgCNF1VQBwsQdGXL3PPT7SQT71oKbN2SaRfTxYnjSardOweNNCxsXecc2qUY8y_NpQYMsZ4bnaxZQ_MkHZ-_4MdKwhMkD8G0-j_QhjdYmFIg2rvaTa75CJjNqkGnSzWiv7-PmtFwbv2C8Y\/s400\/%2526.jpg","articleSection":["News"],"inLanguage":"fr-FR","potentialAction":[{"@type":"CommentAction","name":"Comment","target":["https:\/\/psgfans.fr\/?p=365#respond"]}]},{"@type":"WebPage","@id":"https:\/\/psgfans.fr\/?p=365","url":"https:\/\/psgfans.fr\/?p=365","name":"PSG : Zlatan pr\u00eat \u00e0 accueillir Ronaldo au PSG - PSG FANS","isPartOf":{"@id":"https:\/\/psgfans.fr\/#website"},"primaryImageOfPage":{"@id":"https:\/\/psgfans.fr\/?p=365#primaryimage"},"image":{"@id":"https:\/\/psgfans.fr\/?p=365#primaryimage"},"thumbnailUrl":"https:\/\/blogger.googleusercontent.com\/img\/b\/R29vZ2xl\/AVvXsEgCNF1VQBwsQdGXL3PPT7SQT71oKbN2SaRfTxYnjSardOweNNCxsXecc2qUY8y_NpQYMsZ4bnaxZQ_MkHZ-_4MdKwhMkD8G0-j_QhjdYmFIg2rvaTa75CJjNqkGnSzWiv7-PmtFwbv2C8Y\/s400\/%2526.jpg","datePublished":"2015-06-10T17:33:00+00:00","author":{"@id":"https:\/\/psgfans.fr\/#\/schema\/person\/be2237e7a0237af2f29cb344b3c55e6c"},"breadcrumb":{"@id":"https:\/\/psgfans.fr\/?p=365#breadcrumb"},"inLanguage":"fr-FR","potentialAction":[{"@type":"ReadAction","target":["https:\/\/psgfans.fr\/?p=365"]}]},{"@type":"ImageObject","inLanguage":"fr-FR","@id":"https:\/\/psgfans.fr\/?p=365#primaryimage","url":"https:\/\/blogger.googleusercontent.com\/img\/b\/R29vZ2xl\/AVvXsEgCNF1VQBwsQdGXL3PPT7SQT71oKbN2SaRfTxYnjSardOweNNCxsXecc2qUY8y_NpQYMsZ4bnaxZQ_MkHZ-_4MdKwhMkD8G0-j_QhjdYmFIg2rvaTa75CJjNqkGnSzWiv7-PmtFwbv2C8Y\/s400\/%2526.jpg","contentUrl":"https:\/\/blogger.googleusercontent.com\/img\/b\/R29vZ2xl\/AVvXsEgCNF1VQBwsQdGXL3PPT7SQT71oKbN2SaRfTxYnjSardOweNNCxsXecc2qUY8y_NpQYMsZ4bnaxZQ_MkHZ-_4MdKwhMkD8G0-j_QhjdYmFIg2rvaTa75CJjNqkGnSzWiv7-PmtFwbv2C8Y\/s400\/%2526.jpg"},{"@type":"BreadcrumbList","@id":"https:\/\/psgfans.fr\/?p=365#breadcrumb","itemListElement":[{"@type":"ListItem","position":1,"name":"Accueil","item":"https:\/\/psgfans.fr\/"},{"@type":"ListItem","position":2,"name":"PSG : Zlatan pr\u00eat \u00e0 accueillir Ronaldo au PSG"}]},{"@type":"WebSite","@id":"https:\/\/psgfans.fr\/#website","url":"https:\/\/psgfans.fr\/","name":"PSG FANS","description":"Unit\u00e9, Passion, Victoire : Au C\u0153ur du Paris Saint-Germain!","potentialAction":[{"@type":"SearchAction","target":{"@type":"EntryPoint","urlTemplate":"https:\/\/psgfans.fr\/?s={search_term_string}"},"query-input":{"@type":"PropertyValueSpecification","valueRequired":true,"valueName":"search_term_string"}}],"inLanguage":"fr-FR"},{"@type":"Person","@id":"https:\/\/psgfans.fr\/#\/schema\/person\/be2237e7a0237af2f29cb344b3c55e6c","name":"psgfans","image":{"@type":"ImageObject","inLanguage":"fr-FR","@id":"https:\/\/secure.gravatar.com\/avatar\/?s=96&d=mm&r=g","url":"https:\/\/secure.gravatar.com\/avatar\/?s=96&d=mm&r=g","contentUrl":"https:\/\/secure.gravatar.com\/avatar\/?s=96&d=mm&r=g","caption":"psgfans"},"url":"https:\/\/psgfans.fr\/?author=2"}]}},"_links":{"self":[{"href":"https:\/\/psgfans.fr\/index.php?rest_route=\/wp\/v2\/posts\/365","targetHints":{"allow":["GET"]}}],"collection":[{"href":"https:\/\/psgfans.fr\/index.php?rest_route=\/wp\/v2\/posts"}],"about":[{"href":"https:\/\/psgfans.fr\/index.php?rest_route=\/wp\/v2\/types\/post"}],"author":[{"embeddable":true,"href":"https:\/\/psgfans.fr\/index.php?rest_route=\/wp\/v2\/users\/2"}],"replies":[{"embeddable":true,"href":"https:\/\/psgfans.fr\/index.php?rest_route=%2Fwp%2Fv2%2Fcomments&post=365"}],"version-history":[{"count":0,"href":"https:\/\/psgfans.fr\/index.php?rest_route=\/wp\/v2\/posts\/365\/revisions"}],"wp:attachment":[{"href":"https:\/\/psgfans.fr\/index.php?rest_route=%2Fwp%2Fv2%2Fmedia&parent=365"}],"wp:term":[{"taxonomy":"category","embeddable":true,"href":"https:\/\/psgfans.fr\/index.php?rest_route=%2Fwp%2Fv2%2Fcategories&post=365"},{"taxonomy":"post_tag","embeddable":true,"href":"https:\/\/psgfans.fr\/index.php?rest_route=%2Fwp%2Fv2%2Ftags&post=365"}],"curies":[{"name":"wp","href":"https:\/\/api.w.org\/{rel}","templated":true}]}}