{"id":363,"date":"2015-06-16T12:18:00","date_gmt":"2015-06-16T11:18:00","guid":{"rendered":""},"modified":"2025-05-14T23:58:56","modified_gmt":"2025-05-14T22:58:56","slug":"raiola-et-ibrahimovic-au-qatar-pour-voir-al-khelaifi-zlatan-sur-le-depart-du-psg","status":"publish","type":"post","link":"https:\/\/psgfans.fr\/?p=363","title":{"rendered":"Raiola et Ibrahimovic au Qatar pour voir Al-Khela\u00effi  &#8211; Zlatan  sur le d\u00e9part du PSG ?"},"content":{"rendered":"<div style=\"clear: both; text-align: center;\"><a href=\"https:\/\/psgfans.fr\/wp-content\/uploads\/2015\/06\/2526.jpg\" style=\"margin-left: 1em; margin-right: 1em;\"><img loading=\"lazy\" decoding=\"async\" border=\"0\" height=\"225\" src=\"https:\/\/psgfans.fr\/wp-content\/uploads\/2015\/06\/2526-300x169.jpg\" width=\"400\" \/><\/a><\/div>\n<p>TRANSFERTS &#8211; Si Zlatan Ibrahimovic r\u00e9p\u00e8te qu&rsquo;il est un joueur du PSG, les derni\u00e8res informations venant d&rsquo;Italie et ses d\u00e9clarations de dimanche laissent planer le doute sur son avenir. L&rsquo;attaquant su\u00e9dois et son agent seraient attendus au Qatar pour discuter avec Nasser Al-Khela\u00effi. Dimanche, le buteur a aussi sembl\u00e9 ouvrir la porte \u00e0 un d\u00e9part.<\/p>\n<p>Raiola et Ibrahimovic au Qatar pour voir Al-Khela\u00effi L&rsquo;information vient d&rsquo;Italie. Sky Italia a r\u00e9v\u00e9l\u00e9 dimanche soir que Mino Raiola va voyager ce lundi au Qatar pour rencontrer Nasser Al-Khela\u00effi, le pr\u00e9sident du PSG. La Gazzetta dello Sport ajoute que l&rsquo;attaquant du PSG va accompagner son repr\u00e9sentant. Le but de ce voyage ? Discuter avec le patron parisien pour lib\u00e9rer Ibra de sa derni\u00e8re ann\u00e9e de contrat, selon Sky. La Gazzetta dello Sport explique de son c\u00f4t\u00e9 que le g\u00e9ant su\u00e9dois voudrait obtenir une prolongation, ou \u00e0 d\u00e9faut l&rsquo;accord du PSG pour \u00eatre lib\u00e9r\u00e9 et ainsi rejoindre l&rsquo;AC Milan.<\/p>\n<p>Dimanche soir, Ibra s\u2019est montr\u00e9 moins cat\u00e9gorique sur son avenir Vendredi, Zlatan Ibrahimovic avait d\u00e9j\u00e0 d\u00fb s&rsquo;expliquer sur son avenir lors de la conf\u00e9rence de presse d&rsquo;avant- match de la rencontre Su\u00e8de- Mont\u00e9n\u00e9gro. Apr\u00e8s la victoire de sa s\u00e9lection (3-1) marqu\u00e9e par un doubl\u00e9 de la star parisienne, Ibra a remis \u00e7a au micro d&rsquo;une t\u00e9l\u00e9vision su\u00e9doise. Et cette fois, il s&rsquo;est montr\u00e9 plus \u00e9nigmatique, selon les propos rapport\u00e9s par ESPN.<\/p>\n<p>\u00ab\u00a0J&rsquo;ai encore un an de contrat avec le PSG et pas d&rsquo;autres plans\u00a0\u00bb, a-t-il une nouvelle fois rappel\u00e9 avant d&rsquo;ouvrir un peu la porte : \u00ab\u00a0Mais les choses changent d&rsquo;un jour \u00e0 l&rsquo;autre dans le football.\u00a0\u00bb Cela change si vite que ses d\u00e9clarations semblent m\u00eame dessiner son envie de retrouver l&rsquo;Italie. Il a ainsi avou\u00e9 que le cadre de vie rentre en ligne de compte dans son choix : \u00ab\u00a0J&rsquo;ai une famille maintenant. Je pense diff\u00e9remment quand il s&rsquo;agit de mon futur et de choisir un club. Il n&rsquo;y a pas que le football qui rentre en ligne de compte, la ville est aussi importante\u00a0\u00bb. Quand on connait son attachement \u00e0 Milan, cela laisse songeur. Tout comme la suite de cette sortie, o\u00f9 il explique que la Ligue des champions n&rsquo;est pas une obsession. \u00ab\u00a0Beaucoup de personnes pensent que la Ligue des champions est cruciale dans mon choix. Mais ce n&rsquo;est pas vrai. Je veux \u00eatre dans un club o\u00f9 je prends du plaisir.\u00a0\u00bb Anodin ? Pas tant que \u00e7a puisque l&rsquo;AC Milan n&rsquo;est pas qualifi\u00e9 pour la C1 la saison prochaine\u2026<\/p>\n<p>mercato.eurosport<\/p>\n","protected":false},"excerpt":{"rendered":"<p>TRANSFERTS &#8211; Si Zlatan Ibrahimovic r\u00e9p\u00e8te qu&rsquo;il est un joueur du PSG, les derni\u00e8res informations venant d&rsquo;Italie et ses d\u00e9clarations de dimanche laissent planer le doute sur son avenir. L&rsquo;attaquant su\u00e9dois et son agent seraient attendus au Qatar pour discuter avec Nasser Al-Khela\u00effi. Dimanche, le buteur a aussi sembl\u00e9 ouvrir la porte \u00e0 un d\u00e9part. [&hellip;]<\/p>\n","protected":false},"author":2,"featured_media":949,"comment_status":"open","ping_status":"open","sticky":false,"template":"","format":"standard","meta":{"footnotes":""},"categories":[3],"tags":[],"class_list":{"0":"post-363","1":"post","2":"type-post","3":"status-publish","4":"format-standard","5":"has-post-thumbnail","7":"category-news"},"yoast_head":"<!-- This site is optimized with the Yoast SEO plugin v27.4 - https:\/\/yoast.com\/product\/yoast-seo-wordpress\/ -->\n<title>Raiola et Ibrahimovic au Qatar pour voir Al-Khela\u00effi - Zlatan sur le d\u00e9part du PSG ? - PSG FANS<\/title>\n<meta name=\"robots\" content=\"index, follow, max-snippet:-1, max-image-preview:large, max-video-preview:-1\" \/>\n<link rel=\"canonical\" href=\"https:\/\/psgfans.fr\/?p=363\" \/>\n<meta property=\"og:locale\" content=\"fr_FR\" \/>\n<meta property=\"og:type\" content=\"article\" \/>\n<meta property=\"og:title\" content=\"Raiola et Ibrahimovic au Qatar pour voir Al-Khela\u00effi - Zlatan sur le d\u00e9part du PSG ? - PSG FANS\" \/>\n<meta property=\"og:description\" content=\"TRANSFERTS &#8211; Si Zlatan Ibrahimovic r\u00e9p\u00e8te qu&rsquo;il est un joueur du PSG, les derni\u00e8res informations venant d&rsquo;Italie et ses d\u00e9clarations de dimanche laissent planer le doute sur son avenir. L&rsquo;attaquant su\u00e9dois et son agent seraient attendus au Qatar pour discuter avec Nasser Al-Khela\u00effi. Dimanche, le buteur a aussi sembl\u00e9 ouvrir la porte \u00e0 un d\u00e9part. [&hellip;]\" \/>\n<meta property=\"og:url\" content=\"https:\/\/psgfans.fr\/?p=363\" \/>\n<meta property=\"og:site_name\" content=\"PSG FANS\" \/>\n<meta property=\"article:published_time\" content=\"2015-06-16T11:18:00+00:00\" \/>\n<meta property=\"article:modified_time\" content=\"2025-05-14T22:58:56+00:00\" \/>\n<meta property=\"og:image\" content=\"https:\/\/psgfans.fr\/wp-content\/uploads\/2015\/06\/2526.jpg\" \/>\n\t<meta property=\"og:image:width\" content=\"1024\" \/>\n\t<meta property=\"og:image:height\" content=\"576\" \/>\n\t<meta property=\"og:image:type\" content=\"image\/jpeg\" \/>\n<meta name=\"author\" content=\"psgfans\" \/>\n<meta name=\"twitter:card\" content=\"summary_large_image\" \/>\n<meta name=\"twitter:label1\" content=\"\u00c9crit par\" \/>\n\t<meta name=\"twitter:data1\" content=\"psgfans\" \/>\n\t<meta name=\"twitter:label2\" content=\"Dur\u00e9e de lecture estim\u00e9e\" \/>\n\t<meta name=\"twitter:data2\" content=\"2 minutes\" \/>\n<script type=\"application\/ld+json\" class=\"yoast-schema-graph\">{\"@context\":\"https:\\\/\\\/schema.org\",\"@graph\":[{\"@type\":\"Article\",\"@id\":\"https:\\\/\\\/psgfans.fr\\\/?p=363#article\",\"isPartOf\":{\"@id\":\"https:\\\/\\\/psgfans.fr\\\/?p=363\"},\"author\":{\"name\":\"psgfans\",\"@id\":\"https:\\\/\\\/psgfans.fr\\\/#\\\/schema\\\/person\\\/be2237e7a0237af2f29cb344b3c55e6c\"},\"headline\":\"Raiola et Ibrahimovic au Qatar pour voir Al-Khela\u00effi &#8211; Zlatan sur le d\u00e9part du PSG ?\",\"datePublished\":\"2015-06-16T11:18:00+00:00\",\"dateModified\":\"2025-05-14T22:58:56+00:00\",\"mainEntityOfPage\":{\"@id\":\"https:\\\/\\\/psgfans.fr\\\/?p=363\"},\"wordCount\":481,\"commentCount\":0,\"image\":{\"@id\":\"https:\\\/\\\/psgfans.fr\\\/?p=363#primaryimage\"},\"thumbnailUrl\":\"https:\\\/\\\/psgfans.fr\\\/wp-content\\\/uploads\\\/2015\\\/06\\\/2526.jpg\",\"articleSection\":[\"News\"],\"inLanguage\":\"fr-FR\",\"potentialAction\":[{\"@type\":\"CommentAction\",\"name\":\"Comment\",\"target\":[\"https:\\\/\\\/psgfans.fr\\\/?p=363#respond\"]}]},{\"@type\":\"WebPage\",\"@id\":\"https:\\\/\\\/psgfans.fr\\\/?p=363\",\"url\":\"https:\\\/\\\/psgfans.fr\\\/?p=363\",\"name\":\"Raiola et Ibrahimovic au Qatar pour voir Al-Khela\u00effi - Zlatan sur le d\u00e9part du PSG ? - PSG FANS\",\"isPartOf\":{\"@id\":\"https:\\\/\\\/psgfans.fr\\\/#website\"},\"primaryImageOfPage\":{\"@id\":\"https:\\\/\\\/psgfans.fr\\\/?p=363#primaryimage\"},\"image\":{\"@id\":\"https:\\\/\\\/psgfans.fr\\\/?p=363#primaryimage\"},\"thumbnailUrl\":\"https:\\\/\\\/psgfans.fr\\\/wp-content\\\/uploads\\\/2015\\\/06\\\/2526.jpg\",\"datePublished\":\"2015-06-16T11:18:00+00:00\",\"dateModified\":\"2025-05-14T22:58:56+00:00\",\"author\":{\"@id\":\"https:\\\/\\\/psgfans.fr\\\/#\\\/schema\\\/person\\\/be2237e7a0237af2f29cb344b3c55e6c\"},\"breadcrumb\":{\"@id\":\"https:\\\/\\\/psgfans.fr\\\/?p=363#breadcrumb\"},\"inLanguage\":\"fr-FR\",\"potentialAction\":[{\"@type\":\"ReadAction\",\"target\":[\"https:\\\/\\\/psgfans.fr\\\/?p=363\"]}]},{\"@type\":\"ImageObject\",\"inLanguage\":\"fr-FR\",\"@id\":\"https:\\\/\\\/psgfans.fr\\\/?p=363#primaryimage\",\"url\":\"https:\\\/\\\/psgfans.fr\\\/wp-content\\\/uploads\\\/2015\\\/06\\\/2526.jpg\",\"contentUrl\":\"https:\\\/\\\/psgfans.fr\\\/wp-content\\\/uploads\\\/2015\\\/06\\\/2526.jpg\",\"width\":1024,\"height\":576},{\"@type\":\"BreadcrumbList\",\"@id\":\"https:\\\/\\\/psgfans.fr\\\/?p=363#breadcrumb\",\"itemListElement\":[{\"@type\":\"ListItem\",\"position\":1,\"name\":\"Accueil\",\"item\":\"https:\\\/\\\/psgfans.fr\\\/\"},{\"@type\":\"ListItem\",\"position\":2,\"name\":\"Raiola et Ibrahimovic au Qatar pour voir Al-Khela\u00effi &#8211; Zlatan sur le d\u00e9part du PSG ?\"}]},{\"@type\":\"WebSite\",\"@id\":\"https:\\\/\\\/psgfans.fr\\\/#website\",\"url\":\"https:\\\/\\\/psgfans.fr\\\/\",\"name\":\"PSG FANS\",\"description\":\"Unit\u00e9, Passion, Victoire : Au C\u0153ur du Paris Saint-Germain!\",\"potentialAction\":[{\"@type\":\"SearchAction\",\"target\":{\"@type\":\"EntryPoint\",\"urlTemplate\":\"https:\\\/\\\/psgfans.fr\\\/?s={search_term_string}\"},\"query-input\":{\"@type\":\"PropertyValueSpecification\",\"valueRequired\":true,\"valueName\":\"search_term_string\"}}],\"inLanguage\":\"fr-FR\"},{\"@type\":\"Person\",\"@id\":\"https:\\\/\\\/psgfans.fr\\\/#\\\/schema\\\/person\\\/be2237e7a0237af2f29cb344b3c55e6c\",\"name\":\"psgfans\",\"image\":{\"@type\":\"ImageObject\",\"inLanguage\":\"fr-FR\",\"@id\":\"https:\\\/\\\/secure.gravatar.com\\\/avatar\\\/?s=96&d=mm&r=g\",\"url\":\"https:\\\/\\\/secure.gravatar.com\\\/avatar\\\/?s=96&d=mm&r=g\",\"contentUrl\":\"https:\\\/\\\/secure.gravatar.com\\\/avatar\\\/?s=96&d=mm&r=g\",\"caption\":\"psgfans\"},\"url\":\"https:\\\/\\\/psgfans.fr\\\/?author=2\"}]}<\/script>\n<!-- \/ Yoast SEO plugin. -->","yoast_head_json":{"title":"Raiola et Ibrahimovic au Qatar pour voir Al-Khela\u00effi - Zlatan sur le d\u00e9part du PSG ? - PSG FANS","robots":{"index":"index","follow":"follow","max-snippet":"max-snippet:-1","max-image-preview":"max-image-preview:large","max-video-preview":"max-video-preview:-1"},"canonical":"https:\/\/psgfans.fr\/?p=363","og_locale":"fr_FR","og_type":"article","og_title":"Raiola et Ibrahimovic au Qatar pour voir Al-Khela\u00effi - Zlatan sur le d\u00e9part du PSG ? - PSG FANS","og_description":"TRANSFERTS &#8211; Si Zlatan Ibrahimovic r\u00e9p\u00e8te qu&rsquo;il est un joueur du PSG, les derni\u00e8res informations venant d&rsquo;Italie et ses d\u00e9clarations de dimanche laissent planer le doute sur son avenir. L&rsquo;attaquant su\u00e9dois et son agent seraient attendus au Qatar pour discuter avec Nasser Al-Khela\u00effi. Dimanche, le buteur a aussi sembl\u00e9 ouvrir la porte \u00e0 un d\u00e9part. [&hellip;]","og_url":"https:\/\/psgfans.fr\/?p=363","og_site_name":"PSG FANS","article_published_time":"2015-06-16T11:18:00+00:00","article_modified_time":"2025-05-14T22:58:56+00:00","og_image":[{"width":1024,"height":576,"url":"https:\/\/psgfans.fr\/wp-content\/uploads\/2015\/06\/2526.jpg","type":"image\/jpeg"}],"author":"psgfans","twitter_card":"summary_large_image","twitter_misc":{"\u00c9crit par":"psgfans","Dur\u00e9e de lecture estim\u00e9e":"2 minutes"},"schema":{"@context":"https:\/\/schema.org","@graph":[{"@type":"Article","@id":"https:\/\/psgfans.fr\/?p=363#article","isPartOf":{"@id":"https:\/\/psgfans.fr\/?p=363"},"author":{"name":"psgfans","@id":"https:\/\/psgfans.fr\/#\/schema\/person\/be2237e7a0237af2f29cb344b3c55e6c"},"headline":"Raiola et Ibrahimovic au Qatar pour voir Al-Khela\u00effi &#8211; Zlatan sur le d\u00e9part du PSG ?","datePublished":"2015-06-16T11:18:00+00:00","dateModified":"2025-05-14T22:58:56+00:00","mainEntityOfPage":{"@id":"https:\/\/psgfans.fr\/?p=363"},"wordCount":481,"commentCount":0,"image":{"@id":"https:\/\/psgfans.fr\/?p=363#primaryimage"},"thumbnailUrl":"https:\/\/psgfans.fr\/wp-content\/uploads\/2015\/06\/2526.jpg","articleSection":["News"],"inLanguage":"fr-FR","potentialAction":[{"@type":"CommentAction","name":"Comment","target":["https:\/\/psgfans.fr\/?p=363#respond"]}]},{"@type":"WebPage","@id":"https:\/\/psgfans.fr\/?p=363","url":"https:\/\/psgfans.fr\/?p=363","name":"Raiola et Ibrahimovic au Qatar pour voir Al-Khela\u00effi - Zlatan sur le d\u00e9part du PSG ? - PSG FANS","isPartOf":{"@id":"https:\/\/psgfans.fr\/#website"},"primaryImageOfPage":{"@id":"https:\/\/psgfans.fr\/?p=363#primaryimage"},"image":{"@id":"https:\/\/psgfans.fr\/?p=363#primaryimage"},"thumbnailUrl":"https:\/\/psgfans.fr\/wp-content\/uploads\/2015\/06\/2526.jpg","datePublished":"2015-06-16T11:18:00+00:00","dateModified":"2025-05-14T22:58:56+00:00","author":{"@id":"https:\/\/psgfans.fr\/#\/schema\/person\/be2237e7a0237af2f29cb344b3c55e6c"},"breadcrumb":{"@id":"https:\/\/psgfans.fr\/?p=363#breadcrumb"},"inLanguage":"fr-FR","potentialAction":[{"@type":"ReadAction","target":["https:\/\/psgfans.fr\/?p=363"]}]},{"@type":"ImageObject","inLanguage":"fr-FR","@id":"https:\/\/psgfans.fr\/?p=363#primaryimage","url":"https:\/\/psgfans.fr\/wp-content\/uploads\/2015\/06\/2526.jpg","contentUrl":"https:\/\/psgfans.fr\/wp-content\/uploads\/2015\/06\/2526.jpg","width":1024,"height":576},{"@type":"BreadcrumbList","@id":"https:\/\/psgfans.fr\/?p=363#breadcrumb","itemListElement":[{"@type":"ListItem","position":1,"name":"Accueil","item":"https:\/\/psgfans.fr\/"},{"@type":"ListItem","position":2,"name":"Raiola et Ibrahimovic au Qatar pour voir Al-Khela\u00effi &#8211; Zlatan sur le d\u00e9part du PSG ?"}]},{"@type":"WebSite","@id":"https:\/\/psgfans.fr\/#website","url":"https:\/\/psgfans.fr\/","name":"PSG FANS","description":"Unit\u00e9, Passion, Victoire : Au C\u0153ur du Paris Saint-Germain!","potentialAction":[{"@type":"SearchAction","target":{"@type":"EntryPoint","urlTemplate":"https:\/\/psgfans.fr\/?s={search_term_string}"},"query-input":{"@type":"PropertyValueSpecification","valueRequired":true,"valueName":"search_term_string"}}],"inLanguage":"fr-FR"},{"@type":"Person","@id":"https:\/\/psgfans.fr\/#\/schema\/person\/be2237e7a0237af2f29cb344b3c55e6c","name":"psgfans","image":{"@type":"ImageObject","inLanguage":"fr-FR","@id":"https:\/\/secure.gravatar.com\/avatar\/?s=96&d=mm&r=g","url":"https:\/\/secure.gravatar.com\/avatar\/?s=96&d=mm&r=g","contentUrl":"https:\/\/secure.gravatar.com\/avatar\/?s=96&d=mm&r=g","caption":"psgfans"},"url":"https:\/\/psgfans.fr\/?author=2"}]}},"_links":{"self":[{"href":"https:\/\/psgfans.fr\/index.php?rest_route=\/wp\/v2\/posts\/363","targetHints":{"allow":["GET"]}}],"collection":[{"href":"https:\/\/psgfans.fr\/index.php?rest_route=\/wp\/v2\/posts"}],"about":[{"href":"https:\/\/psgfans.fr\/index.php?rest_route=\/wp\/v2\/types\/post"}],"author":[{"embeddable":true,"href":"https:\/\/psgfans.fr\/index.php?rest_route=\/wp\/v2\/users\/2"}],"replies":[{"embeddable":true,"href":"https:\/\/psgfans.fr\/index.php?rest_route=%2Fwp%2Fv2%2Fcomments&post=363"}],"version-history":[{"count":2,"href":"https:\/\/psgfans.fr\/index.php?rest_route=\/wp\/v2\/posts\/363\/revisions"}],"predecessor-version":[{"id":977,"href":"https:\/\/psgfans.fr\/index.php?rest_route=\/wp\/v2\/posts\/363\/revisions\/977"}],"wp:featuredmedia":[{"embeddable":true,"href":"https:\/\/psgfans.fr\/index.php?rest_route=\/wp\/v2\/media\/949"}],"wp:attachment":[{"href":"https:\/\/psgfans.fr\/index.php?rest_route=%2Fwp%2Fv2%2Fmedia&parent=363"}],"wp:term":[{"taxonomy":"category","embeddable":true,"href":"https:\/\/psgfans.fr\/index.php?rest_route=%2Fwp%2Fv2%2Fcategories&post=363"},{"taxonomy":"post_tag","embeddable":true,"href":"https:\/\/psgfans.fr\/index.php?rest_route=%2Fwp%2Fv2%2Ftags&post=363"}],"curies":[{"name":"wp","href":"https:\/\/api.w.org\/{rel}","templated":true}]}}