{"id":362,"date":"2015-07-05T18:01:00","date_gmt":"2015-07-05T17:01:00","guid":{"rendered":""},"modified":"2025-05-14T23:58:56","modified_gmt":"2025-05-14T22:58:56","slug":"mercato-psg-ca-se-precise-pour-le-futur-club-de-ntep","status":"publish","type":"post","link":"https:\/\/psgfans.fr\/?p=362","title":{"rendered":"Mercato &#8211; PSG : \u00c7a se pr\u00e9cise pour le futur club de Ntep ?"},"content":{"rendered":"<div style=\"clear: both; text-align: center;\"><a href=\"https:\/\/psgfans.fr\/wp-content\/uploads\/2015\/07\/2526-2.jpg\" style=\"margin-left: 1em; margin-right: 1em;\"><img loading=\"lazy\" decoding=\"async\" border=\"0\" height=\"198\" src=\"https:\/\/psgfans.fr\/wp-content\/uploads\/2015\/07\/2526-2-300x149.jpg\" width=\"400\" \/><\/a><\/div>\n<p><b>pr\u00e8s une tr\u00e8s bonne saison avec le Stade Rennais, Paul-Georges Ntep serait dans le viseur de Liverpool qui souhaiterait le voir succ\u00e9der \u00e0 Raheem Sterling.<\/b><\/p>\n<p>Avec le d\u00e9part annonc\u00e9 de Raheem Sterling, qui a confi\u00e9 ses envies de d\u00e9part aupr\u00e8s de son club formateur en d\u00e9but de saison, Liverpool est en qu\u00eate de son successeur. Et pour le remplacer, le club de la Mersey aurait jet\u00e9 son d\u00e9volu sur le n\u00e9o-international fran\u00e7ais, Paul-Georges Ntep. Si pour le moment rien n\u2019est fait, les choses pourraient se d\u00e9canter tr\u00e8s vite. Et ce malgr\u00e9 l&rsquo;int\u00e9r\u00eat du PSG depuis janvier dernier envers l&rsquo;international fran\u00e7ais&#8230;<\/p>\n<p>UN INT\u00c9R\u00caT CROISSANT POUR NTEP<\/p>\n<p>D\u2019apr\u00e8s Eurosport, Liverpool chercherait un joueur afin de remplacer Raheem Sterling, annonc\u00e9 avec insistance du c\u00f4t\u00e9 de Manchester City. Les Reds lorgneraient toujours sur le Rennais Ntep pour le remplacer. Auteur d\u2019une tr\u00e8s bonne saison avec le Stade Rennais, ponctu\u00e9e de 9 buts et 6 passe d\u00e9cisives en 35 matchs, l&rsquo;ancien Auxerrois est un \u00e9l\u00e9ment fort du dispositif de Philippe Montanier. Le PSG pourrait donc passer \u00e0 c\u00f4t\u00e9 de l&rsquo;attaquant de l&rsquo;\u00e9quipe de France.<\/p>\n<p>NTEP VEUT RESTER \u00c0 RENNES<\/p>\n<p>Mais \u00e0 un an de l\u2019Euro en France, Paul-Georges Ntep ne verrait pas d\u2019un bon \u0153il un d\u00e9part pour rejoindre Liverpool. Il ne voudrait pas compromettre ses chances d\u2019y participer en rejoignant un grand club mais avec un temps de jeu faible. N\u00e9anmoins, en cas de belles offre, Rennes ne pourrait refuser son d\u00e9part et si des garanties concernant son temps de jeu lui sont octroy\u00e9es, il pourrait accepter l\u2019offre des Reds.<\/p>\n<p>&nbsp;le10sport.com<\/p>\n","protected":false},"excerpt":{"rendered":"<p>pr\u00e8s une tr\u00e8s bonne saison avec le Stade Rennais, Paul-Georges Ntep serait dans le viseur de Liverpool qui souhaiterait le voir succ\u00e9der \u00e0 Raheem Sterling. Avec le d\u00e9part annonc\u00e9 de Raheem Sterling, qui a confi\u00e9 ses envies de d\u00e9part aupr\u00e8s de son club formateur en d\u00e9but de saison, Liverpool est en qu\u00eate de son successeur. [&hellip;]<\/p>\n","protected":false},"author":2,"featured_media":947,"comment_status":"open","ping_status":"open","sticky":false,"template":"","format":"standard","meta":{"footnotes":""},"categories":[3],"tags":[],"class_list":{"0":"post-362","1":"post","2":"type-post","3":"status-publish","4":"format-standard","5":"has-post-thumbnail","7":"category-news"},"yoast_head":"<!-- This site is optimized with the Yoast SEO plugin v27.4 - https:\/\/yoast.com\/product\/yoast-seo-wordpress\/ -->\n<title>Mercato - PSG : \u00c7a se pr\u00e9cise pour le futur club de Ntep ? - PSG FANS<\/title>\n<meta name=\"robots\" content=\"index, follow, max-snippet:-1, max-image-preview:large, max-video-preview:-1\" \/>\n<link rel=\"canonical\" href=\"https:\/\/psgfans.fr\/?p=362\" \/>\n<meta property=\"og:locale\" content=\"fr_FR\" \/>\n<meta property=\"og:type\" content=\"article\" \/>\n<meta property=\"og:title\" content=\"Mercato - PSG : \u00c7a se pr\u00e9cise pour le futur club de Ntep ? - PSG FANS\" \/>\n<meta property=\"og:description\" content=\"pr\u00e8s une tr\u00e8s bonne saison avec le Stade Rennais, Paul-Georges Ntep serait dans le viseur de Liverpool qui souhaiterait le voir succ\u00e9der \u00e0 Raheem Sterling. Avec le d\u00e9part annonc\u00e9 de Raheem Sterling, qui a confi\u00e9 ses envies de d\u00e9part aupr\u00e8s de son club formateur en d\u00e9but de saison, Liverpool est en qu\u00eate de son successeur. [&hellip;]\" \/>\n<meta property=\"og:url\" content=\"https:\/\/psgfans.fr\/?p=362\" \/>\n<meta property=\"og:site_name\" content=\"PSG FANS\" \/>\n<meta property=\"article:published_time\" content=\"2015-07-05T17:01:00+00:00\" \/>\n<meta property=\"article:modified_time\" content=\"2025-05-14T22:58:56+00:00\" \/>\n<meta property=\"og:image\" content=\"https:\/\/psgfans.fr\/wp-content\/uploads\/2015\/07\/2526-2.jpg\" \/>\n\t<meta property=\"og:image:width\" content=\"570\" \/>\n\t<meta property=\"og:image:height\" content=\"284\" \/>\n\t<meta property=\"og:image:type\" content=\"image\/jpeg\" \/>\n<meta name=\"author\" content=\"psgfans\" \/>\n<meta name=\"twitter:card\" content=\"summary_large_image\" \/>\n<meta name=\"twitter:label1\" content=\"\u00c9crit par\" \/>\n\t<meta name=\"twitter:data1\" content=\"psgfans\" \/>\n\t<meta name=\"twitter:label2\" content=\"Dur\u00e9e de lecture estim\u00e9e\" \/>\n\t<meta name=\"twitter:data2\" content=\"1 minute\" \/>\n<script type=\"application\/ld+json\" class=\"yoast-schema-graph\">{\"@context\":\"https:\\\/\\\/schema.org\",\"@graph\":[{\"@type\":\"Article\",\"@id\":\"https:\\\/\\\/psgfans.fr\\\/?p=362#article\",\"isPartOf\":{\"@id\":\"https:\\\/\\\/psgfans.fr\\\/?p=362\"},\"author\":{\"name\":\"psgfans\",\"@id\":\"https:\\\/\\\/psgfans.fr\\\/#\\\/schema\\\/person\\\/be2237e7a0237af2f29cb344b3c55e6c\"},\"headline\":\"Mercato &#8211; PSG : \u00c7a se pr\u00e9cise pour le futur club de Ntep ?\",\"datePublished\":\"2015-07-05T17:01:00+00:00\",\"dateModified\":\"2025-05-14T22:58:56+00:00\",\"mainEntityOfPage\":{\"@id\":\"https:\\\/\\\/psgfans.fr\\\/?p=362\"},\"wordCount\":307,\"commentCount\":0,\"image\":{\"@id\":\"https:\\\/\\\/psgfans.fr\\\/?p=362#primaryimage\"},\"thumbnailUrl\":\"https:\\\/\\\/psgfans.fr\\\/wp-content\\\/uploads\\\/2015\\\/07\\\/2526-2.jpg\",\"articleSection\":[\"News\"],\"inLanguage\":\"fr-FR\",\"potentialAction\":[{\"@type\":\"CommentAction\",\"name\":\"Comment\",\"target\":[\"https:\\\/\\\/psgfans.fr\\\/?p=362#respond\"]}]},{\"@type\":\"WebPage\",\"@id\":\"https:\\\/\\\/psgfans.fr\\\/?p=362\",\"url\":\"https:\\\/\\\/psgfans.fr\\\/?p=362\",\"name\":\"Mercato - PSG : \u00c7a se pr\u00e9cise pour le futur club de Ntep ? - PSG FANS\",\"isPartOf\":{\"@id\":\"https:\\\/\\\/psgfans.fr\\\/#website\"},\"primaryImageOfPage\":{\"@id\":\"https:\\\/\\\/psgfans.fr\\\/?p=362#primaryimage\"},\"image\":{\"@id\":\"https:\\\/\\\/psgfans.fr\\\/?p=362#primaryimage\"},\"thumbnailUrl\":\"https:\\\/\\\/psgfans.fr\\\/wp-content\\\/uploads\\\/2015\\\/07\\\/2526-2.jpg\",\"datePublished\":\"2015-07-05T17:01:00+00:00\",\"dateModified\":\"2025-05-14T22:58:56+00:00\",\"author\":{\"@id\":\"https:\\\/\\\/psgfans.fr\\\/#\\\/schema\\\/person\\\/be2237e7a0237af2f29cb344b3c55e6c\"},\"breadcrumb\":{\"@id\":\"https:\\\/\\\/psgfans.fr\\\/?p=362#breadcrumb\"},\"inLanguage\":\"fr-FR\",\"potentialAction\":[{\"@type\":\"ReadAction\",\"target\":[\"https:\\\/\\\/psgfans.fr\\\/?p=362\"]}]},{\"@type\":\"ImageObject\",\"inLanguage\":\"fr-FR\",\"@id\":\"https:\\\/\\\/psgfans.fr\\\/?p=362#primaryimage\",\"url\":\"https:\\\/\\\/psgfans.fr\\\/wp-content\\\/uploads\\\/2015\\\/07\\\/2526-2.jpg\",\"contentUrl\":\"https:\\\/\\\/psgfans.fr\\\/wp-content\\\/uploads\\\/2015\\\/07\\\/2526-2.jpg\",\"width\":570,\"height\":284},{\"@type\":\"BreadcrumbList\",\"@id\":\"https:\\\/\\\/psgfans.fr\\\/?p=362#breadcrumb\",\"itemListElement\":[{\"@type\":\"ListItem\",\"position\":1,\"name\":\"Accueil\",\"item\":\"https:\\\/\\\/psgfans.fr\\\/\"},{\"@type\":\"ListItem\",\"position\":2,\"name\":\"Mercato &#8211; PSG : \u00c7a se pr\u00e9cise pour le futur club de Ntep ?\"}]},{\"@type\":\"WebSite\",\"@id\":\"https:\\\/\\\/psgfans.fr\\\/#website\",\"url\":\"https:\\\/\\\/psgfans.fr\\\/\",\"name\":\"PSG FANS\",\"description\":\"Unit\u00e9, Passion, Victoire : Au C\u0153ur du Paris Saint-Germain!\",\"potentialAction\":[{\"@type\":\"SearchAction\",\"target\":{\"@type\":\"EntryPoint\",\"urlTemplate\":\"https:\\\/\\\/psgfans.fr\\\/?s={search_term_string}\"},\"query-input\":{\"@type\":\"PropertyValueSpecification\",\"valueRequired\":true,\"valueName\":\"search_term_string\"}}],\"inLanguage\":\"fr-FR\"},{\"@type\":\"Person\",\"@id\":\"https:\\\/\\\/psgfans.fr\\\/#\\\/schema\\\/person\\\/be2237e7a0237af2f29cb344b3c55e6c\",\"name\":\"psgfans\",\"image\":{\"@type\":\"ImageObject\",\"inLanguage\":\"fr-FR\",\"@id\":\"https:\\\/\\\/secure.gravatar.com\\\/avatar\\\/?s=96&d=mm&r=g\",\"url\":\"https:\\\/\\\/secure.gravatar.com\\\/avatar\\\/?s=96&d=mm&r=g\",\"contentUrl\":\"https:\\\/\\\/secure.gravatar.com\\\/avatar\\\/?s=96&d=mm&r=g\",\"caption\":\"psgfans\"},\"url\":\"https:\\\/\\\/psgfans.fr\\\/?author=2\"}]}<\/script>\n<!-- \/ Yoast SEO plugin. -->","yoast_head_json":{"title":"Mercato - PSG : \u00c7a se pr\u00e9cise pour le futur club de Ntep ? - PSG FANS","robots":{"index":"index","follow":"follow","max-snippet":"max-snippet:-1","max-image-preview":"max-image-preview:large","max-video-preview":"max-video-preview:-1"},"canonical":"https:\/\/psgfans.fr\/?p=362","og_locale":"fr_FR","og_type":"article","og_title":"Mercato - PSG : \u00c7a se pr\u00e9cise pour le futur club de Ntep ? - PSG FANS","og_description":"pr\u00e8s une tr\u00e8s bonne saison avec le Stade Rennais, Paul-Georges Ntep serait dans le viseur de Liverpool qui souhaiterait le voir succ\u00e9der \u00e0 Raheem Sterling. Avec le d\u00e9part annonc\u00e9 de Raheem Sterling, qui a confi\u00e9 ses envies de d\u00e9part aupr\u00e8s de son club formateur en d\u00e9but de saison, Liverpool est en qu\u00eate de son successeur. [&hellip;]","og_url":"https:\/\/psgfans.fr\/?p=362","og_site_name":"PSG FANS","article_published_time":"2015-07-05T17:01:00+00:00","article_modified_time":"2025-05-14T22:58:56+00:00","og_image":[{"width":570,"height":284,"url":"https:\/\/psgfans.fr\/wp-content\/uploads\/2015\/07\/2526-2.jpg","type":"image\/jpeg"}],"author":"psgfans","twitter_card":"summary_large_image","twitter_misc":{"\u00c9crit par":"psgfans","Dur\u00e9e de lecture estim\u00e9e":"1 minute"},"schema":{"@context":"https:\/\/schema.org","@graph":[{"@type":"Article","@id":"https:\/\/psgfans.fr\/?p=362#article","isPartOf":{"@id":"https:\/\/psgfans.fr\/?p=362"},"author":{"name":"psgfans","@id":"https:\/\/psgfans.fr\/#\/schema\/person\/be2237e7a0237af2f29cb344b3c55e6c"},"headline":"Mercato &#8211; PSG : \u00c7a se pr\u00e9cise pour le futur club de Ntep ?","datePublished":"2015-07-05T17:01:00+00:00","dateModified":"2025-05-14T22:58:56+00:00","mainEntityOfPage":{"@id":"https:\/\/psgfans.fr\/?p=362"},"wordCount":307,"commentCount":0,"image":{"@id":"https:\/\/psgfans.fr\/?p=362#primaryimage"},"thumbnailUrl":"https:\/\/psgfans.fr\/wp-content\/uploads\/2015\/07\/2526-2.jpg","articleSection":["News"],"inLanguage":"fr-FR","potentialAction":[{"@type":"CommentAction","name":"Comment","target":["https:\/\/psgfans.fr\/?p=362#respond"]}]},{"@type":"WebPage","@id":"https:\/\/psgfans.fr\/?p=362","url":"https:\/\/psgfans.fr\/?p=362","name":"Mercato - PSG : \u00c7a se pr\u00e9cise pour le futur club de Ntep ? - PSG FANS","isPartOf":{"@id":"https:\/\/psgfans.fr\/#website"},"primaryImageOfPage":{"@id":"https:\/\/psgfans.fr\/?p=362#primaryimage"},"image":{"@id":"https:\/\/psgfans.fr\/?p=362#primaryimage"},"thumbnailUrl":"https:\/\/psgfans.fr\/wp-content\/uploads\/2015\/07\/2526-2.jpg","datePublished":"2015-07-05T17:01:00+00:00","dateModified":"2025-05-14T22:58:56+00:00","author":{"@id":"https:\/\/psgfans.fr\/#\/schema\/person\/be2237e7a0237af2f29cb344b3c55e6c"},"breadcrumb":{"@id":"https:\/\/psgfans.fr\/?p=362#breadcrumb"},"inLanguage":"fr-FR","potentialAction":[{"@type":"ReadAction","target":["https:\/\/psgfans.fr\/?p=362"]}]},{"@type":"ImageObject","inLanguage":"fr-FR","@id":"https:\/\/psgfans.fr\/?p=362#primaryimage","url":"https:\/\/psgfans.fr\/wp-content\/uploads\/2015\/07\/2526-2.jpg","contentUrl":"https:\/\/psgfans.fr\/wp-content\/uploads\/2015\/07\/2526-2.jpg","width":570,"height":284},{"@type":"BreadcrumbList","@id":"https:\/\/psgfans.fr\/?p=362#breadcrumb","itemListElement":[{"@type":"ListItem","position":1,"name":"Accueil","item":"https:\/\/psgfans.fr\/"},{"@type":"ListItem","position":2,"name":"Mercato &#8211; PSG : \u00c7a se pr\u00e9cise pour le futur club de Ntep ?"}]},{"@type":"WebSite","@id":"https:\/\/psgfans.fr\/#website","url":"https:\/\/psgfans.fr\/","name":"PSG FANS","description":"Unit\u00e9, Passion, Victoire : Au C\u0153ur du Paris Saint-Germain!","potentialAction":[{"@type":"SearchAction","target":{"@type":"EntryPoint","urlTemplate":"https:\/\/psgfans.fr\/?s={search_term_string}"},"query-input":{"@type":"PropertyValueSpecification","valueRequired":true,"valueName":"search_term_string"}}],"inLanguage":"fr-FR"},{"@type":"Person","@id":"https:\/\/psgfans.fr\/#\/schema\/person\/be2237e7a0237af2f29cb344b3c55e6c","name":"psgfans","image":{"@type":"ImageObject","inLanguage":"fr-FR","@id":"https:\/\/secure.gravatar.com\/avatar\/?s=96&d=mm&r=g","url":"https:\/\/secure.gravatar.com\/avatar\/?s=96&d=mm&r=g","contentUrl":"https:\/\/secure.gravatar.com\/avatar\/?s=96&d=mm&r=g","caption":"psgfans"},"url":"https:\/\/psgfans.fr\/?author=2"}]}},"_links":{"self":[{"href":"https:\/\/psgfans.fr\/index.php?rest_route=\/wp\/v2\/posts\/362","targetHints":{"allow":["GET"]}}],"collection":[{"href":"https:\/\/psgfans.fr\/index.php?rest_route=\/wp\/v2\/posts"}],"about":[{"href":"https:\/\/psgfans.fr\/index.php?rest_route=\/wp\/v2\/types\/post"}],"author":[{"embeddable":true,"href":"https:\/\/psgfans.fr\/index.php?rest_route=\/wp\/v2\/users\/2"}],"replies":[{"embeddable":true,"href":"https:\/\/psgfans.fr\/index.php?rest_route=%2Fwp%2Fv2%2Fcomments&post=362"}],"version-history":[{"count":2,"href":"https:\/\/psgfans.fr\/index.php?rest_route=\/wp\/v2\/posts\/362\/revisions"}],"predecessor-version":[{"id":976,"href":"https:\/\/psgfans.fr\/index.php?rest_route=\/wp\/v2\/posts\/362\/revisions\/976"}],"wp:featuredmedia":[{"embeddable":true,"href":"https:\/\/psgfans.fr\/index.php?rest_route=\/wp\/v2\/media\/947"}],"wp:attachment":[{"href":"https:\/\/psgfans.fr\/index.php?rest_route=%2Fwp%2Fv2%2Fmedia&parent=362"}],"wp:term":[{"taxonomy":"category","embeddable":true,"href":"https:\/\/psgfans.fr\/index.php?rest_route=%2Fwp%2Fv2%2Fcategories&post=362"},{"taxonomy":"post_tag","embeddable":true,"href":"https:\/\/psgfans.fr\/index.php?rest_route=%2Fwp%2Fv2%2Ftags&post=362"}],"curies":[{"name":"wp","href":"https:\/\/api.w.org\/{rel}","templated":true}]}}