{"id":359,"date":"2015-07-22T18:14:00","date_gmt":"2015-07-22T17:14:00","guid":{"rendered":""},"modified":"2025-05-14T23:58:56","modified_gmt":"2025-05-14T22:58:56","slug":"mercato-psg-le-selectionneur-allemand-juge-le-choix-de-trapp","status":"publish","type":"post","link":"https:\/\/psgfans.fr\/?p=359","title":{"rendered":"Mercato &#8211; PSG : Le s\u00e9lectionneur allemand juge le choix de Trapp !"},"content":{"rendered":"<div style=\"clear: both; text-align: center;\"><a href=\"https:\/\/psgfans.fr\/wp-content\/uploads\/2015\/07\/4-2.jpg\" style=\"margin-left: 1em; margin-right: 1em;\"><img loading=\"lazy\" decoding=\"async\" border=\"0\" height=\"198\" src=\"https:\/\/psgfans.fr\/wp-content\/uploads\/2015\/07\/4-2-300x149.jpg\" width=\"400\" \/><\/a><\/div>\n<p><b>Premi\u00e8re recrue du PSG dans ce mercato, Kevin Trapp est au centre de toutes les conversations pour savoir si le PSG a fait le bon choix. Mais pour le s\u00e9lectionneur allemand, cela ne fait aucun doute.<\/b><\/p>\n<p>Depuis son arriv\u00e9e, chacun se permet de juger l\u2019arriv\u00e9e du gardien allemand Kevin Trapp. Entre ceux qui sont sceptiques sur sa capacit\u00e9 \u00e0 faire progresser l\u2019\u00e9quipe et ceux qui pensent qu\u2019il va devenir un gardien de classe mondiale, les avis sont partag\u00e9s. Mais le s\u00e9lectionneur allemand Joachim L\u00f6w assure que c\u2019est un tr\u00e8s bon choix de carri\u00e8re.<\/p>\n<p>\u00ab EN SIGNANT AU PSG, KEVIN A FAIT LE BON CHOIX \u00bb<\/p>\n<p>M\u00eame si Kevin Trapp n\u2019a encore jamais \u00e9t\u00e9 s\u00e9lectionn\u00e9 par les champions du monde en titre allemands, Joachim L\u00f6w pense qu\u2019il a fait le meilleur choix et se justifie dans le quotidien L&rsquo;\u00c9quipe : \u00ab En signant au PSG, K\u00e9vin a fait le bon choix. C\u2019est id\u00e9al pour qu\u2019il franchisse des paliers et emmagasine beaucoup d\u2019exp\u00e9rience. \u00bb Le s\u00e9lectionneur allemand est persuad\u00e9 que cela va \u00eatre positif pour son \u00e9volution.<\/p>\n<p>\u00ab TRAPP EST S\u00dbREMENT UN TR\u00c8S BON GARDIEN, MAIS\u2026 \u00bb<\/p>\n<p>R\u00e9cemment, Geoffroy Gar\u00e9tier avait d\u00e9clar\u00e9 sur son blog Yahoo que Kevin Trapp n\u2019avait pas l\u2019aura d\u2019un Manuel Neuer, le portier du Bayern Munich. \u00ab D\u2019autant que jusqu\u2019alors, le mercato du PSG est pour le moins terne, bien en de\u00e7\u00e0 des esp\u00e9rances de ses fans. Kevin Trapp est s\u00fbrement un tr\u00e8s bon gardien, mais il n\u2019a pas l\u2019aura d\u2019un Neuer. \u00bb<\/p>\n<p>le10sport<\/p>\n","protected":false},"excerpt":{"rendered":"<p>Premi\u00e8re recrue du PSG dans ce mercato, Kevin Trapp est au centre de toutes les conversations pour savoir si le PSG a fait le bon choix. Mais pour le s\u00e9lectionneur allemand, cela ne fait aucun doute. Depuis son arriv\u00e9e, chacun se permet de juger l\u2019arriv\u00e9e du gardien allemand Kevin Trapp. Entre ceux qui sont sceptiques [&hellip;]<\/p>\n","protected":false},"author":2,"featured_media":941,"comment_status":"open","ping_status":"open","sticky":false,"template":"","format":"standard","meta":{"footnotes":""},"categories":[3],"tags":[],"class_list":{"0":"post-359","1":"post","2":"type-post","3":"status-publish","4":"format-standard","5":"has-post-thumbnail","7":"category-news"},"yoast_head":"<!-- This site is optimized with the Yoast SEO plugin v27.4 - https:\/\/yoast.com\/product\/yoast-seo-wordpress\/ -->\n<title>Mercato - PSG : Le s\u00e9lectionneur allemand juge le choix de Trapp ! - PSG FANS<\/title>\n<meta name=\"robots\" content=\"index, follow, max-snippet:-1, max-image-preview:large, max-video-preview:-1\" \/>\n<link rel=\"canonical\" href=\"https:\/\/psgfans.fr\/?p=359\" \/>\n<meta property=\"og:locale\" content=\"fr_FR\" \/>\n<meta property=\"og:type\" content=\"article\" \/>\n<meta property=\"og:title\" content=\"Mercato - PSG : Le s\u00e9lectionneur allemand juge le choix de Trapp ! - PSG FANS\" \/>\n<meta property=\"og:description\" content=\"Premi\u00e8re recrue du PSG dans ce mercato, Kevin Trapp est au centre de toutes les conversations pour savoir si le PSG a fait le bon choix. Mais pour le s\u00e9lectionneur allemand, cela ne fait aucun doute. Depuis son arriv\u00e9e, chacun se permet de juger l\u2019arriv\u00e9e du gardien allemand Kevin Trapp. Entre ceux qui sont sceptiques [&hellip;]\" \/>\n<meta property=\"og:url\" content=\"https:\/\/psgfans.fr\/?p=359\" \/>\n<meta property=\"og:site_name\" content=\"PSG FANS\" \/>\n<meta property=\"article:published_time\" content=\"2015-07-22T17:14:00+00:00\" \/>\n<meta property=\"article:modified_time\" content=\"2025-05-14T22:58:56+00:00\" \/>\n<meta property=\"og:image\" content=\"https:\/\/psgfans.fr\/wp-content\/uploads\/2015\/07\/4-2.jpg\" \/>\n\t<meta property=\"og:image:width\" content=\"570\" \/>\n\t<meta property=\"og:image:height\" content=\"284\" \/>\n\t<meta property=\"og:image:type\" content=\"image\/jpeg\" \/>\n<meta name=\"author\" content=\"psgfans\" \/>\n<meta name=\"twitter:card\" content=\"summary_large_image\" \/>\n<meta name=\"twitter:label1\" content=\"\u00c9crit par\" \/>\n\t<meta name=\"twitter:data1\" content=\"psgfans\" \/>\n\t<meta name=\"twitter:label2\" content=\"Dur\u00e9e de lecture estim\u00e9e\" \/>\n\t<meta name=\"twitter:data2\" content=\"1 minute\" \/>\n<script type=\"application\/ld+json\" class=\"yoast-schema-graph\">{\"@context\":\"https:\\\/\\\/schema.org\",\"@graph\":[{\"@type\":\"Article\",\"@id\":\"https:\\\/\\\/psgfans.fr\\\/?p=359#article\",\"isPartOf\":{\"@id\":\"https:\\\/\\\/psgfans.fr\\\/?p=359\"},\"author\":{\"name\":\"psgfans\",\"@id\":\"https:\\\/\\\/psgfans.fr\\\/#\\\/schema\\\/person\\\/be2237e7a0237af2f29cb344b3c55e6c\"},\"headline\":\"Mercato &#8211; PSG : Le s\u00e9lectionneur allemand juge le choix de Trapp !\",\"datePublished\":\"2015-07-22T17:14:00+00:00\",\"dateModified\":\"2025-05-14T22:58:56+00:00\",\"mainEntityOfPage\":{\"@id\":\"https:\\\/\\\/psgfans.fr\\\/?p=359\"},\"wordCount\":291,\"commentCount\":0,\"image\":{\"@id\":\"https:\\\/\\\/psgfans.fr\\\/?p=359#primaryimage\"},\"thumbnailUrl\":\"https:\\\/\\\/psgfans.fr\\\/wp-content\\\/uploads\\\/2015\\\/07\\\/4-2.jpg\",\"articleSection\":[\"News\"],\"inLanguage\":\"fr-FR\",\"potentialAction\":[{\"@type\":\"CommentAction\",\"name\":\"Comment\",\"target\":[\"https:\\\/\\\/psgfans.fr\\\/?p=359#respond\"]}]},{\"@type\":\"WebPage\",\"@id\":\"https:\\\/\\\/psgfans.fr\\\/?p=359\",\"url\":\"https:\\\/\\\/psgfans.fr\\\/?p=359\",\"name\":\"Mercato - PSG : Le s\u00e9lectionneur allemand juge le choix de Trapp ! - PSG FANS\",\"isPartOf\":{\"@id\":\"https:\\\/\\\/psgfans.fr\\\/#website\"},\"primaryImageOfPage\":{\"@id\":\"https:\\\/\\\/psgfans.fr\\\/?p=359#primaryimage\"},\"image\":{\"@id\":\"https:\\\/\\\/psgfans.fr\\\/?p=359#primaryimage\"},\"thumbnailUrl\":\"https:\\\/\\\/psgfans.fr\\\/wp-content\\\/uploads\\\/2015\\\/07\\\/4-2.jpg\",\"datePublished\":\"2015-07-22T17:14:00+00:00\",\"dateModified\":\"2025-05-14T22:58:56+00:00\",\"author\":{\"@id\":\"https:\\\/\\\/psgfans.fr\\\/#\\\/schema\\\/person\\\/be2237e7a0237af2f29cb344b3c55e6c\"},\"breadcrumb\":{\"@id\":\"https:\\\/\\\/psgfans.fr\\\/?p=359#breadcrumb\"},\"inLanguage\":\"fr-FR\",\"potentialAction\":[{\"@type\":\"ReadAction\",\"target\":[\"https:\\\/\\\/psgfans.fr\\\/?p=359\"]}]},{\"@type\":\"ImageObject\",\"inLanguage\":\"fr-FR\",\"@id\":\"https:\\\/\\\/psgfans.fr\\\/?p=359#primaryimage\",\"url\":\"https:\\\/\\\/psgfans.fr\\\/wp-content\\\/uploads\\\/2015\\\/07\\\/4-2.jpg\",\"contentUrl\":\"https:\\\/\\\/psgfans.fr\\\/wp-content\\\/uploads\\\/2015\\\/07\\\/4-2.jpg\",\"width\":570,\"height\":284},{\"@type\":\"BreadcrumbList\",\"@id\":\"https:\\\/\\\/psgfans.fr\\\/?p=359#breadcrumb\",\"itemListElement\":[{\"@type\":\"ListItem\",\"position\":1,\"name\":\"Accueil\",\"item\":\"https:\\\/\\\/psgfans.fr\\\/\"},{\"@type\":\"ListItem\",\"position\":2,\"name\":\"Mercato &#8211; PSG : Le s\u00e9lectionneur allemand juge le choix de Trapp !\"}]},{\"@type\":\"WebSite\",\"@id\":\"https:\\\/\\\/psgfans.fr\\\/#website\",\"url\":\"https:\\\/\\\/psgfans.fr\\\/\",\"name\":\"PSG FANS\",\"description\":\"Unit\u00e9, Passion, Victoire : Au C\u0153ur du Paris Saint-Germain!\",\"potentialAction\":[{\"@type\":\"SearchAction\",\"target\":{\"@type\":\"EntryPoint\",\"urlTemplate\":\"https:\\\/\\\/psgfans.fr\\\/?s={search_term_string}\"},\"query-input\":{\"@type\":\"PropertyValueSpecification\",\"valueRequired\":true,\"valueName\":\"search_term_string\"}}],\"inLanguage\":\"fr-FR\"},{\"@type\":\"Person\",\"@id\":\"https:\\\/\\\/psgfans.fr\\\/#\\\/schema\\\/person\\\/be2237e7a0237af2f29cb344b3c55e6c\",\"name\":\"psgfans\",\"image\":{\"@type\":\"ImageObject\",\"inLanguage\":\"fr-FR\",\"@id\":\"https:\\\/\\\/secure.gravatar.com\\\/avatar\\\/?s=96&d=mm&r=g\",\"url\":\"https:\\\/\\\/secure.gravatar.com\\\/avatar\\\/?s=96&d=mm&r=g\",\"contentUrl\":\"https:\\\/\\\/secure.gravatar.com\\\/avatar\\\/?s=96&d=mm&r=g\",\"caption\":\"psgfans\"},\"url\":\"https:\\\/\\\/psgfans.fr\\\/?author=2\"}]}<\/script>\n<!-- \/ Yoast SEO plugin. -->","yoast_head_json":{"title":"Mercato - PSG : Le s\u00e9lectionneur allemand juge le choix de Trapp ! - PSG FANS","robots":{"index":"index","follow":"follow","max-snippet":"max-snippet:-1","max-image-preview":"max-image-preview:large","max-video-preview":"max-video-preview:-1"},"canonical":"https:\/\/psgfans.fr\/?p=359","og_locale":"fr_FR","og_type":"article","og_title":"Mercato - PSG : Le s\u00e9lectionneur allemand juge le choix de Trapp ! - PSG FANS","og_description":"Premi\u00e8re recrue du PSG dans ce mercato, Kevin Trapp est au centre de toutes les conversations pour savoir si le PSG a fait le bon choix. Mais pour le s\u00e9lectionneur allemand, cela ne fait aucun doute. Depuis son arriv\u00e9e, chacun se permet de juger l\u2019arriv\u00e9e du gardien allemand Kevin Trapp. Entre ceux qui sont sceptiques [&hellip;]","og_url":"https:\/\/psgfans.fr\/?p=359","og_site_name":"PSG FANS","article_published_time":"2015-07-22T17:14:00+00:00","article_modified_time":"2025-05-14T22:58:56+00:00","og_image":[{"width":570,"height":284,"url":"https:\/\/psgfans.fr\/wp-content\/uploads\/2015\/07\/4-2.jpg","type":"image\/jpeg"}],"author":"psgfans","twitter_card":"summary_large_image","twitter_misc":{"\u00c9crit par":"psgfans","Dur\u00e9e de lecture estim\u00e9e":"1 minute"},"schema":{"@context":"https:\/\/schema.org","@graph":[{"@type":"Article","@id":"https:\/\/psgfans.fr\/?p=359#article","isPartOf":{"@id":"https:\/\/psgfans.fr\/?p=359"},"author":{"name":"psgfans","@id":"https:\/\/psgfans.fr\/#\/schema\/person\/be2237e7a0237af2f29cb344b3c55e6c"},"headline":"Mercato &#8211; PSG : Le s\u00e9lectionneur allemand juge le choix de Trapp !","datePublished":"2015-07-22T17:14:00+00:00","dateModified":"2025-05-14T22:58:56+00:00","mainEntityOfPage":{"@id":"https:\/\/psgfans.fr\/?p=359"},"wordCount":291,"commentCount":0,"image":{"@id":"https:\/\/psgfans.fr\/?p=359#primaryimage"},"thumbnailUrl":"https:\/\/psgfans.fr\/wp-content\/uploads\/2015\/07\/4-2.jpg","articleSection":["News"],"inLanguage":"fr-FR","potentialAction":[{"@type":"CommentAction","name":"Comment","target":["https:\/\/psgfans.fr\/?p=359#respond"]}]},{"@type":"WebPage","@id":"https:\/\/psgfans.fr\/?p=359","url":"https:\/\/psgfans.fr\/?p=359","name":"Mercato - PSG : Le s\u00e9lectionneur allemand juge le choix de Trapp ! - PSG FANS","isPartOf":{"@id":"https:\/\/psgfans.fr\/#website"},"primaryImageOfPage":{"@id":"https:\/\/psgfans.fr\/?p=359#primaryimage"},"image":{"@id":"https:\/\/psgfans.fr\/?p=359#primaryimage"},"thumbnailUrl":"https:\/\/psgfans.fr\/wp-content\/uploads\/2015\/07\/4-2.jpg","datePublished":"2015-07-22T17:14:00+00:00","dateModified":"2025-05-14T22:58:56+00:00","author":{"@id":"https:\/\/psgfans.fr\/#\/schema\/person\/be2237e7a0237af2f29cb344b3c55e6c"},"breadcrumb":{"@id":"https:\/\/psgfans.fr\/?p=359#breadcrumb"},"inLanguage":"fr-FR","potentialAction":[{"@type":"ReadAction","target":["https:\/\/psgfans.fr\/?p=359"]}]},{"@type":"ImageObject","inLanguage":"fr-FR","@id":"https:\/\/psgfans.fr\/?p=359#primaryimage","url":"https:\/\/psgfans.fr\/wp-content\/uploads\/2015\/07\/4-2.jpg","contentUrl":"https:\/\/psgfans.fr\/wp-content\/uploads\/2015\/07\/4-2.jpg","width":570,"height":284},{"@type":"BreadcrumbList","@id":"https:\/\/psgfans.fr\/?p=359#breadcrumb","itemListElement":[{"@type":"ListItem","position":1,"name":"Accueil","item":"https:\/\/psgfans.fr\/"},{"@type":"ListItem","position":2,"name":"Mercato &#8211; PSG : Le s\u00e9lectionneur allemand juge le choix de Trapp !"}]},{"@type":"WebSite","@id":"https:\/\/psgfans.fr\/#website","url":"https:\/\/psgfans.fr\/","name":"PSG FANS","description":"Unit\u00e9, Passion, Victoire : Au C\u0153ur du Paris Saint-Germain!","potentialAction":[{"@type":"SearchAction","target":{"@type":"EntryPoint","urlTemplate":"https:\/\/psgfans.fr\/?s={search_term_string}"},"query-input":{"@type":"PropertyValueSpecification","valueRequired":true,"valueName":"search_term_string"}}],"inLanguage":"fr-FR"},{"@type":"Person","@id":"https:\/\/psgfans.fr\/#\/schema\/person\/be2237e7a0237af2f29cb344b3c55e6c","name":"psgfans","image":{"@type":"ImageObject","inLanguage":"fr-FR","@id":"https:\/\/secure.gravatar.com\/avatar\/?s=96&d=mm&r=g","url":"https:\/\/secure.gravatar.com\/avatar\/?s=96&d=mm&r=g","contentUrl":"https:\/\/secure.gravatar.com\/avatar\/?s=96&d=mm&r=g","caption":"psgfans"},"url":"https:\/\/psgfans.fr\/?author=2"}]}},"_links":{"self":[{"href":"https:\/\/psgfans.fr\/index.php?rest_route=\/wp\/v2\/posts\/359","targetHints":{"allow":["GET"]}}],"collection":[{"href":"https:\/\/psgfans.fr\/index.php?rest_route=\/wp\/v2\/posts"}],"about":[{"href":"https:\/\/psgfans.fr\/index.php?rest_route=\/wp\/v2\/types\/post"}],"author":[{"embeddable":true,"href":"https:\/\/psgfans.fr\/index.php?rest_route=\/wp\/v2\/users\/2"}],"replies":[{"embeddable":true,"href":"https:\/\/psgfans.fr\/index.php?rest_route=%2Fwp%2Fv2%2Fcomments&post=359"}],"version-history":[{"count":2,"href":"https:\/\/psgfans.fr\/index.php?rest_route=\/wp\/v2\/posts\/359\/revisions"}],"predecessor-version":[{"id":973,"href":"https:\/\/psgfans.fr\/index.php?rest_route=\/wp\/v2\/posts\/359\/revisions\/973"}],"wp:featuredmedia":[{"embeddable":true,"href":"https:\/\/psgfans.fr\/index.php?rest_route=\/wp\/v2\/media\/941"}],"wp:attachment":[{"href":"https:\/\/psgfans.fr\/index.php?rest_route=%2Fwp%2Fv2%2Fmedia&parent=359"}],"wp:term":[{"taxonomy":"category","embeddable":true,"href":"https:\/\/psgfans.fr\/index.php?rest_route=%2Fwp%2Fv2%2Fcategories&post=359"},{"taxonomy":"post_tag","embeddable":true,"href":"https:\/\/psgfans.fr\/index.php?rest_route=%2Fwp%2Fv2%2Ftags&post=359"}],"curies":[{"name":"wp","href":"https:\/\/api.w.org\/{rel}","templated":true}]}}