{"id":357,"date":"2015-07-23T09:00:00","date_gmt":"2015-07-23T08:00:00","guid":{"rendered":""},"modified":"2025-05-14T23:58:56","modified_gmt":"2025-05-14T22:58:56","slug":"mercato-psg-un-prix-etonnant-fixe-pour-adrien-rabiot","status":"publish","type":"post","link":"https:\/\/psgfans.fr\/?p=357","title":{"rendered":"Mercato &#8211; PSG : Un prix \u00e9tonnant fix\u00e9 pour Adrien Rabiot ?"},"content":{"rendered":"<div style=\"clear: both; text-align: center;\"><a href=\"https:\/\/psgfans.fr\/wp-content\/uploads\/2015\/07\/1-3.jpg\" style=\"margin-left: 1em; margin-right: 1em;\"><img loading=\"lazy\" decoding=\"async\" border=\"0\" height=\"246\" src=\"https:\/\/psgfans.fr\/wp-content\/uploads\/2015\/07\/1-3-300x185.jpg\" width=\"400\" \/><\/a><\/div>\n<p>Alors que Yohan Cabaye est parti lors de ce mercato et que Thiago Motta pourrait \u00e9galement en faire de m\u00eame, le PSG pourrait perdre un autre milieu de terrain avec Adrien Rabiot. Un prix aurait d\u2019ailleurs \u00e9t\u00e9 fix\u00e9 pour son d\u00e9part.<\/p>\n<p>Comme l\u2019\u00e9t\u00e9 dernier, l\u2019avenir d\u2019Adrien Rabiot est encore au c\u0153ur des discussions lors de ce mercato. Alors que le milieu de terrain a prolong\u00e9 il y a quelques mois, sa m\u00e8re, qui repr\u00e9sente \u00e9galement ses int\u00e9r\u00eats, a r\u00e9cemment demand\u00e9 son d\u00e9part. Si certains clubs souhaiteraient profiter de cette situation pour le r\u00e9cup\u00e9rer, le PSG ne compte pas se laisser faire.<\/p>\n<p>RABIOT, PAS MOINS DE 30M\u20ac !<\/p>\n<p>Apr\u00e8s Kingsley Coman, le PSG laissera-t-il partir un autre de ses espoirs ? Souhaitant jouer plus, Adrien Rabiot pourrait quitter le club de la capitale cet \u00e9t\u00e9. Le Fran\u00e7ais est d\u2019ailleurs tr\u00e8s courtis\u00e9 en Serie A. Annonc\u00e9 dans le viseur de l\u2019AS Rome, voil\u00e0 que la Juventus se m\u00ealerait de nouveau au dossier. Les Turinois cherchent un rempla\u00e7ant \u00e0 Vidal et auraient cibl\u00e9 le milieu de terrain parisien. N\u00e9anmoins, le prix fix\u00e9 pour Rabiot pourrait les refroidir. Comme le r\u00e9v\u00e8le Calciomercato, les dirigeants du PSG r\u00e9clameraient pas moins de 30 millions d\u2019euros pour leur joueur.<\/p>\n<p>\u00ab LE MEC, ON DIRAIT ALAIN DELON \u00bb<\/p>\n<p>Il y a quelques jours, sur RMC, &nbsp;le journaliste St\u00e9phane Pauwels avait tacl\u00e9 l\u2019attitude d\u2019Adrien Rabiot : \u00ab Rabiot il a le melon. Le type, il se prend pour Zinedine Zidane. Rabiot, \u00e7a fait 2 ans qu\u2019on nous le survend. Rabiot, c\u2019est un Rabiot et puis voil\u00e0 ! L\u2019interview qu\u2019il donne \u00e0 L\u2019\u00c9quipe, le mec on dirait Alain Delon. Il faut qu\u2019il arr\u00eate \u00bb.<\/p>\n<p>le10sport<\/p>\n","protected":false},"excerpt":{"rendered":"<p>Alors que Yohan Cabaye est parti lors de ce mercato et que Thiago Motta pourrait \u00e9galement en faire de m\u00eame, le PSG pourrait perdre un autre milieu de terrain avec Adrien Rabiot. Un prix aurait d\u2019ailleurs \u00e9t\u00e9 fix\u00e9 pour son d\u00e9part. Comme l\u2019\u00e9t\u00e9 dernier, l\u2019avenir d\u2019Adrien Rabiot est encore au c\u0153ur des discussions lors de [&hellip;]<\/p>\n","protected":false},"author":2,"featured_media":936,"comment_status":"open","ping_status":"open","sticky":false,"template":"","format":"standard","meta":{"footnotes":""},"categories":[3],"tags":[],"class_list":{"0":"post-357","1":"post","2":"type-post","3":"status-publish","4":"format-standard","5":"has-post-thumbnail","7":"category-news"},"yoast_head":"<!-- This site is optimized with the Yoast SEO plugin v27.4 - https:\/\/yoast.com\/product\/yoast-seo-wordpress\/ -->\n<title>Mercato - PSG : Un prix \u00e9tonnant fix\u00e9 pour Adrien Rabiot ? - PSG FANS<\/title>\n<meta name=\"robots\" content=\"index, follow, max-snippet:-1, max-image-preview:large, max-video-preview:-1\" \/>\n<link rel=\"canonical\" href=\"https:\/\/psgfans.fr\/?p=357\" \/>\n<meta property=\"og:locale\" content=\"fr_FR\" \/>\n<meta property=\"og:type\" content=\"article\" \/>\n<meta property=\"og:title\" content=\"Mercato - PSG : Un prix \u00e9tonnant fix\u00e9 pour Adrien Rabiot ? - PSG FANS\" \/>\n<meta property=\"og:description\" content=\"Alors que Yohan Cabaye est parti lors de ce mercato et que Thiago Motta pourrait \u00e9galement en faire de m\u00eame, le PSG pourrait perdre un autre milieu de terrain avec Adrien Rabiot. Un prix aurait d\u2019ailleurs \u00e9t\u00e9 fix\u00e9 pour son d\u00e9part. Comme l\u2019\u00e9t\u00e9 dernier, l\u2019avenir d\u2019Adrien Rabiot est encore au c\u0153ur des discussions lors de [&hellip;]\" \/>\n<meta property=\"og:url\" content=\"https:\/\/psgfans.fr\/?p=357\" \/>\n<meta property=\"og:site_name\" content=\"PSG FANS\" \/>\n<meta property=\"article:published_time\" content=\"2015-07-23T08:00:00+00:00\" \/>\n<meta property=\"article:modified_time\" content=\"2025-05-14T22:58:56+00:00\" \/>\n<meta property=\"og:image\" content=\"https:\/\/psgfans.fr\/wp-content\/uploads\/2015\/07\/1-3.jpg\" \/>\n\t<meta property=\"og:image:width\" content=\"1024\" \/>\n\t<meta property=\"og:image:height\" content=\"633\" \/>\n\t<meta property=\"og:image:type\" content=\"image\/jpeg\" \/>\n<meta name=\"author\" content=\"psgfans\" \/>\n<meta name=\"twitter:card\" content=\"summary_large_image\" \/>\n<meta name=\"twitter:label1\" content=\"\u00c9crit par\" \/>\n\t<meta name=\"twitter:data1\" content=\"psgfans\" \/>\n\t<meta name=\"twitter:label2\" content=\"Dur\u00e9e de lecture estim\u00e9e\" \/>\n\t<meta name=\"twitter:data2\" content=\"2 minutes\" \/>\n<script type=\"application\/ld+json\" class=\"yoast-schema-graph\">{\"@context\":\"https:\\\/\\\/schema.org\",\"@graph\":[{\"@type\":\"Article\",\"@id\":\"https:\\\/\\\/psgfans.fr\\\/?p=357#article\",\"isPartOf\":{\"@id\":\"https:\\\/\\\/psgfans.fr\\\/?p=357\"},\"author\":{\"name\":\"psgfans\",\"@id\":\"https:\\\/\\\/psgfans.fr\\\/#\\\/schema\\\/person\\\/be2237e7a0237af2f29cb344b3c55e6c\"},\"headline\":\"Mercato &#8211; PSG : Un prix \u00e9tonnant fix\u00e9 pour Adrien Rabiot ?\",\"datePublished\":\"2015-07-23T08:00:00+00:00\",\"dateModified\":\"2025-05-14T22:58:56+00:00\",\"mainEntityOfPage\":{\"@id\":\"https:\\\/\\\/psgfans.fr\\\/?p=357\"},\"wordCount\":312,\"commentCount\":0,\"image\":{\"@id\":\"https:\\\/\\\/psgfans.fr\\\/?p=357#primaryimage\"},\"thumbnailUrl\":\"https:\\\/\\\/psgfans.fr\\\/wp-content\\\/uploads\\\/2015\\\/07\\\/1-3.jpg\",\"articleSection\":[\"News\"],\"inLanguage\":\"fr-FR\",\"potentialAction\":[{\"@type\":\"CommentAction\",\"name\":\"Comment\",\"target\":[\"https:\\\/\\\/psgfans.fr\\\/?p=357#respond\"]}]},{\"@type\":\"WebPage\",\"@id\":\"https:\\\/\\\/psgfans.fr\\\/?p=357\",\"url\":\"https:\\\/\\\/psgfans.fr\\\/?p=357\",\"name\":\"Mercato - PSG : Un prix \u00e9tonnant fix\u00e9 pour Adrien Rabiot ? - PSG FANS\",\"isPartOf\":{\"@id\":\"https:\\\/\\\/psgfans.fr\\\/#website\"},\"primaryImageOfPage\":{\"@id\":\"https:\\\/\\\/psgfans.fr\\\/?p=357#primaryimage\"},\"image\":{\"@id\":\"https:\\\/\\\/psgfans.fr\\\/?p=357#primaryimage\"},\"thumbnailUrl\":\"https:\\\/\\\/psgfans.fr\\\/wp-content\\\/uploads\\\/2015\\\/07\\\/1-3.jpg\",\"datePublished\":\"2015-07-23T08:00:00+00:00\",\"dateModified\":\"2025-05-14T22:58:56+00:00\",\"author\":{\"@id\":\"https:\\\/\\\/psgfans.fr\\\/#\\\/schema\\\/person\\\/be2237e7a0237af2f29cb344b3c55e6c\"},\"breadcrumb\":{\"@id\":\"https:\\\/\\\/psgfans.fr\\\/?p=357#breadcrumb\"},\"inLanguage\":\"fr-FR\",\"potentialAction\":[{\"@type\":\"ReadAction\",\"target\":[\"https:\\\/\\\/psgfans.fr\\\/?p=357\"]}]},{\"@type\":\"ImageObject\",\"inLanguage\":\"fr-FR\",\"@id\":\"https:\\\/\\\/psgfans.fr\\\/?p=357#primaryimage\",\"url\":\"https:\\\/\\\/psgfans.fr\\\/wp-content\\\/uploads\\\/2015\\\/07\\\/1-3.jpg\",\"contentUrl\":\"https:\\\/\\\/psgfans.fr\\\/wp-content\\\/uploads\\\/2015\\\/07\\\/1-3.jpg\",\"width\":1024,\"height\":633},{\"@type\":\"BreadcrumbList\",\"@id\":\"https:\\\/\\\/psgfans.fr\\\/?p=357#breadcrumb\",\"itemListElement\":[{\"@type\":\"ListItem\",\"position\":1,\"name\":\"Accueil\",\"item\":\"https:\\\/\\\/psgfans.fr\\\/\"},{\"@type\":\"ListItem\",\"position\":2,\"name\":\"Mercato &#8211; PSG : Un prix \u00e9tonnant fix\u00e9 pour Adrien Rabiot ?\"}]},{\"@type\":\"WebSite\",\"@id\":\"https:\\\/\\\/psgfans.fr\\\/#website\",\"url\":\"https:\\\/\\\/psgfans.fr\\\/\",\"name\":\"PSG FANS\",\"description\":\"Unit\u00e9, Passion, Victoire : Au C\u0153ur du Paris Saint-Germain!\",\"potentialAction\":[{\"@type\":\"SearchAction\",\"target\":{\"@type\":\"EntryPoint\",\"urlTemplate\":\"https:\\\/\\\/psgfans.fr\\\/?s={search_term_string}\"},\"query-input\":{\"@type\":\"PropertyValueSpecification\",\"valueRequired\":true,\"valueName\":\"search_term_string\"}}],\"inLanguage\":\"fr-FR\"},{\"@type\":\"Person\",\"@id\":\"https:\\\/\\\/psgfans.fr\\\/#\\\/schema\\\/person\\\/be2237e7a0237af2f29cb344b3c55e6c\",\"name\":\"psgfans\",\"image\":{\"@type\":\"ImageObject\",\"inLanguage\":\"fr-FR\",\"@id\":\"https:\\\/\\\/secure.gravatar.com\\\/avatar\\\/?s=96&d=mm&r=g\",\"url\":\"https:\\\/\\\/secure.gravatar.com\\\/avatar\\\/?s=96&d=mm&r=g\",\"contentUrl\":\"https:\\\/\\\/secure.gravatar.com\\\/avatar\\\/?s=96&d=mm&r=g\",\"caption\":\"psgfans\"},\"url\":\"https:\\\/\\\/psgfans.fr\\\/?author=2\"}]}<\/script>\n<!-- \/ Yoast SEO plugin. -->","yoast_head_json":{"title":"Mercato - PSG : Un prix \u00e9tonnant fix\u00e9 pour Adrien Rabiot ? - PSG FANS","robots":{"index":"index","follow":"follow","max-snippet":"max-snippet:-1","max-image-preview":"max-image-preview:large","max-video-preview":"max-video-preview:-1"},"canonical":"https:\/\/psgfans.fr\/?p=357","og_locale":"fr_FR","og_type":"article","og_title":"Mercato - PSG : Un prix \u00e9tonnant fix\u00e9 pour Adrien Rabiot ? - PSG FANS","og_description":"Alors que Yohan Cabaye est parti lors de ce mercato et que Thiago Motta pourrait \u00e9galement en faire de m\u00eame, le PSG pourrait perdre un autre milieu de terrain avec Adrien Rabiot. Un prix aurait d\u2019ailleurs \u00e9t\u00e9 fix\u00e9 pour son d\u00e9part. Comme l\u2019\u00e9t\u00e9 dernier, l\u2019avenir d\u2019Adrien Rabiot est encore au c\u0153ur des discussions lors de [&hellip;]","og_url":"https:\/\/psgfans.fr\/?p=357","og_site_name":"PSG FANS","article_published_time":"2015-07-23T08:00:00+00:00","article_modified_time":"2025-05-14T22:58:56+00:00","og_image":[{"width":1024,"height":633,"url":"https:\/\/psgfans.fr\/wp-content\/uploads\/2015\/07\/1-3.jpg","type":"image\/jpeg"}],"author":"psgfans","twitter_card":"summary_large_image","twitter_misc":{"\u00c9crit par":"psgfans","Dur\u00e9e de lecture estim\u00e9e":"2 minutes"},"schema":{"@context":"https:\/\/schema.org","@graph":[{"@type":"Article","@id":"https:\/\/psgfans.fr\/?p=357#article","isPartOf":{"@id":"https:\/\/psgfans.fr\/?p=357"},"author":{"name":"psgfans","@id":"https:\/\/psgfans.fr\/#\/schema\/person\/be2237e7a0237af2f29cb344b3c55e6c"},"headline":"Mercato &#8211; PSG : Un prix \u00e9tonnant fix\u00e9 pour Adrien Rabiot ?","datePublished":"2015-07-23T08:00:00+00:00","dateModified":"2025-05-14T22:58:56+00:00","mainEntityOfPage":{"@id":"https:\/\/psgfans.fr\/?p=357"},"wordCount":312,"commentCount":0,"image":{"@id":"https:\/\/psgfans.fr\/?p=357#primaryimage"},"thumbnailUrl":"https:\/\/psgfans.fr\/wp-content\/uploads\/2015\/07\/1-3.jpg","articleSection":["News"],"inLanguage":"fr-FR","potentialAction":[{"@type":"CommentAction","name":"Comment","target":["https:\/\/psgfans.fr\/?p=357#respond"]}]},{"@type":"WebPage","@id":"https:\/\/psgfans.fr\/?p=357","url":"https:\/\/psgfans.fr\/?p=357","name":"Mercato - PSG : Un prix \u00e9tonnant fix\u00e9 pour Adrien Rabiot ? - PSG FANS","isPartOf":{"@id":"https:\/\/psgfans.fr\/#website"},"primaryImageOfPage":{"@id":"https:\/\/psgfans.fr\/?p=357#primaryimage"},"image":{"@id":"https:\/\/psgfans.fr\/?p=357#primaryimage"},"thumbnailUrl":"https:\/\/psgfans.fr\/wp-content\/uploads\/2015\/07\/1-3.jpg","datePublished":"2015-07-23T08:00:00+00:00","dateModified":"2025-05-14T22:58:56+00:00","author":{"@id":"https:\/\/psgfans.fr\/#\/schema\/person\/be2237e7a0237af2f29cb344b3c55e6c"},"breadcrumb":{"@id":"https:\/\/psgfans.fr\/?p=357#breadcrumb"},"inLanguage":"fr-FR","potentialAction":[{"@type":"ReadAction","target":["https:\/\/psgfans.fr\/?p=357"]}]},{"@type":"ImageObject","inLanguage":"fr-FR","@id":"https:\/\/psgfans.fr\/?p=357#primaryimage","url":"https:\/\/psgfans.fr\/wp-content\/uploads\/2015\/07\/1-3.jpg","contentUrl":"https:\/\/psgfans.fr\/wp-content\/uploads\/2015\/07\/1-3.jpg","width":1024,"height":633},{"@type":"BreadcrumbList","@id":"https:\/\/psgfans.fr\/?p=357#breadcrumb","itemListElement":[{"@type":"ListItem","position":1,"name":"Accueil","item":"https:\/\/psgfans.fr\/"},{"@type":"ListItem","position":2,"name":"Mercato &#8211; PSG : Un prix \u00e9tonnant fix\u00e9 pour Adrien Rabiot ?"}]},{"@type":"WebSite","@id":"https:\/\/psgfans.fr\/#website","url":"https:\/\/psgfans.fr\/","name":"PSG FANS","description":"Unit\u00e9, Passion, Victoire : Au C\u0153ur du Paris Saint-Germain!","potentialAction":[{"@type":"SearchAction","target":{"@type":"EntryPoint","urlTemplate":"https:\/\/psgfans.fr\/?s={search_term_string}"},"query-input":{"@type":"PropertyValueSpecification","valueRequired":true,"valueName":"search_term_string"}}],"inLanguage":"fr-FR"},{"@type":"Person","@id":"https:\/\/psgfans.fr\/#\/schema\/person\/be2237e7a0237af2f29cb344b3c55e6c","name":"psgfans","image":{"@type":"ImageObject","inLanguage":"fr-FR","@id":"https:\/\/secure.gravatar.com\/avatar\/?s=96&d=mm&r=g","url":"https:\/\/secure.gravatar.com\/avatar\/?s=96&d=mm&r=g","contentUrl":"https:\/\/secure.gravatar.com\/avatar\/?s=96&d=mm&r=g","caption":"psgfans"},"url":"https:\/\/psgfans.fr\/?author=2"}]}},"_links":{"self":[{"href":"https:\/\/psgfans.fr\/index.php?rest_route=\/wp\/v2\/posts\/357","targetHints":{"allow":["GET"]}}],"collection":[{"href":"https:\/\/psgfans.fr\/index.php?rest_route=\/wp\/v2\/posts"}],"about":[{"href":"https:\/\/psgfans.fr\/index.php?rest_route=\/wp\/v2\/types\/post"}],"author":[{"embeddable":true,"href":"https:\/\/psgfans.fr\/index.php?rest_route=\/wp\/v2\/users\/2"}],"replies":[{"embeddable":true,"href":"https:\/\/psgfans.fr\/index.php?rest_route=%2Fwp%2Fv2%2Fcomments&post=357"}],"version-history":[{"count":2,"href":"https:\/\/psgfans.fr\/index.php?rest_route=\/wp\/v2\/posts\/357\/revisions"}],"predecessor-version":[{"id":971,"href":"https:\/\/psgfans.fr\/index.php?rest_route=\/wp\/v2\/posts\/357\/revisions\/971"}],"wp:featuredmedia":[{"embeddable":true,"href":"https:\/\/psgfans.fr\/index.php?rest_route=\/wp\/v2\/media\/936"}],"wp:attachment":[{"href":"https:\/\/psgfans.fr\/index.php?rest_route=%2Fwp%2Fv2%2Fmedia&parent=357"}],"wp:term":[{"taxonomy":"category","embeddable":true,"href":"https:\/\/psgfans.fr\/index.php?rest_route=%2Fwp%2Fv2%2Fcategories&post=357"},{"taxonomy":"post_tag","embeddable":true,"href":"https:\/\/psgfans.fr\/index.php?rest_route=%2Fwp%2Fv2%2Ftags&post=357"}],"curies":[{"name":"wp","href":"https:\/\/api.w.org\/{rel}","templated":true}]}}