{"id":354,"date":"2015-07-24T16:14:00","date_gmt":"2015-07-24T15:14:00","guid":{"rendered":""},"modified":"2025-05-14T23:58:56","modified_gmt":"2025-05-14T22:58:56","slug":"psg-blanc-motta-decidement-ca-coince","status":"publish","type":"post","link":"https:\/\/psgfans.fr\/?p=354","title":{"rendered":"PSG: Blanc-Motta, d\u00e9cid\u00e9ment \u00e7a coince&#8230;"},"content":{"rendered":"<div style=\"clear: both; text-align: center;\"><a href=\"https:\/\/psgfans.fr\/wp-content\/uploads\/2015\/07\/2526-1.jpg\" style=\"margin-left: 1em; margin-right: 1em;\"><img loading=\"lazy\" decoding=\"async\" border=\"0\" height=\"201\" src=\"https:\/\/psgfans.fr\/wp-content\/uploads\/2015\/07\/2526-1-300x151.jpg\" width=\"400\" \/><\/a><\/div>\n<p>Quelques minutes apr\u00e8s que Laurent Blanc a d\u00e9clar\u00e9 que \u00abla situation de Thiago Motta n\u2019avait pas \u00e9volu\u00e9\u00bb, ce jeudi en conf\u00e9rence de presse \u00e0 Bernardsville (\u00c9tats-Unis), l\u2019entra\u00eeneur du PSG a eu une explication sur le terrain avec le mileu international italien.<\/p>\n<p>La s\u00e9ance n\u2019avait pas encore commenc\u00e9 et Motta est sorti du vestiaire o\u00f9 \u00e9taient tous les Parisiens pour s\u2019expliquer avec Blanc. La discussion a dur\u00e9 cinq minutes et, visiblement, les deux hommes n\u2019\u00e9taient toujours pas d\u2019accord \u00e0 la fin&#8230;<\/p>\n<p>lequipe.fr<\/p>\n","protected":false},"excerpt":{"rendered":"<p>Quelques minutes apr\u00e8s que Laurent Blanc a d\u00e9clar\u00e9 que \u00abla situation de Thiago Motta n\u2019avait pas \u00e9volu\u00e9\u00bb, ce jeudi en conf\u00e9rence de presse \u00e0 Bernardsville (\u00c9tats-Unis), l\u2019entra\u00eeneur du PSG a eu une explication sur le terrain avec le mileu international italien. La s\u00e9ance n\u2019avait pas encore commenc\u00e9 et Motta est sorti du vestiaire o\u00f9 \u00e9taient [&hellip;]<\/p>\n","protected":false},"author":2,"featured_media":930,"comment_status":"open","ping_status":"open","sticky":false,"template":"","format":"standard","meta":{"footnotes":""},"categories":[3],"tags":[],"class_list":{"0":"post-354","1":"post","2":"type-post","3":"status-publish","4":"format-standard","5":"has-post-thumbnail","7":"category-news"},"yoast_head":"<!-- This site is optimized with the Yoast SEO plugin v27.4 - https:\/\/yoast.com\/product\/yoast-seo-wordpress\/ -->\n<title>PSG: Blanc-Motta, d\u00e9cid\u00e9ment \u00e7a coince... - PSG FANS<\/title>\n<meta name=\"robots\" content=\"index, follow, max-snippet:-1, max-image-preview:large, max-video-preview:-1\" \/>\n<link rel=\"canonical\" href=\"https:\/\/psgfans.fr\/?p=354\" \/>\n<meta property=\"og:locale\" content=\"fr_FR\" \/>\n<meta property=\"og:type\" content=\"article\" \/>\n<meta property=\"og:title\" content=\"PSG: Blanc-Motta, d\u00e9cid\u00e9ment \u00e7a coince... - PSG FANS\" \/>\n<meta property=\"og:description\" content=\"Quelques minutes apr\u00e8s que Laurent Blanc a d\u00e9clar\u00e9 que \u00abla situation de Thiago Motta n\u2019avait pas \u00e9volu\u00e9\u00bb, ce jeudi en conf\u00e9rence de presse \u00e0 Bernardsville (\u00c9tats-Unis), l\u2019entra\u00eeneur du PSG a eu une explication sur le terrain avec le mileu international italien. La s\u00e9ance n\u2019avait pas encore commenc\u00e9 et Motta est sorti du vestiaire o\u00f9 \u00e9taient [&hellip;]\" \/>\n<meta property=\"og:url\" content=\"https:\/\/psgfans.fr\/?p=354\" \/>\n<meta property=\"og:site_name\" content=\"PSG FANS\" \/>\n<meta property=\"article:published_time\" content=\"2015-07-24T15:14:00+00:00\" \/>\n<meta property=\"article:modified_time\" content=\"2025-05-14T22:58:56+00:00\" \/>\n<meta property=\"og:image\" content=\"https:\/\/psgfans.fr\/wp-content\/uploads\/2015\/07\/2526-1.jpg\" \/>\n\t<meta property=\"og:image:width\" content=\"665\" \/>\n\t<meta property=\"og:image:height\" content=\"335\" \/>\n\t<meta property=\"og:image:type\" content=\"image\/jpeg\" \/>\n<meta name=\"author\" content=\"psgfans\" \/>\n<meta name=\"twitter:card\" content=\"summary_large_image\" \/>\n<meta name=\"twitter:label1\" content=\"\u00c9crit par\" \/>\n\t<meta name=\"twitter:data1\" content=\"psgfans\" \/>\n<script type=\"application\/ld+json\" class=\"yoast-schema-graph\">{\"@context\":\"https:\\\/\\\/schema.org\",\"@graph\":[{\"@type\":\"Article\",\"@id\":\"https:\\\/\\\/psgfans.fr\\\/?p=354#article\",\"isPartOf\":{\"@id\":\"https:\\\/\\\/psgfans.fr\\\/?p=354\"},\"author\":{\"name\":\"psgfans\",\"@id\":\"https:\\\/\\\/psgfans.fr\\\/#\\\/schema\\\/person\\\/be2237e7a0237af2f29cb344b3c55e6c\"},\"headline\":\"PSG: Blanc-Motta, d\u00e9cid\u00e9ment \u00e7a coince&#8230;\",\"datePublished\":\"2015-07-24T15:14:00+00:00\",\"dateModified\":\"2025-05-14T22:58:56+00:00\",\"mainEntityOfPage\":{\"@id\":\"https:\\\/\\\/psgfans.fr\\\/?p=354\"},\"wordCount\":98,\"commentCount\":0,\"image\":{\"@id\":\"https:\\\/\\\/psgfans.fr\\\/?p=354#primaryimage\"},\"thumbnailUrl\":\"https:\\\/\\\/psgfans.fr\\\/wp-content\\\/uploads\\\/2015\\\/07\\\/2526-1.jpg\",\"articleSection\":[\"News\"],\"inLanguage\":\"fr-FR\",\"potentialAction\":[{\"@type\":\"CommentAction\",\"name\":\"Comment\",\"target\":[\"https:\\\/\\\/psgfans.fr\\\/?p=354#respond\"]}]},{\"@type\":\"WebPage\",\"@id\":\"https:\\\/\\\/psgfans.fr\\\/?p=354\",\"url\":\"https:\\\/\\\/psgfans.fr\\\/?p=354\",\"name\":\"PSG: Blanc-Motta, d\u00e9cid\u00e9ment \u00e7a coince... - PSG FANS\",\"isPartOf\":{\"@id\":\"https:\\\/\\\/psgfans.fr\\\/#website\"},\"primaryImageOfPage\":{\"@id\":\"https:\\\/\\\/psgfans.fr\\\/?p=354#primaryimage\"},\"image\":{\"@id\":\"https:\\\/\\\/psgfans.fr\\\/?p=354#primaryimage\"},\"thumbnailUrl\":\"https:\\\/\\\/psgfans.fr\\\/wp-content\\\/uploads\\\/2015\\\/07\\\/2526-1.jpg\",\"datePublished\":\"2015-07-24T15:14:00+00:00\",\"dateModified\":\"2025-05-14T22:58:56+00:00\",\"author\":{\"@id\":\"https:\\\/\\\/psgfans.fr\\\/#\\\/schema\\\/person\\\/be2237e7a0237af2f29cb344b3c55e6c\"},\"breadcrumb\":{\"@id\":\"https:\\\/\\\/psgfans.fr\\\/?p=354#breadcrumb\"},\"inLanguage\":\"fr-FR\",\"potentialAction\":[{\"@type\":\"ReadAction\",\"target\":[\"https:\\\/\\\/psgfans.fr\\\/?p=354\"]}]},{\"@type\":\"ImageObject\",\"inLanguage\":\"fr-FR\",\"@id\":\"https:\\\/\\\/psgfans.fr\\\/?p=354#primaryimage\",\"url\":\"https:\\\/\\\/psgfans.fr\\\/wp-content\\\/uploads\\\/2015\\\/07\\\/2526-1.jpg\",\"contentUrl\":\"https:\\\/\\\/psgfans.fr\\\/wp-content\\\/uploads\\\/2015\\\/07\\\/2526-1.jpg\",\"width\":665,\"height\":335},{\"@type\":\"BreadcrumbList\",\"@id\":\"https:\\\/\\\/psgfans.fr\\\/?p=354#breadcrumb\",\"itemListElement\":[{\"@type\":\"ListItem\",\"position\":1,\"name\":\"Accueil\",\"item\":\"https:\\\/\\\/psgfans.fr\\\/\"},{\"@type\":\"ListItem\",\"position\":2,\"name\":\"PSG: Blanc-Motta, d\u00e9cid\u00e9ment \u00e7a coince&#8230;\"}]},{\"@type\":\"WebSite\",\"@id\":\"https:\\\/\\\/psgfans.fr\\\/#website\",\"url\":\"https:\\\/\\\/psgfans.fr\\\/\",\"name\":\"PSG FANS\",\"description\":\"Unit\u00e9, Passion, Victoire : Au C\u0153ur du Paris Saint-Germain!\",\"potentialAction\":[{\"@type\":\"SearchAction\",\"target\":{\"@type\":\"EntryPoint\",\"urlTemplate\":\"https:\\\/\\\/psgfans.fr\\\/?s={search_term_string}\"},\"query-input\":{\"@type\":\"PropertyValueSpecification\",\"valueRequired\":true,\"valueName\":\"search_term_string\"}}],\"inLanguage\":\"fr-FR\"},{\"@type\":\"Person\",\"@id\":\"https:\\\/\\\/psgfans.fr\\\/#\\\/schema\\\/person\\\/be2237e7a0237af2f29cb344b3c55e6c\",\"name\":\"psgfans\",\"image\":{\"@type\":\"ImageObject\",\"inLanguage\":\"fr-FR\",\"@id\":\"https:\\\/\\\/secure.gravatar.com\\\/avatar\\\/?s=96&d=mm&r=g\",\"url\":\"https:\\\/\\\/secure.gravatar.com\\\/avatar\\\/?s=96&d=mm&r=g\",\"contentUrl\":\"https:\\\/\\\/secure.gravatar.com\\\/avatar\\\/?s=96&d=mm&r=g\",\"caption\":\"psgfans\"},\"url\":\"https:\\\/\\\/psgfans.fr\\\/?author=2\"}]}<\/script>\n<!-- \/ Yoast SEO plugin. -->","yoast_head_json":{"title":"PSG: Blanc-Motta, d\u00e9cid\u00e9ment \u00e7a coince... - PSG FANS","robots":{"index":"index","follow":"follow","max-snippet":"max-snippet:-1","max-image-preview":"max-image-preview:large","max-video-preview":"max-video-preview:-1"},"canonical":"https:\/\/psgfans.fr\/?p=354","og_locale":"fr_FR","og_type":"article","og_title":"PSG: Blanc-Motta, d\u00e9cid\u00e9ment \u00e7a coince... - PSG FANS","og_description":"Quelques minutes apr\u00e8s que Laurent Blanc a d\u00e9clar\u00e9 que \u00abla situation de Thiago Motta n\u2019avait pas \u00e9volu\u00e9\u00bb, ce jeudi en conf\u00e9rence de presse \u00e0 Bernardsville (\u00c9tats-Unis), l\u2019entra\u00eeneur du PSG a eu une explication sur le terrain avec le mileu international italien. La s\u00e9ance n\u2019avait pas encore commenc\u00e9 et Motta est sorti du vestiaire o\u00f9 \u00e9taient [&hellip;]","og_url":"https:\/\/psgfans.fr\/?p=354","og_site_name":"PSG FANS","article_published_time":"2015-07-24T15:14:00+00:00","article_modified_time":"2025-05-14T22:58:56+00:00","og_image":[{"width":665,"height":335,"url":"https:\/\/psgfans.fr\/wp-content\/uploads\/2015\/07\/2526-1.jpg","type":"image\/jpeg"}],"author":"psgfans","twitter_card":"summary_large_image","twitter_misc":{"\u00c9crit par":"psgfans"},"schema":{"@context":"https:\/\/schema.org","@graph":[{"@type":"Article","@id":"https:\/\/psgfans.fr\/?p=354#article","isPartOf":{"@id":"https:\/\/psgfans.fr\/?p=354"},"author":{"name":"psgfans","@id":"https:\/\/psgfans.fr\/#\/schema\/person\/be2237e7a0237af2f29cb344b3c55e6c"},"headline":"PSG: Blanc-Motta, d\u00e9cid\u00e9ment \u00e7a coince&#8230;","datePublished":"2015-07-24T15:14:00+00:00","dateModified":"2025-05-14T22:58:56+00:00","mainEntityOfPage":{"@id":"https:\/\/psgfans.fr\/?p=354"},"wordCount":98,"commentCount":0,"image":{"@id":"https:\/\/psgfans.fr\/?p=354#primaryimage"},"thumbnailUrl":"https:\/\/psgfans.fr\/wp-content\/uploads\/2015\/07\/2526-1.jpg","articleSection":["News"],"inLanguage":"fr-FR","potentialAction":[{"@type":"CommentAction","name":"Comment","target":["https:\/\/psgfans.fr\/?p=354#respond"]}]},{"@type":"WebPage","@id":"https:\/\/psgfans.fr\/?p=354","url":"https:\/\/psgfans.fr\/?p=354","name":"PSG: Blanc-Motta, d\u00e9cid\u00e9ment \u00e7a coince... - PSG FANS","isPartOf":{"@id":"https:\/\/psgfans.fr\/#website"},"primaryImageOfPage":{"@id":"https:\/\/psgfans.fr\/?p=354#primaryimage"},"image":{"@id":"https:\/\/psgfans.fr\/?p=354#primaryimage"},"thumbnailUrl":"https:\/\/psgfans.fr\/wp-content\/uploads\/2015\/07\/2526-1.jpg","datePublished":"2015-07-24T15:14:00+00:00","dateModified":"2025-05-14T22:58:56+00:00","author":{"@id":"https:\/\/psgfans.fr\/#\/schema\/person\/be2237e7a0237af2f29cb344b3c55e6c"},"breadcrumb":{"@id":"https:\/\/psgfans.fr\/?p=354#breadcrumb"},"inLanguage":"fr-FR","potentialAction":[{"@type":"ReadAction","target":["https:\/\/psgfans.fr\/?p=354"]}]},{"@type":"ImageObject","inLanguage":"fr-FR","@id":"https:\/\/psgfans.fr\/?p=354#primaryimage","url":"https:\/\/psgfans.fr\/wp-content\/uploads\/2015\/07\/2526-1.jpg","contentUrl":"https:\/\/psgfans.fr\/wp-content\/uploads\/2015\/07\/2526-1.jpg","width":665,"height":335},{"@type":"BreadcrumbList","@id":"https:\/\/psgfans.fr\/?p=354#breadcrumb","itemListElement":[{"@type":"ListItem","position":1,"name":"Accueil","item":"https:\/\/psgfans.fr\/"},{"@type":"ListItem","position":2,"name":"PSG: Blanc-Motta, d\u00e9cid\u00e9ment \u00e7a coince&#8230;"}]},{"@type":"WebSite","@id":"https:\/\/psgfans.fr\/#website","url":"https:\/\/psgfans.fr\/","name":"PSG FANS","description":"Unit\u00e9, Passion, Victoire : Au C\u0153ur du Paris Saint-Germain!","potentialAction":[{"@type":"SearchAction","target":{"@type":"EntryPoint","urlTemplate":"https:\/\/psgfans.fr\/?s={search_term_string}"},"query-input":{"@type":"PropertyValueSpecification","valueRequired":true,"valueName":"search_term_string"}}],"inLanguage":"fr-FR"},{"@type":"Person","@id":"https:\/\/psgfans.fr\/#\/schema\/person\/be2237e7a0237af2f29cb344b3c55e6c","name":"psgfans","image":{"@type":"ImageObject","inLanguage":"fr-FR","@id":"https:\/\/secure.gravatar.com\/avatar\/?s=96&d=mm&r=g","url":"https:\/\/secure.gravatar.com\/avatar\/?s=96&d=mm&r=g","contentUrl":"https:\/\/secure.gravatar.com\/avatar\/?s=96&d=mm&r=g","caption":"psgfans"},"url":"https:\/\/psgfans.fr\/?author=2"}]}},"_links":{"self":[{"href":"https:\/\/psgfans.fr\/index.php?rest_route=\/wp\/v2\/posts\/354","targetHints":{"allow":["GET"]}}],"collection":[{"href":"https:\/\/psgfans.fr\/index.php?rest_route=\/wp\/v2\/posts"}],"about":[{"href":"https:\/\/psgfans.fr\/index.php?rest_route=\/wp\/v2\/types\/post"}],"author":[{"embeddable":true,"href":"https:\/\/psgfans.fr\/index.php?rest_route=\/wp\/v2\/users\/2"}],"replies":[{"embeddable":true,"href":"https:\/\/psgfans.fr\/index.php?rest_route=%2Fwp%2Fv2%2Fcomments&post=354"}],"version-history":[{"count":2,"href":"https:\/\/psgfans.fr\/index.php?rest_route=\/wp\/v2\/posts\/354\/revisions"}],"predecessor-version":[{"id":968,"href":"https:\/\/psgfans.fr\/index.php?rest_route=\/wp\/v2\/posts\/354\/revisions\/968"}],"wp:featuredmedia":[{"embeddable":true,"href":"https:\/\/psgfans.fr\/index.php?rest_route=\/wp\/v2\/media\/930"}],"wp:attachment":[{"href":"https:\/\/psgfans.fr\/index.php?rest_route=%2Fwp%2Fv2%2Fmedia&parent=354"}],"wp:term":[{"taxonomy":"category","embeddable":true,"href":"https:\/\/psgfans.fr\/index.php?rest_route=%2Fwp%2Fv2%2Fcategories&post=354"},{"taxonomy":"post_tag","embeddable":true,"href":"https:\/\/psgfans.fr\/index.php?rest_route=%2Fwp%2Fv2%2Ftags&post=354"}],"curies":[{"name":"wp","href":"https:\/\/api.w.org\/{rel}","templated":true}]}}