{"id":353,"date":"2015-07-25T17:30:00","date_gmt":"2015-07-25T16:30:00","guid":{"rendered":""},"modified":"2025-05-14T23:58:56","modified_gmt":"2025-05-14T22:58:56","slug":"zlatan-ibrahimovic-je-suis-heureux-au-psg","status":"publish","type":"post","link":"https:\/\/psgfans.fr\/?p=353","title":{"rendered":"Zlatan Ibrahimovic: &quot;Je suis heureux au PSG&quot;"},"content":{"rendered":"<div style=\"clear: both; text-align: center;\"><a href=\"https:\/\/psgfans.fr\/wp-content\/uploads\/2015\/07\/2526-2526-2526bavbv.jpg\" style=\"margin-left: 1em; margin-right: 1em;\"><img loading=\"lazy\" decoding=\"async\" border=\"0\" height=\"265\" src=\"https:\/\/psgfans.fr\/wp-content\/uploads\/2015\/07\/2526-2526-2526bavbv-300x199.jpg\" width=\"400\" \/><\/a><\/div>\n<p>Alors que les rumeurs l\u2019envoyant au Milan AC se font de plus en plus insistantes, Zlatan Ibrahimovic a profit\u00e9 de la tourn\u00e9e am\u00e9ricaine du PSG pour apporter des pr\u00e9cisions quant \u00e0 son avenir. Les supporters parisiens devraient appr\u00e9cier.<\/p>\n<p>Zlatan Ibrahimovic est aux Etats-Unis avec le PSG, un an, sans doute, avant de rejoindre le championnat local, la MLS, pour y terminer sa carri\u00e8re. Mais c\u2019est l\u2019avenir proche de l\u2019attaquant du PSG qui pose questions, les m\u00e9dias italiens bruissant d\u2019un transfert \u00e0 venir au Milan AC.<\/p>\n<p>Interrog\u00e9 par ESPN, le Su\u00e9dois en a profit\u00e9 pour apporter des pr\u00e9cisions sur son avenir, et fermer la porte \u00e0 un d\u00e9part cet \u00e9t\u00e9. \u00ab\u00a0J\u2019ai encore un an de contrat, je suis un joueur du PSG. Je suis heureux au club\u00a0\u00bb, a-t-il expliqu\u00e9. Et alors que l\u2019on parle de tensions au sein du groupe parisien, autour de Thiago Motta et Edinson Cavani, Ibra a tenu \u00e0 rendre hommage \u00e0 ses co\u00e9quipiers. \u00ab\u00a0Mon \u00e9quipe est fantastique, je joue avec de grands joueurs. Je vis dans la meilleure ville d\u2019Europe, je profite\u00a0\u00bb.<\/p>\n<p>\u00ab\u00a0Mon futur est avec eux\u00a0\u00bb<\/p>\n<p>Reste que des doutes subsistent, aliment\u00e9s par la presse italienne qui sort chaque jour une nouvelle d\u00e9claration ou une nouvelle \u00ab\u00a0preuve\u00a0\u00bb d\u2019un imminent retour du joueur au Milan AC. \u00ab\u00a0Tout ce qu\u2019il se dit sur mon avenir\u2026 (pause) il y aura toujours des rumeurs. Je suis flatt\u00e9 par l\u2019int\u00e9r\u00eat des clubs que vous avez mentionn\u00e9 (Manchester United et le Milan AC, entres autres), mais je suis un joueur du PSG\u00a0\u00bb.<\/p>\n<p>Les supporters du PSG y verront la fin du feuilleton. Les autres noteront cette derni\u00e8re petite phrase toujours \u00e9nigmatique : \u00ab\u00a0Je dis toujours qu\u2019on ne sait jamais ce qu\u2019il va se passer, mais pour le moment je suis un joueur du PSG.\u00a0\u00bb Avant de pr\u00e9ciser : \u00ab\u00a0Mon futur est avec eux.\u00a0\u00bb<\/p>\n<p>metronews<\/p>\n","protected":false},"excerpt":{"rendered":"<p>Alors que les rumeurs l\u2019envoyant au Milan AC se font de plus en plus insistantes, Zlatan Ibrahimovic a profit\u00e9 de la tourn\u00e9e am\u00e9ricaine du PSG pour apporter des pr\u00e9cisions quant \u00e0 son avenir. Les supporters parisiens devraient appr\u00e9cier. Zlatan Ibrahimovic est aux Etats-Unis avec le PSG, un an, sans doute, avant de rejoindre le championnat [&hellip;]<\/p>\n","protected":false},"author":2,"featured_media":928,"comment_status":"open","ping_status":"open","sticky":false,"template":"","format":"standard","meta":{"footnotes":""},"categories":[3],"tags":[],"class_list":{"0":"post-353","1":"post","2":"type-post","3":"status-publish","4":"format-standard","5":"has-post-thumbnail","7":"category-news"},"yoast_head":"<!-- This site is optimized with the Yoast SEO plugin v27.4 - https:\/\/yoast.com\/product\/yoast-seo-wordpress\/ -->\n<title>Zlatan Ibrahimovic: &quot;Je suis heureux au PSG&quot; - PSG FANS<\/title>\n<meta name=\"robots\" content=\"index, follow, max-snippet:-1, max-image-preview:large, max-video-preview:-1\" \/>\n<link rel=\"canonical\" href=\"https:\/\/psgfans.fr\/?p=353\" \/>\n<meta property=\"og:locale\" content=\"fr_FR\" \/>\n<meta property=\"og:type\" content=\"article\" \/>\n<meta property=\"og:title\" content=\"Zlatan Ibrahimovic: &quot;Je suis heureux au PSG&quot; - PSG FANS\" \/>\n<meta property=\"og:description\" content=\"Alors que les rumeurs l\u2019envoyant au Milan AC se font de plus en plus insistantes, Zlatan Ibrahimovic a profit\u00e9 de la tourn\u00e9e am\u00e9ricaine du PSG pour apporter des pr\u00e9cisions quant \u00e0 son avenir. Les supporters parisiens devraient appr\u00e9cier. Zlatan Ibrahimovic est aux Etats-Unis avec le PSG, un an, sans doute, avant de rejoindre le championnat [&hellip;]\" \/>\n<meta property=\"og:url\" content=\"https:\/\/psgfans.fr\/?p=353\" \/>\n<meta property=\"og:site_name\" content=\"PSG FANS\" \/>\n<meta property=\"article:published_time\" content=\"2015-07-25T16:30:00+00:00\" \/>\n<meta property=\"article:modified_time\" content=\"2025-05-14T22:58:56+00:00\" \/>\n<meta property=\"og:image\" content=\"https:\/\/psgfans.fr\/wp-content\/uploads\/2015\/07\/2526-2526-2526bavbv.jpg\" \/>\n\t<meta property=\"og:image:width\" content=\"650\" \/>\n\t<meta property=\"og:image:height\" content=\"432\" \/>\n\t<meta property=\"og:image:type\" content=\"image\/jpeg\" \/>\n<meta name=\"author\" content=\"psgfans\" \/>\n<meta name=\"twitter:card\" content=\"summary_large_image\" \/>\n<meta name=\"twitter:label1\" content=\"\u00c9crit par\" \/>\n\t<meta name=\"twitter:data1\" content=\"psgfans\" \/>\n\t<meta name=\"twitter:label2\" content=\"Dur\u00e9e de lecture estim\u00e9e\" \/>\n\t<meta name=\"twitter:data2\" content=\"2 minutes\" \/>\n<script type=\"application\/ld+json\" class=\"yoast-schema-graph\">{\"@context\":\"https:\\\/\\\/schema.org\",\"@graph\":[{\"@type\":\"Article\",\"@id\":\"https:\\\/\\\/psgfans.fr\\\/?p=353#article\",\"isPartOf\":{\"@id\":\"https:\\\/\\\/psgfans.fr\\\/?p=353\"},\"author\":{\"name\":\"psgfans\",\"@id\":\"https:\\\/\\\/psgfans.fr\\\/#\\\/schema\\\/person\\\/be2237e7a0237af2f29cb344b3c55e6c\"},\"headline\":\"Zlatan Ibrahimovic: &quot;Je suis heureux au PSG&quot;\",\"datePublished\":\"2015-07-25T16:30:00+00:00\",\"dateModified\":\"2025-05-14T22:58:56+00:00\",\"mainEntityOfPage\":{\"@id\":\"https:\\\/\\\/psgfans.fr\\\/?p=353\"},\"wordCount\":333,\"commentCount\":0,\"image\":{\"@id\":\"https:\\\/\\\/psgfans.fr\\\/?p=353#primaryimage\"},\"thumbnailUrl\":\"https:\\\/\\\/psgfans.fr\\\/wp-content\\\/uploads\\\/2015\\\/07\\\/2526-2526-2526bavbv.jpg\",\"articleSection\":[\"News\"],\"inLanguage\":\"fr-FR\",\"potentialAction\":[{\"@type\":\"CommentAction\",\"name\":\"Comment\",\"target\":[\"https:\\\/\\\/psgfans.fr\\\/?p=353#respond\"]}]},{\"@type\":\"WebPage\",\"@id\":\"https:\\\/\\\/psgfans.fr\\\/?p=353\",\"url\":\"https:\\\/\\\/psgfans.fr\\\/?p=353\",\"name\":\"Zlatan Ibrahimovic: &quot;Je suis heureux au PSG&quot; - PSG FANS\",\"isPartOf\":{\"@id\":\"https:\\\/\\\/psgfans.fr\\\/#website\"},\"primaryImageOfPage\":{\"@id\":\"https:\\\/\\\/psgfans.fr\\\/?p=353#primaryimage\"},\"image\":{\"@id\":\"https:\\\/\\\/psgfans.fr\\\/?p=353#primaryimage\"},\"thumbnailUrl\":\"https:\\\/\\\/psgfans.fr\\\/wp-content\\\/uploads\\\/2015\\\/07\\\/2526-2526-2526bavbv.jpg\",\"datePublished\":\"2015-07-25T16:30:00+00:00\",\"dateModified\":\"2025-05-14T22:58:56+00:00\",\"author\":{\"@id\":\"https:\\\/\\\/psgfans.fr\\\/#\\\/schema\\\/person\\\/be2237e7a0237af2f29cb344b3c55e6c\"},\"breadcrumb\":{\"@id\":\"https:\\\/\\\/psgfans.fr\\\/?p=353#breadcrumb\"},\"inLanguage\":\"fr-FR\",\"potentialAction\":[{\"@type\":\"ReadAction\",\"target\":[\"https:\\\/\\\/psgfans.fr\\\/?p=353\"]}]},{\"@type\":\"ImageObject\",\"inLanguage\":\"fr-FR\",\"@id\":\"https:\\\/\\\/psgfans.fr\\\/?p=353#primaryimage\",\"url\":\"https:\\\/\\\/psgfans.fr\\\/wp-content\\\/uploads\\\/2015\\\/07\\\/2526-2526-2526bavbv.jpg\",\"contentUrl\":\"https:\\\/\\\/psgfans.fr\\\/wp-content\\\/uploads\\\/2015\\\/07\\\/2526-2526-2526bavbv.jpg\",\"width\":650,\"height\":432},{\"@type\":\"BreadcrumbList\",\"@id\":\"https:\\\/\\\/psgfans.fr\\\/?p=353#breadcrumb\",\"itemListElement\":[{\"@type\":\"ListItem\",\"position\":1,\"name\":\"Accueil\",\"item\":\"https:\\\/\\\/psgfans.fr\\\/\"},{\"@type\":\"ListItem\",\"position\":2,\"name\":\"Zlatan Ibrahimovic: &quot;Je suis heureux au PSG&quot;\"}]},{\"@type\":\"WebSite\",\"@id\":\"https:\\\/\\\/psgfans.fr\\\/#website\",\"url\":\"https:\\\/\\\/psgfans.fr\\\/\",\"name\":\"PSG FANS\",\"description\":\"Unit\u00e9, Passion, Victoire : Au C\u0153ur du Paris Saint-Germain!\",\"potentialAction\":[{\"@type\":\"SearchAction\",\"target\":{\"@type\":\"EntryPoint\",\"urlTemplate\":\"https:\\\/\\\/psgfans.fr\\\/?s={search_term_string}\"},\"query-input\":{\"@type\":\"PropertyValueSpecification\",\"valueRequired\":true,\"valueName\":\"search_term_string\"}}],\"inLanguage\":\"fr-FR\"},{\"@type\":\"Person\",\"@id\":\"https:\\\/\\\/psgfans.fr\\\/#\\\/schema\\\/person\\\/be2237e7a0237af2f29cb344b3c55e6c\",\"name\":\"psgfans\",\"image\":{\"@type\":\"ImageObject\",\"inLanguage\":\"fr-FR\",\"@id\":\"https:\\\/\\\/secure.gravatar.com\\\/avatar\\\/?s=96&d=mm&r=g\",\"url\":\"https:\\\/\\\/secure.gravatar.com\\\/avatar\\\/?s=96&d=mm&r=g\",\"contentUrl\":\"https:\\\/\\\/secure.gravatar.com\\\/avatar\\\/?s=96&d=mm&r=g\",\"caption\":\"psgfans\"},\"url\":\"https:\\\/\\\/psgfans.fr\\\/?author=2\"}]}<\/script>\n<!-- \/ Yoast SEO plugin. -->","yoast_head_json":{"title":"Zlatan Ibrahimovic: &quot;Je suis heureux au PSG&quot; - PSG FANS","robots":{"index":"index","follow":"follow","max-snippet":"max-snippet:-1","max-image-preview":"max-image-preview:large","max-video-preview":"max-video-preview:-1"},"canonical":"https:\/\/psgfans.fr\/?p=353","og_locale":"fr_FR","og_type":"article","og_title":"Zlatan Ibrahimovic: &quot;Je suis heureux au PSG&quot; - PSG FANS","og_description":"Alors que les rumeurs l\u2019envoyant au Milan AC se font de plus en plus insistantes, Zlatan Ibrahimovic a profit\u00e9 de la tourn\u00e9e am\u00e9ricaine du PSG pour apporter des pr\u00e9cisions quant \u00e0 son avenir. Les supporters parisiens devraient appr\u00e9cier. Zlatan Ibrahimovic est aux Etats-Unis avec le PSG, un an, sans doute, avant de rejoindre le championnat [&hellip;]","og_url":"https:\/\/psgfans.fr\/?p=353","og_site_name":"PSG FANS","article_published_time":"2015-07-25T16:30:00+00:00","article_modified_time":"2025-05-14T22:58:56+00:00","og_image":[{"width":650,"height":432,"url":"https:\/\/psgfans.fr\/wp-content\/uploads\/2015\/07\/2526-2526-2526bavbv.jpg","type":"image\/jpeg"}],"author":"psgfans","twitter_card":"summary_large_image","twitter_misc":{"\u00c9crit par":"psgfans","Dur\u00e9e de lecture estim\u00e9e":"2 minutes"},"schema":{"@context":"https:\/\/schema.org","@graph":[{"@type":"Article","@id":"https:\/\/psgfans.fr\/?p=353#article","isPartOf":{"@id":"https:\/\/psgfans.fr\/?p=353"},"author":{"name":"psgfans","@id":"https:\/\/psgfans.fr\/#\/schema\/person\/be2237e7a0237af2f29cb344b3c55e6c"},"headline":"Zlatan Ibrahimovic: &quot;Je suis heureux au PSG&quot;","datePublished":"2015-07-25T16:30:00+00:00","dateModified":"2025-05-14T22:58:56+00:00","mainEntityOfPage":{"@id":"https:\/\/psgfans.fr\/?p=353"},"wordCount":333,"commentCount":0,"image":{"@id":"https:\/\/psgfans.fr\/?p=353#primaryimage"},"thumbnailUrl":"https:\/\/psgfans.fr\/wp-content\/uploads\/2015\/07\/2526-2526-2526bavbv.jpg","articleSection":["News"],"inLanguage":"fr-FR","potentialAction":[{"@type":"CommentAction","name":"Comment","target":["https:\/\/psgfans.fr\/?p=353#respond"]}]},{"@type":"WebPage","@id":"https:\/\/psgfans.fr\/?p=353","url":"https:\/\/psgfans.fr\/?p=353","name":"Zlatan Ibrahimovic: &quot;Je suis heureux au PSG&quot; - PSG FANS","isPartOf":{"@id":"https:\/\/psgfans.fr\/#website"},"primaryImageOfPage":{"@id":"https:\/\/psgfans.fr\/?p=353#primaryimage"},"image":{"@id":"https:\/\/psgfans.fr\/?p=353#primaryimage"},"thumbnailUrl":"https:\/\/psgfans.fr\/wp-content\/uploads\/2015\/07\/2526-2526-2526bavbv.jpg","datePublished":"2015-07-25T16:30:00+00:00","dateModified":"2025-05-14T22:58:56+00:00","author":{"@id":"https:\/\/psgfans.fr\/#\/schema\/person\/be2237e7a0237af2f29cb344b3c55e6c"},"breadcrumb":{"@id":"https:\/\/psgfans.fr\/?p=353#breadcrumb"},"inLanguage":"fr-FR","potentialAction":[{"@type":"ReadAction","target":["https:\/\/psgfans.fr\/?p=353"]}]},{"@type":"ImageObject","inLanguage":"fr-FR","@id":"https:\/\/psgfans.fr\/?p=353#primaryimage","url":"https:\/\/psgfans.fr\/wp-content\/uploads\/2015\/07\/2526-2526-2526bavbv.jpg","contentUrl":"https:\/\/psgfans.fr\/wp-content\/uploads\/2015\/07\/2526-2526-2526bavbv.jpg","width":650,"height":432},{"@type":"BreadcrumbList","@id":"https:\/\/psgfans.fr\/?p=353#breadcrumb","itemListElement":[{"@type":"ListItem","position":1,"name":"Accueil","item":"https:\/\/psgfans.fr\/"},{"@type":"ListItem","position":2,"name":"Zlatan Ibrahimovic: &quot;Je suis heureux au PSG&quot;"}]},{"@type":"WebSite","@id":"https:\/\/psgfans.fr\/#website","url":"https:\/\/psgfans.fr\/","name":"PSG FANS","description":"Unit\u00e9, Passion, Victoire : Au C\u0153ur du Paris Saint-Germain!","potentialAction":[{"@type":"SearchAction","target":{"@type":"EntryPoint","urlTemplate":"https:\/\/psgfans.fr\/?s={search_term_string}"},"query-input":{"@type":"PropertyValueSpecification","valueRequired":true,"valueName":"search_term_string"}}],"inLanguage":"fr-FR"},{"@type":"Person","@id":"https:\/\/psgfans.fr\/#\/schema\/person\/be2237e7a0237af2f29cb344b3c55e6c","name":"psgfans","image":{"@type":"ImageObject","inLanguage":"fr-FR","@id":"https:\/\/secure.gravatar.com\/avatar\/?s=96&d=mm&r=g","url":"https:\/\/secure.gravatar.com\/avatar\/?s=96&d=mm&r=g","contentUrl":"https:\/\/secure.gravatar.com\/avatar\/?s=96&d=mm&r=g","caption":"psgfans"},"url":"https:\/\/psgfans.fr\/?author=2"}]}},"_links":{"self":[{"href":"https:\/\/psgfans.fr\/index.php?rest_route=\/wp\/v2\/posts\/353","targetHints":{"allow":["GET"]}}],"collection":[{"href":"https:\/\/psgfans.fr\/index.php?rest_route=\/wp\/v2\/posts"}],"about":[{"href":"https:\/\/psgfans.fr\/index.php?rest_route=\/wp\/v2\/types\/post"}],"author":[{"embeddable":true,"href":"https:\/\/psgfans.fr\/index.php?rest_route=\/wp\/v2\/users\/2"}],"replies":[{"embeddable":true,"href":"https:\/\/psgfans.fr\/index.php?rest_route=%2Fwp%2Fv2%2Fcomments&post=353"}],"version-history":[{"count":2,"href":"https:\/\/psgfans.fr\/index.php?rest_route=\/wp\/v2\/posts\/353\/revisions"}],"predecessor-version":[{"id":967,"href":"https:\/\/psgfans.fr\/index.php?rest_route=\/wp\/v2\/posts\/353\/revisions\/967"}],"wp:featuredmedia":[{"embeddable":true,"href":"https:\/\/psgfans.fr\/index.php?rest_route=\/wp\/v2\/media\/928"}],"wp:attachment":[{"href":"https:\/\/psgfans.fr\/index.php?rest_route=%2Fwp%2Fv2%2Fmedia&parent=353"}],"wp:term":[{"taxonomy":"category","embeddable":true,"href":"https:\/\/psgfans.fr\/index.php?rest_route=%2Fwp%2Fv2%2Fcategories&post=353"},{"taxonomy":"post_tag","embeddable":true,"href":"https:\/\/psgfans.fr\/index.php?rest_route=%2Fwp%2Fv2%2Ftags&post=353"}],"curies":[{"name":"wp","href":"https:\/\/api.w.org\/{rel}","templated":true}]}}