{"id":348,"date":"2015-07-30T11:04:00","date_gmt":"2015-07-30T10:04:00","guid":{"rendered":""},"modified":"2025-05-14T23:58:56","modified_gmt":"2025-05-14T22:58:56","slug":"zlatan-ibrahimovic-le-trophee-des-champions-cest-ca-qui-compte","status":"publish","type":"post","link":"https:\/\/psgfans.fr\/?p=348","title":{"rendered":"Zlatan Ibrahimovic: \u00abLe Troph\u00e9e des champions, c&#39;est \u00e7a qui compte\u00bb"},"content":{"rendered":"<div style=\"clear: both; text-align: center;\"><a href=\"https:\/\/psgfans.fr\/wp-content\/uploads\/2015\/07\/Capture-decran-2015-03-09-a-16.jpeg\" style=\"margin-left: 1em; margin-right: 1em;\"><img loading=\"lazy\" decoding=\"async\" border=\"0\" height=\"200\" src=\"https:\/\/psgfans.fr\/wp-content\/uploads\/2015\/07\/Capture-decran-2015-03-09-a-16-300x150.jpeg\" width=\"400\" \/><\/a><\/div>\n<p><b>Apr\u00e8s avoir marqu\u00e9 son troisi\u00e8me but depuis son arriv\u00e9e aux Etats-Unis, dans la nuit de mercredi \u00e0 jeudi contre Manchester United (2-0), l&rsquo;attaquant su\u00e9dois tenait \u00e0 rappeler la priorit\u00e9 du moment pour le PSG: le Troph\u00e9e des champions, disput\u00e9 samedi (21h00) contre Lyon.<\/b><\/p>\n<p><b>\u00abVous venez de remporter votre premier titre de la saison. Que ressentez-vous?<\/b><br \/>Ce n&rsquo;est pas un tournoi officiel, il sert juste \u00e0 bien pr\u00e9parer la saison. Le premier rendez-vous c&rsquo;est samedi lors de la Supercoupe [le troph\u00e9e des champions contre Lyon, ndlr], c&rsquo;est \u00e7a qui compte. Je veux remporter ce titre pour bien lancer la saison.<\/p>\n<p><b>O\u00f9 en \u00eates-vous de votre pr\u00e9paration?<\/b><br \/>\u00c7a va. On travaille dur pour \u00eatre pr\u00eat, moi comme les autres. Pour la confiance c&rsquo;est bien de marquer. Apr\u00e8s je ne fais que mon job.<\/p>\n<p><b>Qu&rsquo;en est-il de votre avenir?<\/b><br \/>Je suis heureux \u00e0 Paris, j&rsquo;ai un contrat avec le PSG pour un an encore. Je m&rsquo;y sens bien et l&rsquo;\u00e9quipe se renforce d&rsquo;ann\u00e9e en ann\u00e9e. Elle est de plus en plus performante et peut r\u00e9ussir en Ligue des champions.<br \/><b>\u00abLa MLS? Pourquoi pas\u00bb<\/b><br \/><b>La MLS pourrait vous tenter?<\/b><br \/>\u00c7a, ce sera la surprise. Mais oui pourquoi pas, apr\u00e8s mon ann\u00e9e \u00e0 Paris.<\/p>\n<p><b>Le public am\u00e9ricain vous appr\u00e9cie beaucoup. La r\u00e9ciproque semble vrai?<\/b><br \/>Il est tr\u00e8s fanatique, encourage beaucoup. L&rsquo;ambiance ici est bonne et c&rsquo;est agr\u00e9able de jouer dans des stades comme celui-ci.\u00bb<\/p>\n<p><b>\u00abJe suis heureux \u00e0 Paris, j&rsquo;ai un contrat avec le PSG pour un an encore. Je m&rsquo;y sens bien\u00bb<\/b><\/p>\n<p>lequipe.fr<\/p>\n","protected":false},"excerpt":{"rendered":"<p>Apr\u00e8s avoir marqu\u00e9 son troisi\u00e8me but depuis son arriv\u00e9e aux Etats-Unis, dans la nuit de mercredi \u00e0 jeudi contre Manchester United (2-0), l&rsquo;attaquant su\u00e9dois tenait \u00e0 rappeler la priorit\u00e9 du moment pour le PSG: le Troph\u00e9e des champions, disput\u00e9 samedi (21h00) contre Lyon. \u00abVous venez de remporter votre premier titre de la saison. Que ressentez-vous?Ce [&hellip;]<\/p>\n","protected":false},"author":2,"featured_media":917,"comment_status":"open","ping_status":"open","sticky":false,"template":"","format":"standard","meta":{"footnotes":""},"categories":[3],"tags":[],"class_list":{"0":"post-348","1":"post","2":"type-post","3":"status-publish","4":"format-standard","5":"has-post-thumbnail","7":"category-news"},"yoast_head":"<!-- This site is optimized with the Yoast SEO plugin v27.4 - https:\/\/yoast.com\/product\/yoast-seo-wordpress\/ -->\n<title>Zlatan Ibrahimovic: \u00abLe Troph\u00e9e des champions, c&#039;est \u00e7a qui compte\u00bb - PSG FANS<\/title>\n<meta name=\"robots\" content=\"index, follow, max-snippet:-1, max-image-preview:large, max-video-preview:-1\" \/>\n<link rel=\"canonical\" href=\"https:\/\/psgfans.fr\/?p=348\" \/>\n<meta property=\"og:locale\" content=\"fr_FR\" \/>\n<meta property=\"og:type\" content=\"article\" \/>\n<meta property=\"og:title\" content=\"Zlatan Ibrahimovic: \u00abLe Troph\u00e9e des champions, c&#039;est \u00e7a qui compte\u00bb - PSG FANS\" \/>\n<meta property=\"og:description\" content=\"Apr\u00e8s avoir marqu\u00e9 son troisi\u00e8me but depuis son arriv\u00e9e aux Etats-Unis, dans la nuit de mercredi \u00e0 jeudi contre Manchester United (2-0), l&rsquo;attaquant su\u00e9dois tenait \u00e0 rappeler la priorit\u00e9 du moment pour le PSG: le Troph\u00e9e des champions, disput\u00e9 samedi (21h00) contre Lyon. \u00abVous venez de remporter votre premier titre de la saison. Que ressentez-vous?Ce [&hellip;]\" \/>\n<meta property=\"og:url\" content=\"https:\/\/psgfans.fr\/?p=348\" \/>\n<meta property=\"og:site_name\" content=\"PSG FANS\" \/>\n<meta property=\"article:published_time\" content=\"2015-07-30T10:04:00+00:00\" \/>\n<meta property=\"article:modified_time\" content=\"2025-05-14T22:58:56+00:00\" \/>\n<meta property=\"og:image\" content=\"https:\/\/psgfans.fr\/wp-content\/uploads\/2015\/07\/Capture-decran-2015-03-09-a-16.jpeg\" \/>\n\t<meta property=\"og:image:width\" content=\"858\" \/>\n\t<meta property=\"og:image:height\" content=\"429\" \/>\n\t<meta property=\"og:image:type\" content=\"image\/jpeg\" \/>\n<meta name=\"author\" content=\"psgfans\" \/>\n<meta name=\"twitter:card\" content=\"summary_large_image\" \/>\n<meta name=\"twitter:label1\" content=\"\u00c9crit par\" \/>\n\t<meta name=\"twitter:data1\" content=\"psgfans\" \/>\n\t<meta name=\"twitter:label2\" content=\"Dur\u00e9e de lecture estim\u00e9e\" \/>\n\t<meta name=\"twitter:data2\" content=\"1 minute\" \/>\n<script type=\"application\/ld+json\" class=\"yoast-schema-graph\">{\"@context\":\"https:\\\/\\\/schema.org\",\"@graph\":[{\"@type\":\"Article\",\"@id\":\"https:\\\/\\\/psgfans.fr\\\/?p=348#article\",\"isPartOf\":{\"@id\":\"https:\\\/\\\/psgfans.fr\\\/?p=348\"},\"author\":{\"name\":\"psgfans\",\"@id\":\"https:\\\/\\\/psgfans.fr\\\/#\\\/schema\\\/person\\\/be2237e7a0237af2f29cb344b3c55e6c\"},\"headline\":\"Zlatan Ibrahimovic: \u00abLe Troph\u00e9e des champions, c&#39;est \u00e7a qui compte\u00bb\",\"datePublished\":\"2015-07-30T10:04:00+00:00\",\"dateModified\":\"2025-05-14T22:58:56+00:00\",\"mainEntityOfPage\":{\"@id\":\"https:\\\/\\\/psgfans.fr\\\/?p=348\"},\"wordCount\":290,\"commentCount\":0,\"image\":{\"@id\":\"https:\\\/\\\/psgfans.fr\\\/?p=348#primaryimage\"},\"thumbnailUrl\":\"https:\\\/\\\/psgfans.fr\\\/wp-content\\\/uploads\\\/2015\\\/07\\\/Capture-decran-2015-03-09-a-16.jpeg\",\"articleSection\":[\"News\"],\"inLanguage\":\"fr-FR\",\"potentialAction\":[{\"@type\":\"CommentAction\",\"name\":\"Comment\",\"target\":[\"https:\\\/\\\/psgfans.fr\\\/?p=348#respond\"]}]},{\"@type\":\"WebPage\",\"@id\":\"https:\\\/\\\/psgfans.fr\\\/?p=348\",\"url\":\"https:\\\/\\\/psgfans.fr\\\/?p=348\",\"name\":\"Zlatan Ibrahimovic: \u00abLe Troph\u00e9e des champions, c&#39;est \u00e7a qui compte\u00bb - PSG FANS\",\"isPartOf\":{\"@id\":\"https:\\\/\\\/psgfans.fr\\\/#website\"},\"primaryImageOfPage\":{\"@id\":\"https:\\\/\\\/psgfans.fr\\\/?p=348#primaryimage\"},\"image\":{\"@id\":\"https:\\\/\\\/psgfans.fr\\\/?p=348#primaryimage\"},\"thumbnailUrl\":\"https:\\\/\\\/psgfans.fr\\\/wp-content\\\/uploads\\\/2015\\\/07\\\/Capture-decran-2015-03-09-a-16.jpeg\",\"datePublished\":\"2015-07-30T10:04:00+00:00\",\"dateModified\":\"2025-05-14T22:58:56+00:00\",\"author\":{\"@id\":\"https:\\\/\\\/psgfans.fr\\\/#\\\/schema\\\/person\\\/be2237e7a0237af2f29cb344b3c55e6c\"},\"breadcrumb\":{\"@id\":\"https:\\\/\\\/psgfans.fr\\\/?p=348#breadcrumb\"},\"inLanguage\":\"fr-FR\",\"potentialAction\":[{\"@type\":\"ReadAction\",\"target\":[\"https:\\\/\\\/psgfans.fr\\\/?p=348\"]}]},{\"@type\":\"ImageObject\",\"inLanguage\":\"fr-FR\",\"@id\":\"https:\\\/\\\/psgfans.fr\\\/?p=348#primaryimage\",\"url\":\"https:\\\/\\\/psgfans.fr\\\/wp-content\\\/uploads\\\/2015\\\/07\\\/Capture-decran-2015-03-09-a-16.jpeg\",\"contentUrl\":\"https:\\\/\\\/psgfans.fr\\\/wp-content\\\/uploads\\\/2015\\\/07\\\/Capture-decran-2015-03-09-a-16.jpeg\",\"width\":858,\"height\":429},{\"@type\":\"BreadcrumbList\",\"@id\":\"https:\\\/\\\/psgfans.fr\\\/?p=348#breadcrumb\",\"itemListElement\":[{\"@type\":\"ListItem\",\"position\":1,\"name\":\"Accueil\",\"item\":\"https:\\\/\\\/psgfans.fr\\\/\"},{\"@type\":\"ListItem\",\"position\":2,\"name\":\"Zlatan Ibrahimovic: \u00abLe Troph\u00e9e des champions, c&#39;est \u00e7a qui compte\u00bb\"}]},{\"@type\":\"WebSite\",\"@id\":\"https:\\\/\\\/psgfans.fr\\\/#website\",\"url\":\"https:\\\/\\\/psgfans.fr\\\/\",\"name\":\"PSG FANS\",\"description\":\"Unit\u00e9, Passion, Victoire : Au C\u0153ur du Paris Saint-Germain!\",\"potentialAction\":[{\"@type\":\"SearchAction\",\"target\":{\"@type\":\"EntryPoint\",\"urlTemplate\":\"https:\\\/\\\/psgfans.fr\\\/?s={search_term_string}\"},\"query-input\":{\"@type\":\"PropertyValueSpecification\",\"valueRequired\":true,\"valueName\":\"search_term_string\"}}],\"inLanguage\":\"fr-FR\"},{\"@type\":\"Person\",\"@id\":\"https:\\\/\\\/psgfans.fr\\\/#\\\/schema\\\/person\\\/be2237e7a0237af2f29cb344b3c55e6c\",\"name\":\"psgfans\",\"image\":{\"@type\":\"ImageObject\",\"inLanguage\":\"fr-FR\",\"@id\":\"https:\\\/\\\/secure.gravatar.com\\\/avatar\\\/?s=96&d=mm&r=g\",\"url\":\"https:\\\/\\\/secure.gravatar.com\\\/avatar\\\/?s=96&d=mm&r=g\",\"contentUrl\":\"https:\\\/\\\/secure.gravatar.com\\\/avatar\\\/?s=96&d=mm&r=g\",\"caption\":\"psgfans\"},\"url\":\"https:\\\/\\\/psgfans.fr\\\/?author=2\"}]}<\/script>\n<!-- \/ Yoast SEO plugin. -->","yoast_head_json":{"title":"Zlatan Ibrahimovic: \u00abLe Troph\u00e9e des champions, c&#39;est \u00e7a qui compte\u00bb - PSG FANS","robots":{"index":"index","follow":"follow","max-snippet":"max-snippet:-1","max-image-preview":"max-image-preview:large","max-video-preview":"max-video-preview:-1"},"canonical":"https:\/\/psgfans.fr\/?p=348","og_locale":"fr_FR","og_type":"article","og_title":"Zlatan Ibrahimovic: \u00abLe Troph\u00e9e des champions, c&#39;est \u00e7a qui compte\u00bb - PSG FANS","og_description":"Apr\u00e8s avoir marqu\u00e9 son troisi\u00e8me but depuis son arriv\u00e9e aux Etats-Unis, dans la nuit de mercredi \u00e0 jeudi contre Manchester United (2-0), l&rsquo;attaquant su\u00e9dois tenait \u00e0 rappeler la priorit\u00e9 du moment pour le PSG: le Troph\u00e9e des champions, disput\u00e9 samedi (21h00) contre Lyon. \u00abVous venez de remporter votre premier titre de la saison. Que ressentez-vous?Ce [&hellip;]","og_url":"https:\/\/psgfans.fr\/?p=348","og_site_name":"PSG FANS","article_published_time":"2015-07-30T10:04:00+00:00","article_modified_time":"2025-05-14T22:58:56+00:00","og_image":[{"width":858,"height":429,"url":"https:\/\/psgfans.fr\/wp-content\/uploads\/2015\/07\/Capture-decran-2015-03-09-a-16.jpeg","type":"image\/jpeg"}],"author":"psgfans","twitter_card":"summary_large_image","twitter_misc":{"\u00c9crit par":"psgfans","Dur\u00e9e de lecture estim\u00e9e":"1 minute"},"schema":{"@context":"https:\/\/schema.org","@graph":[{"@type":"Article","@id":"https:\/\/psgfans.fr\/?p=348#article","isPartOf":{"@id":"https:\/\/psgfans.fr\/?p=348"},"author":{"name":"psgfans","@id":"https:\/\/psgfans.fr\/#\/schema\/person\/be2237e7a0237af2f29cb344b3c55e6c"},"headline":"Zlatan Ibrahimovic: \u00abLe Troph\u00e9e des champions, c&#39;est \u00e7a qui compte\u00bb","datePublished":"2015-07-30T10:04:00+00:00","dateModified":"2025-05-14T22:58:56+00:00","mainEntityOfPage":{"@id":"https:\/\/psgfans.fr\/?p=348"},"wordCount":290,"commentCount":0,"image":{"@id":"https:\/\/psgfans.fr\/?p=348#primaryimage"},"thumbnailUrl":"https:\/\/psgfans.fr\/wp-content\/uploads\/2015\/07\/Capture-decran-2015-03-09-a-16.jpeg","articleSection":["News"],"inLanguage":"fr-FR","potentialAction":[{"@type":"CommentAction","name":"Comment","target":["https:\/\/psgfans.fr\/?p=348#respond"]}]},{"@type":"WebPage","@id":"https:\/\/psgfans.fr\/?p=348","url":"https:\/\/psgfans.fr\/?p=348","name":"Zlatan Ibrahimovic: \u00abLe Troph\u00e9e des champions, c&#39;est \u00e7a qui compte\u00bb - PSG FANS","isPartOf":{"@id":"https:\/\/psgfans.fr\/#website"},"primaryImageOfPage":{"@id":"https:\/\/psgfans.fr\/?p=348#primaryimage"},"image":{"@id":"https:\/\/psgfans.fr\/?p=348#primaryimage"},"thumbnailUrl":"https:\/\/psgfans.fr\/wp-content\/uploads\/2015\/07\/Capture-decran-2015-03-09-a-16.jpeg","datePublished":"2015-07-30T10:04:00+00:00","dateModified":"2025-05-14T22:58:56+00:00","author":{"@id":"https:\/\/psgfans.fr\/#\/schema\/person\/be2237e7a0237af2f29cb344b3c55e6c"},"breadcrumb":{"@id":"https:\/\/psgfans.fr\/?p=348#breadcrumb"},"inLanguage":"fr-FR","potentialAction":[{"@type":"ReadAction","target":["https:\/\/psgfans.fr\/?p=348"]}]},{"@type":"ImageObject","inLanguage":"fr-FR","@id":"https:\/\/psgfans.fr\/?p=348#primaryimage","url":"https:\/\/psgfans.fr\/wp-content\/uploads\/2015\/07\/Capture-decran-2015-03-09-a-16.jpeg","contentUrl":"https:\/\/psgfans.fr\/wp-content\/uploads\/2015\/07\/Capture-decran-2015-03-09-a-16.jpeg","width":858,"height":429},{"@type":"BreadcrumbList","@id":"https:\/\/psgfans.fr\/?p=348#breadcrumb","itemListElement":[{"@type":"ListItem","position":1,"name":"Accueil","item":"https:\/\/psgfans.fr\/"},{"@type":"ListItem","position":2,"name":"Zlatan Ibrahimovic: \u00abLe Troph\u00e9e des champions, c&#39;est \u00e7a qui compte\u00bb"}]},{"@type":"WebSite","@id":"https:\/\/psgfans.fr\/#website","url":"https:\/\/psgfans.fr\/","name":"PSG FANS","description":"Unit\u00e9, Passion, Victoire : Au C\u0153ur du Paris Saint-Germain!","potentialAction":[{"@type":"SearchAction","target":{"@type":"EntryPoint","urlTemplate":"https:\/\/psgfans.fr\/?s={search_term_string}"},"query-input":{"@type":"PropertyValueSpecification","valueRequired":true,"valueName":"search_term_string"}}],"inLanguage":"fr-FR"},{"@type":"Person","@id":"https:\/\/psgfans.fr\/#\/schema\/person\/be2237e7a0237af2f29cb344b3c55e6c","name":"psgfans","image":{"@type":"ImageObject","inLanguage":"fr-FR","@id":"https:\/\/secure.gravatar.com\/avatar\/?s=96&d=mm&r=g","url":"https:\/\/secure.gravatar.com\/avatar\/?s=96&d=mm&r=g","contentUrl":"https:\/\/secure.gravatar.com\/avatar\/?s=96&d=mm&r=g","caption":"psgfans"},"url":"https:\/\/psgfans.fr\/?author=2"}]}},"_links":{"self":[{"href":"https:\/\/psgfans.fr\/index.php?rest_route=\/wp\/v2\/posts\/348","targetHints":{"allow":["GET"]}}],"collection":[{"href":"https:\/\/psgfans.fr\/index.php?rest_route=\/wp\/v2\/posts"}],"about":[{"href":"https:\/\/psgfans.fr\/index.php?rest_route=\/wp\/v2\/types\/post"}],"author":[{"embeddable":true,"href":"https:\/\/psgfans.fr\/index.php?rest_route=\/wp\/v2\/users\/2"}],"replies":[{"embeddable":true,"href":"https:\/\/psgfans.fr\/index.php?rest_route=%2Fwp%2Fv2%2Fcomments&post=348"}],"version-history":[{"count":2,"href":"https:\/\/psgfans.fr\/index.php?rest_route=\/wp\/v2\/posts\/348\/revisions"}],"predecessor-version":[{"id":962,"href":"https:\/\/psgfans.fr\/index.php?rest_route=\/wp\/v2\/posts\/348\/revisions\/962"}],"wp:featuredmedia":[{"embeddable":true,"href":"https:\/\/psgfans.fr\/index.php?rest_route=\/wp\/v2\/media\/917"}],"wp:attachment":[{"href":"https:\/\/psgfans.fr\/index.php?rest_route=%2Fwp%2Fv2%2Fmedia&parent=348"}],"wp:term":[{"taxonomy":"category","embeddable":true,"href":"https:\/\/psgfans.fr\/index.php?rest_route=%2Fwp%2Fv2%2Fcategories&post=348"},{"taxonomy":"post_tag","embeddable":true,"href":"https:\/\/psgfans.fr\/index.php?rest_route=%2Fwp%2Fv2%2Ftags&post=348"}],"curies":[{"name":"wp","href":"https:\/\/api.w.org\/{rel}","templated":true}]}}