{"id":346,"date":"2015-08-16T12:40:00","date_gmt":"2015-08-16T11:40:00","guid":{"rendered":""},"modified":"2025-05-14T23:58:56","modified_gmt":"2025-05-14T22:58:56","slug":"psg-gazelec-ajaccio-les-compos-probables","status":"publish","type":"post","link":"https:\/\/psgfans.fr\/?p=346","title":{"rendered":"PSG-Gaz\u00e9lec Ajaccio : Les compos probables"},"content":{"rendered":"<div style=\"clear: both; text-align: center;\"><a href=\"https:\/\/psgfans.fr\/wp-content\/uploads\/2015\/08\/info_1432120059.jpg\" style=\"margin-left: 1em; margin-right: 1em;\"><img loading=\"lazy\" decoding=\"async\" border=\"0\" height=\"263\" src=\"https:\/\/psgfans.fr\/wp-content\/uploads\/2015\/08\/info_1432120059-300x198.jpg\" width=\"400\" \/><\/a><\/div>\n<p>Pour sa premi\u00e8re au Parc des Princes, le PSG re\u00e7oit le petit poucet de l&rsquo;\u00e9lite fran\u00e7aise : le Gaz\u00e9lec Ajaccio. Ultra favori du championnat, ce match pourrait se conclure sur un score fleuve mais attention aux Corses qui n&rsquo;auront rien \u00e0 perdre.<\/p>\n<p><b>Les \u00e9quipes probables<\/b><br \/><b>PSG : <\/b>Trapp &#8211; Aurier, Thiago Silva (cap), David Luiz, Maxwell &#8211; Verratti, Thiago Motta, Matuidi &#8211; Lucas, Cavani, Pastore<br \/><b>Gaz\u00e9lec Ajaccio :<\/b> Maury &#8211; Coeff, Filippi (cap), P.Martinez, I.Sylla &#8211; Youga, Le Moigne &#8211; Ducourtioux, Larbi, Djokovic &#8211; Pujol<\/p>\n","protected":false},"excerpt":{"rendered":"<p>Pour sa premi\u00e8re au Parc des Princes, le PSG re\u00e7oit le petit poucet de l&rsquo;\u00e9lite fran\u00e7aise : le Gaz\u00e9lec Ajaccio. Ultra favori du championnat, ce match pourrait se conclure sur un score fleuve mais attention aux Corses qui n&rsquo;auront rien \u00e0 perdre. Les \u00e9quipes probablesPSG : Trapp &#8211; Aurier, Thiago Silva (cap), David Luiz, Maxwell [&hellip;]<\/p>\n","protected":false},"author":2,"featured_media":913,"comment_status":"open","ping_status":"open","sticky":false,"template":"","format":"standard","meta":{"footnotes":""},"categories":[3],"tags":[],"class_list":{"0":"post-346","1":"post","2":"type-post","3":"status-publish","4":"format-standard","5":"has-post-thumbnail","7":"category-news"},"yoast_head":"<!-- This site is optimized with the Yoast SEO plugin v27.4 - https:\/\/yoast.com\/product\/yoast-seo-wordpress\/ -->\n<title>PSG-Gaz\u00e9lec Ajaccio : Les compos probables - PSG FANS<\/title>\n<meta name=\"robots\" content=\"index, follow, max-snippet:-1, max-image-preview:large, max-video-preview:-1\" \/>\n<link rel=\"canonical\" href=\"https:\/\/psgfans.fr\/?p=346\" \/>\n<meta property=\"og:locale\" content=\"fr_FR\" \/>\n<meta property=\"og:type\" content=\"article\" \/>\n<meta property=\"og:title\" content=\"PSG-Gaz\u00e9lec Ajaccio : Les compos probables - PSG FANS\" \/>\n<meta property=\"og:description\" content=\"Pour sa premi\u00e8re au Parc des Princes, le PSG re\u00e7oit le petit poucet de l&rsquo;\u00e9lite fran\u00e7aise : le Gaz\u00e9lec Ajaccio. Ultra favori du championnat, ce match pourrait se conclure sur un score fleuve mais attention aux Corses qui n&rsquo;auront rien \u00e0 perdre. Les \u00e9quipes probablesPSG : Trapp &#8211; Aurier, Thiago Silva (cap), David Luiz, Maxwell [&hellip;]\" \/>\n<meta property=\"og:url\" content=\"https:\/\/psgfans.fr\/?p=346\" \/>\n<meta property=\"og:site_name\" content=\"PSG FANS\" \/>\n<meta property=\"article:published_time\" content=\"2015-08-16T11:40:00+00:00\" \/>\n<meta property=\"article:modified_time\" content=\"2025-05-14T22:58:56+00:00\" \/>\n<meta property=\"og:image\" content=\"https:\/\/psgfans.fr\/wp-content\/uploads\/2015\/08\/info_1432120059.jpg\" \/>\n\t<meta property=\"og:image:width\" content=\"658\" \/>\n\t<meta property=\"og:image:height\" content=\"434\" \/>\n\t<meta property=\"og:image:type\" content=\"image\/jpeg\" \/>\n<meta name=\"author\" content=\"psgfans\" \/>\n<meta name=\"twitter:card\" content=\"summary_large_image\" \/>\n<meta name=\"twitter:label1\" content=\"\u00c9crit par\" \/>\n\t<meta name=\"twitter:data1\" content=\"psgfans\" \/>\n<script type=\"application\/ld+json\" class=\"yoast-schema-graph\">{\"@context\":\"https:\\\/\\\/schema.org\",\"@graph\":[{\"@type\":\"Article\",\"@id\":\"https:\\\/\\\/psgfans.fr\\\/?p=346#article\",\"isPartOf\":{\"@id\":\"https:\\\/\\\/psgfans.fr\\\/?p=346\"},\"author\":{\"name\":\"psgfans\",\"@id\":\"https:\\\/\\\/psgfans.fr\\\/#\\\/schema\\\/person\\\/be2237e7a0237af2f29cb344b3c55e6c\"},\"headline\":\"PSG-Gaz\u00e9lec Ajaccio : Les compos probables\",\"datePublished\":\"2015-08-16T11:40:00+00:00\",\"dateModified\":\"2025-05-14T22:58:56+00:00\",\"mainEntityOfPage\":{\"@id\":\"https:\\\/\\\/psgfans.fr\\\/?p=346\"},\"wordCount\":96,\"commentCount\":0,\"image\":{\"@id\":\"https:\\\/\\\/psgfans.fr\\\/?p=346#primaryimage\"},\"thumbnailUrl\":\"https:\\\/\\\/psgfans.fr\\\/wp-content\\\/uploads\\\/2015\\\/08\\\/info_1432120059.jpg\",\"articleSection\":[\"News\"],\"inLanguage\":\"fr-FR\",\"potentialAction\":[{\"@type\":\"CommentAction\",\"name\":\"Comment\",\"target\":[\"https:\\\/\\\/psgfans.fr\\\/?p=346#respond\"]}]},{\"@type\":\"WebPage\",\"@id\":\"https:\\\/\\\/psgfans.fr\\\/?p=346\",\"url\":\"https:\\\/\\\/psgfans.fr\\\/?p=346\",\"name\":\"PSG-Gaz\u00e9lec Ajaccio : Les compos probables - PSG FANS\",\"isPartOf\":{\"@id\":\"https:\\\/\\\/psgfans.fr\\\/#website\"},\"primaryImageOfPage\":{\"@id\":\"https:\\\/\\\/psgfans.fr\\\/?p=346#primaryimage\"},\"image\":{\"@id\":\"https:\\\/\\\/psgfans.fr\\\/?p=346#primaryimage\"},\"thumbnailUrl\":\"https:\\\/\\\/psgfans.fr\\\/wp-content\\\/uploads\\\/2015\\\/08\\\/info_1432120059.jpg\",\"datePublished\":\"2015-08-16T11:40:00+00:00\",\"dateModified\":\"2025-05-14T22:58:56+00:00\",\"author\":{\"@id\":\"https:\\\/\\\/psgfans.fr\\\/#\\\/schema\\\/person\\\/be2237e7a0237af2f29cb344b3c55e6c\"},\"breadcrumb\":{\"@id\":\"https:\\\/\\\/psgfans.fr\\\/?p=346#breadcrumb\"},\"inLanguage\":\"fr-FR\",\"potentialAction\":[{\"@type\":\"ReadAction\",\"target\":[\"https:\\\/\\\/psgfans.fr\\\/?p=346\"]}]},{\"@type\":\"ImageObject\",\"inLanguage\":\"fr-FR\",\"@id\":\"https:\\\/\\\/psgfans.fr\\\/?p=346#primaryimage\",\"url\":\"https:\\\/\\\/psgfans.fr\\\/wp-content\\\/uploads\\\/2015\\\/08\\\/info_1432120059.jpg\",\"contentUrl\":\"https:\\\/\\\/psgfans.fr\\\/wp-content\\\/uploads\\\/2015\\\/08\\\/info_1432120059.jpg\",\"width\":658,\"height\":434},{\"@type\":\"BreadcrumbList\",\"@id\":\"https:\\\/\\\/psgfans.fr\\\/?p=346#breadcrumb\",\"itemListElement\":[{\"@type\":\"ListItem\",\"position\":1,\"name\":\"Accueil\",\"item\":\"https:\\\/\\\/psgfans.fr\\\/\"},{\"@type\":\"ListItem\",\"position\":2,\"name\":\"PSG-Gaz\u00e9lec Ajaccio : Les compos probables\"}]},{\"@type\":\"WebSite\",\"@id\":\"https:\\\/\\\/psgfans.fr\\\/#website\",\"url\":\"https:\\\/\\\/psgfans.fr\\\/\",\"name\":\"PSG FANS\",\"description\":\"Unit\u00e9, Passion, Victoire : Au C\u0153ur du Paris Saint-Germain!\",\"potentialAction\":[{\"@type\":\"SearchAction\",\"target\":{\"@type\":\"EntryPoint\",\"urlTemplate\":\"https:\\\/\\\/psgfans.fr\\\/?s={search_term_string}\"},\"query-input\":{\"@type\":\"PropertyValueSpecification\",\"valueRequired\":true,\"valueName\":\"search_term_string\"}}],\"inLanguage\":\"fr-FR\"},{\"@type\":\"Person\",\"@id\":\"https:\\\/\\\/psgfans.fr\\\/#\\\/schema\\\/person\\\/be2237e7a0237af2f29cb344b3c55e6c\",\"name\":\"psgfans\",\"image\":{\"@type\":\"ImageObject\",\"inLanguage\":\"fr-FR\",\"@id\":\"https:\\\/\\\/secure.gravatar.com\\\/avatar\\\/?s=96&d=mm&r=g\",\"url\":\"https:\\\/\\\/secure.gravatar.com\\\/avatar\\\/?s=96&d=mm&r=g\",\"contentUrl\":\"https:\\\/\\\/secure.gravatar.com\\\/avatar\\\/?s=96&d=mm&r=g\",\"caption\":\"psgfans\"},\"url\":\"https:\\\/\\\/psgfans.fr\\\/?author=2\"}]}<\/script>\n<!-- \/ Yoast SEO plugin. -->","yoast_head_json":{"title":"PSG-Gaz\u00e9lec Ajaccio : Les compos probables - PSG FANS","robots":{"index":"index","follow":"follow","max-snippet":"max-snippet:-1","max-image-preview":"max-image-preview:large","max-video-preview":"max-video-preview:-1"},"canonical":"https:\/\/psgfans.fr\/?p=346","og_locale":"fr_FR","og_type":"article","og_title":"PSG-Gaz\u00e9lec Ajaccio : Les compos probables - PSG FANS","og_description":"Pour sa premi\u00e8re au Parc des Princes, le PSG re\u00e7oit le petit poucet de l&rsquo;\u00e9lite fran\u00e7aise : le Gaz\u00e9lec Ajaccio. Ultra favori du championnat, ce match pourrait se conclure sur un score fleuve mais attention aux Corses qui n&rsquo;auront rien \u00e0 perdre. Les \u00e9quipes probablesPSG : Trapp &#8211; Aurier, Thiago Silva (cap), David Luiz, Maxwell [&hellip;]","og_url":"https:\/\/psgfans.fr\/?p=346","og_site_name":"PSG FANS","article_published_time":"2015-08-16T11:40:00+00:00","article_modified_time":"2025-05-14T22:58:56+00:00","og_image":[{"width":658,"height":434,"url":"https:\/\/psgfans.fr\/wp-content\/uploads\/2015\/08\/info_1432120059.jpg","type":"image\/jpeg"}],"author":"psgfans","twitter_card":"summary_large_image","twitter_misc":{"\u00c9crit par":"psgfans"},"schema":{"@context":"https:\/\/schema.org","@graph":[{"@type":"Article","@id":"https:\/\/psgfans.fr\/?p=346#article","isPartOf":{"@id":"https:\/\/psgfans.fr\/?p=346"},"author":{"name":"psgfans","@id":"https:\/\/psgfans.fr\/#\/schema\/person\/be2237e7a0237af2f29cb344b3c55e6c"},"headline":"PSG-Gaz\u00e9lec Ajaccio : Les compos probables","datePublished":"2015-08-16T11:40:00+00:00","dateModified":"2025-05-14T22:58:56+00:00","mainEntityOfPage":{"@id":"https:\/\/psgfans.fr\/?p=346"},"wordCount":96,"commentCount":0,"image":{"@id":"https:\/\/psgfans.fr\/?p=346#primaryimage"},"thumbnailUrl":"https:\/\/psgfans.fr\/wp-content\/uploads\/2015\/08\/info_1432120059.jpg","articleSection":["News"],"inLanguage":"fr-FR","potentialAction":[{"@type":"CommentAction","name":"Comment","target":["https:\/\/psgfans.fr\/?p=346#respond"]}]},{"@type":"WebPage","@id":"https:\/\/psgfans.fr\/?p=346","url":"https:\/\/psgfans.fr\/?p=346","name":"PSG-Gaz\u00e9lec Ajaccio : Les compos probables - PSG FANS","isPartOf":{"@id":"https:\/\/psgfans.fr\/#website"},"primaryImageOfPage":{"@id":"https:\/\/psgfans.fr\/?p=346#primaryimage"},"image":{"@id":"https:\/\/psgfans.fr\/?p=346#primaryimage"},"thumbnailUrl":"https:\/\/psgfans.fr\/wp-content\/uploads\/2015\/08\/info_1432120059.jpg","datePublished":"2015-08-16T11:40:00+00:00","dateModified":"2025-05-14T22:58:56+00:00","author":{"@id":"https:\/\/psgfans.fr\/#\/schema\/person\/be2237e7a0237af2f29cb344b3c55e6c"},"breadcrumb":{"@id":"https:\/\/psgfans.fr\/?p=346#breadcrumb"},"inLanguage":"fr-FR","potentialAction":[{"@type":"ReadAction","target":["https:\/\/psgfans.fr\/?p=346"]}]},{"@type":"ImageObject","inLanguage":"fr-FR","@id":"https:\/\/psgfans.fr\/?p=346#primaryimage","url":"https:\/\/psgfans.fr\/wp-content\/uploads\/2015\/08\/info_1432120059.jpg","contentUrl":"https:\/\/psgfans.fr\/wp-content\/uploads\/2015\/08\/info_1432120059.jpg","width":658,"height":434},{"@type":"BreadcrumbList","@id":"https:\/\/psgfans.fr\/?p=346#breadcrumb","itemListElement":[{"@type":"ListItem","position":1,"name":"Accueil","item":"https:\/\/psgfans.fr\/"},{"@type":"ListItem","position":2,"name":"PSG-Gaz\u00e9lec Ajaccio : Les compos probables"}]},{"@type":"WebSite","@id":"https:\/\/psgfans.fr\/#website","url":"https:\/\/psgfans.fr\/","name":"PSG FANS","description":"Unit\u00e9, Passion, Victoire : Au C\u0153ur du Paris Saint-Germain!","potentialAction":[{"@type":"SearchAction","target":{"@type":"EntryPoint","urlTemplate":"https:\/\/psgfans.fr\/?s={search_term_string}"},"query-input":{"@type":"PropertyValueSpecification","valueRequired":true,"valueName":"search_term_string"}}],"inLanguage":"fr-FR"},{"@type":"Person","@id":"https:\/\/psgfans.fr\/#\/schema\/person\/be2237e7a0237af2f29cb344b3c55e6c","name":"psgfans","image":{"@type":"ImageObject","inLanguage":"fr-FR","@id":"https:\/\/secure.gravatar.com\/avatar\/?s=96&d=mm&r=g","url":"https:\/\/secure.gravatar.com\/avatar\/?s=96&d=mm&r=g","contentUrl":"https:\/\/secure.gravatar.com\/avatar\/?s=96&d=mm&r=g","caption":"psgfans"},"url":"https:\/\/psgfans.fr\/?author=2"}]}},"_links":{"self":[{"href":"https:\/\/psgfans.fr\/index.php?rest_route=\/wp\/v2\/posts\/346","targetHints":{"allow":["GET"]}}],"collection":[{"href":"https:\/\/psgfans.fr\/index.php?rest_route=\/wp\/v2\/posts"}],"about":[{"href":"https:\/\/psgfans.fr\/index.php?rest_route=\/wp\/v2\/types\/post"}],"author":[{"embeddable":true,"href":"https:\/\/psgfans.fr\/index.php?rest_route=\/wp\/v2\/users\/2"}],"replies":[{"embeddable":true,"href":"https:\/\/psgfans.fr\/index.php?rest_route=%2Fwp%2Fv2%2Fcomments&post=346"}],"version-history":[{"count":2,"href":"https:\/\/psgfans.fr\/index.php?rest_route=\/wp\/v2\/posts\/346\/revisions"}],"predecessor-version":[{"id":960,"href":"https:\/\/psgfans.fr\/index.php?rest_route=\/wp\/v2\/posts\/346\/revisions\/960"}],"wp:featuredmedia":[{"embeddable":true,"href":"https:\/\/psgfans.fr\/index.php?rest_route=\/wp\/v2\/media\/913"}],"wp:attachment":[{"href":"https:\/\/psgfans.fr\/index.php?rest_route=%2Fwp%2Fv2%2Fmedia&parent=346"}],"wp:term":[{"taxonomy":"category","embeddable":true,"href":"https:\/\/psgfans.fr\/index.php?rest_route=%2Fwp%2Fv2%2Fcategories&post=346"},{"taxonomy":"post_tag","embeddable":true,"href":"https:\/\/psgfans.fr\/index.php?rest_route=%2Fwp%2Fv2%2Ftags&post=346"}],"curies":[{"name":"wp","href":"https:\/\/api.w.org\/{rel}","templated":true}]}}