{"id":345,"date":"2015-09-03T12:33:00","date_gmt":"2015-09-03T11:33:00","guid":{"rendered":""},"modified":"2025-05-14T23:58:55","modified_gmt":"2025-05-14T22:58:55","slug":"leffectif-du-psg-plus-cher-que-celui-du-barca","status":"publish","type":"post","link":"https:\/\/psgfans.fr\/?p=345","title":{"rendered":"L\u2019effectif du PSG plus cher que celui du Bar\u00e7a !"},"content":{"rendered":"<div style=\"clear: both; text-align: center;\"><a href=\"https:\/\/psgfans.fr\/wp-content\/uploads\/2015\/09\/2526.jpg\" style=\"margin-left: 1em; margin-right: 1em;\"><img loading=\"lazy\" decoding=\"async\" border=\"0\" height=\"247\" src=\"https:\/\/psgfans.fr\/wp-content\/uploads\/2015\/09\/2526-300x186.jpg\" width=\"400\" \/><\/a><\/div>\n<p><b>Selon une \u00e9tude de l\u2019Observatoire du football du Centre international d\u2019\u00e9tude du sport (CIES), il en a co\u00fbt\u00e9 525 millions d\u2019euros au PSG pour b\u00e2tir son effectif. Seuls le Real et les deux Manchester ont d\u00e9pens\u00e9 plus.<\/b><\/p>\n<p>Et 25 qui font 525 ! En d\u00e9boursant 25 millions d\u2019euros pour s\u2019attacher les services de Layvin Kurzawa, le PSG a donn\u00e9 la touche finale \u00e0 son effectif pour la saison 2015\/2016 et fait monter sa valeur \u00e0 525 millions d\u2019euros. Mais plus encore que la somme offerte \u00e0 Monaco pour l\u00e2cher l\u2019international tricolore, ce sont \u00e9videmment les 63 millions d\u2019euros r\u00e9gl\u00e9s pour recruter Angel Di Maria qui ont permis aux triples champions de France en titre de faire un bond dans la hi\u00e9rarchie des clubs aux effectifs les plus couteux.<\/p>\n<p>Sans le craquage du dernier jour de Manchester United pour Anthony Martial, \u00e0 50 millions hors bonus, le PSG aurait m\u00eame pu pr\u00e9tendre au podium des \u00e9quipes les plus ch\u00e8res d\u2019Europe. Avec ces 525 millions d\u00e9bours\u00e9s depuis l\u2019achat, pour 10 millions, de Blaise Matuidi en juillet 2011, le club parisien se classe en effet finalement 4\u00e8me derri\u00e8re l\u2019in\u00e9vitable Real Madrid (587 millions), Manchester City (560 millions) et Manchester United (533 millions). Mais devant Chelsea (407 millions), Barcelone (397 millions) ou le Bayern Munich (337 millions), les deux derniers clubs cit\u00e9s pouvant se targuer, eux, de s\u2019appuyer sur de nombreux joueurs form\u00e9s au club.<\/p>\n<p>Sans surprise, sur la sc\u00e8ne hexagonale, il y a le PSG et les autres. A tel point que l\u2019effectif parisien a co\u00fbt\u00e9 plus cher que ceux des 19 autres \u00e9quipes de la Ligue 1, dont la valeur cumul\u00e9e atteint au total 514 millions d\u2019euros. Derri\u00e8re le PSG, loin derri\u00e8re, Monaco a ainsi d\u00e9pens\u00e9 152 millions, Marseille 61 millions et Lyon 51 millions\u2026<\/p>\n<p>sports.fr<\/p>\n","protected":false},"excerpt":{"rendered":"<p>Selon une \u00e9tude de l\u2019Observatoire du football du Centre international d\u2019\u00e9tude du sport (CIES), il en a co\u00fbt\u00e9 525 millions d\u2019euros au PSG pour b\u00e2tir son effectif. Seuls le Real et les deux Manchester ont d\u00e9pens\u00e9 plus. Et 25 qui font 525 ! En d\u00e9boursant 25 millions d\u2019euros pour s\u2019attacher les services de Layvin Kurzawa, [&hellip;]<\/p>\n","protected":false},"author":2,"featured_media":911,"comment_status":"open","ping_status":"open","sticky":false,"template":"","format":"standard","meta":{"footnotes":""},"categories":[3],"tags":[],"class_list":{"0":"post-345","1":"post","2":"type-post","3":"status-publish","4":"format-standard","5":"has-post-thumbnail","7":"category-news"},"yoast_head":"<!-- This site is optimized with the Yoast SEO plugin v27.4 - https:\/\/yoast.com\/product\/yoast-seo-wordpress\/ -->\n<title>L\u2019effectif du PSG plus cher que celui du Bar\u00e7a ! - PSG FANS<\/title>\n<meta name=\"robots\" content=\"index, follow, max-snippet:-1, max-image-preview:large, max-video-preview:-1\" \/>\n<link rel=\"canonical\" href=\"https:\/\/psgfans.fr\/?p=345\" \/>\n<meta property=\"og:locale\" content=\"fr_FR\" \/>\n<meta property=\"og:type\" content=\"article\" \/>\n<meta property=\"og:title\" content=\"L\u2019effectif du PSG plus cher que celui du Bar\u00e7a ! - PSG FANS\" \/>\n<meta property=\"og:description\" content=\"Selon une \u00e9tude de l\u2019Observatoire du football du Centre international d\u2019\u00e9tude du sport (CIES), il en a co\u00fbt\u00e9 525 millions d\u2019euros au PSG pour b\u00e2tir son effectif. Seuls le Real et les deux Manchester ont d\u00e9pens\u00e9 plus. Et 25 qui font 525 ! En d\u00e9boursant 25 millions d\u2019euros pour s\u2019attacher les services de Layvin Kurzawa, [&hellip;]\" \/>\n<meta property=\"og:url\" content=\"https:\/\/psgfans.fr\/?p=345\" \/>\n<meta property=\"og:site_name\" content=\"PSG FANS\" \/>\n<meta property=\"article:published_time\" content=\"2015-09-03T11:33:00+00:00\" \/>\n<meta property=\"article:modified_time\" content=\"2025-05-14T22:58:55+00:00\" \/>\n<meta property=\"og:image\" content=\"https:\/\/psgfans.fr\/wp-content\/uploads\/2015\/09\/2526.jpg\" \/>\n\t<meta property=\"og:image:width\" content=\"326\" \/>\n\t<meta property=\"og:image:height\" content=\"202\" \/>\n\t<meta property=\"og:image:type\" content=\"image\/jpeg\" \/>\n<meta name=\"author\" content=\"psgfans\" \/>\n<meta name=\"twitter:card\" content=\"summary_large_image\" \/>\n<meta name=\"twitter:label1\" content=\"\u00c9crit par\" \/>\n\t<meta name=\"twitter:data1\" content=\"psgfans\" \/>\n\t<meta name=\"twitter:label2\" content=\"Dur\u00e9e de lecture estim\u00e9e\" \/>\n\t<meta name=\"twitter:data2\" content=\"2 minutes\" \/>\n<script type=\"application\/ld+json\" class=\"yoast-schema-graph\">{\"@context\":\"https:\\\/\\\/schema.org\",\"@graph\":[{\"@type\":\"Article\",\"@id\":\"https:\\\/\\\/psgfans.fr\\\/?p=345#article\",\"isPartOf\":{\"@id\":\"https:\\\/\\\/psgfans.fr\\\/?p=345\"},\"author\":{\"name\":\"psgfans\",\"@id\":\"https:\\\/\\\/psgfans.fr\\\/#\\\/schema\\\/person\\\/be2237e7a0237af2f29cb344b3c55e6c\"},\"headline\":\"L\u2019effectif du PSG plus cher que celui du Bar\u00e7a !\",\"datePublished\":\"2015-09-03T11:33:00+00:00\",\"dateModified\":\"2025-05-14T22:58:55+00:00\",\"mainEntityOfPage\":{\"@id\":\"https:\\\/\\\/psgfans.fr\\\/?p=345\"},\"wordCount\":315,\"commentCount\":0,\"image\":{\"@id\":\"https:\\\/\\\/psgfans.fr\\\/?p=345#primaryimage\"},\"thumbnailUrl\":\"https:\\\/\\\/psgfans.fr\\\/wp-content\\\/uploads\\\/2015\\\/09\\\/2526.jpg\",\"articleSection\":[\"News\"],\"inLanguage\":\"fr-FR\",\"potentialAction\":[{\"@type\":\"CommentAction\",\"name\":\"Comment\",\"target\":[\"https:\\\/\\\/psgfans.fr\\\/?p=345#respond\"]}]},{\"@type\":\"WebPage\",\"@id\":\"https:\\\/\\\/psgfans.fr\\\/?p=345\",\"url\":\"https:\\\/\\\/psgfans.fr\\\/?p=345\",\"name\":\"L\u2019effectif du PSG plus cher que celui du Bar\u00e7a ! - PSG FANS\",\"isPartOf\":{\"@id\":\"https:\\\/\\\/psgfans.fr\\\/#website\"},\"primaryImageOfPage\":{\"@id\":\"https:\\\/\\\/psgfans.fr\\\/?p=345#primaryimage\"},\"image\":{\"@id\":\"https:\\\/\\\/psgfans.fr\\\/?p=345#primaryimage\"},\"thumbnailUrl\":\"https:\\\/\\\/psgfans.fr\\\/wp-content\\\/uploads\\\/2015\\\/09\\\/2526.jpg\",\"datePublished\":\"2015-09-03T11:33:00+00:00\",\"dateModified\":\"2025-05-14T22:58:55+00:00\",\"author\":{\"@id\":\"https:\\\/\\\/psgfans.fr\\\/#\\\/schema\\\/person\\\/be2237e7a0237af2f29cb344b3c55e6c\"},\"breadcrumb\":{\"@id\":\"https:\\\/\\\/psgfans.fr\\\/?p=345#breadcrumb\"},\"inLanguage\":\"fr-FR\",\"potentialAction\":[{\"@type\":\"ReadAction\",\"target\":[\"https:\\\/\\\/psgfans.fr\\\/?p=345\"]}]},{\"@type\":\"ImageObject\",\"inLanguage\":\"fr-FR\",\"@id\":\"https:\\\/\\\/psgfans.fr\\\/?p=345#primaryimage\",\"url\":\"https:\\\/\\\/psgfans.fr\\\/wp-content\\\/uploads\\\/2015\\\/09\\\/2526.jpg\",\"contentUrl\":\"https:\\\/\\\/psgfans.fr\\\/wp-content\\\/uploads\\\/2015\\\/09\\\/2526.jpg\",\"width\":326,\"height\":202},{\"@type\":\"BreadcrumbList\",\"@id\":\"https:\\\/\\\/psgfans.fr\\\/?p=345#breadcrumb\",\"itemListElement\":[{\"@type\":\"ListItem\",\"position\":1,\"name\":\"Accueil\",\"item\":\"https:\\\/\\\/psgfans.fr\\\/\"},{\"@type\":\"ListItem\",\"position\":2,\"name\":\"L\u2019effectif du PSG plus cher que celui du Bar\u00e7a !\"}]},{\"@type\":\"WebSite\",\"@id\":\"https:\\\/\\\/psgfans.fr\\\/#website\",\"url\":\"https:\\\/\\\/psgfans.fr\\\/\",\"name\":\"PSG FANS\",\"description\":\"Unit\u00e9, Passion, Victoire : Au C\u0153ur du Paris Saint-Germain!\",\"potentialAction\":[{\"@type\":\"SearchAction\",\"target\":{\"@type\":\"EntryPoint\",\"urlTemplate\":\"https:\\\/\\\/psgfans.fr\\\/?s={search_term_string}\"},\"query-input\":{\"@type\":\"PropertyValueSpecification\",\"valueRequired\":true,\"valueName\":\"search_term_string\"}}],\"inLanguage\":\"fr-FR\"},{\"@type\":\"Person\",\"@id\":\"https:\\\/\\\/psgfans.fr\\\/#\\\/schema\\\/person\\\/be2237e7a0237af2f29cb344b3c55e6c\",\"name\":\"psgfans\",\"image\":{\"@type\":\"ImageObject\",\"inLanguage\":\"fr-FR\",\"@id\":\"https:\\\/\\\/secure.gravatar.com\\\/avatar\\\/?s=96&d=mm&r=g\",\"url\":\"https:\\\/\\\/secure.gravatar.com\\\/avatar\\\/?s=96&d=mm&r=g\",\"contentUrl\":\"https:\\\/\\\/secure.gravatar.com\\\/avatar\\\/?s=96&d=mm&r=g\",\"caption\":\"psgfans\"},\"url\":\"https:\\\/\\\/psgfans.fr\\\/?author=2\"}]}<\/script>\n<!-- \/ Yoast SEO plugin. -->","yoast_head_json":{"title":"L\u2019effectif du PSG plus cher que celui du Bar\u00e7a ! - PSG FANS","robots":{"index":"index","follow":"follow","max-snippet":"max-snippet:-1","max-image-preview":"max-image-preview:large","max-video-preview":"max-video-preview:-1"},"canonical":"https:\/\/psgfans.fr\/?p=345","og_locale":"fr_FR","og_type":"article","og_title":"L\u2019effectif du PSG plus cher que celui du Bar\u00e7a ! - PSG FANS","og_description":"Selon une \u00e9tude de l\u2019Observatoire du football du Centre international d\u2019\u00e9tude du sport (CIES), il en a co\u00fbt\u00e9 525 millions d\u2019euros au PSG pour b\u00e2tir son effectif. Seuls le Real et les deux Manchester ont d\u00e9pens\u00e9 plus. Et 25 qui font 525 ! En d\u00e9boursant 25 millions d\u2019euros pour s\u2019attacher les services de Layvin Kurzawa, [&hellip;]","og_url":"https:\/\/psgfans.fr\/?p=345","og_site_name":"PSG FANS","article_published_time":"2015-09-03T11:33:00+00:00","article_modified_time":"2025-05-14T22:58:55+00:00","og_image":[{"width":326,"height":202,"url":"https:\/\/psgfans.fr\/wp-content\/uploads\/2015\/09\/2526.jpg","type":"image\/jpeg"}],"author":"psgfans","twitter_card":"summary_large_image","twitter_misc":{"\u00c9crit par":"psgfans","Dur\u00e9e de lecture estim\u00e9e":"2 minutes"},"schema":{"@context":"https:\/\/schema.org","@graph":[{"@type":"Article","@id":"https:\/\/psgfans.fr\/?p=345#article","isPartOf":{"@id":"https:\/\/psgfans.fr\/?p=345"},"author":{"name":"psgfans","@id":"https:\/\/psgfans.fr\/#\/schema\/person\/be2237e7a0237af2f29cb344b3c55e6c"},"headline":"L\u2019effectif du PSG plus cher que celui du Bar\u00e7a !","datePublished":"2015-09-03T11:33:00+00:00","dateModified":"2025-05-14T22:58:55+00:00","mainEntityOfPage":{"@id":"https:\/\/psgfans.fr\/?p=345"},"wordCount":315,"commentCount":0,"image":{"@id":"https:\/\/psgfans.fr\/?p=345#primaryimage"},"thumbnailUrl":"https:\/\/psgfans.fr\/wp-content\/uploads\/2015\/09\/2526.jpg","articleSection":["News"],"inLanguage":"fr-FR","potentialAction":[{"@type":"CommentAction","name":"Comment","target":["https:\/\/psgfans.fr\/?p=345#respond"]}]},{"@type":"WebPage","@id":"https:\/\/psgfans.fr\/?p=345","url":"https:\/\/psgfans.fr\/?p=345","name":"L\u2019effectif du PSG plus cher que celui du Bar\u00e7a ! - PSG FANS","isPartOf":{"@id":"https:\/\/psgfans.fr\/#website"},"primaryImageOfPage":{"@id":"https:\/\/psgfans.fr\/?p=345#primaryimage"},"image":{"@id":"https:\/\/psgfans.fr\/?p=345#primaryimage"},"thumbnailUrl":"https:\/\/psgfans.fr\/wp-content\/uploads\/2015\/09\/2526.jpg","datePublished":"2015-09-03T11:33:00+00:00","dateModified":"2025-05-14T22:58:55+00:00","author":{"@id":"https:\/\/psgfans.fr\/#\/schema\/person\/be2237e7a0237af2f29cb344b3c55e6c"},"breadcrumb":{"@id":"https:\/\/psgfans.fr\/?p=345#breadcrumb"},"inLanguage":"fr-FR","potentialAction":[{"@type":"ReadAction","target":["https:\/\/psgfans.fr\/?p=345"]}]},{"@type":"ImageObject","inLanguage":"fr-FR","@id":"https:\/\/psgfans.fr\/?p=345#primaryimage","url":"https:\/\/psgfans.fr\/wp-content\/uploads\/2015\/09\/2526.jpg","contentUrl":"https:\/\/psgfans.fr\/wp-content\/uploads\/2015\/09\/2526.jpg","width":326,"height":202},{"@type":"BreadcrumbList","@id":"https:\/\/psgfans.fr\/?p=345#breadcrumb","itemListElement":[{"@type":"ListItem","position":1,"name":"Accueil","item":"https:\/\/psgfans.fr\/"},{"@type":"ListItem","position":2,"name":"L\u2019effectif du PSG plus cher que celui du Bar\u00e7a !"}]},{"@type":"WebSite","@id":"https:\/\/psgfans.fr\/#website","url":"https:\/\/psgfans.fr\/","name":"PSG FANS","description":"Unit\u00e9, Passion, Victoire : Au C\u0153ur du Paris Saint-Germain!","potentialAction":[{"@type":"SearchAction","target":{"@type":"EntryPoint","urlTemplate":"https:\/\/psgfans.fr\/?s={search_term_string}"},"query-input":{"@type":"PropertyValueSpecification","valueRequired":true,"valueName":"search_term_string"}}],"inLanguage":"fr-FR"},{"@type":"Person","@id":"https:\/\/psgfans.fr\/#\/schema\/person\/be2237e7a0237af2f29cb344b3c55e6c","name":"psgfans","image":{"@type":"ImageObject","inLanguage":"fr-FR","@id":"https:\/\/secure.gravatar.com\/avatar\/?s=96&d=mm&r=g","url":"https:\/\/secure.gravatar.com\/avatar\/?s=96&d=mm&r=g","contentUrl":"https:\/\/secure.gravatar.com\/avatar\/?s=96&d=mm&r=g","caption":"psgfans"},"url":"https:\/\/psgfans.fr\/?author=2"}]}},"_links":{"self":[{"href":"https:\/\/psgfans.fr\/index.php?rest_route=\/wp\/v2\/posts\/345","targetHints":{"allow":["GET"]}}],"collection":[{"href":"https:\/\/psgfans.fr\/index.php?rest_route=\/wp\/v2\/posts"}],"about":[{"href":"https:\/\/psgfans.fr\/index.php?rest_route=\/wp\/v2\/types\/post"}],"author":[{"embeddable":true,"href":"https:\/\/psgfans.fr\/index.php?rest_route=\/wp\/v2\/users\/2"}],"replies":[{"embeddable":true,"href":"https:\/\/psgfans.fr\/index.php?rest_route=%2Fwp%2Fv2%2Fcomments&post=345"}],"version-history":[{"count":2,"href":"https:\/\/psgfans.fr\/index.php?rest_route=\/wp\/v2\/posts\/345\/revisions"}],"predecessor-version":[{"id":959,"href":"https:\/\/psgfans.fr\/index.php?rest_route=\/wp\/v2\/posts\/345\/revisions\/959"}],"wp:featuredmedia":[{"embeddable":true,"href":"https:\/\/psgfans.fr\/index.php?rest_route=\/wp\/v2\/media\/911"}],"wp:attachment":[{"href":"https:\/\/psgfans.fr\/index.php?rest_route=%2Fwp%2Fv2%2Fmedia&parent=345"}],"wp:term":[{"taxonomy":"category","embeddable":true,"href":"https:\/\/psgfans.fr\/index.php?rest_route=%2Fwp%2Fv2%2Fcategories&post=345"},{"taxonomy":"post_tag","embeddable":true,"href":"https:\/\/psgfans.fr\/index.php?rest_route=%2Fwp%2Fv2%2Ftags&post=345"}],"curies":[{"name":"wp","href":"https:\/\/api.w.org\/{rel}","templated":true}]}}