{"id":1005,"date":"2025-05-17T14:28:29","date_gmt":"2025-05-17T13:28:29","guid":{"rendered":"https:\/\/psgfans.fr\/?p=1005"},"modified":"2025-05-17T14:28:29","modified_gmt":"2025-05-17T13:28:29","slug":"finale-de-la-ligue-des-champions-2025-psg-vs-inter-milan-lheure-de-verite","status":"publish","type":"post","link":"https:\/\/psgfans.fr\/?p=1005","title":{"rendered":"Finale de la Ligue des Champions 2025 : PSG vs Inter Milan, l&rsquo;Heure de V\u00e9rit\u00e9"},"content":{"rendered":"\n<p>Le samedi 31 mai 2025 \u00e0 21h, le Paris Saint-Germain affrontera l&rsquo;Inter Milan \u00e0 l&rsquo;Allianz Arena de Munich pour la finale de la Ligue des Champions. Ce match historique repr\u00e9sente une opportunit\u00e9 unique pour le PSG de d\u00e9crocher son premier titre europ\u00e9en majeur.<\/p>\n\n\n\n<h2 class=\"wp-block-heading\">Un Parcours Remarquable<\/h2>\n\n\n\n<p>Le PSG a atteint cette finale en \u00e9liminant successivement Liverpool, Aston Villa et Arsenal. Lors de la demi-finale contre Arsenal, les Parisiens se sont impos\u00e9s 2-1 au match retour, avec des buts de Fabi\u00e1n Ruiz et Achraf Hakimi .<a href=\"https:\/\/elpais.com\/expres\/2025-05-08\/el-psg-vuelve-a-ganar-al-arsenal-y-jugara-la-final-ante-el-inter.html?utm_source=chatgpt.com\" target=\"_blank\" rel=\"noreferrer noopener\">El Pa\u00eds+1The Guardian+1<\/a><\/p>\n\n\n\n<h2 class=\"wp-block-heading\">Une Finale In\u00e9dite<\/h2>\n\n\n\n<p>C&rsquo;est la premi\u00e8re fois que le PSG et l&rsquo;Inter Milan se rencontrent en finale de la Ligue des Champions. L&rsquo;Inter, fort de ses trois titres europ\u00e9ens, repr\u00e9sente un adversaire de taille. Le match sera arbitr\u00e9 par le Roumain Istv\u00e1n Kov\u00e1cs, exp\u00e9riment\u00e9 dans les grandes comp\u00e9titions europ\u00e9ennes .<a href=\"https:\/\/fr.wikipedia.org\/wiki\/Finale_de_la_Ligue_des_champions_de_l%27UEFA_2024-2025?utm_source=chatgpt.com\" target=\"_blank\" rel=\"noreferrer noopener\">Wikip\u00e9dia<\/a><\/p>\n\n\n\n<h2 class=\"wp-block-heading\">Diffusion et Suivi du Match<\/h2>\n\n\n\n<p>La finale sera diffus\u00e9e en clair sur M6, ainsi que sur Canal+ . Des fan zones seront install\u00e9es \u00e0 Paris, notamment dans le 17e arrondissement et \u00e0 Aulnay-sous-Bois, pour permettre aux supporters de vivre l&rsquo;\u00e9v\u00e9nement ensemble<\/p>\n\n\n\n<p><\/p>\n","protected":false},"excerpt":{"rendered":"<p>Le samedi 31 mai 2025 \u00e0 21h, le Paris Saint-Germain affrontera l&rsquo;Inter Milan \u00e0 l&rsquo;Allianz Arena de Munich pour la finale de la Ligue des Champions. Ce match historique repr\u00e9sente une opportunit\u00e9 unique pour le PSG de d\u00e9crocher son premier titre europ\u00e9en majeur. Un Parcours Remarquable Le PSG a atteint cette finale en \u00e9liminant successivement [&hellip;]<\/p>\n","protected":false},"author":1,"featured_media":1006,"comment_status":"open","ping_status":"open","sticky":false,"template":"","format":"standard","meta":{"footnotes":""},"categories":[1],"tags":[],"class_list":{"0":"post-1005","1":"post","2":"type-post","3":"status-publish","4":"format-standard","5":"has-post-thumbnail","7":"category-uncategorized"},"yoast_head":"<!-- This site is optimized with the Yoast SEO plugin v27.4 - https:\/\/yoast.com\/product\/yoast-seo-wordpress\/ -->\n<title>Finale de la Ligue des Champions 2025 : PSG vs Inter Milan, l&#039;Heure de V\u00e9rit\u00e9 - PSG FANS<\/title>\n<meta name=\"robots\" content=\"index, follow, max-snippet:-1, max-image-preview:large, max-video-preview:-1\" \/>\n<link rel=\"canonical\" href=\"https:\/\/psgfans.fr\/?p=1005\" \/>\n<meta property=\"og:locale\" content=\"fr_FR\" \/>\n<meta property=\"og:type\" content=\"article\" \/>\n<meta property=\"og:title\" content=\"Finale de la Ligue des Champions 2025 : PSG vs Inter Milan, l&#039;Heure de V\u00e9rit\u00e9 - PSG FANS\" \/>\n<meta property=\"og:description\" content=\"Le samedi 31 mai 2025 \u00e0 21h, le Paris Saint-Germain affrontera l&rsquo;Inter Milan \u00e0 l&rsquo;Allianz Arena de Munich pour la finale de la Ligue des Champions. Ce match historique repr\u00e9sente une opportunit\u00e9 unique pour le PSG de d\u00e9crocher son premier titre europ\u00e9en majeur. Un Parcours Remarquable Le PSG a atteint cette finale en \u00e9liminant successivement [&hellip;]\" \/>\n<meta property=\"og:url\" content=\"https:\/\/psgfans.fr\/?p=1005\" \/>\n<meta property=\"og:site_name\" content=\"PSG FANS\" \/>\n<meta property=\"article:published_time\" content=\"2025-05-17T13:28:29+00:00\" \/>\n<meta property=\"og:image\" content=\"https:\/\/psgfans.fr\/wp-content\/uploads\/2025\/05\/uefa-champions-league.jpg\" \/>\n\t<meta property=\"og:image:width\" content=\"1280\" \/>\n\t<meta property=\"og:image:height\" content=\"720\" \/>\n\t<meta property=\"og:image:type\" content=\"image\/jpeg\" \/>\n<meta name=\"author\" content=\"psgfansfr\" \/>\n<meta name=\"twitter:card\" content=\"summary_large_image\" \/>\n<meta name=\"twitter:label1\" content=\"\u00c9crit par\" \/>\n\t<meta name=\"twitter:data1\" content=\"psgfansfr\" \/>\n\t<meta name=\"twitter:label2\" content=\"Dur\u00e9e de lecture estim\u00e9e\" \/>\n\t<meta name=\"twitter:data2\" content=\"2 minutes\" \/>\n<script type=\"application\/ld+json\" class=\"yoast-schema-graph\">{\"@context\":\"https:\\\/\\\/schema.org\",\"@graph\":[{\"@type\":\"Article\",\"@id\":\"https:\\\/\\\/psgfans.fr\\\/?p=1005#article\",\"isPartOf\":{\"@id\":\"https:\\\/\\\/psgfans.fr\\\/?p=1005\"},\"author\":{\"name\":\"psgfansfr\",\"@id\":\"https:\\\/\\\/psgfans.fr\\\/#\\\/schema\\\/person\\\/791abae00d74c95269599aba00ff8915\"},\"headline\":\"Finale de la Ligue des Champions 2025 : PSG vs Inter Milan, l&rsquo;Heure de V\u00e9rit\u00e9\",\"datePublished\":\"2025-05-17T13:28:29+00:00\",\"mainEntityOfPage\":{\"@id\":\"https:\\\/\\\/psgfans.fr\\\/?p=1005\"},\"wordCount\":212,\"commentCount\":0,\"image\":{\"@id\":\"https:\\\/\\\/psgfans.fr\\\/?p=1005#primaryimage\"},\"thumbnailUrl\":\"https:\\\/\\\/psgfans.fr\\\/wp-content\\\/uploads\\\/2025\\\/05\\\/uefa-champions-league.jpg\",\"articleSection\":[\"Uncategorized\"],\"inLanguage\":\"fr-FR\",\"potentialAction\":[{\"@type\":\"CommentAction\",\"name\":\"Comment\",\"target\":[\"https:\\\/\\\/psgfans.fr\\\/?p=1005#respond\"]}]},{\"@type\":\"WebPage\",\"@id\":\"https:\\\/\\\/psgfans.fr\\\/?p=1005\",\"url\":\"https:\\\/\\\/psgfans.fr\\\/?p=1005\",\"name\":\"Finale de la Ligue des Champions 2025 : PSG vs Inter Milan, l'Heure de V\u00e9rit\u00e9 - PSG FANS\",\"isPartOf\":{\"@id\":\"https:\\\/\\\/psgfans.fr\\\/#website\"},\"primaryImageOfPage\":{\"@id\":\"https:\\\/\\\/psgfans.fr\\\/?p=1005#primaryimage\"},\"image\":{\"@id\":\"https:\\\/\\\/psgfans.fr\\\/?p=1005#primaryimage\"},\"thumbnailUrl\":\"https:\\\/\\\/psgfans.fr\\\/wp-content\\\/uploads\\\/2025\\\/05\\\/uefa-champions-league.jpg\",\"datePublished\":\"2025-05-17T13:28:29+00:00\",\"author\":{\"@id\":\"https:\\\/\\\/psgfans.fr\\\/#\\\/schema\\\/person\\\/791abae00d74c95269599aba00ff8915\"},\"breadcrumb\":{\"@id\":\"https:\\\/\\\/psgfans.fr\\\/?p=1005#breadcrumb\"},\"inLanguage\":\"fr-FR\",\"potentialAction\":[{\"@type\":\"ReadAction\",\"target\":[\"https:\\\/\\\/psgfans.fr\\\/?p=1005\"]}]},{\"@type\":\"ImageObject\",\"inLanguage\":\"fr-FR\",\"@id\":\"https:\\\/\\\/psgfans.fr\\\/?p=1005#primaryimage\",\"url\":\"https:\\\/\\\/psgfans.fr\\\/wp-content\\\/uploads\\\/2025\\\/05\\\/uefa-champions-league.jpg\",\"contentUrl\":\"https:\\\/\\\/psgfans.fr\\\/wp-content\\\/uploads\\\/2025\\\/05\\\/uefa-champions-league.jpg\",\"width\":1280,\"height\":720},{\"@type\":\"BreadcrumbList\",\"@id\":\"https:\\\/\\\/psgfans.fr\\\/?p=1005#breadcrumb\",\"itemListElement\":[{\"@type\":\"ListItem\",\"position\":1,\"name\":\"Accueil\",\"item\":\"https:\\\/\\\/psgfans.fr\\\/\"},{\"@type\":\"ListItem\",\"position\":2,\"name\":\"Finale de la Ligue des Champions 2025 : PSG vs Inter Milan, l&rsquo;Heure de V\u00e9rit\u00e9\"}]},{\"@type\":\"WebSite\",\"@id\":\"https:\\\/\\\/psgfans.fr\\\/#website\",\"url\":\"https:\\\/\\\/psgfans.fr\\\/\",\"name\":\"PSG FANS\",\"description\":\"Unit\u00e9, Passion, Victoire : Au C\u0153ur du Paris Saint-Germain!\",\"potentialAction\":[{\"@type\":\"SearchAction\",\"target\":{\"@type\":\"EntryPoint\",\"urlTemplate\":\"https:\\\/\\\/psgfans.fr\\\/?s={search_term_string}\"},\"query-input\":{\"@type\":\"PropertyValueSpecification\",\"valueRequired\":true,\"valueName\":\"search_term_string\"}}],\"inLanguage\":\"fr-FR\"},{\"@type\":\"Person\",\"@id\":\"https:\\\/\\\/psgfans.fr\\\/#\\\/schema\\\/person\\\/791abae00d74c95269599aba00ff8915\",\"name\":\"psgfansfr\",\"image\":{\"@type\":\"ImageObject\",\"inLanguage\":\"fr-FR\",\"@id\":\"https:\\\/\\\/secure.gravatar.com\\\/avatar\\\/a6f7d27c8c29a97c4466b86a5027d9f14772a31be49c82f19ca8b57ee530404e?s=96&d=mm&r=g\",\"url\":\"https:\\\/\\\/secure.gravatar.com\\\/avatar\\\/a6f7d27c8c29a97c4466b86a5027d9f14772a31be49c82f19ca8b57ee530404e?s=96&d=mm&r=g\",\"contentUrl\":\"https:\\\/\\\/secure.gravatar.com\\\/avatar\\\/a6f7d27c8c29a97c4466b86a5027d9f14772a31be49c82f19ca8b57ee530404e?s=96&d=mm&r=g\",\"caption\":\"psgfansfr\"},\"sameAs\":[\"https:\\\/\\\/psgfans.fr\"],\"url\":\"https:\\\/\\\/psgfans.fr\\\/?author=1\"}]}<\/script>\n<!-- \/ Yoast SEO plugin. -->","yoast_head_json":{"title":"Finale de la Ligue des Champions 2025 : PSG vs Inter Milan, l'Heure de V\u00e9rit\u00e9 - PSG FANS","robots":{"index":"index","follow":"follow","max-snippet":"max-snippet:-1","max-image-preview":"max-image-preview:large","max-video-preview":"max-video-preview:-1"},"canonical":"https:\/\/psgfans.fr\/?p=1005","og_locale":"fr_FR","og_type":"article","og_title":"Finale de la Ligue des Champions 2025 : PSG vs Inter Milan, l'Heure de V\u00e9rit\u00e9 - PSG FANS","og_description":"Le samedi 31 mai 2025 \u00e0 21h, le Paris Saint-Germain affrontera l&rsquo;Inter Milan \u00e0 l&rsquo;Allianz Arena de Munich pour la finale de la Ligue des Champions. Ce match historique repr\u00e9sente une opportunit\u00e9 unique pour le PSG de d\u00e9crocher son premier titre europ\u00e9en majeur. Un Parcours Remarquable Le PSG a atteint cette finale en \u00e9liminant successivement [&hellip;]","og_url":"https:\/\/psgfans.fr\/?p=1005","og_site_name":"PSG FANS","article_published_time":"2025-05-17T13:28:29+00:00","og_image":[{"width":1280,"height":720,"url":"https:\/\/psgfans.fr\/wp-content\/uploads\/2025\/05\/uefa-champions-league.jpg","type":"image\/jpeg"}],"author":"psgfansfr","twitter_card":"summary_large_image","twitter_misc":{"\u00c9crit par":"psgfansfr","Dur\u00e9e de lecture estim\u00e9e":"2 minutes"},"schema":{"@context":"https:\/\/schema.org","@graph":[{"@type":"Article","@id":"https:\/\/psgfans.fr\/?p=1005#article","isPartOf":{"@id":"https:\/\/psgfans.fr\/?p=1005"},"author":{"name":"psgfansfr","@id":"https:\/\/psgfans.fr\/#\/schema\/person\/791abae00d74c95269599aba00ff8915"},"headline":"Finale de la Ligue des Champions 2025 : PSG vs Inter Milan, l&rsquo;Heure de V\u00e9rit\u00e9","datePublished":"2025-05-17T13:28:29+00:00","mainEntityOfPage":{"@id":"https:\/\/psgfans.fr\/?p=1005"},"wordCount":212,"commentCount":0,"image":{"@id":"https:\/\/psgfans.fr\/?p=1005#primaryimage"},"thumbnailUrl":"https:\/\/psgfans.fr\/wp-content\/uploads\/2025\/05\/uefa-champions-league.jpg","articleSection":["Uncategorized"],"inLanguage":"fr-FR","potentialAction":[{"@type":"CommentAction","name":"Comment","target":["https:\/\/psgfans.fr\/?p=1005#respond"]}]},{"@type":"WebPage","@id":"https:\/\/psgfans.fr\/?p=1005","url":"https:\/\/psgfans.fr\/?p=1005","name":"Finale de la Ligue des Champions 2025 : PSG vs Inter Milan, l'Heure de V\u00e9rit\u00e9 - PSG FANS","isPartOf":{"@id":"https:\/\/psgfans.fr\/#website"},"primaryImageOfPage":{"@id":"https:\/\/psgfans.fr\/?p=1005#primaryimage"},"image":{"@id":"https:\/\/psgfans.fr\/?p=1005#primaryimage"},"thumbnailUrl":"https:\/\/psgfans.fr\/wp-content\/uploads\/2025\/05\/uefa-champions-league.jpg","datePublished":"2025-05-17T13:28:29+00:00","author":{"@id":"https:\/\/psgfans.fr\/#\/schema\/person\/791abae00d74c95269599aba00ff8915"},"breadcrumb":{"@id":"https:\/\/psgfans.fr\/?p=1005#breadcrumb"},"inLanguage":"fr-FR","potentialAction":[{"@type":"ReadAction","target":["https:\/\/psgfans.fr\/?p=1005"]}]},{"@type":"ImageObject","inLanguage":"fr-FR","@id":"https:\/\/psgfans.fr\/?p=1005#primaryimage","url":"https:\/\/psgfans.fr\/wp-content\/uploads\/2025\/05\/uefa-champions-league.jpg","contentUrl":"https:\/\/psgfans.fr\/wp-content\/uploads\/2025\/05\/uefa-champions-league.jpg","width":1280,"height":720},{"@type":"BreadcrumbList","@id":"https:\/\/psgfans.fr\/?p=1005#breadcrumb","itemListElement":[{"@type":"ListItem","position":1,"name":"Accueil","item":"https:\/\/psgfans.fr\/"},{"@type":"ListItem","position":2,"name":"Finale de la Ligue des Champions 2025 : PSG vs Inter Milan, l&rsquo;Heure de V\u00e9rit\u00e9"}]},{"@type":"WebSite","@id":"https:\/\/psgfans.fr\/#website","url":"https:\/\/psgfans.fr\/","name":"PSG FANS","description":"Unit\u00e9, Passion, Victoire : Au C\u0153ur du Paris Saint-Germain!","potentialAction":[{"@type":"SearchAction","target":{"@type":"EntryPoint","urlTemplate":"https:\/\/psgfans.fr\/?s={search_term_string}"},"query-input":{"@type":"PropertyValueSpecification","valueRequired":true,"valueName":"search_term_string"}}],"inLanguage":"fr-FR"},{"@type":"Person","@id":"https:\/\/psgfans.fr\/#\/schema\/person\/791abae00d74c95269599aba00ff8915","name":"psgfansfr","image":{"@type":"ImageObject","inLanguage":"fr-FR","@id":"https:\/\/secure.gravatar.com\/avatar\/a6f7d27c8c29a97c4466b86a5027d9f14772a31be49c82f19ca8b57ee530404e?s=96&d=mm&r=g","url":"https:\/\/secure.gravatar.com\/avatar\/a6f7d27c8c29a97c4466b86a5027d9f14772a31be49c82f19ca8b57ee530404e?s=96&d=mm&r=g","contentUrl":"https:\/\/secure.gravatar.com\/avatar\/a6f7d27c8c29a97c4466b86a5027d9f14772a31be49c82f19ca8b57ee530404e?s=96&d=mm&r=g","caption":"psgfansfr"},"sameAs":["https:\/\/psgfans.fr"],"url":"https:\/\/psgfans.fr\/?author=1"}]}},"_links":{"self":[{"href":"https:\/\/psgfans.fr\/index.php?rest_route=\/wp\/v2\/posts\/1005","targetHints":{"allow":["GET"]}}],"collection":[{"href":"https:\/\/psgfans.fr\/index.php?rest_route=\/wp\/v2\/posts"}],"about":[{"href":"https:\/\/psgfans.fr\/index.php?rest_route=\/wp\/v2\/types\/post"}],"author":[{"embeddable":true,"href":"https:\/\/psgfans.fr\/index.php?rest_route=\/wp\/v2\/users\/1"}],"replies":[{"embeddable":true,"href":"https:\/\/psgfans.fr\/index.php?rest_route=%2Fwp%2Fv2%2Fcomments&post=1005"}],"version-history":[{"count":1,"href":"https:\/\/psgfans.fr\/index.php?rest_route=\/wp\/v2\/posts\/1005\/revisions"}],"predecessor-version":[{"id":1007,"href":"https:\/\/psgfans.fr\/index.php?rest_route=\/wp\/v2\/posts\/1005\/revisions\/1007"}],"wp:featuredmedia":[{"embeddable":true,"href":"https:\/\/psgfans.fr\/index.php?rest_route=\/wp\/v2\/media\/1006"}],"wp:attachment":[{"href":"https:\/\/psgfans.fr\/index.php?rest_route=%2Fwp%2Fv2%2Fmedia&parent=1005"}],"wp:term":[{"taxonomy":"category","embeddable":true,"href":"https:\/\/psgfans.fr\/index.php?rest_route=%2Fwp%2Fv2%2Fcategories&post=1005"},{"taxonomy":"post_tag","embeddable":true,"href":"https:\/\/psgfans.fr\/index.php?rest_route=%2Fwp%2Fv2%2Ftags&post=1005"}],"curies":[{"name":"wp","href":"https:\/\/api.w.org\/{rel}","templated":true}]}}